 
{"id":10056,"date":"2024-12-23T16:05:51","date_gmt":"2024-12-23T20:05:51","guid":{"rendered":"http:\/\/www.defensoria.gob.ve\/?p=10056"},"modified":"2024-12-23T16:06:17","modified_gmt":"2024-12-23T20:06:17","slug":"defensoria-del-pueblo-se-despliega-en-centros-de-detencion-para-garantizar-ddhh-de-privados-y-privadas-de-libertad","status":"publish","type":"post","link":"http:\/\/www.defensoria.gob.ve\/?p=10056","title":{"rendered":"Defensor\u00eda del Pueblo se despliega en centros de detenci\u00f3n para garantizar DDHH de privados y privadas de libertad"},"content":{"rendered":"\t\t<div data-elementor-type=\"wp-post\" data-elementor-id=\"10056\" class=\"elementor elementor-10056\">\n\t\t\t\t\t\t<section class=\"elementor-section elementor-top-section elementor-element elementor-element-7ff32ab2 elementor-section-boxed elementor-section-height-default elementor-section-height-default\" data-id=\"7ff32ab2\" data-element_type=\"section\" data-e-type=\"section\">\n\t\t\t\t\t\t<div class=\"elementor-container elementor-column-gap-default\">\n\t\t\t\t\t<div class=\"elementor-column elementor-col-100 elementor-top-column elementor-element elementor-element-22915fe6\" data-id=\"22915fe6\" data-element_type=\"column\" data-e-type=\"column\">\n\t\t\t<div class=\"elementor-widget-wrap elementor-element-populated\">\n\t\t\t\t\t\t<div class=\"elementor-element elementor-element-6c2be61d elementor-widget elementor-widget-text-editor\" data-id=\"6c2be61d\" data-element_type=\"widget\" data-e-type=\"widget\" data-widget_type=\"text-editor.default\">\n\t\t\t\t<div class=\"elementor-widget-container\">\n\t\t\t\t\t\t\t\t\t\n<p><strong>(23-Dic-24) <\/strong>Cumpliendo con sus atribuciones y competencias constitucionales de vigilancia de los derechos humanos de los privados y las privadas de libertad, la Defensor\u00eda del Pueblo, a trav\u00e9s de sus Defensor\u00edas delegadas en los estados: Lara, Yaracuy, Cojedes, M\u00e9rida, Trujillo, Nueva Esparta y Sucre participaron como acompa\u00f1antes y garantes en los operativos de inspecci\u00f3n y requisas efectuados en los centros de reclusi\u00f3n y de detenci\u00f3n preventiva por parte de los organismos de seguridad del Estado venezolano.<\/p>\n\n\n\n<p>Es as\u00ed que la Defensor\u00eda delegada de Lara, a trav\u00e9s de los servidores y las servidoras del ente defensorial participaron junto a los efectivos de la Guardia Nacional Bolivariana (GNB) en una inspecci\u00f3n a los centros preventivos de control, resguardo y garant\u00eda a los aprehendidos y las aprehendidas del Cuerpo de Polic\u00eda Nacional Bolivariana (CPNB); Instituto Aut\u00f3nomo del Cuerpo de Polic\u00eda del Edo. Lara (Iacpel) y del Cuerpo de Polic\u00eda Municipal de Iribarren (CPMI).<\/p>\n\n\n\n<figure class=\"wp-block-image size-large\"><img fetchpriority=\"high\" decoding=\"async\" width=\"1024\" height=\"576\" src=\"http:\/\/www.defensoria.gob.ve\/wp-content\/uploads\/2024\/12\/8a67fe65-02f1-462a-b1e2-f60e89f409b6-1024x576.jpg\" alt=\"\" class=\"wp-image-10057\" srcset=\"http:\/\/www.defensoria.gob.ve\/wp-content\/uploads\/2024\/12\/8a67fe65-02f1-462a-b1e2-f60e89f409b6-1024x576.jpg 1024w, http:\/\/www.defensoria.gob.ve\/wp-content\/uploads\/2024\/12\/8a67fe65-02f1-462a-b1e2-f60e89f409b6-300x169.jpg 300w, http:\/\/www.defensoria.gob.ve\/wp-content\/uploads\/2024\/12\/8a67fe65-02f1-462a-b1e2-f60e89f409b6-768x432.jpg 768w, http:\/\/www.defensoria.gob.ve\/wp-content\/uploads\/2024\/12\/8a67fe65-02f1-462a-b1e2-f60e89f409b6.jpg 1152w\" sizes=\"(max-width: 1024px) 100vw, 1024px\" \/><\/figure>\n\n\n\n<p>Por su parte, en el estado M\u00e9rida se acompa\u00f1\u00f3 a los efectivos de seguridad a la inspecci\u00f3n del Centro de control y resguardo ubicado en Ejido, municipio El\u00edas, lugar donde se encuentran unos 73 privados y 12 privadas de libertad. Tambi\u00e9n se visit\u00f3 el centro de control y resguardo ubicado en el Cicpc-M\u00e9rida, donde hay 32 privados y 4 privadas de libertad.<\/p>\n\n\n\n<p>Asimismo, en el estado Yaracuy se acompa\u00f1\u00f3 junto a los efectivos de la GNB en las visitas a las sedes de la Direcci\u00f3n de Inteligencia Policial, donde se hizo presencia para velar por los derechos humanos de los privados y las privadas de libertad.<\/p>\n\n\n\n<p>En estado Cojedes, los servidores y las servidoras de la Instituci\u00f3n Nacional de los Derechos Humanos supervisaron el operativo de inspecci\u00f3n y requisa para garantizar el cumplimiento de los derechos humanos de los internos y las internas en el Centro de Detenci\u00f3n perteneciente a la Polic\u00eda Nacional Bolivariana, ubicado en el sector Las Vegas, municipio R\u00f3mulo Gallegos.<\/p>\n\n\n\n<figure class=\"wp-block-image size-large\"><img decoding=\"async\" width=\"1024\" height=\"768\" src=\"http:\/\/www.defensoria.gob.ve\/wp-content\/uploads\/2024\/12\/9d3fdaed-6eb7-4906-8c30-49a1c471f164-1024x768.jpg\" alt=\"\" class=\"wp-image-10058\" srcset=\"http:\/\/www.defensoria.gob.ve\/wp-content\/uploads\/2024\/12\/9d3fdaed-6eb7-4906-8c30-49a1c471f164-1024x768.jpg 1024w, http:\/\/www.defensoria.gob.ve\/wp-content\/uploads\/2024\/12\/9d3fdaed-6eb7-4906-8c30-49a1c471f164-300x225.jpg 300w, http:\/\/www.defensoria.gob.ve\/wp-content\/uploads\/2024\/12\/9d3fdaed-6eb7-4906-8c30-49a1c471f164-768x576.jpg 768w, http:\/\/www.defensoria.gob.ve\/wp-content\/uploads\/2024\/12\/9d3fdaed-6eb7-4906-8c30-49a1c471f164.jpg 1080w\" sizes=\"(max-width: 1024px) 100vw, 1024px\" \/><\/figure>\n\n\n\n<p>Tambi\u00e9n la Defensor\u00eda del Pueblo delegada del estado Trujillo, acompa\u00f1\u00f3 las inspecciones realizadas a los centros de detenci\u00f3n ubicados en Valera, Bocon\u00f3 y Sabana de Mendoza del municipio Sucre.<\/p>\n\n\n\n<p>De esta manera, la Defensor\u00eda del Pueblo durante los operativos de requisas por parte de los organismos de seguridad, se encuentra presente en los centros de detenci\u00f3n preventiva y de reclusi\u00f3n para garantizar el cumplimiento de los derechos humanos de las privadas y los privados de libertad. <strong>FIN \/ PRENSA Defensor\u00eda<\/strong><\/p>\n\t\t\t\t\t\t\t\t<\/div>\n\t\t\t\t<\/div>\n\t\t\t\t\t<\/div>\n\t\t<\/div>\n\t\t\t\t\t<\/div>\n\t\t<\/section>\n\t\t\t\t<\/div>\n\t\t","protected":false},"excerpt":{"rendered":"<p>(23-Dic-24) Cumpliendo con sus atribuciones y competencias constitucionales de vigilancia de los derechos humanos de los privados y las privadas de libertad, la Defensor\u00eda del Pueblo, a trav\u00e9s de sus&hellip; <\/p>\n","protected":false},"author":5,"featured_media":10059,"comment_status":"open","ping_status":"open","sticky":false,"template":"","format":"standard","meta":{"footnotes":""},"categories":[5],"tags":[],"class_list":["post-10056","post","type-post","status-publish","format-standard","has-post-thumbnail","hentry","category-regionales"],"yoast_head":"<!-- This site is optimized with the Yoast SEO plugin v27.4 - https:\/\/yoast.com\/product\/yoast-seo-wordpress\/ -->\n<title>Defensor\u00eda del Pueblo se despliega en centros de detenci\u00f3n para garantizar DDHH de privados y privadas de libertad -<\/title>\n<meta name=\"robots\" content=\"index, follow, max-snippet:-1, max-image-preview:large, max-video-preview:-1\" \/>\n<link rel=\"canonical\" href=\"http:\/\/www.defensoria.gob.ve\/?p=10056\" \/>\n<meta property=\"og:locale\" content=\"es_ES\" \/>\n<meta property=\"og:type\" content=\"article\" \/>\n<meta property=\"og:title\" content=\"Defensor\u00eda del Pueblo se despliega en centros de detenci\u00f3n para garantizar DDHH de privados y privadas de libertad -\" \/>\n<meta property=\"og:description\" content=\"(23-Dic-24) Cumpliendo con sus atribuciones y competencias constitucionales de vigilancia de los derechos humanos de los privados y las privadas de libertad, la Defensor\u00eda del Pueblo, a trav\u00e9s de sus&hellip;\" \/>\n<meta property=\"og:url\" content=\"http:\/\/www.defensoria.gob.ve\/?p=10056\" \/>\n<meta property=\"article:published_time\" content=\"2024-12-23T20:05:51+00:00\" \/>\n<meta property=\"article:modified_time\" content=\"2024-12-23T20:06:17+00:00\" \/>\n<meta property=\"og:image\" content=\"http:\/\/www.defensoria.gob.ve\/wp-content\/uploads\/2024\/12\/2543e568-c451-4700-9b5d-42aaba8923d3.jpg\" \/>\n\t<meta property=\"og:image:width\" content=\"1000\" \/>\n\t<meta property=\"og:image:height\" content=\"750\" \/>\n\t<meta property=\"og:image:type\" content=\"image\/jpeg\" \/>\n<meta name=\"author\" content=\"JC.\" \/>\n<meta name=\"twitter:card\" content=\"summary_large_image\" \/>\n<meta name=\"twitter:label1\" content=\"Escrito por\" \/>\n\t<meta name=\"twitter:data1\" content=\"JC.\" \/>\n\t<meta name=\"twitter:label2\" content=\"Tiempo estimado de lectura\" \/>\n\t<meta name=\"twitter:data2\" content=\"3 minutos\" \/>\n<script type=\"application\/ld+json\" class=\"yoast-schema-graph\">{\"@context\":\"https:\\\/\\\/schema.org\",\"@graph\":[{\"@type\":\"Article\",\"@id\":\"http:\\\/\\\/www.defensoria.gob.ve\\\/?p=10056#article\",\"isPartOf\":{\"@id\":\"http:\\\/\\\/www.defensoria.gob.ve\\\/?p=10056\"},\"author\":{\"name\":\"JC.\",\"@id\":\"http:\\\/\\\/www.defensoria.gob.ve\\\/#\\\/schema\\\/person\\\/fba14293189d7b1933ac7fba9d89e24a\"},\"headline\":\"Defensor\u00eda del Pueblo se despliega en centros de detenci\u00f3n para garantizar DDHH de privados y privadas de libertad\",\"datePublished\":\"2024-12-23T20:05:51+00:00\",\"dateModified\":\"2024-12-23T20:06:17+00:00\",\"mainEntityOfPage\":{\"@id\":\"http:\\\/\\\/www.defensoria.gob.ve\\\/?p=10056\"},\"wordCount\":442,\"commentCount\":0,\"image\":{\"@id\":\"http:\\\/\\\/www.defensoria.gob.ve\\\/?p=10056#primaryimage\"},\"thumbnailUrl\":\"http:\\\/\\\/www.defensoria.gob.ve\\\/wp-content\\\/uploads\\\/2024\\\/12\\\/2543e568-c451-4700-9b5d-42aaba8923d3.jpg\",\"articleSection\":[\"REGIONALES\"],\"inLanguage\":\"es\",\"potentialAction\":[{\"@type\":\"CommentAction\",\"name\":\"Comment\",\"target\":[\"http:\\\/\\\/www.defensoria.gob.ve\\\/?p=10056#respond\"]}]},{\"@type\":\"WebPage\",\"@id\":\"http:\\\/\\\/www.defensoria.gob.ve\\\/?p=10056\",\"url\":\"http:\\\/\\\/www.defensoria.gob.ve\\\/?p=10056\",\"name\":\"Defensor\u00eda del Pueblo se despliega en centros de detenci\u00f3n para garantizar DDHH de privados y privadas de libertad -\",\"isPartOf\":{\"@id\":\"http:\\\/\\\/www.defensoria.gob.ve\\\/#website\"},\"primaryImageOfPage\":{\"@id\":\"http:\\\/\\\/www.defensoria.gob.ve\\\/?p=10056#primaryimage\"},\"image\":{\"@id\":\"http:\\\/\\\/www.defensoria.gob.ve\\\/?p=10056#primaryimage\"},\"thumbnailUrl\":\"http:\\\/\\\/www.defensoria.gob.ve\\\/wp-content\\\/uploads\\\/2024\\\/12\\\/2543e568-c451-4700-9b5d-42aaba8923d3.jpg\",\"datePublished\":\"2024-12-23T20:05:51+00:00\",\"dateModified\":\"2024-12-23T20:06:17+00:00\",\"author\":{\"@id\":\"http:\\\/\\\/www.defensoria.gob.ve\\\/#\\\/schema\\\/person\\\/fba14293189d7b1933ac7fba9d89e24a\"},\"breadcrumb\":{\"@id\":\"http:\\\/\\\/www.defensoria.gob.ve\\\/?p=10056#breadcrumb\"},\"inLanguage\":\"es\",\"potentialAction\":[{\"@type\":\"ReadAction\",\"target\":[\"http:\\\/\\\/www.defensoria.gob.ve\\\/?p=10056\"]}]},{\"@type\":\"ImageObject\",\"inLanguage\":\"es\",\"@id\":\"http:\\\/\\\/www.defensoria.gob.ve\\\/?p=10056#primaryimage\",\"url\":\"http:\\\/\\\/www.defensoria.gob.ve\\\/wp-content\\\/uploads\\\/2024\\\/12\\\/2543e568-c451-4700-9b5d-42aaba8923d3.jpg\",\"contentUrl\":\"http:\\\/\\\/www.defensoria.gob.ve\\\/wp-content\\\/uploads\\\/2024\\\/12\\\/2543e568-c451-4700-9b5d-42aaba8923d3.jpg\",\"width\":1000,\"height\":750},{\"@type\":\"BreadcrumbList\",\"@id\":\"http:\\\/\\\/www.defensoria.gob.ve\\\/?p=10056#breadcrumb\",\"itemListElement\":[{\"@type\":\"ListItem\",\"position\":1,\"name\":\"Portada\",\"item\":\"http:\\\/\\\/www.defensoria.gob.ve\\\/\"},{\"@type\":\"ListItem\",\"position\":2,\"name\":\"Defensor\u00eda del Pueblo se despliega en centros de detenci\u00f3n para garantizar DDHH de privados y privadas de libertad\"}]},{\"@type\":\"WebSite\",\"@id\":\"http:\\\/\\\/www.defensoria.gob.ve\\\/#website\",\"url\":\"http:\\\/\\\/www.defensoria.gob.ve\\\/\",\"name\":\"\",\"description\":\"Instituci\u00f3n del Poder Ciudadano para la Promoci\u00f3n, Defensa y Vigilancia de los Derechos Humanos. \",\"potentialAction\":[{\"@type\":\"SearchAction\",\"target\":{\"@type\":\"EntryPoint\",\"urlTemplate\":\"http:\\\/\\\/www.defensoria.gob.ve\\\/?s={search_term_string}\"},\"query-input\":{\"@type\":\"PropertyValueSpecification\",\"valueRequired\":true,\"valueName\":\"search_term_string\"}}],\"inLanguage\":\"es\"},{\"@type\":\"Person\",\"@id\":\"http:\\\/\\\/www.defensoria.gob.ve\\\/#\\\/schema\\\/person\\\/fba14293189d7b1933ac7fba9d89e24a\",\"name\":\"JC.\",\"image\":{\"@type\":\"ImageObject\",\"inLanguage\":\"es\",\"@id\":\"https:\\\/\\\/secure.gravatar.com\\\/avatar\\\/f398a4de948606b38f0299d90ca738c674b648694bc725ed46503c240269dbf8?s=96&d=mm&r=g\",\"url\":\"https:\\\/\\\/secure.gravatar.com\\\/avatar\\\/f398a4de948606b38f0299d90ca738c674b648694bc725ed46503c240269dbf8?s=96&d=mm&r=g\",\"contentUrl\":\"https:\\\/\\\/secure.gravatar.com\\\/avatar\\\/f398a4de948606b38f0299d90ca738c674b648694bc725ed46503c240269dbf8?s=96&d=mm&r=g\",\"caption\":\"JC.\"},\"url\":\"http:\\\/\\\/www.defensoria.gob.ve\\\/?author=5\"}]}<\/script>\n<!-- \/ Yoast SEO plugin. -->","yoast_head_json":{"title":"Defensor\u00eda del Pueblo se despliega en centros de detenci\u00f3n para garantizar DDHH de privados y privadas de libertad -","robots":{"index":"index","follow":"follow","max-snippet":"max-snippet:-1","max-image-preview":"max-image-preview:large","max-video-preview":"max-video-preview:-1"},"canonical":"http:\/\/www.defensoria.gob.ve\/?p=10056","og_locale":"es_ES","og_type":"article","og_title":"Defensor\u00eda del Pueblo se despliega en centros de detenci\u00f3n para garantizar DDHH de privados y privadas de libertad -","og_description":"(23-Dic-24) Cumpliendo con sus atribuciones y competencias constitucionales de vigilancia de los derechos humanos de los privados y las privadas de libertad, la Defensor\u00eda del Pueblo, a trav\u00e9s de sus&hellip;","og_url":"http:\/\/www.defensoria.gob.ve\/?p=10056","article_published_time":"2024-12-23T20:05:51+00:00","article_modified_time":"2024-12-23T20:06:17+00:00","og_image":[{"width":1000,"height":750,"url":"http:\/\/www.defensoria.gob.ve\/wp-content\/uploads\/2024\/12\/2543e568-c451-4700-9b5d-42aaba8923d3.jpg","type":"image\/jpeg"}],"author":"JC.","twitter_card":"summary_large_image","twitter_misc":{"Escrito por":"JC.","Tiempo estimado de lectura":"3 minutos"},"schema":{"@context":"https:\/\/schema.org","@graph":[{"@type":"Article","@id":"http:\/\/www.defensoria.gob.ve\/?p=10056#article","isPartOf":{"@id":"http:\/\/www.defensoria.gob.ve\/?p=10056"},"author":{"name":"JC.","@id":"http:\/\/www.defensoria.gob.ve\/#\/schema\/person\/fba14293189d7b1933ac7fba9d89e24a"},"headline":"Defensor\u00eda del Pueblo se despliega en centros de detenci\u00f3n para garantizar DDHH de privados y privadas de libertad","datePublished":"2024-12-23T20:05:51+00:00","dateModified":"2024-12-23T20:06:17+00:00","mainEntityOfPage":{"@id":"http:\/\/www.defensoria.gob.ve\/?p=10056"},"wordCount":442,"commentCount":0,"image":{"@id":"http:\/\/www.defensoria.gob.ve\/?p=10056#primaryimage"},"thumbnailUrl":"http:\/\/www.defensoria.gob.ve\/wp-content\/uploads\/2024\/12\/2543e568-c451-4700-9b5d-42aaba8923d3.jpg","articleSection":["REGIONALES"],"inLanguage":"es","potentialAction":[{"@type":"CommentAction","name":"Comment","target":["http:\/\/www.defensoria.gob.ve\/?p=10056#respond"]}]},{"@type":"WebPage","@id":"http:\/\/www.defensoria.gob.ve\/?p=10056","url":"http:\/\/www.defensoria.gob.ve\/?p=10056","name":"Defensor\u00eda del Pueblo se despliega en centros de detenci\u00f3n para garantizar DDHH de privados y privadas de libertad -","isPartOf":{"@id":"http:\/\/www.defensoria.gob.ve\/#website"},"primaryImageOfPage":{"@id":"http:\/\/www.defensoria.gob.ve\/?p=10056#primaryimage"},"image":{"@id":"http:\/\/www.defensoria.gob.ve\/?p=10056#primaryimage"},"thumbnailUrl":"http:\/\/www.defensoria.gob.ve\/wp-content\/uploads\/2024\/12\/2543e568-c451-4700-9b5d-42aaba8923d3.jpg","datePublished":"2024-12-23T20:05:51+00:00","dateModified":"2024-12-23T20:06:17+00:00","author":{"@id":"http:\/\/www.defensoria.gob.ve\/#\/schema\/person\/fba14293189d7b1933ac7fba9d89e24a"},"breadcrumb":{"@id":"http:\/\/www.defensoria.gob.ve\/?p=10056#breadcrumb"},"inLanguage":"es","potentialAction":[{"@type":"ReadAction","target":["http:\/\/www.defensoria.gob.ve\/?p=10056"]}]},{"@type":"ImageObject","inLanguage":"es","@id":"http:\/\/www.defensoria.gob.ve\/?p=10056#primaryimage","url":"http:\/\/www.defensoria.gob.ve\/wp-content\/uploads\/2024\/12\/2543e568-c451-4700-9b5d-42aaba8923d3.jpg","contentUrl":"http:\/\/www.defensoria.gob.ve\/wp-content\/uploads\/2024\/12\/2543e568-c451-4700-9b5d-42aaba8923d3.jpg","width":1000,"height":750},{"@type":"BreadcrumbList","@id":"http:\/\/www.defensoria.gob.ve\/?p=10056#breadcrumb","itemListElement":[{"@type":"ListItem","position":1,"name":"Portada","item":"http:\/\/www.defensoria.gob.ve\/"},{"@type":"ListItem","position":2,"name":"Defensor\u00eda del Pueblo se despliega en centros de detenci\u00f3n para garantizar DDHH de privados y privadas de libertad"}]},{"@type":"WebSite","@id":"http:\/\/www.defensoria.gob.ve\/#website","url":"http:\/\/www.defensoria.gob.ve\/","name":"","description":"Instituci\u00f3n del Poder Ciudadano para la Promoci\u00f3n, Defensa y Vigilancia de los Derechos Humanos. ","potentialAction":[{"@type":"SearchAction","target":{"@type":"EntryPoint","urlTemplate":"http:\/\/www.defensoria.gob.ve\/?s={search_term_string}"},"query-input":{"@type":"PropertyValueSpecification","valueRequired":true,"valueName":"search_term_string"}}],"inLanguage":"es"},{"@type":"Person","@id":"http:\/\/www.defensoria.gob.ve\/#\/schema\/person\/fba14293189d7b1933ac7fba9d89e24a","name":"JC.","image":{"@type":"ImageObject","inLanguage":"es","@id":"https:\/\/secure.gravatar.com\/avatar\/f398a4de948606b38f0299d90ca738c674b648694bc725ed46503c240269dbf8?s=96&d=mm&r=g","url":"https:\/\/secure.gravatar.com\/avatar\/f398a4de948606b38f0299d90ca738c674b648694bc725ed46503c240269dbf8?s=96&d=mm&r=g","contentUrl":"https:\/\/secure.gravatar.com\/avatar\/f398a4de948606b38f0299d90ca738c674b648694bc725ed46503c240269dbf8?s=96&d=mm&r=g","caption":"JC."},"url":"http:\/\/www.defensoria.gob.ve\/?author=5"}]}},"_links":{"self":[{"href":"http:\/\/www.defensoria.gob.ve\/index.php?rest_route=\/wp\/v2\/posts\/10056","targetHints":{"allow":["GET"]}}],"collection":[{"href":"http:\/\/www.defensoria.gob.ve\/index.php?rest_route=\/wp\/v2\/posts"}],"about":[{"href":"http:\/\/www.defensoria.gob.ve\/index.php?rest_route=\/wp\/v2\/types\/post"}],"author":[{"embeddable":true,"href":"http:\/\/www.defensoria.gob.ve\/index.php?rest_route=\/wp\/v2\/users\/5"}],"replies":[{"embeddable":true,"href":"http:\/\/www.defensoria.gob.ve\/index.php?rest_route=%2Fwp%2Fv2%2Fcomments&post=10056"}],"version-history":[{"count":4,"href":"http:\/\/www.defensoria.gob.ve\/index.php?rest_route=\/wp\/v2\/posts\/10056\/revisions"}],"predecessor-version":[{"id":10063,"href":"http:\/\/www.defensoria.gob.ve\/index.php?rest_route=\/wp\/v2\/posts\/10056\/revisions\/10063"}],"wp:featuredmedia":[{"embeddable":true,"href":"http:\/\/www.defensoria.gob.ve\/index.php?rest_route=\/wp\/v2\/media\/10059"}],"wp:attachment":[{"href":"http:\/\/www.defensoria.gob.ve\/index.php?rest_route=%2Fwp%2Fv2%2Fmedia&parent=10056"}],"wp:term":[{"taxonomy":"category","embeddable":true,"href":"http:\/\/www.defensoria.gob.ve\/index.php?rest_route=%2Fwp%2Fv2%2Fcategories&post=10056"},{"taxonomy":"post_tag","embeddable":true,"href":"http:\/\/www.defensoria.gob.ve\/index.php?rest_route=%2Fwp%2Fv2%2Ftags&post=10056"}],"curies":[{"name":"wp","href":"https:\/\/api.w.org\/{rel}","templated":true}]}}