 
{"id":10104,"date":"2025-01-07T17:30:34","date_gmt":"2025-01-07T21:30:34","guid":{"rendered":"http:\/\/www.defensoria.gob.ve\/?p=10104"},"modified":"2025-01-07T17:52:56","modified_gmt":"2025-01-07T21:52:56","slug":"poder-legislativo-notifica-al-consejo-moral-republicano-inicio-del-nuevo-periodo-parlamentario-2025-2026","status":"publish","type":"post","link":"http:\/\/www.defensoria.gob.ve\/?p=10104","title":{"rendered":"Poder Legislativo notifica al Consejo Moral Republicano inicio del nuevo per\u00edodo parlamentario 2025-2026"},"content":{"rendered":"\t\t<div data-elementor-type=\"wp-post\" data-elementor-id=\"10104\" class=\"elementor elementor-10104\">\n\t\t\t\t\t\t<section class=\"elementor-section elementor-top-section elementor-element elementor-element-4708b454 elementor-section-boxed elementor-section-height-default elementor-section-height-default\" data-id=\"4708b454\" data-element_type=\"section\" data-e-type=\"section\">\n\t\t\t\t\t\t<div class=\"elementor-container elementor-column-gap-default\">\n\t\t\t\t\t<div class=\"elementor-column elementor-col-100 elementor-top-column elementor-element elementor-element-5047bdd0\" data-id=\"5047bdd0\" data-element_type=\"column\" data-e-type=\"column\">\n\t\t\t<div class=\"elementor-widget-wrap elementor-element-populated\">\n\t\t\t\t\t\t<div class=\"elementor-element elementor-element-190116f8 elementor-widget elementor-widget-text-editor\" data-id=\"190116f8\" data-element_type=\"widget\" data-e-type=\"widget\" data-widget_type=\"text-editor.default\">\n\t\t\t\t<div class=\"elementor-widget-container\">\n\t\t\t\t\t\t\t\t\t<p><\/p>\n<p><strong>l(07-Ene-25) <\/strong>Una Comisi\u00f3n Especial de la Asamblea Nacional, integrada por diputados y diputadas, presidida por el diputado Pedro Carre\u00f1o, se reuni\u00f3 con los representantes del Poder Ciudadano, con la intenci\u00f3n de notificar al Consejo Moral Republicano sobre el inicio del nuevo per\u00edodo legislativo 2025-2026.<\/p>\n<p>En la reuni\u00f3n estuvieron presentes el Fiscal General de la Rep\u00fablica, Tarek William Saab; el Contralor General de la Rep\u00fablica, Gustavo Vizca\u00edno y el Defensor del Pueblo, Alfredo Ruiz Angulo, quienes representan al Poder Ciudadano y recibieron a los legisladores y las legisladoras en la sede del Ministerio P\u00fablico.<\/p>\n<p>La comisi\u00f3n de la Asamblea Nacional estuvo conformada, adem\u00e1s del diputado Carre\u00f1o, por las diputadas Desiree Santos Amaral, Blanca Eekhout, Anyelith Tamayo y los diputados Willy Medina, Alexander Cordero y Jos\u00e9 Brito.<\/p>\n<p>De esta manera, el Poder Ciudadano continuar\u00e1 apoyando al Poder Legislativo con propuestas y recomendaciones, para el per\u00edodo 2025-2026, en su tarea de cooperaci\u00f3n entre poderes, ejercer funciones de control, as\u00ed como principalmente discutir, aprobar y sancionar leyes que beneficien a todo el pueblo venezolano, sin ning\u00fan tipo de discriminaci\u00f3n.<\/p>\n<p>Al respecto, el titular de la Instituci\u00f3n Nacional de los Derechos Humanos indic\u00f3 que esta notificaci\u00f3n del nuevo per\u00edodo legislativo por parte de la Asamblea Nacional significa el inicio de muchas acciones a favor del pueblo venezolano. \u201cEn el d\u00eda de hoy todas las familias est\u00e1n de fiesta por el inicio del a\u00f1o escolar, donde los ni\u00f1os, ni\u00f1as, los adolescentes y las personas adultas mayores que est\u00e1n estudiando empiezan con fuerza y energ\u00eda este nuevo ciclo\u201d.<\/p>\n<p>En el marco de este encuentro, Ruiz hizo un llamado a la poblaci\u00f3n, particularmente a ni\u00f1os, ni\u00f1as y adolescentes a evitar el uso malintencionado de las redes sociales y evitar problemas como los generados por la plataforma digital Tik Tok y los denominados retos virales. \u201cTodas las familias pendientes para que no se usen las redes como en el pasado, para difundir esos males y atacar a ni\u00f1os y ni\u00f1as\u201d, pidi\u00f3 denunciar cualquier abuso que se pueda cometer a trav\u00e9s de las redes sociales.<\/p>\n<p>Indic\u00f3 que Tik Tok reconoci\u00f3 lo grave, que puede ser el mal uso de las redes sociales, el control necesario que debe tener, ya que puede causar graves da\u00f1os f\u00edsicos y mentales hasta causar la muerte. \u201cEsperamos que siga acatando la sentencia del Tribunal Supremo de Justicia y que las dem\u00e1s plataformas asuman esa responsabilidad que tienen de promover la vida, la comunicaci\u00f3n, el entretenimiento y no la muerte\u201d. <strong>FIN \/ PRENSA Defensor\u00eda<\/strong><\/p>\n<p><\/p>\t\t\t\t\t\t\t\t<\/div>\n\t\t\t\t<\/div>\n\t\t\t\t\t<\/div>\n\t\t<\/div>\n\t\t\t\t\t<\/div>\n\t\t<\/section>\n\t\t\t\t<\/div>\n\t\t","protected":false},"excerpt":{"rendered":"<p>l(07-Ene-25) Una Comisi\u00f3n Especial de la Asamblea Nacional, integrada por diputados y diputadas, presidida por el diputado Pedro Carre\u00f1o, se reuni\u00f3 con los representantes del Poder Ciudadano, con la intenci\u00f3n&hellip; <\/p>\n","protected":false},"author":5,"featured_media":10105,"comment_status":"open","ping_status":"open","sticky":false,"template":"","format":"standard","meta":{"footnotes":""},"categories":[3],"tags":[],"class_list":["post-10104","post","type-post","status-publish","format-standard","has-post-thumbnail","hentry","category-centrales"],"yoast_head":"<!-- This site is optimized with the Yoast SEO plugin v27.4 - https:\/\/yoast.com\/product\/yoast-seo-wordpress\/ -->\n<title>Poder Legislativo notifica al Consejo Moral Republicano inicio del nuevo per\u00edodo parlamentario 2025-2026 -<\/title>\n<meta name=\"robots\" content=\"index, follow, max-snippet:-1, max-image-preview:large, max-video-preview:-1\" \/>\n<link rel=\"canonical\" href=\"http:\/\/www.defensoria.gob.ve\/?p=10104\" \/>\n<meta property=\"og:locale\" content=\"es_ES\" \/>\n<meta property=\"og:type\" content=\"article\" \/>\n<meta property=\"og:title\" content=\"Poder Legislativo notifica al Consejo Moral Republicano inicio del nuevo per\u00edodo parlamentario 2025-2026 -\" \/>\n<meta property=\"og:description\" content=\"l(07-Ene-25) Una Comisi\u00f3n Especial de la Asamblea Nacional, integrada por diputados y diputadas, presidida por el diputado Pedro Carre\u00f1o, se reuni\u00f3 con los representantes del Poder Ciudadano, con la intenci\u00f3n&hellip;\" \/>\n<meta property=\"og:url\" content=\"http:\/\/www.defensoria.gob.ve\/?p=10104\" \/>\n<meta property=\"article:published_time\" content=\"2025-01-07T21:30:34+00:00\" \/>\n<meta property=\"article:modified_time\" content=\"2025-01-07T21:52:56+00:00\" \/>\n<meta property=\"og:image\" content=\"http:\/\/www.defensoria.gob.ve\/wp-content\/uploads\/2025\/01\/8a355b75-9beb-44a8-b5e3-939550f3bec3.jpg\" \/>\n\t<meta property=\"og:image:width\" content=\"1080\" \/>\n\t<meta property=\"og:image:height\" content=\"810\" \/>\n\t<meta property=\"og:image:type\" content=\"image\/jpeg\" \/>\n<meta name=\"author\" content=\"JC.\" \/>\n<meta name=\"twitter:card\" content=\"summary_large_image\" \/>\n<meta name=\"twitter:label1\" content=\"Escrito por\" \/>\n\t<meta name=\"twitter:data1\" content=\"JC.\" \/>\n\t<meta name=\"twitter:label2\" content=\"Tiempo estimado de lectura\" \/>\n\t<meta name=\"twitter:data2\" content=\"2 minutos\" \/>\n<script type=\"application\/ld+json\" class=\"yoast-schema-graph\">{\"@context\":\"https:\\\/\\\/schema.org\",\"@graph\":[{\"@type\":\"Article\",\"@id\":\"http:\\\/\\\/www.defensoria.gob.ve\\\/?p=10104#article\",\"isPartOf\":{\"@id\":\"http:\\\/\\\/www.defensoria.gob.ve\\\/?p=10104\"},\"author\":{\"name\":\"JC.\",\"@id\":\"http:\\\/\\\/www.defensoria.gob.ve\\\/#\\\/schema\\\/person\\\/fba14293189d7b1933ac7fba9d89e24a\"},\"headline\":\"Poder Legislativo notifica al Consejo Moral Republicano inicio del nuevo per\u00edodo parlamentario 2025-2026\",\"datePublished\":\"2025-01-07T21:30:34+00:00\",\"dateModified\":\"2025-01-07T21:52:56+00:00\",\"mainEntityOfPage\":{\"@id\":\"http:\\\/\\\/www.defensoria.gob.ve\\\/?p=10104\"},\"wordCount\":459,\"commentCount\":0,\"image\":{\"@id\":\"http:\\\/\\\/www.defensoria.gob.ve\\\/?p=10104#primaryimage\"},\"thumbnailUrl\":\"http:\\\/\\\/www.defensoria.gob.ve\\\/wp-content\\\/uploads\\\/2025\\\/01\\\/8a355b75-9beb-44a8-b5e3-939550f3bec3.jpg\",\"articleSection\":[\"CENTRALES\"],\"inLanguage\":\"es\",\"potentialAction\":[{\"@type\":\"CommentAction\",\"name\":\"Comment\",\"target\":[\"http:\\\/\\\/www.defensoria.gob.ve\\\/?p=10104#respond\"]}]},{\"@type\":\"WebPage\",\"@id\":\"http:\\\/\\\/www.defensoria.gob.ve\\\/?p=10104\",\"url\":\"http:\\\/\\\/www.defensoria.gob.ve\\\/?p=10104\",\"name\":\"Poder Legislativo notifica al Consejo Moral Republicano inicio del nuevo per\u00edodo parlamentario 2025-2026 -\",\"isPartOf\":{\"@id\":\"http:\\\/\\\/www.defensoria.gob.ve\\\/#website\"},\"primaryImageOfPage\":{\"@id\":\"http:\\\/\\\/www.defensoria.gob.ve\\\/?p=10104#primaryimage\"},\"image\":{\"@id\":\"http:\\\/\\\/www.defensoria.gob.ve\\\/?p=10104#primaryimage\"},\"thumbnailUrl\":\"http:\\\/\\\/www.defensoria.gob.ve\\\/wp-content\\\/uploads\\\/2025\\\/01\\\/8a355b75-9beb-44a8-b5e3-939550f3bec3.jpg\",\"datePublished\":\"2025-01-07T21:30:34+00:00\",\"dateModified\":\"2025-01-07T21:52:56+00:00\",\"author\":{\"@id\":\"http:\\\/\\\/www.defensoria.gob.ve\\\/#\\\/schema\\\/person\\\/fba14293189d7b1933ac7fba9d89e24a\"},\"breadcrumb\":{\"@id\":\"http:\\\/\\\/www.defensoria.gob.ve\\\/?p=10104#breadcrumb\"},\"inLanguage\":\"es\",\"potentialAction\":[{\"@type\":\"ReadAction\",\"target\":[\"http:\\\/\\\/www.defensoria.gob.ve\\\/?p=10104\"]}]},{\"@type\":\"ImageObject\",\"inLanguage\":\"es\",\"@id\":\"http:\\\/\\\/www.defensoria.gob.ve\\\/?p=10104#primaryimage\",\"url\":\"http:\\\/\\\/www.defensoria.gob.ve\\\/wp-content\\\/uploads\\\/2025\\\/01\\\/8a355b75-9beb-44a8-b5e3-939550f3bec3.jpg\",\"contentUrl\":\"http:\\\/\\\/www.defensoria.gob.ve\\\/wp-content\\\/uploads\\\/2025\\\/01\\\/8a355b75-9beb-44a8-b5e3-939550f3bec3.jpg\",\"width\":1080,\"height\":810},{\"@type\":\"BreadcrumbList\",\"@id\":\"http:\\\/\\\/www.defensoria.gob.ve\\\/?p=10104#breadcrumb\",\"itemListElement\":[{\"@type\":\"ListItem\",\"position\":1,\"name\":\"Portada\",\"item\":\"http:\\\/\\\/www.defensoria.gob.ve\\\/\"},{\"@type\":\"ListItem\",\"position\":2,\"name\":\"Poder Legislativo notifica al Consejo Moral Republicano inicio del nuevo per\u00edodo parlamentario 2025-2026\"}]},{\"@type\":\"WebSite\",\"@id\":\"http:\\\/\\\/www.defensoria.gob.ve\\\/#website\",\"url\":\"http:\\\/\\\/www.defensoria.gob.ve\\\/\",\"name\":\"\",\"description\":\"Instituci\u00f3n del Poder Ciudadano para la Promoci\u00f3n, Defensa y Vigilancia de los Derechos Humanos. \",\"potentialAction\":[{\"@type\":\"SearchAction\",\"target\":{\"@type\":\"EntryPoint\",\"urlTemplate\":\"http:\\\/\\\/www.defensoria.gob.ve\\\/?s={search_term_string}\"},\"query-input\":{\"@type\":\"PropertyValueSpecification\",\"valueRequired\":true,\"valueName\":\"search_term_string\"}}],\"inLanguage\":\"es\"},{\"@type\":\"Person\",\"@id\":\"http:\\\/\\\/www.defensoria.gob.ve\\\/#\\\/schema\\\/person\\\/fba14293189d7b1933ac7fba9d89e24a\",\"name\":\"JC.\",\"image\":{\"@type\":\"ImageObject\",\"inLanguage\":\"es\",\"@id\":\"https:\\\/\\\/secure.gravatar.com\\\/avatar\\\/f398a4de948606b38f0299d90ca738c674b648694bc725ed46503c240269dbf8?s=96&d=mm&r=g\",\"url\":\"https:\\\/\\\/secure.gravatar.com\\\/avatar\\\/f398a4de948606b38f0299d90ca738c674b648694bc725ed46503c240269dbf8?s=96&d=mm&r=g\",\"contentUrl\":\"https:\\\/\\\/secure.gravatar.com\\\/avatar\\\/f398a4de948606b38f0299d90ca738c674b648694bc725ed46503c240269dbf8?s=96&d=mm&r=g\",\"caption\":\"JC.\"},\"url\":\"http:\\\/\\\/www.defensoria.gob.ve\\\/?author=5\"}]}<\/script>\n<!-- \/ Yoast SEO plugin. -->","yoast_head_json":{"title":"Poder Legislativo notifica al Consejo Moral Republicano inicio del nuevo per\u00edodo parlamentario 2025-2026 -","robots":{"index":"index","follow":"follow","max-snippet":"max-snippet:-1","max-image-preview":"max-image-preview:large","max-video-preview":"max-video-preview:-1"},"canonical":"http:\/\/www.defensoria.gob.ve\/?p=10104","og_locale":"es_ES","og_type":"article","og_title":"Poder Legislativo notifica al Consejo Moral Republicano inicio del nuevo per\u00edodo parlamentario 2025-2026 -","og_description":"l(07-Ene-25) Una Comisi\u00f3n Especial de la Asamblea Nacional, integrada por diputados y diputadas, presidida por el diputado Pedro Carre\u00f1o, se reuni\u00f3 con los representantes del Poder Ciudadano, con la intenci\u00f3n&hellip;","og_url":"http:\/\/www.defensoria.gob.ve\/?p=10104","article_published_time":"2025-01-07T21:30:34+00:00","article_modified_time":"2025-01-07T21:52:56+00:00","og_image":[{"width":1080,"height":810,"url":"http:\/\/www.defensoria.gob.ve\/wp-content\/uploads\/2025\/01\/8a355b75-9beb-44a8-b5e3-939550f3bec3.jpg","type":"image\/jpeg"}],"author":"JC.","twitter_card":"summary_large_image","twitter_misc":{"Escrito por":"JC.","Tiempo estimado de lectura":"2 minutos"},"schema":{"@context":"https:\/\/schema.org","@graph":[{"@type":"Article","@id":"http:\/\/www.defensoria.gob.ve\/?p=10104#article","isPartOf":{"@id":"http:\/\/www.defensoria.gob.ve\/?p=10104"},"author":{"name":"JC.","@id":"http:\/\/www.defensoria.gob.ve\/#\/schema\/person\/fba14293189d7b1933ac7fba9d89e24a"},"headline":"Poder Legislativo notifica al Consejo Moral Republicano inicio del nuevo per\u00edodo parlamentario 2025-2026","datePublished":"2025-01-07T21:30:34+00:00","dateModified":"2025-01-07T21:52:56+00:00","mainEntityOfPage":{"@id":"http:\/\/www.defensoria.gob.ve\/?p=10104"},"wordCount":459,"commentCount":0,"image":{"@id":"http:\/\/www.defensoria.gob.ve\/?p=10104#primaryimage"},"thumbnailUrl":"http:\/\/www.defensoria.gob.ve\/wp-content\/uploads\/2025\/01\/8a355b75-9beb-44a8-b5e3-939550f3bec3.jpg","articleSection":["CENTRALES"],"inLanguage":"es","potentialAction":[{"@type":"CommentAction","name":"Comment","target":["http:\/\/www.defensoria.gob.ve\/?p=10104#respond"]}]},{"@type":"WebPage","@id":"http:\/\/www.defensoria.gob.ve\/?p=10104","url":"http:\/\/www.defensoria.gob.ve\/?p=10104","name":"Poder Legislativo notifica al Consejo Moral Republicano inicio del nuevo per\u00edodo parlamentario 2025-2026 -","isPartOf":{"@id":"http:\/\/www.defensoria.gob.ve\/#website"},"primaryImageOfPage":{"@id":"http:\/\/www.defensoria.gob.ve\/?p=10104#primaryimage"},"image":{"@id":"http:\/\/www.defensoria.gob.ve\/?p=10104#primaryimage"},"thumbnailUrl":"http:\/\/www.defensoria.gob.ve\/wp-content\/uploads\/2025\/01\/8a355b75-9beb-44a8-b5e3-939550f3bec3.jpg","datePublished":"2025-01-07T21:30:34+00:00","dateModified":"2025-01-07T21:52:56+00:00","author":{"@id":"http:\/\/www.defensoria.gob.ve\/#\/schema\/person\/fba14293189d7b1933ac7fba9d89e24a"},"breadcrumb":{"@id":"http:\/\/www.defensoria.gob.ve\/?p=10104#breadcrumb"},"inLanguage":"es","potentialAction":[{"@type":"ReadAction","target":["http:\/\/www.defensoria.gob.ve\/?p=10104"]}]},{"@type":"ImageObject","inLanguage":"es","@id":"http:\/\/www.defensoria.gob.ve\/?p=10104#primaryimage","url":"http:\/\/www.defensoria.gob.ve\/wp-content\/uploads\/2025\/01\/8a355b75-9beb-44a8-b5e3-939550f3bec3.jpg","contentUrl":"http:\/\/www.defensoria.gob.ve\/wp-content\/uploads\/2025\/01\/8a355b75-9beb-44a8-b5e3-939550f3bec3.jpg","width":1080,"height":810},{"@type":"BreadcrumbList","@id":"http:\/\/www.defensoria.gob.ve\/?p=10104#breadcrumb","itemListElement":[{"@type":"ListItem","position":1,"name":"Portada","item":"http:\/\/www.defensoria.gob.ve\/"},{"@type":"ListItem","position":2,"name":"Poder Legislativo notifica al Consejo Moral Republicano inicio del nuevo per\u00edodo parlamentario 2025-2026"}]},{"@type":"WebSite","@id":"http:\/\/www.defensoria.gob.ve\/#website","url":"http:\/\/www.defensoria.gob.ve\/","name":"","description":"Instituci\u00f3n del Poder Ciudadano para la Promoci\u00f3n, Defensa y Vigilancia de los Derechos Humanos. ","potentialAction":[{"@type":"SearchAction","target":{"@type":"EntryPoint","urlTemplate":"http:\/\/www.defensoria.gob.ve\/?s={search_term_string}"},"query-input":{"@type":"PropertyValueSpecification","valueRequired":true,"valueName":"search_term_string"}}],"inLanguage":"es"},{"@type":"Person","@id":"http:\/\/www.defensoria.gob.ve\/#\/schema\/person\/fba14293189d7b1933ac7fba9d89e24a","name":"JC.","image":{"@type":"ImageObject","inLanguage":"es","@id":"https:\/\/secure.gravatar.com\/avatar\/f398a4de948606b38f0299d90ca738c674b648694bc725ed46503c240269dbf8?s=96&d=mm&r=g","url":"https:\/\/secure.gravatar.com\/avatar\/f398a4de948606b38f0299d90ca738c674b648694bc725ed46503c240269dbf8?s=96&d=mm&r=g","contentUrl":"https:\/\/secure.gravatar.com\/avatar\/f398a4de948606b38f0299d90ca738c674b648694bc725ed46503c240269dbf8?s=96&d=mm&r=g","caption":"JC."},"url":"http:\/\/www.defensoria.gob.ve\/?author=5"}]}},"_links":{"self":[{"href":"http:\/\/www.defensoria.gob.ve\/index.php?rest_route=\/wp\/v2\/posts\/10104","targetHints":{"allow":["GET"]}}],"collection":[{"href":"http:\/\/www.defensoria.gob.ve\/index.php?rest_route=\/wp\/v2\/posts"}],"about":[{"href":"http:\/\/www.defensoria.gob.ve\/index.php?rest_route=\/wp\/v2\/types\/post"}],"author":[{"embeddable":true,"href":"http:\/\/www.defensoria.gob.ve\/index.php?rest_route=\/wp\/v2\/users\/5"}],"replies":[{"embeddable":true,"href":"http:\/\/www.defensoria.gob.ve\/index.php?rest_route=%2Fwp%2Fv2%2Fcomments&post=10104"}],"version-history":[{"count":10,"href":"http:\/\/www.defensoria.gob.ve\/index.php?rest_route=\/wp\/v2\/posts\/10104\/revisions"}],"predecessor-version":[{"id":10115,"href":"http:\/\/www.defensoria.gob.ve\/index.php?rest_route=\/wp\/v2\/posts\/10104\/revisions\/10115"}],"wp:featuredmedia":[{"embeddable":true,"href":"http:\/\/www.defensoria.gob.ve\/index.php?rest_route=\/wp\/v2\/media\/10105"}],"wp:attachment":[{"href":"http:\/\/www.defensoria.gob.ve\/index.php?rest_route=%2Fwp%2Fv2%2Fmedia&parent=10104"}],"wp:term":[{"taxonomy":"category","embeddable":true,"href":"http:\/\/www.defensoria.gob.ve\/index.php?rest_route=%2Fwp%2Fv2%2Fcategories&post=10104"},{"taxonomy":"post_tag","embeddable":true,"href":"http:\/\/www.defensoria.gob.ve\/index.php?rest_route=%2Fwp%2Fv2%2Ftags&post=10104"}],"curies":[{"name":"wp","href":"https:\/\/api.w.org\/{rel}","templated":true}]}}