 
{"id":10495,"date":"2025-01-31T15:04:28","date_gmt":"2025-01-31T19:04:28","guid":{"rendered":"http:\/\/www.defensoria.gob.ve\/?p=10495"},"modified":"2025-01-31T15:04:56","modified_gmt":"2025-01-31T19:04:56","slug":"defensor-del-pueblo-llama-a-la-construccion-de-normas-de-convivencia-para-prevenir-uso-inadecuado-de-las-redes-sociales","status":"publish","type":"post","link":"http:\/\/www.defensoria.gob.ve\/?p=10495","title":{"rendered":"Defensor del Pueblo llama a la construcci\u00f3n de normas de convivencia para prevenir uso inadecuado de las redes sociales"},"content":{"rendered":"\t\t<div data-elementor-type=\"wp-post\" data-elementor-id=\"10495\" class=\"elementor elementor-10495\">\n\t\t\t\t\t\t<section class=\"elementor-section elementor-top-section elementor-element elementor-element-6bce36c7 elementor-section-boxed elementor-section-height-default elementor-section-height-default\" data-id=\"6bce36c7\" data-element_type=\"section\" data-e-type=\"section\">\n\t\t\t\t\t\t<div class=\"elementor-container elementor-column-gap-default\">\n\t\t\t\t\t<div class=\"elementor-column elementor-col-100 elementor-top-column elementor-element elementor-element-f8b3cba\" data-id=\"f8b3cba\" data-element_type=\"column\" data-e-type=\"column\">\n\t\t\t<div class=\"elementor-widget-wrap elementor-element-populated\">\n\t\t\t\t\t\t<div class=\"elementor-element elementor-element-5eded768 elementor-widget elementor-widget-text-editor\" data-id=\"5eded768\" data-element_type=\"widget\" data-e-type=\"widget\" data-widget_type=\"text-editor.default\">\n\t\t\t\t<div class=\"elementor-widget-container\">\n\t\t\t\t\t\t\t\t\t\n<p><strong>(Monagas\/31-Ene-25)<\/strong> En su visita al estado Monagas, el Defensor del Pueblo, Alfredo Ruiz, hizo un llamado a los Consejos de Protecci\u00f3n de Ni\u00f1os, Ni\u00f1as y Adolescentes (CPNNA), junto a la sociedad en general, para trabajar en la construcci\u00f3n de unas normas de convivencia para prevenir el uso inadecuado de las redes sociales por parte de la poblaci\u00f3n juvenil e infantil.<\/p>\n\n\n\n<p>Dicha recomendaci\u00f3n la dio el titular del ente defensorial durante la segunda reuni\u00f3n del Estado Mayor de Protecci\u00f3n del Ni\u00f1o, Ni\u00f1a y Adolescente realizada en la entidad Monaguense.<\/p>\n\n\n\n<p>A la reuni\u00f3n asistieron la Primera Combatiente de la entidad, Soronelis Zambrano; Gladiana Cede\u00f1o, Jueza rectora del estado Monagas; Jorge Alzolay, Presidente del Circuito Judicial Penal; Delitxa Ramos, Fiscal Superior; Dubianny Mata, Vicepresidente del Consejo Legislativo; entre otras autoridades.<\/p>\n\n\n\n<figure class=\"wp-block-image size-full\"><img fetchpriority=\"high\" decoding=\"async\" width=\"960\" height=\"640\" src=\"http:\/\/www.defensoria.gob.ve\/wp-content\/uploads\/2025\/01\/8afae1b0-97a6-4070-b01b-e215f22b636a.jpg\" alt=\"\" class=\"wp-image-10496\" srcset=\"http:\/\/www.defensoria.gob.ve\/wp-content\/uploads\/2025\/01\/8afae1b0-97a6-4070-b01b-e215f22b636a.jpg 960w, http:\/\/www.defensoria.gob.ve\/wp-content\/uploads\/2025\/01\/8afae1b0-97a6-4070-b01b-e215f22b636a-300x200.jpg 300w, http:\/\/www.defensoria.gob.ve\/wp-content\/uploads\/2025\/01\/8afae1b0-97a6-4070-b01b-e215f22b636a-768x512.jpg 768w\" sizes=\"(max-width: 960px) 100vw, 960px\" \/><\/figure>\n\n\n\n<p>En su intervenci\u00f3n, Ruiz puntualiz\u00f3 que los CPNNA deben mantener el inter\u00e9s y su preocupaci\u00f3n por los ni\u00f1os y ni\u00f1as; adem\u00e1s, de tener la responsabilidad de protegerlos en la escuela o en el sector donde habitan y averiguar si tienen acceso al derecho a la salud, educaci\u00f3n, recreaci\u00f3n y justicia.<\/p>\n\n\n\n<p>Asimismo, inform\u00f3 que la Instituci\u00f3n Nacional de los Derechos Humanos tiene ese mandato constitucional de acompa\u00f1ar la acci\u00f3n y el trabajo que a diario realizan todos los Consejos de Protecci\u00f3n de Ni\u00f1os, Ni\u00f1as y Adolescentes. \u201cLa Defensor\u00eda del Pueblo es la que est\u00e1 pendiente de que cada entidad pertinente est\u00e9 colaborando en la asistencia a los NNA\u201d, expres\u00f3.<\/p>\n\n\n\n<p><strong>Agradecimiento a la FANB<\/strong><\/p>\n\n\n\n<p>El Defensor del Pueblo tambi\u00e9n agradeci\u00f3 a la Fuerza Armada Nacional Bolivariana, que a trav\u00e9s de las Brigadas Comunales Militares para la Educaci\u00f3n y la Salud (BRICOMILES), junto al esfuerzo mancomunado con los consejos comunales, comunas, trabajadores de centros de educaci\u00f3n, Consejos de Protecci\u00f3n de NNA y el Ministerio del Poder Popular para la Educaci\u00f3n, trabajan en recuperar las escuelas, centros de salud, entre otras estructuras, como forma de sortear los da\u00f1os causados por las medidas coercitivas unilaterales.<br><br><strong>Redes sociales<\/strong><br><br>Ante el da\u00f1o que han causado el uso inadecuado de las redes sociales en la sociedad, y particularmente en nuestros ni\u00f1os, ni\u00f1as y poblaci\u00f3n juvenil, con los llamados retos virales y el acoso escolar digital, el titular del ente defensorial dijo que \u201cel Estado junto a la sociedad, familiares, padres, madres, representantes, responsables y docentes, entre otros, tienen que buscar la manera de prevenir el da\u00f1o sistem\u00e1tico que est\u00e1 generando el uso peligroso de las redes sociales, que ha provocado muertes, casos de acoso escolar y los llamados retos virales\u201d.<\/p>\n\n\n\n<figure class=\"wp-block-image size-full\"><img decoding=\"async\" width=\"960\" height=\"640\" src=\"http:\/\/www.defensoria.gob.ve\/wp-content\/uploads\/2025\/01\/6feb4db6-d104-409f-a141-07067492886b.jpg\" alt=\"\" class=\"wp-image-10497\" srcset=\"http:\/\/www.defensoria.gob.ve\/wp-content\/uploads\/2025\/01\/6feb4db6-d104-409f-a141-07067492886b.jpg 960w, http:\/\/www.defensoria.gob.ve\/wp-content\/uploads\/2025\/01\/6feb4db6-d104-409f-a141-07067492886b-300x200.jpg 300w, http:\/\/www.defensoria.gob.ve\/wp-content\/uploads\/2025\/01\/6feb4db6-d104-409f-a141-07067492886b-768x512.jpg 768w\" sizes=\"(max-width: 960px) 100vw, 960px\" \/><\/figure>\n\n\n\n<p>Pidi\u00f3 estar atentos y atentas ante esta situaci\u00f3n, que no es un problema solo de los profesores, de las profesoras, de las escuelas, eso involucra a las familias, involucra a la comunidad, y muy importante, la participaci\u00f3n de los propios ni\u00f1os y ni\u00f1as en resolverlos. Por eso es importante construir normas de convivencia con la participaci\u00f3n de todas y todos los que integran la comunidad estudiantil y organismos garantes de los derechos de los ni\u00f1os, ni\u00f1as y adolescentes.<strong> FIN \/ PRENSA Defensor\u00eda<\/strong><\/p>\n\t\t\t\t\t\t\t\t<\/div>\n\t\t\t\t<\/div>\n\t\t\t\t\t<\/div>\n\t\t<\/div>\n\t\t\t\t\t<\/div>\n\t\t<\/section>\n\t\t\t\t<\/div>\n\t\t","protected":false},"excerpt":{"rendered":"<p>(Monagas\/31-Ene-25) En su visita al estado Monagas, el Defensor del Pueblo, Alfredo Ruiz, hizo un llamado a los Consejos de Protecci\u00f3n de Ni\u00f1os, Ni\u00f1as y Adolescentes (CPNNA), junto a la&hellip; <\/p>\n","protected":false},"author":5,"featured_media":10498,"comment_status":"open","ping_status":"open","sticky":false,"template":"","format":"standard","meta":{"footnotes":""},"categories":[3],"tags":[],"class_list":["post-10495","post","type-post","status-publish","format-standard","has-post-thumbnail","hentry","category-centrales"],"yoast_head":"<!-- This site is optimized with the Yoast SEO plugin v27.4 - https:\/\/yoast.com\/product\/yoast-seo-wordpress\/ -->\n<title>Defensor del Pueblo llama a la construcci\u00f3n de normas de convivencia para prevenir uso inadecuado de las redes sociales -<\/title>\n<meta name=\"robots\" content=\"index, follow, max-snippet:-1, max-image-preview:large, max-video-preview:-1\" \/>\n<link rel=\"canonical\" href=\"http:\/\/www.defensoria.gob.ve\/?p=10495\" \/>\n<meta property=\"og:locale\" content=\"es_ES\" \/>\n<meta property=\"og:type\" content=\"article\" \/>\n<meta property=\"og:title\" content=\"Defensor del Pueblo llama a la construcci\u00f3n de normas de convivencia para prevenir uso inadecuado de las redes sociales -\" \/>\n<meta property=\"og:description\" content=\"(Monagas\/31-Ene-25) En su visita al estado Monagas, el Defensor del Pueblo, Alfredo Ruiz, hizo un llamado a los Consejos de Protecci\u00f3n de Ni\u00f1os, Ni\u00f1as y Adolescentes (CPNNA), junto a la&hellip;\" \/>\n<meta property=\"og:url\" content=\"http:\/\/www.defensoria.gob.ve\/?p=10495\" \/>\n<meta property=\"article:published_time\" content=\"2025-01-31T19:04:28+00:00\" \/>\n<meta property=\"article:modified_time\" content=\"2025-01-31T19:04:56+00:00\" \/>\n<meta property=\"og:image\" content=\"http:\/\/www.defensoria.gob.ve\/wp-content\/uploads\/2025\/01\/5a35d501-c69d-4537-88bf-eb7785b06f52.jpg\" \/>\n\t<meta property=\"og:image:width\" content=\"960\" \/>\n\t<meta property=\"og:image:height\" content=\"640\" \/>\n\t<meta property=\"og:image:type\" content=\"image\/jpeg\" \/>\n<meta name=\"author\" content=\"JC.\" \/>\n<meta name=\"twitter:card\" content=\"summary_large_image\" \/>\n<meta name=\"twitter:label1\" content=\"Escrito por\" \/>\n\t<meta name=\"twitter:data1\" content=\"JC.\" \/>\n\t<meta name=\"twitter:label2\" content=\"Tiempo estimado de lectura\" \/>\n\t<meta name=\"twitter:data2\" content=\"3 minutos\" \/>\n<script type=\"application\/ld+json\" class=\"yoast-schema-graph\">{\"@context\":\"https:\\\/\\\/schema.org\",\"@graph\":[{\"@type\":\"Article\",\"@id\":\"http:\\\/\\\/www.defensoria.gob.ve\\\/?p=10495#article\",\"isPartOf\":{\"@id\":\"http:\\\/\\\/www.defensoria.gob.ve\\\/?p=10495\"},\"author\":{\"name\":\"JC.\",\"@id\":\"http:\\\/\\\/www.defensoria.gob.ve\\\/#\\\/schema\\\/person\\\/fba14293189d7b1933ac7fba9d89e24a\"},\"headline\":\"Defensor del Pueblo llama a la construcci\u00f3n de normas de convivencia para prevenir uso inadecuado de las redes sociales\",\"datePublished\":\"2025-01-31T19:04:28+00:00\",\"dateModified\":\"2025-01-31T19:04:56+00:00\",\"mainEntityOfPage\":{\"@id\":\"http:\\\/\\\/www.defensoria.gob.ve\\\/?p=10495\"},\"wordCount\":559,\"commentCount\":0,\"image\":{\"@id\":\"http:\\\/\\\/www.defensoria.gob.ve\\\/?p=10495#primaryimage\"},\"thumbnailUrl\":\"http:\\\/\\\/www.defensoria.gob.ve\\\/wp-content\\\/uploads\\\/2025\\\/01\\\/5a35d501-c69d-4537-88bf-eb7785b06f52.jpg\",\"articleSection\":[\"CENTRALES\"],\"inLanguage\":\"es\",\"potentialAction\":[{\"@type\":\"CommentAction\",\"name\":\"Comment\",\"target\":[\"http:\\\/\\\/www.defensoria.gob.ve\\\/?p=10495#respond\"]}]},{\"@type\":\"WebPage\",\"@id\":\"http:\\\/\\\/www.defensoria.gob.ve\\\/?p=10495\",\"url\":\"http:\\\/\\\/www.defensoria.gob.ve\\\/?p=10495\",\"name\":\"Defensor del Pueblo llama a la construcci\u00f3n de normas de convivencia para prevenir uso inadecuado de las redes sociales -\",\"isPartOf\":{\"@id\":\"http:\\\/\\\/www.defensoria.gob.ve\\\/#website\"},\"primaryImageOfPage\":{\"@id\":\"http:\\\/\\\/www.defensoria.gob.ve\\\/?p=10495#primaryimage\"},\"image\":{\"@id\":\"http:\\\/\\\/www.defensoria.gob.ve\\\/?p=10495#primaryimage\"},\"thumbnailUrl\":\"http:\\\/\\\/www.defensoria.gob.ve\\\/wp-content\\\/uploads\\\/2025\\\/01\\\/5a35d501-c69d-4537-88bf-eb7785b06f52.jpg\",\"datePublished\":\"2025-01-31T19:04:28+00:00\",\"dateModified\":\"2025-01-31T19:04:56+00:00\",\"author\":{\"@id\":\"http:\\\/\\\/www.defensoria.gob.ve\\\/#\\\/schema\\\/person\\\/fba14293189d7b1933ac7fba9d89e24a\"},\"breadcrumb\":{\"@id\":\"http:\\\/\\\/www.defensoria.gob.ve\\\/?p=10495#breadcrumb\"},\"inLanguage\":\"es\",\"potentialAction\":[{\"@type\":\"ReadAction\",\"target\":[\"http:\\\/\\\/www.defensoria.gob.ve\\\/?p=10495\"]}]},{\"@type\":\"ImageObject\",\"inLanguage\":\"es\",\"@id\":\"http:\\\/\\\/www.defensoria.gob.ve\\\/?p=10495#primaryimage\",\"url\":\"http:\\\/\\\/www.defensoria.gob.ve\\\/wp-content\\\/uploads\\\/2025\\\/01\\\/5a35d501-c69d-4537-88bf-eb7785b06f52.jpg\",\"contentUrl\":\"http:\\\/\\\/www.defensoria.gob.ve\\\/wp-content\\\/uploads\\\/2025\\\/01\\\/5a35d501-c69d-4537-88bf-eb7785b06f52.jpg\",\"width\":960,\"height\":640},{\"@type\":\"BreadcrumbList\",\"@id\":\"http:\\\/\\\/www.defensoria.gob.ve\\\/?p=10495#breadcrumb\",\"itemListElement\":[{\"@type\":\"ListItem\",\"position\":1,\"name\":\"Portada\",\"item\":\"http:\\\/\\\/www.defensoria.gob.ve\\\/\"},{\"@type\":\"ListItem\",\"position\":2,\"name\":\"Defensor del Pueblo llama a la construcci\u00f3n de normas de convivencia para prevenir uso inadecuado de las redes sociales\"}]},{\"@type\":\"WebSite\",\"@id\":\"http:\\\/\\\/www.defensoria.gob.ve\\\/#website\",\"url\":\"http:\\\/\\\/www.defensoria.gob.ve\\\/\",\"name\":\"\",\"description\":\"Instituci\u00f3n del Poder Ciudadano para la Promoci\u00f3n, Defensa y Vigilancia de los Derechos Humanos. \",\"potentialAction\":[{\"@type\":\"SearchAction\",\"target\":{\"@type\":\"EntryPoint\",\"urlTemplate\":\"http:\\\/\\\/www.defensoria.gob.ve\\\/?s={search_term_string}\"},\"query-input\":{\"@type\":\"PropertyValueSpecification\",\"valueRequired\":true,\"valueName\":\"search_term_string\"}}],\"inLanguage\":\"es\"},{\"@type\":\"Person\",\"@id\":\"http:\\\/\\\/www.defensoria.gob.ve\\\/#\\\/schema\\\/person\\\/fba14293189d7b1933ac7fba9d89e24a\",\"name\":\"JC.\",\"image\":{\"@type\":\"ImageObject\",\"inLanguage\":\"es\",\"@id\":\"https:\\\/\\\/secure.gravatar.com\\\/avatar\\\/f398a4de948606b38f0299d90ca738c674b648694bc725ed46503c240269dbf8?s=96&d=mm&r=g\",\"url\":\"https:\\\/\\\/secure.gravatar.com\\\/avatar\\\/f398a4de948606b38f0299d90ca738c674b648694bc725ed46503c240269dbf8?s=96&d=mm&r=g\",\"contentUrl\":\"https:\\\/\\\/secure.gravatar.com\\\/avatar\\\/f398a4de948606b38f0299d90ca738c674b648694bc725ed46503c240269dbf8?s=96&d=mm&r=g\",\"caption\":\"JC.\"},\"url\":\"http:\\\/\\\/www.defensoria.gob.ve\\\/?author=5\"}]}<\/script>\n<!-- \/ Yoast SEO plugin. -->","yoast_head_json":{"title":"Defensor del Pueblo llama a la construcci\u00f3n de normas de convivencia para prevenir uso inadecuado de las redes sociales -","robots":{"index":"index","follow":"follow","max-snippet":"max-snippet:-1","max-image-preview":"max-image-preview:large","max-video-preview":"max-video-preview:-1"},"canonical":"http:\/\/www.defensoria.gob.ve\/?p=10495","og_locale":"es_ES","og_type":"article","og_title":"Defensor del Pueblo llama a la construcci\u00f3n de normas de convivencia para prevenir uso inadecuado de las redes sociales -","og_description":"(Monagas\/31-Ene-25) En su visita al estado Monagas, el Defensor del Pueblo, Alfredo Ruiz, hizo un llamado a los Consejos de Protecci\u00f3n de Ni\u00f1os, Ni\u00f1as y Adolescentes (CPNNA), junto a la&hellip;","og_url":"http:\/\/www.defensoria.gob.ve\/?p=10495","article_published_time":"2025-01-31T19:04:28+00:00","article_modified_time":"2025-01-31T19:04:56+00:00","og_image":[{"width":960,"height":640,"url":"http:\/\/www.defensoria.gob.ve\/wp-content\/uploads\/2025\/01\/5a35d501-c69d-4537-88bf-eb7785b06f52.jpg","type":"image\/jpeg"}],"author":"JC.","twitter_card":"summary_large_image","twitter_misc":{"Escrito por":"JC.","Tiempo estimado de lectura":"3 minutos"},"schema":{"@context":"https:\/\/schema.org","@graph":[{"@type":"Article","@id":"http:\/\/www.defensoria.gob.ve\/?p=10495#article","isPartOf":{"@id":"http:\/\/www.defensoria.gob.ve\/?p=10495"},"author":{"name":"JC.","@id":"http:\/\/www.defensoria.gob.ve\/#\/schema\/person\/fba14293189d7b1933ac7fba9d89e24a"},"headline":"Defensor del Pueblo llama a la construcci\u00f3n de normas de convivencia para prevenir uso inadecuado de las redes sociales","datePublished":"2025-01-31T19:04:28+00:00","dateModified":"2025-01-31T19:04:56+00:00","mainEntityOfPage":{"@id":"http:\/\/www.defensoria.gob.ve\/?p=10495"},"wordCount":559,"commentCount":0,"image":{"@id":"http:\/\/www.defensoria.gob.ve\/?p=10495#primaryimage"},"thumbnailUrl":"http:\/\/www.defensoria.gob.ve\/wp-content\/uploads\/2025\/01\/5a35d501-c69d-4537-88bf-eb7785b06f52.jpg","articleSection":["CENTRALES"],"inLanguage":"es","potentialAction":[{"@type":"CommentAction","name":"Comment","target":["http:\/\/www.defensoria.gob.ve\/?p=10495#respond"]}]},{"@type":"WebPage","@id":"http:\/\/www.defensoria.gob.ve\/?p=10495","url":"http:\/\/www.defensoria.gob.ve\/?p=10495","name":"Defensor del Pueblo llama a la construcci\u00f3n de normas de convivencia para prevenir uso inadecuado de las redes sociales -","isPartOf":{"@id":"http:\/\/www.defensoria.gob.ve\/#website"},"primaryImageOfPage":{"@id":"http:\/\/www.defensoria.gob.ve\/?p=10495#primaryimage"},"image":{"@id":"http:\/\/www.defensoria.gob.ve\/?p=10495#primaryimage"},"thumbnailUrl":"http:\/\/www.defensoria.gob.ve\/wp-content\/uploads\/2025\/01\/5a35d501-c69d-4537-88bf-eb7785b06f52.jpg","datePublished":"2025-01-31T19:04:28+00:00","dateModified":"2025-01-31T19:04:56+00:00","author":{"@id":"http:\/\/www.defensoria.gob.ve\/#\/schema\/person\/fba14293189d7b1933ac7fba9d89e24a"},"breadcrumb":{"@id":"http:\/\/www.defensoria.gob.ve\/?p=10495#breadcrumb"},"inLanguage":"es","potentialAction":[{"@type":"ReadAction","target":["http:\/\/www.defensoria.gob.ve\/?p=10495"]}]},{"@type":"ImageObject","inLanguage":"es","@id":"http:\/\/www.defensoria.gob.ve\/?p=10495#primaryimage","url":"http:\/\/www.defensoria.gob.ve\/wp-content\/uploads\/2025\/01\/5a35d501-c69d-4537-88bf-eb7785b06f52.jpg","contentUrl":"http:\/\/www.defensoria.gob.ve\/wp-content\/uploads\/2025\/01\/5a35d501-c69d-4537-88bf-eb7785b06f52.jpg","width":960,"height":640},{"@type":"BreadcrumbList","@id":"http:\/\/www.defensoria.gob.ve\/?p=10495#breadcrumb","itemListElement":[{"@type":"ListItem","position":1,"name":"Portada","item":"http:\/\/www.defensoria.gob.ve\/"},{"@type":"ListItem","position":2,"name":"Defensor del Pueblo llama a la construcci\u00f3n de normas de convivencia para prevenir uso inadecuado de las redes sociales"}]},{"@type":"WebSite","@id":"http:\/\/www.defensoria.gob.ve\/#website","url":"http:\/\/www.defensoria.gob.ve\/","name":"","description":"Instituci\u00f3n del Poder Ciudadano para la Promoci\u00f3n, Defensa y Vigilancia de los Derechos Humanos. ","potentialAction":[{"@type":"SearchAction","target":{"@type":"EntryPoint","urlTemplate":"http:\/\/www.defensoria.gob.ve\/?s={search_term_string}"},"query-input":{"@type":"PropertyValueSpecification","valueRequired":true,"valueName":"search_term_string"}}],"inLanguage":"es"},{"@type":"Person","@id":"http:\/\/www.defensoria.gob.ve\/#\/schema\/person\/fba14293189d7b1933ac7fba9d89e24a","name":"JC.","image":{"@type":"ImageObject","inLanguage":"es","@id":"https:\/\/secure.gravatar.com\/avatar\/f398a4de948606b38f0299d90ca738c674b648694bc725ed46503c240269dbf8?s=96&d=mm&r=g","url":"https:\/\/secure.gravatar.com\/avatar\/f398a4de948606b38f0299d90ca738c674b648694bc725ed46503c240269dbf8?s=96&d=mm&r=g","contentUrl":"https:\/\/secure.gravatar.com\/avatar\/f398a4de948606b38f0299d90ca738c674b648694bc725ed46503c240269dbf8?s=96&d=mm&r=g","caption":"JC."},"url":"http:\/\/www.defensoria.gob.ve\/?author=5"}]}},"_links":{"self":[{"href":"http:\/\/www.defensoria.gob.ve\/index.php?rest_route=\/wp\/v2\/posts\/10495","targetHints":{"allow":["GET"]}}],"collection":[{"href":"http:\/\/www.defensoria.gob.ve\/index.php?rest_route=\/wp\/v2\/posts"}],"about":[{"href":"http:\/\/www.defensoria.gob.ve\/index.php?rest_route=\/wp\/v2\/types\/post"}],"author":[{"embeddable":true,"href":"http:\/\/www.defensoria.gob.ve\/index.php?rest_route=\/wp\/v2\/users\/5"}],"replies":[{"embeddable":true,"href":"http:\/\/www.defensoria.gob.ve\/index.php?rest_route=%2Fwp%2Fv2%2Fcomments&post=10495"}],"version-history":[{"count":4,"href":"http:\/\/www.defensoria.gob.ve\/index.php?rest_route=\/wp\/v2\/posts\/10495\/revisions"}],"predecessor-version":[{"id":10502,"href":"http:\/\/www.defensoria.gob.ve\/index.php?rest_route=\/wp\/v2\/posts\/10495\/revisions\/10502"}],"wp:featuredmedia":[{"embeddable":true,"href":"http:\/\/www.defensoria.gob.ve\/index.php?rest_route=\/wp\/v2\/media\/10498"}],"wp:attachment":[{"href":"http:\/\/www.defensoria.gob.ve\/index.php?rest_route=%2Fwp%2Fv2%2Fmedia&parent=10495"}],"wp:term":[{"taxonomy":"category","embeddable":true,"href":"http:\/\/www.defensoria.gob.ve\/index.php?rest_route=%2Fwp%2Fv2%2Fcategories&post=10495"},{"taxonomy":"post_tag","embeddable":true,"href":"http:\/\/www.defensoria.gob.ve\/index.php?rest_route=%2Fwp%2Fv2%2Ftags&post=10495"}],"curies":[{"name":"wp","href":"https:\/\/api.w.org\/{rel}","templated":true}]}}