 
{"id":10600,"date":"2025-02-05T12:50:28","date_gmt":"2025-02-05T16:50:28","guid":{"rendered":"http:\/\/www.defensoria.gob.ve\/?p=10600"},"modified":"2025-02-05T12:56:30","modified_gmt":"2025-02-05T16:56:30","slug":"defensor-del-pueblo-participa-en-la-iv-congreso-internacional-juriscuba","status":"publish","type":"post","link":"http:\/\/www.defensoria.gob.ve\/?p=10600","title":{"rendered":"Defensor del Pueblo participa en la IV Congreso Internacional \u201cJURISCUBA\u201d"},"content":{"rendered":"\t\t<div data-elementor-type=\"wp-post\" data-elementor-id=\"10600\" class=\"elementor elementor-10600\">\n\t\t\t\t\t\t<section class=\"elementor-section elementor-top-section elementor-element elementor-element-41ce0573 elementor-section-boxed elementor-section-height-default elementor-section-height-default\" data-id=\"41ce0573\" data-element_type=\"section\" data-e-type=\"section\">\n\t\t\t\t\t\t<div class=\"elementor-container elementor-column-gap-default\">\n\t\t\t\t\t<div class=\"elementor-column elementor-col-100 elementor-top-column elementor-element elementor-element-77c2936\" data-id=\"77c2936\" data-element_type=\"column\" data-e-type=\"column\">\n\t\t\t<div class=\"elementor-widget-wrap elementor-element-populated\">\n\t\t\t\t\t\t<div class=\"elementor-element elementor-element-711da411 elementor-widget elementor-widget-text-editor\" data-id=\"711da411\" data-element_type=\"widget\" data-e-type=\"widget\" data-widget_type=\"text-editor.default\">\n\t\t\t\t<div class=\"elementor-widget-container\">\n\t\t\t\t\t\t\t\t\t\n<p><strong>(05-Feb-25)<\/strong> Del 5 al 7 de Febrero, el Defensor del Pueblo, Alfredo Ruiz, participar\u00e1 como invitado especial en el IV Congreso Internacional JURISCUBA, actividad a realizarse en el Palacio de Convenciones de La Habana, Cuba.<\/p>\n\n\n\n<p>En esta actividad se reunir\u00e1n especialistas del derecho de las diferentes ramas, estudiantes de la Facultad de Derecho de la Universidad de La Habana y autoridades ministeriales y de organizaciones jur\u00eddicas de diferentes pa\u00edses como Namibia, Venezuela, Espa\u00f1a, Alemania, M\u00e9xico, entre otros.<\/p>\n\n\n\n<figure class=\"wp-block-image size-full\"><img fetchpriority=\"high\" decoding=\"async\" width=\"1000\" height=\"450\" src=\"http:\/\/www.defensoria.gob.ve\/wp-content\/uploads\/2025\/02\/fac38449-9ae4-401e-961d-4eeacfb91278.jpg\" alt=\"\" class=\"wp-image-10601\" srcset=\"http:\/\/www.defensoria.gob.ve\/wp-content\/uploads\/2025\/02\/fac38449-9ae4-401e-961d-4eeacfb91278.jpg 1000w, http:\/\/www.defensoria.gob.ve\/wp-content\/uploads\/2025\/02\/fac38449-9ae4-401e-961d-4eeacfb91278-300x135.jpg 300w, http:\/\/www.defensoria.gob.ve\/wp-content\/uploads\/2025\/02\/fac38449-9ae4-401e-961d-4eeacfb91278-768x346.jpg 768w\" sizes=\"(max-width: 1000px) 100vw, 1000px\" \/><\/figure>\n\n\n\n<p>El programa de JURISCUBA incluir\u00e1 intervenciones especiales, conferencias magistrales, ponencias y trabajo en paneles para propiciar el intercambio y la superaci\u00f3n, tratando diferentes temas que abordan la seguridad jur\u00eddica, las garant\u00edas fundamentales de los ciudadanos y ciudadanas para el ejercicio de sus derechos, ventajas de la tecnolog\u00eda para perfeccionar y agilizar el trabajo.<\/p>\n\n\n\n<p>Este evento es organizado por la Uni\u00f3n Nacional de Juristas de Cuba, la Sociedad del Notariado cubano, la Facultad de Derecho de la Universidad de la Habana, el Grupo Societario Servicios Legales S.A., la Organizaci\u00f3n Nacional de Bufetes Colectivos y el Fondo de las Naciones Unidas para la Infancia, la misma contar\u00e1 con 103 actividades acad\u00e9micas. <strong>FIN\/PRENSA Defensor\u00eda<\/strong><\/p>\n\t\t\t\t\t\t\t\t<\/div>\n\t\t\t\t<\/div>\n\t\t\t\t\t<\/div>\n\t\t<\/div>\n\t\t\t\t\t<\/div>\n\t\t<\/section>\n\t\t\t\t<\/div>\n\t\t","protected":false},"excerpt":{"rendered":"<p>(05-Feb-25) Del 5 al 7 de Febrero, el Defensor del Pueblo, Alfredo Ruiz, participar\u00e1 como invitado especial en el IV Congreso Internacional JURISCUBA, actividad a realizarse en el Palacio de&hellip; <\/p>\n","protected":false},"author":5,"featured_media":10602,"comment_status":"open","ping_status":"open","sticky":false,"template":"","format":"standard","meta":{"footnotes":""},"categories":[3],"tags":[],"class_list":["post-10600","post","type-post","status-publish","format-standard","has-post-thumbnail","hentry","category-centrales"],"yoast_head":"<!-- This site is optimized with the Yoast SEO plugin v27.4 - https:\/\/yoast.com\/product\/yoast-seo-wordpress\/ -->\n<title>Defensor del Pueblo participa en la IV Congreso Internacional \u201cJURISCUBA\u201d -<\/title>\n<meta name=\"robots\" content=\"index, follow, max-snippet:-1, max-image-preview:large, max-video-preview:-1\" \/>\n<link rel=\"canonical\" href=\"http:\/\/www.defensoria.gob.ve\/?p=10600\" \/>\n<meta property=\"og:locale\" content=\"es_ES\" \/>\n<meta property=\"og:type\" content=\"article\" \/>\n<meta property=\"og:title\" content=\"Defensor del Pueblo participa en la IV Congreso Internacional \u201cJURISCUBA\u201d -\" \/>\n<meta property=\"og:description\" content=\"(05-Feb-25) Del 5 al 7 de Febrero, el Defensor del Pueblo, Alfredo Ruiz, participar\u00e1 como invitado especial en el IV Congreso Internacional JURISCUBA, actividad a realizarse en el Palacio de&hellip;\" \/>\n<meta property=\"og:url\" content=\"http:\/\/www.defensoria.gob.ve\/?p=10600\" \/>\n<meta property=\"article:published_time\" content=\"2025-02-05T16:50:28+00:00\" \/>\n<meta property=\"article:modified_time\" content=\"2025-02-05T16:56:30+00:00\" \/>\n<meta property=\"og:image\" content=\"http:\/\/www.defensoria.gob.ve\/wp-content\/uploads\/2025\/02\/7f6aee4d-a8b8-41ac-9a83-045c94dc49b5.jpg\" \/>\n\t<meta property=\"og:image:width\" content=\"1000\" \/>\n\t<meta property=\"og:image:height\" content=\"450\" \/>\n\t<meta property=\"og:image:type\" content=\"image\/jpeg\" \/>\n<meta name=\"author\" content=\"JC.\" \/>\n<meta name=\"twitter:card\" content=\"summary_large_image\" \/>\n<meta name=\"twitter:label1\" content=\"Escrito por\" \/>\n\t<meta name=\"twitter:data1\" content=\"JC.\" \/>\n\t<meta name=\"twitter:label2\" content=\"Tiempo estimado de lectura\" \/>\n\t<meta name=\"twitter:data2\" content=\"2 minutos\" \/>\n<script type=\"application\/ld+json\" class=\"yoast-schema-graph\">{\"@context\":\"https:\\\/\\\/schema.org\",\"@graph\":[{\"@type\":\"Article\",\"@id\":\"http:\\\/\\\/www.defensoria.gob.ve\\\/?p=10600#article\",\"isPartOf\":{\"@id\":\"http:\\\/\\\/www.defensoria.gob.ve\\\/?p=10600\"},\"author\":{\"name\":\"JC.\",\"@id\":\"http:\\\/\\\/www.defensoria.gob.ve\\\/#\\\/schema\\\/person\\\/fba14293189d7b1933ac7fba9d89e24a\"},\"headline\":\"Defensor del Pueblo participa en la IV Congreso Internacional \u201cJURISCUBA\u201d\",\"datePublished\":\"2025-02-05T16:50:28+00:00\",\"dateModified\":\"2025-02-05T16:56:30+00:00\",\"mainEntityOfPage\":{\"@id\":\"http:\\\/\\\/www.defensoria.gob.ve\\\/?p=10600\"},\"wordCount\":210,\"commentCount\":0,\"image\":{\"@id\":\"http:\\\/\\\/www.defensoria.gob.ve\\\/?p=10600#primaryimage\"},\"thumbnailUrl\":\"http:\\\/\\\/www.defensoria.gob.ve\\\/wp-content\\\/uploads\\\/2025\\\/02\\\/7f6aee4d-a8b8-41ac-9a83-045c94dc49b5.jpg\",\"articleSection\":[\"CENTRALES\"],\"inLanguage\":\"es\",\"potentialAction\":[{\"@type\":\"CommentAction\",\"name\":\"Comment\",\"target\":[\"http:\\\/\\\/www.defensoria.gob.ve\\\/?p=10600#respond\"]}]},{\"@type\":\"WebPage\",\"@id\":\"http:\\\/\\\/www.defensoria.gob.ve\\\/?p=10600\",\"url\":\"http:\\\/\\\/www.defensoria.gob.ve\\\/?p=10600\",\"name\":\"Defensor del Pueblo participa en la IV Congreso Internacional \u201cJURISCUBA\u201d -\",\"isPartOf\":{\"@id\":\"http:\\\/\\\/www.defensoria.gob.ve\\\/#website\"},\"primaryImageOfPage\":{\"@id\":\"http:\\\/\\\/www.defensoria.gob.ve\\\/?p=10600#primaryimage\"},\"image\":{\"@id\":\"http:\\\/\\\/www.defensoria.gob.ve\\\/?p=10600#primaryimage\"},\"thumbnailUrl\":\"http:\\\/\\\/www.defensoria.gob.ve\\\/wp-content\\\/uploads\\\/2025\\\/02\\\/7f6aee4d-a8b8-41ac-9a83-045c94dc49b5.jpg\",\"datePublished\":\"2025-02-05T16:50:28+00:00\",\"dateModified\":\"2025-02-05T16:56:30+00:00\",\"author\":{\"@id\":\"http:\\\/\\\/www.defensoria.gob.ve\\\/#\\\/schema\\\/person\\\/fba14293189d7b1933ac7fba9d89e24a\"},\"breadcrumb\":{\"@id\":\"http:\\\/\\\/www.defensoria.gob.ve\\\/?p=10600#breadcrumb\"},\"inLanguage\":\"es\",\"potentialAction\":[{\"@type\":\"ReadAction\",\"target\":[\"http:\\\/\\\/www.defensoria.gob.ve\\\/?p=10600\"]}]},{\"@type\":\"ImageObject\",\"inLanguage\":\"es\",\"@id\":\"http:\\\/\\\/www.defensoria.gob.ve\\\/?p=10600#primaryimage\",\"url\":\"http:\\\/\\\/www.defensoria.gob.ve\\\/wp-content\\\/uploads\\\/2025\\\/02\\\/7f6aee4d-a8b8-41ac-9a83-045c94dc49b5.jpg\",\"contentUrl\":\"http:\\\/\\\/www.defensoria.gob.ve\\\/wp-content\\\/uploads\\\/2025\\\/02\\\/7f6aee4d-a8b8-41ac-9a83-045c94dc49b5.jpg\",\"width\":1000,\"height\":450},{\"@type\":\"BreadcrumbList\",\"@id\":\"http:\\\/\\\/www.defensoria.gob.ve\\\/?p=10600#breadcrumb\",\"itemListElement\":[{\"@type\":\"ListItem\",\"position\":1,\"name\":\"Portada\",\"item\":\"http:\\\/\\\/www.defensoria.gob.ve\\\/\"},{\"@type\":\"ListItem\",\"position\":2,\"name\":\"Defensor del Pueblo participa en la IV Congreso Internacional \u201cJURISCUBA\u201d\"}]},{\"@type\":\"WebSite\",\"@id\":\"http:\\\/\\\/www.defensoria.gob.ve\\\/#website\",\"url\":\"http:\\\/\\\/www.defensoria.gob.ve\\\/\",\"name\":\"\",\"description\":\"Instituci\u00f3n del Poder Ciudadano para la Promoci\u00f3n, Defensa y Vigilancia de los Derechos Humanos. \",\"potentialAction\":[{\"@type\":\"SearchAction\",\"target\":{\"@type\":\"EntryPoint\",\"urlTemplate\":\"http:\\\/\\\/www.defensoria.gob.ve\\\/?s={search_term_string}\"},\"query-input\":{\"@type\":\"PropertyValueSpecification\",\"valueRequired\":true,\"valueName\":\"search_term_string\"}}],\"inLanguage\":\"es\"},{\"@type\":\"Person\",\"@id\":\"http:\\\/\\\/www.defensoria.gob.ve\\\/#\\\/schema\\\/person\\\/fba14293189d7b1933ac7fba9d89e24a\",\"name\":\"JC.\",\"image\":{\"@type\":\"ImageObject\",\"inLanguage\":\"es\",\"@id\":\"https:\\\/\\\/secure.gravatar.com\\\/avatar\\\/f398a4de948606b38f0299d90ca738c674b648694bc725ed46503c240269dbf8?s=96&d=mm&r=g\",\"url\":\"https:\\\/\\\/secure.gravatar.com\\\/avatar\\\/f398a4de948606b38f0299d90ca738c674b648694bc725ed46503c240269dbf8?s=96&d=mm&r=g\",\"contentUrl\":\"https:\\\/\\\/secure.gravatar.com\\\/avatar\\\/f398a4de948606b38f0299d90ca738c674b648694bc725ed46503c240269dbf8?s=96&d=mm&r=g\",\"caption\":\"JC.\"},\"url\":\"http:\\\/\\\/www.defensoria.gob.ve\\\/?author=5\"}]}<\/script>\n<!-- \/ Yoast SEO plugin. -->","yoast_head_json":{"title":"Defensor del Pueblo participa en la IV Congreso Internacional \u201cJURISCUBA\u201d -","robots":{"index":"index","follow":"follow","max-snippet":"max-snippet:-1","max-image-preview":"max-image-preview:large","max-video-preview":"max-video-preview:-1"},"canonical":"http:\/\/www.defensoria.gob.ve\/?p=10600","og_locale":"es_ES","og_type":"article","og_title":"Defensor del Pueblo participa en la IV Congreso Internacional \u201cJURISCUBA\u201d -","og_description":"(05-Feb-25) Del 5 al 7 de Febrero, el Defensor del Pueblo, Alfredo Ruiz, participar\u00e1 como invitado especial en el IV Congreso Internacional JURISCUBA, actividad a realizarse en el Palacio de&hellip;","og_url":"http:\/\/www.defensoria.gob.ve\/?p=10600","article_published_time":"2025-02-05T16:50:28+00:00","article_modified_time":"2025-02-05T16:56:30+00:00","og_image":[{"width":1000,"height":450,"url":"http:\/\/www.defensoria.gob.ve\/wp-content\/uploads\/2025\/02\/7f6aee4d-a8b8-41ac-9a83-045c94dc49b5.jpg","type":"image\/jpeg"}],"author":"JC.","twitter_card":"summary_large_image","twitter_misc":{"Escrito por":"JC.","Tiempo estimado de lectura":"2 minutos"},"schema":{"@context":"https:\/\/schema.org","@graph":[{"@type":"Article","@id":"http:\/\/www.defensoria.gob.ve\/?p=10600#article","isPartOf":{"@id":"http:\/\/www.defensoria.gob.ve\/?p=10600"},"author":{"name":"JC.","@id":"http:\/\/www.defensoria.gob.ve\/#\/schema\/person\/fba14293189d7b1933ac7fba9d89e24a"},"headline":"Defensor del Pueblo participa en la IV Congreso Internacional \u201cJURISCUBA\u201d","datePublished":"2025-02-05T16:50:28+00:00","dateModified":"2025-02-05T16:56:30+00:00","mainEntityOfPage":{"@id":"http:\/\/www.defensoria.gob.ve\/?p=10600"},"wordCount":210,"commentCount":0,"image":{"@id":"http:\/\/www.defensoria.gob.ve\/?p=10600#primaryimage"},"thumbnailUrl":"http:\/\/www.defensoria.gob.ve\/wp-content\/uploads\/2025\/02\/7f6aee4d-a8b8-41ac-9a83-045c94dc49b5.jpg","articleSection":["CENTRALES"],"inLanguage":"es","potentialAction":[{"@type":"CommentAction","name":"Comment","target":["http:\/\/www.defensoria.gob.ve\/?p=10600#respond"]}]},{"@type":"WebPage","@id":"http:\/\/www.defensoria.gob.ve\/?p=10600","url":"http:\/\/www.defensoria.gob.ve\/?p=10600","name":"Defensor del Pueblo participa en la IV Congreso Internacional \u201cJURISCUBA\u201d -","isPartOf":{"@id":"http:\/\/www.defensoria.gob.ve\/#website"},"primaryImageOfPage":{"@id":"http:\/\/www.defensoria.gob.ve\/?p=10600#primaryimage"},"image":{"@id":"http:\/\/www.defensoria.gob.ve\/?p=10600#primaryimage"},"thumbnailUrl":"http:\/\/www.defensoria.gob.ve\/wp-content\/uploads\/2025\/02\/7f6aee4d-a8b8-41ac-9a83-045c94dc49b5.jpg","datePublished":"2025-02-05T16:50:28+00:00","dateModified":"2025-02-05T16:56:30+00:00","author":{"@id":"http:\/\/www.defensoria.gob.ve\/#\/schema\/person\/fba14293189d7b1933ac7fba9d89e24a"},"breadcrumb":{"@id":"http:\/\/www.defensoria.gob.ve\/?p=10600#breadcrumb"},"inLanguage":"es","potentialAction":[{"@type":"ReadAction","target":["http:\/\/www.defensoria.gob.ve\/?p=10600"]}]},{"@type":"ImageObject","inLanguage":"es","@id":"http:\/\/www.defensoria.gob.ve\/?p=10600#primaryimage","url":"http:\/\/www.defensoria.gob.ve\/wp-content\/uploads\/2025\/02\/7f6aee4d-a8b8-41ac-9a83-045c94dc49b5.jpg","contentUrl":"http:\/\/www.defensoria.gob.ve\/wp-content\/uploads\/2025\/02\/7f6aee4d-a8b8-41ac-9a83-045c94dc49b5.jpg","width":1000,"height":450},{"@type":"BreadcrumbList","@id":"http:\/\/www.defensoria.gob.ve\/?p=10600#breadcrumb","itemListElement":[{"@type":"ListItem","position":1,"name":"Portada","item":"http:\/\/www.defensoria.gob.ve\/"},{"@type":"ListItem","position":2,"name":"Defensor del Pueblo participa en la IV Congreso Internacional \u201cJURISCUBA\u201d"}]},{"@type":"WebSite","@id":"http:\/\/www.defensoria.gob.ve\/#website","url":"http:\/\/www.defensoria.gob.ve\/","name":"","description":"Instituci\u00f3n del Poder Ciudadano para la Promoci\u00f3n, Defensa y Vigilancia de los Derechos Humanos. ","potentialAction":[{"@type":"SearchAction","target":{"@type":"EntryPoint","urlTemplate":"http:\/\/www.defensoria.gob.ve\/?s={search_term_string}"},"query-input":{"@type":"PropertyValueSpecification","valueRequired":true,"valueName":"search_term_string"}}],"inLanguage":"es"},{"@type":"Person","@id":"http:\/\/www.defensoria.gob.ve\/#\/schema\/person\/fba14293189d7b1933ac7fba9d89e24a","name":"JC.","image":{"@type":"ImageObject","inLanguage":"es","@id":"https:\/\/secure.gravatar.com\/avatar\/f398a4de948606b38f0299d90ca738c674b648694bc725ed46503c240269dbf8?s=96&d=mm&r=g","url":"https:\/\/secure.gravatar.com\/avatar\/f398a4de948606b38f0299d90ca738c674b648694bc725ed46503c240269dbf8?s=96&d=mm&r=g","contentUrl":"https:\/\/secure.gravatar.com\/avatar\/f398a4de948606b38f0299d90ca738c674b648694bc725ed46503c240269dbf8?s=96&d=mm&r=g","caption":"JC."},"url":"http:\/\/www.defensoria.gob.ve\/?author=5"}]}},"_links":{"self":[{"href":"http:\/\/www.defensoria.gob.ve\/index.php?rest_route=\/wp\/v2\/posts\/10600","targetHints":{"allow":["GET"]}}],"collection":[{"href":"http:\/\/www.defensoria.gob.ve\/index.php?rest_route=\/wp\/v2\/posts"}],"about":[{"href":"http:\/\/www.defensoria.gob.ve\/index.php?rest_route=\/wp\/v2\/types\/post"}],"author":[{"embeddable":true,"href":"http:\/\/www.defensoria.gob.ve\/index.php?rest_route=\/wp\/v2\/users\/5"}],"replies":[{"embeddable":true,"href":"http:\/\/www.defensoria.gob.ve\/index.php?rest_route=%2Fwp%2Fv2%2Fcomments&post=10600"}],"version-history":[{"count":4,"href":"http:\/\/www.defensoria.gob.ve\/index.php?rest_route=\/wp\/v2\/posts\/10600\/revisions"}],"predecessor-version":[{"id":10606,"href":"http:\/\/www.defensoria.gob.ve\/index.php?rest_route=\/wp\/v2\/posts\/10600\/revisions\/10606"}],"wp:featuredmedia":[{"embeddable":true,"href":"http:\/\/www.defensoria.gob.ve\/index.php?rest_route=\/wp\/v2\/media\/10602"}],"wp:attachment":[{"href":"http:\/\/www.defensoria.gob.ve\/index.php?rest_route=%2Fwp%2Fv2%2Fmedia&parent=10600"}],"wp:term":[{"taxonomy":"category","embeddable":true,"href":"http:\/\/www.defensoria.gob.ve\/index.php?rest_route=%2Fwp%2Fv2%2Fcategories&post=10600"},{"taxonomy":"post_tag","embeddable":true,"href":"http:\/\/www.defensoria.gob.ve\/index.php?rest_route=%2Fwp%2Fv2%2Ftags&post=10600"}],"curies":[{"name":"wp","href":"https:\/\/api.w.org\/{rel}","templated":true}]}}