 
{"id":10624,"date":"2025-02-06T14:58:15","date_gmt":"2025-02-06T18:58:15","guid":{"rendered":"http:\/\/www.defensoria.gob.ve\/?p=10624"},"modified":"2025-02-06T14:58:42","modified_gmt":"2025-02-06T18:58:42","slug":"defensor-del-pueblo-sostiene-reunion-con-el-ministro-de-interior-de-cuba","status":"publish","type":"post","link":"http:\/\/www.defensoria.gob.ve\/?p=10624","title":{"rendered":"Defensor del Pueblo sostiene reuni\u00f3n con el ministro de Interior de Cuba"},"content":{"rendered":"\t\t<div data-elementor-type=\"wp-post\" data-elementor-id=\"10624\" class=\"elementor elementor-10624\">\n\t\t\t\t\t\t<section class=\"elementor-section elementor-top-section elementor-element elementor-element-126c3501 elementor-section-boxed elementor-section-height-default elementor-section-height-default\" data-id=\"126c3501\" data-element_type=\"section\" data-e-type=\"section\">\n\t\t\t\t\t\t<div class=\"elementor-container elementor-column-gap-default\">\n\t\t\t\t\t<div class=\"elementor-column elementor-col-100 elementor-top-column elementor-element elementor-element-f8dc365\" data-id=\"f8dc365\" data-element_type=\"column\" data-e-type=\"column\">\n\t\t\t<div class=\"elementor-widget-wrap elementor-element-populated\">\n\t\t\t\t\t\t<div class=\"elementor-element elementor-element-3f3e646d elementor-widget elementor-widget-text-editor\" data-id=\"3f3e646d\" data-element_type=\"widget\" data-e-type=\"widget\" data-widget_type=\"text-editor.default\">\n\t\t\t\t<div class=\"elementor-widget-container\">\n\t\t\t\t\t\t\t\t\t\n<p><strong>(La Habana\/06-Feb-2025) <\/strong>En el marco del Congreso \u00abJURISCUBA\u00bb que se desarrolla desde el Palacio de Convenciones, en La Habana, Cuba, el Defensor del Pueblo, Alfredo Ru\u00edz, sostuvo reuni\u00f3n con el Ministro de Interior de esa naci\u00f3n, Oscar Manuel Silvera Mart\u00ednez.<\/p>\n\n\n\n<p>El ministro de Interior, reconoci\u00f3 la labor y la experiencia de la Defensor\u00eda del Pueblo de la Rep\u00fablica Bolivariana de Venezuela. Coment\u00f3 tambi\u00e9n el amplio debate p\u00fablico que se realiz\u00f3 para la reforma constitucional en el a\u00f1o 2019, con \u00e9nfasis en las personas, sus derechos y su dignidad, siguiendo la l\u00ednea propuesta por Fidel Castro, su hermano Ra\u00fal Castro y la consulta popular, \u00abRevoluci\u00f3n es ser tratado y tratar a los dem\u00e1s como seres humanos\u00bb.<\/p>\n\n\n\n<figure class=\"wp-block-image size-full\"><img fetchpriority=\"high\" decoding=\"async\" width=\"1020\" height=\"768\" src=\"http:\/\/www.defensoria.gob.ve\/wp-content\/uploads\/2025\/02\/23d48cfc-a9b2-4543-9b64-7582fed5e5cf.jpg\" alt=\"\" class=\"wp-image-10625\" srcset=\"http:\/\/www.defensoria.gob.ve\/wp-content\/uploads\/2025\/02\/23d48cfc-a9b2-4543-9b64-7582fed5e5cf.jpg 1020w, http:\/\/www.defensoria.gob.ve\/wp-content\/uploads\/2025\/02\/23d48cfc-a9b2-4543-9b64-7582fed5e5cf-300x226.jpg 300w, http:\/\/www.defensoria.gob.ve\/wp-content\/uploads\/2025\/02\/23d48cfc-a9b2-4543-9b64-7582fed5e5cf-768x578.jpg 768w\" sizes=\"(max-width: 1020px) 100vw, 1020px\" \/><\/figure>\n\n\n\n<p>As\u00ed como, con el prop\u00f3sito de actualizar el ordenamiento jur\u00eddico conforme a los avances de la sociedad cubana. Se estableci\u00f3 el C\u00f3digo de los procesos, siendo trascendental para la defensa de las personas frente a la vulnerabilidad socio jur\u00eddica, y el C\u00f3digo de la Familia, que fue aprobado en una ampl\u00edsima consulta popular, con la participaci\u00f3n de m\u00e1s de 8 millones de personas en diversos espacios, generando un amplio debate, siendo aprobado en el a\u00f1o 2022, en referendo Popular. En el cual se garantiza la igualdad de condiciones entre todos los integrantes de la familia, en todas sus formas, conforme a la vida cotidiana.<\/p>\n\n\n\n<p>En el a\u00f1o 2023 se establece la creaci\u00f3n de la Defensor\u00eda, con un amplio mandato legislativo, la cual est\u00e1 a cargo del Licenciado Alejandro Redondo. A partir de ese momento, se ha desarrollado una amplia campa\u00f1a comunicacional para que el pueblo conozca las gestiones de la Defensor\u00eda, con visi\u00f3n humanista. La cual ya tiene presencia en todas las provincias, as\u00ed como m\u00e1s de 600 defensores, defensoras y asesores.<br><br>Considera Silvera que la difusi\u00f3n del trabajo de la Defensor\u00eda es uno de los grandes retos del ministerio, siendo muy importante la presencia del ciudadano Defensor del Pueblo de Venezuela, Alfredo Ruiz, para afianzar las relaciones institucionales y como parte de la hermandad de ambos pa\u00edses.<br>De igual manera ratific\u00f3 el compromiso del trabajo conjunto en la tarea por la lucha de los Derechos Humanos y reconoci\u00f3 el trabajo de la Defensor\u00eda y al pueblo de Venezuela, su capacidad de lucha y resistencia.<\/p>\n\n\n\n<figure class=\"wp-block-image size-full\"><img decoding=\"async\" width=\"1020\" height=\"768\" src=\"http:\/\/www.defensoria.gob.ve\/wp-content\/uploads\/2025\/02\/e1d5952a-80e2-4108-8805-abe7532b2d2d.jpg\" alt=\"\" class=\"wp-image-10626\" srcset=\"http:\/\/www.defensoria.gob.ve\/wp-content\/uploads\/2025\/02\/e1d5952a-80e2-4108-8805-abe7532b2d2d.jpg 1020w, http:\/\/www.defensoria.gob.ve\/wp-content\/uploads\/2025\/02\/e1d5952a-80e2-4108-8805-abe7532b2d2d-300x226.jpg 300w, http:\/\/www.defensoria.gob.ve\/wp-content\/uploads\/2025\/02\/e1d5952a-80e2-4108-8805-abe7532b2d2d-768x578.jpg 768w\" sizes=\"(max-width: 1020px) 100vw, 1020px\" \/><\/figure>\n\n\n\n<p>Por su parte, Alfredo Ruiz indic\u00f3 que el evento \u00abJURISCUBA\u00bb es un extraordinario espacio de aprendizaje e intercambio de experiencias. La Defensor\u00eda del Pueblo tiene la atribuci\u00f3n de la promoci\u00f3n, vigilancia y defensa de los Derechos Humanos; haciendo las debidas recomendaciones a todas las instituciones y poderes p\u00fablicos del pa\u00eds. Ruiz, manifest\u00f3 la relevancia del intercambio entre la Defensor\u00eda del Pueblo de la Rep\u00fablica Bolivariana de Venezuela y la Defensor\u00eda de Cuba.<\/p>\n\n\n\n<p>De igual manera, ambas autoridades acordaron trabajar mancomunadamente para suscribir un Convenio entre la Defensor\u00eda del Pueblo de Venezuela y el Ministerio de Interior de Cuba, como alianza vital de cooperaci\u00f3n e intercambio de saberes y buenas pr\u00e1cticas en materia de DDHH.<\/p>\n\n\n\n<p>Finalmente, el Defensor del Pueblo cit\u00f3 a Jos\u00e9 Mart\u00ed, \u201cNo hay Patria sin humanidad, Patria es Humanidad\u201d; y ratific\u00f3 la disposici\u00f3n y el compromiso de trabajar activamente para la cooperaci\u00f3n e intercambio en todo lo relacionado de Derechos Humanos. <strong>FIN\/PRENSA Defensor\u00eda<\/strong><\/p>\n\t\t\t\t\t\t\t\t<\/div>\n\t\t\t\t<\/div>\n\t\t\t\t\t<\/div>\n\t\t<\/div>\n\t\t\t\t\t<\/div>\n\t\t<\/section>\n\t\t\t\t<\/div>\n\t\t","protected":false},"excerpt":{"rendered":"<p>(La Habana\/06-Feb-2025) En el marco del Congreso \u00abJURISCUBA\u00bb que se desarrolla desde el Palacio de Convenciones, en La Habana, Cuba, el Defensor del Pueblo, Alfredo Ru\u00edz, sostuvo reuni\u00f3n con el&hellip; <\/p>\n","protected":false},"author":5,"featured_media":10627,"comment_status":"open","ping_status":"open","sticky":false,"template":"","format":"standard","meta":{"footnotes":""},"categories":[3],"tags":[],"class_list":["post-10624","post","type-post","status-publish","format-standard","has-post-thumbnail","hentry","category-centrales"],"yoast_head":"<!-- This site is optimized with the Yoast SEO plugin v27.4 - https:\/\/yoast.com\/product\/yoast-seo-wordpress\/ -->\n<title>Defensor del Pueblo sostiene reuni\u00f3n con el ministro de Interior de Cuba -<\/title>\n<meta name=\"robots\" content=\"index, follow, max-snippet:-1, max-image-preview:large, max-video-preview:-1\" \/>\n<link rel=\"canonical\" href=\"http:\/\/www.defensoria.gob.ve\/?p=10624\" \/>\n<meta property=\"og:locale\" content=\"es_ES\" \/>\n<meta property=\"og:type\" content=\"article\" \/>\n<meta property=\"og:title\" content=\"Defensor del Pueblo sostiene reuni\u00f3n con el ministro de Interior de Cuba -\" \/>\n<meta property=\"og:description\" content=\"(La Habana\/06-Feb-2025) En el marco del Congreso \u00abJURISCUBA\u00bb que se desarrolla desde el Palacio de Convenciones, en La Habana, Cuba, el Defensor del Pueblo, Alfredo Ru\u00edz, sostuvo reuni\u00f3n con el&hellip;\" \/>\n<meta property=\"og:url\" content=\"http:\/\/www.defensoria.gob.ve\/?p=10624\" \/>\n<meta property=\"article:published_time\" content=\"2025-02-06T18:58:15+00:00\" \/>\n<meta property=\"article:modified_time\" content=\"2025-02-06T18:58:42+00:00\" \/>\n<meta property=\"og:image\" content=\"http:\/\/www.defensoria.gob.ve\/wp-content\/uploads\/2025\/02\/6aea6baf-2e1d-44ce-a14d-f922b4c47c5d.jpg\" \/>\n\t<meta property=\"og:image:width\" content=\"1280\" \/>\n\t<meta property=\"og:image:height\" content=\"625\" \/>\n\t<meta property=\"og:image:type\" content=\"image\/jpeg\" \/>\n<meta name=\"author\" content=\"JC.\" \/>\n<meta name=\"twitter:card\" content=\"summary_large_image\" \/>\n<meta name=\"twitter:label1\" content=\"Escrito por\" \/>\n\t<meta name=\"twitter:data1\" content=\"JC.\" \/>\n\t<meta name=\"twitter:label2\" content=\"Tiempo estimado de lectura\" \/>\n\t<meta name=\"twitter:data2\" content=\"3 minutos\" \/>\n<script type=\"application\/ld+json\" class=\"yoast-schema-graph\">{\"@context\":\"https:\\\/\\\/schema.org\",\"@graph\":[{\"@type\":\"Article\",\"@id\":\"http:\\\/\\\/www.defensoria.gob.ve\\\/?p=10624#article\",\"isPartOf\":{\"@id\":\"http:\\\/\\\/www.defensoria.gob.ve\\\/?p=10624\"},\"author\":{\"name\":\"JC.\",\"@id\":\"http:\\\/\\\/www.defensoria.gob.ve\\\/#\\\/schema\\\/person\\\/fba14293189d7b1933ac7fba9d89e24a\"},\"headline\":\"Defensor del Pueblo sostiene reuni\u00f3n con el ministro de Interior de Cuba\",\"datePublished\":\"2025-02-06T18:58:15+00:00\",\"dateModified\":\"2025-02-06T18:58:42+00:00\",\"mainEntityOfPage\":{\"@id\":\"http:\\\/\\\/www.defensoria.gob.ve\\\/?p=10624\"},\"wordCount\":582,\"commentCount\":0,\"image\":{\"@id\":\"http:\\\/\\\/www.defensoria.gob.ve\\\/?p=10624#primaryimage\"},\"thumbnailUrl\":\"http:\\\/\\\/www.defensoria.gob.ve\\\/wp-content\\\/uploads\\\/2025\\\/02\\\/6aea6baf-2e1d-44ce-a14d-f922b4c47c5d.jpg\",\"articleSection\":[\"CENTRALES\"],\"inLanguage\":\"es\",\"potentialAction\":[{\"@type\":\"CommentAction\",\"name\":\"Comment\",\"target\":[\"http:\\\/\\\/www.defensoria.gob.ve\\\/?p=10624#respond\"]}]},{\"@type\":\"WebPage\",\"@id\":\"http:\\\/\\\/www.defensoria.gob.ve\\\/?p=10624\",\"url\":\"http:\\\/\\\/www.defensoria.gob.ve\\\/?p=10624\",\"name\":\"Defensor del Pueblo sostiene reuni\u00f3n con el ministro de Interior de Cuba -\",\"isPartOf\":{\"@id\":\"http:\\\/\\\/www.defensoria.gob.ve\\\/#website\"},\"primaryImageOfPage\":{\"@id\":\"http:\\\/\\\/www.defensoria.gob.ve\\\/?p=10624#primaryimage\"},\"image\":{\"@id\":\"http:\\\/\\\/www.defensoria.gob.ve\\\/?p=10624#primaryimage\"},\"thumbnailUrl\":\"http:\\\/\\\/www.defensoria.gob.ve\\\/wp-content\\\/uploads\\\/2025\\\/02\\\/6aea6baf-2e1d-44ce-a14d-f922b4c47c5d.jpg\",\"datePublished\":\"2025-02-06T18:58:15+00:00\",\"dateModified\":\"2025-02-06T18:58:42+00:00\",\"author\":{\"@id\":\"http:\\\/\\\/www.defensoria.gob.ve\\\/#\\\/schema\\\/person\\\/fba14293189d7b1933ac7fba9d89e24a\"},\"breadcrumb\":{\"@id\":\"http:\\\/\\\/www.defensoria.gob.ve\\\/?p=10624#breadcrumb\"},\"inLanguage\":\"es\",\"potentialAction\":[{\"@type\":\"ReadAction\",\"target\":[\"http:\\\/\\\/www.defensoria.gob.ve\\\/?p=10624\"]}]},{\"@type\":\"ImageObject\",\"inLanguage\":\"es\",\"@id\":\"http:\\\/\\\/www.defensoria.gob.ve\\\/?p=10624#primaryimage\",\"url\":\"http:\\\/\\\/www.defensoria.gob.ve\\\/wp-content\\\/uploads\\\/2025\\\/02\\\/6aea6baf-2e1d-44ce-a14d-f922b4c47c5d.jpg\",\"contentUrl\":\"http:\\\/\\\/www.defensoria.gob.ve\\\/wp-content\\\/uploads\\\/2025\\\/02\\\/6aea6baf-2e1d-44ce-a14d-f922b4c47c5d.jpg\",\"width\":1280,\"height\":625},{\"@type\":\"BreadcrumbList\",\"@id\":\"http:\\\/\\\/www.defensoria.gob.ve\\\/?p=10624#breadcrumb\",\"itemListElement\":[{\"@type\":\"ListItem\",\"position\":1,\"name\":\"Portada\",\"item\":\"http:\\\/\\\/www.defensoria.gob.ve\\\/\"},{\"@type\":\"ListItem\",\"position\":2,\"name\":\"Defensor del Pueblo sostiene reuni\u00f3n con el ministro de Interior de Cuba\"}]},{\"@type\":\"WebSite\",\"@id\":\"http:\\\/\\\/www.defensoria.gob.ve\\\/#website\",\"url\":\"http:\\\/\\\/www.defensoria.gob.ve\\\/\",\"name\":\"\",\"description\":\"Instituci\u00f3n del Poder Ciudadano para la Promoci\u00f3n, Defensa y Vigilancia de los Derechos Humanos. \",\"potentialAction\":[{\"@type\":\"SearchAction\",\"target\":{\"@type\":\"EntryPoint\",\"urlTemplate\":\"http:\\\/\\\/www.defensoria.gob.ve\\\/?s={search_term_string}\"},\"query-input\":{\"@type\":\"PropertyValueSpecification\",\"valueRequired\":true,\"valueName\":\"search_term_string\"}}],\"inLanguage\":\"es\"},{\"@type\":\"Person\",\"@id\":\"http:\\\/\\\/www.defensoria.gob.ve\\\/#\\\/schema\\\/person\\\/fba14293189d7b1933ac7fba9d89e24a\",\"name\":\"JC.\",\"image\":{\"@type\":\"ImageObject\",\"inLanguage\":\"es\",\"@id\":\"https:\\\/\\\/secure.gravatar.com\\\/avatar\\\/f398a4de948606b38f0299d90ca738c674b648694bc725ed46503c240269dbf8?s=96&d=mm&r=g\",\"url\":\"https:\\\/\\\/secure.gravatar.com\\\/avatar\\\/f398a4de948606b38f0299d90ca738c674b648694bc725ed46503c240269dbf8?s=96&d=mm&r=g\",\"contentUrl\":\"https:\\\/\\\/secure.gravatar.com\\\/avatar\\\/f398a4de948606b38f0299d90ca738c674b648694bc725ed46503c240269dbf8?s=96&d=mm&r=g\",\"caption\":\"JC.\"},\"url\":\"http:\\\/\\\/www.defensoria.gob.ve\\\/?author=5\"}]}<\/script>\n<!-- \/ Yoast SEO plugin. -->","yoast_head_json":{"title":"Defensor del Pueblo sostiene reuni\u00f3n con el ministro de Interior de Cuba -","robots":{"index":"index","follow":"follow","max-snippet":"max-snippet:-1","max-image-preview":"max-image-preview:large","max-video-preview":"max-video-preview:-1"},"canonical":"http:\/\/www.defensoria.gob.ve\/?p=10624","og_locale":"es_ES","og_type":"article","og_title":"Defensor del Pueblo sostiene reuni\u00f3n con el ministro de Interior de Cuba -","og_description":"(La Habana\/06-Feb-2025) En el marco del Congreso \u00abJURISCUBA\u00bb que se desarrolla desde el Palacio de Convenciones, en La Habana, Cuba, el Defensor del Pueblo, Alfredo Ru\u00edz, sostuvo reuni\u00f3n con el&hellip;","og_url":"http:\/\/www.defensoria.gob.ve\/?p=10624","article_published_time":"2025-02-06T18:58:15+00:00","article_modified_time":"2025-02-06T18:58:42+00:00","og_image":[{"width":1280,"height":625,"url":"http:\/\/www.defensoria.gob.ve\/wp-content\/uploads\/2025\/02\/6aea6baf-2e1d-44ce-a14d-f922b4c47c5d.jpg","type":"image\/jpeg"}],"author":"JC.","twitter_card":"summary_large_image","twitter_misc":{"Escrito por":"JC.","Tiempo estimado de lectura":"3 minutos"},"schema":{"@context":"https:\/\/schema.org","@graph":[{"@type":"Article","@id":"http:\/\/www.defensoria.gob.ve\/?p=10624#article","isPartOf":{"@id":"http:\/\/www.defensoria.gob.ve\/?p=10624"},"author":{"name":"JC.","@id":"http:\/\/www.defensoria.gob.ve\/#\/schema\/person\/fba14293189d7b1933ac7fba9d89e24a"},"headline":"Defensor del Pueblo sostiene reuni\u00f3n con el ministro de Interior de Cuba","datePublished":"2025-02-06T18:58:15+00:00","dateModified":"2025-02-06T18:58:42+00:00","mainEntityOfPage":{"@id":"http:\/\/www.defensoria.gob.ve\/?p=10624"},"wordCount":582,"commentCount":0,"image":{"@id":"http:\/\/www.defensoria.gob.ve\/?p=10624#primaryimage"},"thumbnailUrl":"http:\/\/www.defensoria.gob.ve\/wp-content\/uploads\/2025\/02\/6aea6baf-2e1d-44ce-a14d-f922b4c47c5d.jpg","articleSection":["CENTRALES"],"inLanguage":"es","potentialAction":[{"@type":"CommentAction","name":"Comment","target":["http:\/\/www.defensoria.gob.ve\/?p=10624#respond"]}]},{"@type":"WebPage","@id":"http:\/\/www.defensoria.gob.ve\/?p=10624","url":"http:\/\/www.defensoria.gob.ve\/?p=10624","name":"Defensor del Pueblo sostiene reuni\u00f3n con el ministro de Interior de Cuba -","isPartOf":{"@id":"http:\/\/www.defensoria.gob.ve\/#website"},"primaryImageOfPage":{"@id":"http:\/\/www.defensoria.gob.ve\/?p=10624#primaryimage"},"image":{"@id":"http:\/\/www.defensoria.gob.ve\/?p=10624#primaryimage"},"thumbnailUrl":"http:\/\/www.defensoria.gob.ve\/wp-content\/uploads\/2025\/02\/6aea6baf-2e1d-44ce-a14d-f922b4c47c5d.jpg","datePublished":"2025-02-06T18:58:15+00:00","dateModified":"2025-02-06T18:58:42+00:00","author":{"@id":"http:\/\/www.defensoria.gob.ve\/#\/schema\/person\/fba14293189d7b1933ac7fba9d89e24a"},"breadcrumb":{"@id":"http:\/\/www.defensoria.gob.ve\/?p=10624#breadcrumb"},"inLanguage":"es","potentialAction":[{"@type":"ReadAction","target":["http:\/\/www.defensoria.gob.ve\/?p=10624"]}]},{"@type":"ImageObject","inLanguage":"es","@id":"http:\/\/www.defensoria.gob.ve\/?p=10624#primaryimage","url":"http:\/\/www.defensoria.gob.ve\/wp-content\/uploads\/2025\/02\/6aea6baf-2e1d-44ce-a14d-f922b4c47c5d.jpg","contentUrl":"http:\/\/www.defensoria.gob.ve\/wp-content\/uploads\/2025\/02\/6aea6baf-2e1d-44ce-a14d-f922b4c47c5d.jpg","width":1280,"height":625},{"@type":"BreadcrumbList","@id":"http:\/\/www.defensoria.gob.ve\/?p=10624#breadcrumb","itemListElement":[{"@type":"ListItem","position":1,"name":"Portada","item":"http:\/\/www.defensoria.gob.ve\/"},{"@type":"ListItem","position":2,"name":"Defensor del Pueblo sostiene reuni\u00f3n con el ministro de Interior de Cuba"}]},{"@type":"WebSite","@id":"http:\/\/www.defensoria.gob.ve\/#website","url":"http:\/\/www.defensoria.gob.ve\/","name":"","description":"Instituci\u00f3n del Poder Ciudadano para la Promoci\u00f3n, Defensa y Vigilancia de los Derechos Humanos. ","potentialAction":[{"@type":"SearchAction","target":{"@type":"EntryPoint","urlTemplate":"http:\/\/www.defensoria.gob.ve\/?s={search_term_string}"},"query-input":{"@type":"PropertyValueSpecification","valueRequired":true,"valueName":"search_term_string"}}],"inLanguage":"es"},{"@type":"Person","@id":"http:\/\/www.defensoria.gob.ve\/#\/schema\/person\/fba14293189d7b1933ac7fba9d89e24a","name":"JC.","image":{"@type":"ImageObject","inLanguage":"es","@id":"https:\/\/secure.gravatar.com\/avatar\/f398a4de948606b38f0299d90ca738c674b648694bc725ed46503c240269dbf8?s=96&d=mm&r=g","url":"https:\/\/secure.gravatar.com\/avatar\/f398a4de948606b38f0299d90ca738c674b648694bc725ed46503c240269dbf8?s=96&d=mm&r=g","contentUrl":"https:\/\/secure.gravatar.com\/avatar\/f398a4de948606b38f0299d90ca738c674b648694bc725ed46503c240269dbf8?s=96&d=mm&r=g","caption":"JC."},"url":"http:\/\/www.defensoria.gob.ve\/?author=5"}]}},"_links":{"self":[{"href":"http:\/\/www.defensoria.gob.ve\/index.php?rest_route=\/wp\/v2\/posts\/10624","targetHints":{"allow":["GET"]}}],"collection":[{"href":"http:\/\/www.defensoria.gob.ve\/index.php?rest_route=\/wp\/v2\/posts"}],"about":[{"href":"http:\/\/www.defensoria.gob.ve\/index.php?rest_route=\/wp\/v2\/types\/post"}],"author":[{"embeddable":true,"href":"http:\/\/www.defensoria.gob.ve\/index.php?rest_route=\/wp\/v2\/users\/5"}],"replies":[{"embeddable":true,"href":"http:\/\/www.defensoria.gob.ve\/index.php?rest_route=%2Fwp%2Fv2%2Fcomments&post=10624"}],"version-history":[{"count":4,"href":"http:\/\/www.defensoria.gob.ve\/index.php?rest_route=\/wp\/v2\/posts\/10624\/revisions"}],"predecessor-version":[{"id":10631,"href":"http:\/\/www.defensoria.gob.ve\/index.php?rest_route=\/wp\/v2\/posts\/10624\/revisions\/10631"}],"wp:featuredmedia":[{"embeddable":true,"href":"http:\/\/www.defensoria.gob.ve\/index.php?rest_route=\/wp\/v2\/media\/10627"}],"wp:attachment":[{"href":"http:\/\/www.defensoria.gob.ve\/index.php?rest_route=%2Fwp%2Fv2%2Fmedia&parent=10624"}],"wp:term":[{"taxonomy":"category","embeddable":true,"href":"http:\/\/www.defensoria.gob.ve\/index.php?rest_route=%2Fwp%2Fv2%2Fcategories&post=10624"},{"taxonomy":"post_tag","embeddable":true,"href":"http:\/\/www.defensoria.gob.ve\/index.php?rest_route=%2Fwp%2Fv2%2Ftags&post=10624"}],"curies":[{"name":"wp","href":"https:\/\/api.w.org\/{rel}","templated":true}]}}