 
{"id":10632,"date":"2025-02-06T15:42:18","date_gmt":"2025-02-06T19:42:18","guid":{"rendered":"http:\/\/www.defensoria.gob.ve\/?p=10632"},"modified":"2025-02-06T15:42:46","modified_gmt":"2025-02-06T19:42:46","slug":"realizan-mesa-de-trabajo-entre-la-defensoria-del-pueblo-y-el-consejo-nacional-de-personas-con-discapacidad","status":"publish","type":"post","link":"http:\/\/www.defensoria.gob.ve\/?p=10632","title":{"rendered":"Realizan mesa de trabajo entre la Defensor\u00eda del Pueblo y el Consejo Nacional de Personas con Discapacidad"},"content":{"rendered":"\t\t<div data-elementor-type=\"wp-post\" data-elementor-id=\"10632\" class=\"elementor elementor-10632\">\n\t\t\t\t\t\t<section class=\"elementor-section elementor-top-section elementor-element elementor-element-7d03f24d elementor-section-boxed elementor-section-height-default elementor-section-height-default\" data-id=\"7d03f24d\" data-element_type=\"section\" data-e-type=\"section\">\n\t\t\t\t\t\t<div class=\"elementor-container elementor-column-gap-default\">\n\t\t\t\t\t<div class=\"elementor-column elementor-col-100 elementor-top-column elementor-element elementor-element-2ef28688\" data-id=\"2ef28688\" data-element_type=\"column\" data-e-type=\"column\">\n\t\t\t<div class=\"elementor-widget-wrap elementor-element-populated\">\n\t\t\t\t\t\t<div class=\"elementor-element elementor-element-7eb6ebe9 elementor-widget elementor-widget-text-editor\" data-id=\"7eb6ebe9\" data-element_type=\"widget\" data-e-type=\"widget\" data-widget_type=\"text-editor.default\">\n\t\t\t\t<div class=\"elementor-widget-container\">\n\t\t\t\t\t\t\t\t\t\n<p><strong>(06-Feb-25) <\/strong>Este mi\u00e9rcoles 05 de febrero se llev\u00f3 a cabo una mesa de trabajo ente la Defensor\u00eda del Pueblo (DdP) y el Consejo Nacional de Personas con Discapacidad (Conapdis), con la finalidad de proponer el trabajo mancomunado en 2025.<\/p>\n\n\n\n<p>Dicha actividad se realiz\u00f3 en la sede de la Direcci\u00f3n de Materias de Especial Atenci\u00f3n de la DdP, ubicada en el piso 26 del Centro Financiero Latino (CFL), y en la misma se discernieron las posibles acciones a efectuarse en materia de promoci\u00f3n, defensa y vigilancia de los derechos de las personas con discapacidad.<\/p>\n\n\n\n<figure class=\"wp-block-image size-full\"><img fetchpriority=\"high\" decoding=\"async\" width=\"800\" height=\"598\" src=\"http:\/\/www.defensoria.gob.ve\/wp-content\/uploads\/2025\/02\/cf1199a4-84b9-4c98-b4f9-c07e9c806fe8.jpg\" alt=\"\" class=\"wp-image-10633\" srcset=\"http:\/\/www.defensoria.gob.ve\/wp-content\/uploads\/2025\/02\/cf1199a4-84b9-4c98-b4f9-c07e9c806fe8.jpg 800w, http:\/\/www.defensoria.gob.ve\/wp-content\/uploads\/2025\/02\/cf1199a4-84b9-4c98-b4f9-c07e9c806fe8-300x224.jpg 300w, http:\/\/www.defensoria.gob.ve\/wp-content\/uploads\/2025\/02\/cf1199a4-84b9-4c98-b4f9-c07e9c806fe8-768x574.jpg 768w\" sizes=\"(max-width: 800px) 100vw, 800px\" \/><\/figure>\n\n\n\n<p>Al respecto, la Presidenta del Conapdis, Lic. Soraida Ram\u00edrez, valor\u00f3 la importancia de trabajar articuladamente con la Instituci\u00f3n Nacional de Derechos Humanos, en el marco de dar cumplimiento a las disposiciones de la nueva Ley Org\u00e1nica para la Inclusi\u00f3n, Igualdad y Desarrollo Integral de las Personas con Discapacidad.<\/p>\n\n\n\n<p>Para ello, se tiene previsto llevar a cabo mesas de trabajo interinstitucionales con otras instituciones del Estado venezolano, replic\u00e1ndose las mismas en los diferentes estados del pa\u00eds, haciendo una sinergia de esfuerzo entre las coordinaciones estatales del Conapdis y las Defensor\u00edas Delegadas.<\/p>\n\n\n\n<p>Con este acto, el ente defensorial se mantiene cumpliendo con sus atribuciones y competencias establecidas en la Constituci\u00f3n de la Rep\u00fablica Bolivariana de Venezuela. <strong>FIN \/ PRENSA Defensor\u00eda<\/strong><\/p>\n\t\t\t\t\t\t\t\t<\/div>\n\t\t\t\t<\/div>\n\t\t\t\t\t<\/div>\n\t\t<\/div>\n\t\t\t\t\t<\/div>\n\t\t<\/section>\n\t\t\t\t<\/div>\n\t\t","protected":false},"excerpt":{"rendered":"<p>(06-Feb-25) Este mi\u00e9rcoles 05 de febrero se llev\u00f3 a cabo una mesa de trabajo ente la Defensor\u00eda del Pueblo (DdP) y el Consejo Nacional de Personas con Discapacidad (Conapdis), con&hellip; <\/p>\n","protected":false},"author":5,"featured_media":10634,"comment_status":"open","ping_status":"open","sticky":false,"template":"","format":"standard","meta":{"footnotes":""},"categories":[5],"tags":[],"class_list":["post-10632","post","type-post","status-publish","format-standard","has-post-thumbnail","hentry","category-regionales"],"yoast_head":"<!-- This site is optimized with the Yoast SEO plugin v27.4 - https:\/\/yoast.com\/product\/yoast-seo-wordpress\/ -->\n<title>Realizan mesa de trabajo entre la Defensor\u00eda del Pueblo y el Consejo Nacional de Personas con Discapacidad -<\/title>\n<meta name=\"robots\" content=\"index, follow, max-snippet:-1, max-image-preview:large, max-video-preview:-1\" \/>\n<link rel=\"canonical\" href=\"http:\/\/www.defensoria.gob.ve\/?p=10632\" \/>\n<meta property=\"og:locale\" content=\"es_ES\" \/>\n<meta property=\"og:type\" content=\"article\" \/>\n<meta property=\"og:title\" content=\"Realizan mesa de trabajo entre la Defensor\u00eda del Pueblo y el Consejo Nacional de Personas con Discapacidad -\" \/>\n<meta property=\"og:description\" content=\"(06-Feb-25) Este mi\u00e9rcoles 05 de febrero se llev\u00f3 a cabo una mesa de trabajo ente la Defensor\u00eda del Pueblo (DdP) y el Consejo Nacional de Personas con Discapacidad (Conapdis), con&hellip;\" \/>\n<meta property=\"og:url\" content=\"http:\/\/www.defensoria.gob.ve\/?p=10632\" \/>\n<meta property=\"article:published_time\" content=\"2025-02-06T19:42:18+00:00\" \/>\n<meta property=\"article:modified_time\" content=\"2025-02-06T19:42:46+00:00\" \/>\n<meta property=\"og:image\" content=\"http:\/\/www.defensoria.gob.ve\/wp-content\/uploads\/2025\/02\/d114dc35-690b-46a2-b7d1-7433a6b93463.jpg\" \/>\n\t<meta property=\"og:image:width\" content=\"798\" \/>\n\t<meta property=\"og:image:height\" content=\"600\" \/>\n\t<meta property=\"og:image:type\" content=\"image\/jpeg\" \/>\n<meta name=\"author\" content=\"JC.\" \/>\n<meta name=\"twitter:card\" content=\"summary_large_image\" \/>\n<meta name=\"twitter:label1\" content=\"Escrito por\" \/>\n\t<meta name=\"twitter:data1\" content=\"JC.\" \/>\n\t<meta name=\"twitter:label2\" content=\"Tiempo estimado de lectura\" \/>\n\t<meta name=\"twitter:data2\" content=\"2 minutos\" \/>\n<script type=\"application\/ld+json\" class=\"yoast-schema-graph\">{\"@context\":\"https:\\\/\\\/schema.org\",\"@graph\":[{\"@type\":\"Article\",\"@id\":\"http:\\\/\\\/www.defensoria.gob.ve\\\/?p=10632#article\",\"isPartOf\":{\"@id\":\"http:\\\/\\\/www.defensoria.gob.ve\\\/?p=10632\"},\"author\":{\"name\":\"JC.\",\"@id\":\"http:\\\/\\\/www.defensoria.gob.ve\\\/#\\\/schema\\\/person\\\/fba14293189d7b1933ac7fba9d89e24a\"},\"headline\":\"Realizan mesa de trabajo entre la Defensor\u00eda del Pueblo y el Consejo Nacional de Personas con Discapacidad\",\"datePublished\":\"2025-02-06T19:42:18+00:00\",\"dateModified\":\"2025-02-06T19:42:46+00:00\",\"mainEntityOfPage\":{\"@id\":\"http:\\\/\\\/www.defensoria.gob.ve\\\/?p=10632\"},\"wordCount\":240,\"commentCount\":0,\"image\":{\"@id\":\"http:\\\/\\\/www.defensoria.gob.ve\\\/?p=10632#primaryimage\"},\"thumbnailUrl\":\"http:\\\/\\\/www.defensoria.gob.ve\\\/wp-content\\\/uploads\\\/2025\\\/02\\\/d114dc35-690b-46a2-b7d1-7433a6b93463.jpg\",\"articleSection\":[\"REGIONALES\"],\"inLanguage\":\"es\",\"potentialAction\":[{\"@type\":\"CommentAction\",\"name\":\"Comment\",\"target\":[\"http:\\\/\\\/www.defensoria.gob.ve\\\/?p=10632#respond\"]}]},{\"@type\":\"WebPage\",\"@id\":\"http:\\\/\\\/www.defensoria.gob.ve\\\/?p=10632\",\"url\":\"http:\\\/\\\/www.defensoria.gob.ve\\\/?p=10632\",\"name\":\"Realizan mesa de trabajo entre la Defensor\u00eda del Pueblo y el Consejo Nacional de Personas con Discapacidad -\",\"isPartOf\":{\"@id\":\"http:\\\/\\\/www.defensoria.gob.ve\\\/#website\"},\"primaryImageOfPage\":{\"@id\":\"http:\\\/\\\/www.defensoria.gob.ve\\\/?p=10632#primaryimage\"},\"image\":{\"@id\":\"http:\\\/\\\/www.defensoria.gob.ve\\\/?p=10632#primaryimage\"},\"thumbnailUrl\":\"http:\\\/\\\/www.defensoria.gob.ve\\\/wp-content\\\/uploads\\\/2025\\\/02\\\/d114dc35-690b-46a2-b7d1-7433a6b93463.jpg\",\"datePublished\":\"2025-02-06T19:42:18+00:00\",\"dateModified\":\"2025-02-06T19:42:46+00:00\",\"author\":{\"@id\":\"http:\\\/\\\/www.defensoria.gob.ve\\\/#\\\/schema\\\/person\\\/fba14293189d7b1933ac7fba9d89e24a\"},\"breadcrumb\":{\"@id\":\"http:\\\/\\\/www.defensoria.gob.ve\\\/?p=10632#breadcrumb\"},\"inLanguage\":\"es\",\"potentialAction\":[{\"@type\":\"ReadAction\",\"target\":[\"http:\\\/\\\/www.defensoria.gob.ve\\\/?p=10632\"]}]},{\"@type\":\"ImageObject\",\"inLanguage\":\"es\",\"@id\":\"http:\\\/\\\/www.defensoria.gob.ve\\\/?p=10632#primaryimage\",\"url\":\"http:\\\/\\\/www.defensoria.gob.ve\\\/wp-content\\\/uploads\\\/2025\\\/02\\\/d114dc35-690b-46a2-b7d1-7433a6b93463.jpg\",\"contentUrl\":\"http:\\\/\\\/www.defensoria.gob.ve\\\/wp-content\\\/uploads\\\/2025\\\/02\\\/d114dc35-690b-46a2-b7d1-7433a6b93463.jpg\",\"width\":798,\"height\":600},{\"@type\":\"BreadcrumbList\",\"@id\":\"http:\\\/\\\/www.defensoria.gob.ve\\\/?p=10632#breadcrumb\",\"itemListElement\":[{\"@type\":\"ListItem\",\"position\":1,\"name\":\"Portada\",\"item\":\"http:\\\/\\\/www.defensoria.gob.ve\\\/\"},{\"@type\":\"ListItem\",\"position\":2,\"name\":\"Realizan mesa de trabajo entre la Defensor\u00eda del Pueblo y el Consejo Nacional de Personas con Discapacidad\"}]},{\"@type\":\"WebSite\",\"@id\":\"http:\\\/\\\/www.defensoria.gob.ve\\\/#website\",\"url\":\"http:\\\/\\\/www.defensoria.gob.ve\\\/\",\"name\":\"\",\"description\":\"Instituci\u00f3n del Poder Ciudadano para la Promoci\u00f3n, Defensa y Vigilancia de los Derechos Humanos. \",\"potentialAction\":[{\"@type\":\"SearchAction\",\"target\":{\"@type\":\"EntryPoint\",\"urlTemplate\":\"http:\\\/\\\/www.defensoria.gob.ve\\\/?s={search_term_string}\"},\"query-input\":{\"@type\":\"PropertyValueSpecification\",\"valueRequired\":true,\"valueName\":\"search_term_string\"}}],\"inLanguage\":\"es\"},{\"@type\":\"Person\",\"@id\":\"http:\\\/\\\/www.defensoria.gob.ve\\\/#\\\/schema\\\/person\\\/fba14293189d7b1933ac7fba9d89e24a\",\"name\":\"JC.\",\"image\":{\"@type\":\"ImageObject\",\"inLanguage\":\"es\",\"@id\":\"https:\\\/\\\/secure.gravatar.com\\\/avatar\\\/f398a4de948606b38f0299d90ca738c674b648694bc725ed46503c240269dbf8?s=96&d=mm&r=g\",\"url\":\"https:\\\/\\\/secure.gravatar.com\\\/avatar\\\/f398a4de948606b38f0299d90ca738c674b648694bc725ed46503c240269dbf8?s=96&d=mm&r=g\",\"contentUrl\":\"https:\\\/\\\/secure.gravatar.com\\\/avatar\\\/f398a4de948606b38f0299d90ca738c674b648694bc725ed46503c240269dbf8?s=96&d=mm&r=g\",\"caption\":\"JC.\"},\"url\":\"http:\\\/\\\/www.defensoria.gob.ve\\\/?author=5\"}]}<\/script>\n<!-- \/ Yoast SEO plugin. -->","yoast_head_json":{"title":"Realizan mesa de trabajo entre la Defensor\u00eda del Pueblo y el Consejo Nacional de Personas con Discapacidad -","robots":{"index":"index","follow":"follow","max-snippet":"max-snippet:-1","max-image-preview":"max-image-preview:large","max-video-preview":"max-video-preview:-1"},"canonical":"http:\/\/www.defensoria.gob.ve\/?p=10632","og_locale":"es_ES","og_type":"article","og_title":"Realizan mesa de trabajo entre la Defensor\u00eda del Pueblo y el Consejo Nacional de Personas con Discapacidad -","og_description":"(06-Feb-25) Este mi\u00e9rcoles 05 de febrero se llev\u00f3 a cabo una mesa de trabajo ente la Defensor\u00eda del Pueblo (DdP) y el Consejo Nacional de Personas con Discapacidad (Conapdis), con&hellip;","og_url":"http:\/\/www.defensoria.gob.ve\/?p=10632","article_published_time":"2025-02-06T19:42:18+00:00","article_modified_time":"2025-02-06T19:42:46+00:00","og_image":[{"width":798,"height":600,"url":"http:\/\/www.defensoria.gob.ve\/wp-content\/uploads\/2025\/02\/d114dc35-690b-46a2-b7d1-7433a6b93463.jpg","type":"image\/jpeg"}],"author":"JC.","twitter_card":"summary_large_image","twitter_misc":{"Escrito por":"JC.","Tiempo estimado de lectura":"2 minutos"},"schema":{"@context":"https:\/\/schema.org","@graph":[{"@type":"Article","@id":"http:\/\/www.defensoria.gob.ve\/?p=10632#article","isPartOf":{"@id":"http:\/\/www.defensoria.gob.ve\/?p=10632"},"author":{"name":"JC.","@id":"http:\/\/www.defensoria.gob.ve\/#\/schema\/person\/fba14293189d7b1933ac7fba9d89e24a"},"headline":"Realizan mesa de trabajo entre la Defensor\u00eda del Pueblo y el Consejo Nacional de Personas con Discapacidad","datePublished":"2025-02-06T19:42:18+00:00","dateModified":"2025-02-06T19:42:46+00:00","mainEntityOfPage":{"@id":"http:\/\/www.defensoria.gob.ve\/?p=10632"},"wordCount":240,"commentCount":0,"image":{"@id":"http:\/\/www.defensoria.gob.ve\/?p=10632#primaryimage"},"thumbnailUrl":"http:\/\/www.defensoria.gob.ve\/wp-content\/uploads\/2025\/02\/d114dc35-690b-46a2-b7d1-7433a6b93463.jpg","articleSection":["REGIONALES"],"inLanguage":"es","potentialAction":[{"@type":"CommentAction","name":"Comment","target":["http:\/\/www.defensoria.gob.ve\/?p=10632#respond"]}]},{"@type":"WebPage","@id":"http:\/\/www.defensoria.gob.ve\/?p=10632","url":"http:\/\/www.defensoria.gob.ve\/?p=10632","name":"Realizan mesa de trabajo entre la Defensor\u00eda del Pueblo y el Consejo Nacional de Personas con Discapacidad -","isPartOf":{"@id":"http:\/\/www.defensoria.gob.ve\/#website"},"primaryImageOfPage":{"@id":"http:\/\/www.defensoria.gob.ve\/?p=10632#primaryimage"},"image":{"@id":"http:\/\/www.defensoria.gob.ve\/?p=10632#primaryimage"},"thumbnailUrl":"http:\/\/www.defensoria.gob.ve\/wp-content\/uploads\/2025\/02\/d114dc35-690b-46a2-b7d1-7433a6b93463.jpg","datePublished":"2025-02-06T19:42:18+00:00","dateModified":"2025-02-06T19:42:46+00:00","author":{"@id":"http:\/\/www.defensoria.gob.ve\/#\/schema\/person\/fba14293189d7b1933ac7fba9d89e24a"},"breadcrumb":{"@id":"http:\/\/www.defensoria.gob.ve\/?p=10632#breadcrumb"},"inLanguage":"es","potentialAction":[{"@type":"ReadAction","target":["http:\/\/www.defensoria.gob.ve\/?p=10632"]}]},{"@type":"ImageObject","inLanguage":"es","@id":"http:\/\/www.defensoria.gob.ve\/?p=10632#primaryimage","url":"http:\/\/www.defensoria.gob.ve\/wp-content\/uploads\/2025\/02\/d114dc35-690b-46a2-b7d1-7433a6b93463.jpg","contentUrl":"http:\/\/www.defensoria.gob.ve\/wp-content\/uploads\/2025\/02\/d114dc35-690b-46a2-b7d1-7433a6b93463.jpg","width":798,"height":600},{"@type":"BreadcrumbList","@id":"http:\/\/www.defensoria.gob.ve\/?p=10632#breadcrumb","itemListElement":[{"@type":"ListItem","position":1,"name":"Portada","item":"http:\/\/www.defensoria.gob.ve\/"},{"@type":"ListItem","position":2,"name":"Realizan mesa de trabajo entre la Defensor\u00eda del Pueblo y el Consejo Nacional de Personas con Discapacidad"}]},{"@type":"WebSite","@id":"http:\/\/www.defensoria.gob.ve\/#website","url":"http:\/\/www.defensoria.gob.ve\/","name":"","description":"Instituci\u00f3n del Poder Ciudadano para la Promoci\u00f3n, Defensa y Vigilancia de los Derechos Humanos. ","potentialAction":[{"@type":"SearchAction","target":{"@type":"EntryPoint","urlTemplate":"http:\/\/www.defensoria.gob.ve\/?s={search_term_string}"},"query-input":{"@type":"PropertyValueSpecification","valueRequired":true,"valueName":"search_term_string"}}],"inLanguage":"es"},{"@type":"Person","@id":"http:\/\/www.defensoria.gob.ve\/#\/schema\/person\/fba14293189d7b1933ac7fba9d89e24a","name":"JC.","image":{"@type":"ImageObject","inLanguage":"es","@id":"https:\/\/secure.gravatar.com\/avatar\/f398a4de948606b38f0299d90ca738c674b648694bc725ed46503c240269dbf8?s=96&d=mm&r=g","url":"https:\/\/secure.gravatar.com\/avatar\/f398a4de948606b38f0299d90ca738c674b648694bc725ed46503c240269dbf8?s=96&d=mm&r=g","contentUrl":"https:\/\/secure.gravatar.com\/avatar\/f398a4de948606b38f0299d90ca738c674b648694bc725ed46503c240269dbf8?s=96&d=mm&r=g","caption":"JC."},"url":"http:\/\/www.defensoria.gob.ve\/?author=5"}]}},"_links":{"self":[{"href":"http:\/\/www.defensoria.gob.ve\/index.php?rest_route=\/wp\/v2\/posts\/10632","targetHints":{"allow":["GET"]}}],"collection":[{"href":"http:\/\/www.defensoria.gob.ve\/index.php?rest_route=\/wp\/v2\/posts"}],"about":[{"href":"http:\/\/www.defensoria.gob.ve\/index.php?rest_route=\/wp\/v2\/types\/post"}],"author":[{"embeddable":true,"href":"http:\/\/www.defensoria.gob.ve\/index.php?rest_route=\/wp\/v2\/users\/5"}],"replies":[{"embeddable":true,"href":"http:\/\/www.defensoria.gob.ve\/index.php?rest_route=%2Fwp%2Fv2%2Fcomments&post=10632"}],"version-history":[{"count":4,"href":"http:\/\/www.defensoria.gob.ve\/index.php?rest_route=\/wp\/v2\/posts\/10632\/revisions"}],"predecessor-version":[{"id":10638,"href":"http:\/\/www.defensoria.gob.ve\/index.php?rest_route=\/wp\/v2\/posts\/10632\/revisions\/10638"}],"wp:featuredmedia":[{"embeddable":true,"href":"http:\/\/www.defensoria.gob.ve\/index.php?rest_route=\/wp\/v2\/media\/10634"}],"wp:attachment":[{"href":"http:\/\/www.defensoria.gob.ve\/index.php?rest_route=%2Fwp%2Fv2%2Fmedia&parent=10632"}],"wp:term":[{"taxonomy":"category","embeddable":true,"href":"http:\/\/www.defensoria.gob.ve\/index.php?rest_route=%2Fwp%2Fv2%2Fcategories&post=10632"},{"taxonomy":"post_tag","embeddable":true,"href":"http:\/\/www.defensoria.gob.ve\/index.php?rest_route=%2Fwp%2Fv2%2Ftags&post=10632"}],"curies":[{"name":"wp","href":"https:\/\/api.w.org\/{rel}","templated":true}]}}