 
{"id":10642,"date":"2025-02-07T16:16:05","date_gmt":"2025-02-07T20:16:05","guid":{"rendered":"http:\/\/www.defensoria.gob.ve\/?p=10642"},"modified":"2025-02-07T16:21:47","modified_gmt":"2025-02-07T20:21:47","slug":"defensor-del-pueblo-aseguro-que-afianzar-lazos-de-cooperacion-entre-las-defensorias-de-venezuela-y-cuba-son-un-avance-en-materia-de-dd-hh","status":"publish","type":"post","link":"http:\/\/www.defensoria.gob.ve\/?p=10642","title":{"rendered":"Defensor del Pueblo aseguro que afianzar lazos de cooperaci\u00f3n entre las Defensor\u00edas de Venezuela y Cuba son un avance en materia de DD. HH."},"content":{"rendered":"\t\t<div data-elementor-type=\"wp-post\" data-elementor-id=\"10642\" class=\"elementor elementor-10642\">\n\t\t\t\t\t\t<section class=\"elementor-section elementor-top-section elementor-element elementor-element-24db5590 elementor-section-boxed elementor-section-height-default elementor-section-height-default\" data-id=\"24db5590\" data-element_type=\"section\" data-e-type=\"section\">\n\t\t\t\t\t\t<div class=\"elementor-container elementor-column-gap-default\">\n\t\t\t\t\t<div class=\"elementor-column elementor-col-100 elementor-top-column elementor-element elementor-element-275f0c5a\" data-id=\"275f0c5a\" data-element_type=\"column\" data-e-type=\"column\">\n\t\t\t<div class=\"elementor-widget-wrap elementor-element-populated\">\n\t\t\t\t\t\t<div class=\"elementor-element elementor-element-339c63a elementor-widget elementor-widget-text-editor\" data-id=\"339c63a\" data-element_type=\"widget\" data-e-type=\"widget\" data-widget_type=\"text-editor.default\">\n\t\t\t\t<div class=\"elementor-widget-container\">\n\t\t\t\t\t\t\t\t\t\n<p>(07-Feb-25) En entrevista al medio de comunicaci\u00f3n CubaDebate, el Defensor del Pueblo, Alfredo Ruiz, indic\u00f3 que la labor de la Defensor\u00eda del Pueblo de Venezuela se basa fundamentalmente en la promoci\u00f3n, vigilancia y defensa de los derechos humanos, especialmente de los sectores que tienen mayor vulnerabilidad.<\/p>\n\n\n\n<p>Asimismo, indic\u00f3 que es importante afianzar lazos para la cooperaci\u00f3n entre la Defensor\u00eda del Pueblo de Venezuela y la Defensor\u00eda de Cuba. El trabajo conjunto entre instituciones fortalecer\u00e1 el compromiso de continuar trabajando en favor de los ciudadanos y ciudadanas. <strong>FIN\/ PRENSA Defensoria<\/strong><\/p>\n\t\t\t\t\t\t\t\t<\/div>\n\t\t\t\t<\/div>\n\t\t\t\t\t<\/div>\n\t\t<\/div>\n\t\t\t\t\t<\/div>\n\t\t<\/section>\n\t\t\t\t<\/div>\n\t\t","protected":false},"excerpt":{"rendered":"<p>(07-Feb-25) En entrevista al medio de comunicaci\u00f3n CubaDebate, el Defensor del Pueblo, Alfredo Ruiz, indic\u00f3 que la labor de la Defensor\u00eda del Pueblo de Venezuela se basa fundamentalmente en la&hellip; <\/p>\n","protected":false},"author":5,"featured_media":10654,"comment_status":"open","ping_status":"open","sticky":false,"template":"","format":"standard","meta":{"footnotes":""},"categories":[3],"tags":[],"class_list":["post-10642","post","type-post","status-publish","format-standard","has-post-thumbnail","hentry","category-centrales"],"yoast_head":"<!-- This site is optimized with the Yoast SEO plugin v27.4 - https:\/\/yoast.com\/product\/yoast-seo-wordpress\/ -->\n<title>Defensor del Pueblo aseguro que afianzar lazos de cooperaci\u00f3n entre las Defensor\u00edas de Venezuela y Cuba son un avance en materia de DD. HH. -<\/title>\n<meta name=\"robots\" content=\"index, follow, max-snippet:-1, max-image-preview:large, max-video-preview:-1\" \/>\n<link rel=\"canonical\" href=\"http:\/\/www.defensoria.gob.ve\/?p=10642\" \/>\n<meta property=\"og:locale\" content=\"es_ES\" \/>\n<meta property=\"og:type\" content=\"article\" \/>\n<meta property=\"og:title\" content=\"Defensor del Pueblo aseguro que afianzar lazos de cooperaci\u00f3n entre las Defensor\u00edas de Venezuela y Cuba son un avance en materia de DD. HH. -\" \/>\n<meta property=\"og:description\" content=\"(07-Feb-25) En entrevista al medio de comunicaci\u00f3n CubaDebate, el Defensor del Pueblo, Alfredo Ruiz, indic\u00f3 que la labor de la Defensor\u00eda del Pueblo de Venezuela se basa fundamentalmente en la&hellip;\" \/>\n<meta property=\"og:url\" content=\"http:\/\/www.defensoria.gob.ve\/?p=10642\" \/>\n<meta property=\"article:published_time\" content=\"2025-02-07T20:16:05+00:00\" \/>\n<meta property=\"article:modified_time\" content=\"2025-02-07T20:21:47+00:00\" \/>\n<meta property=\"og:image\" content=\"http:\/\/www.defensoria.gob.ve\/wp-content\/uploads\/2025\/02\/c8048d26-758a-47e5-8af8-0f2eb5f356ff.jpg\" \/>\n\t<meta property=\"og:image:width\" content=\"1024\" \/>\n\t<meta property=\"og:image:height\" content=\"770\" \/>\n\t<meta property=\"og:image:type\" content=\"image\/jpeg\" \/>\n<meta name=\"author\" content=\"JC.\" \/>\n<meta name=\"twitter:card\" content=\"summary_large_image\" \/>\n<meta name=\"twitter:label1\" content=\"Escrito por\" \/>\n\t<meta name=\"twitter:data1\" content=\"JC.\" \/>\n\t<meta name=\"twitter:label2\" content=\"Tiempo estimado de lectura\" \/>\n\t<meta name=\"twitter:data2\" content=\"1 minuto\" \/>\n<script type=\"application\/ld+json\" class=\"yoast-schema-graph\">{\"@context\":\"https:\\\/\\\/schema.org\",\"@graph\":[{\"@type\":\"Article\",\"@id\":\"http:\\\/\\\/www.defensoria.gob.ve\\\/?p=10642#article\",\"isPartOf\":{\"@id\":\"http:\\\/\\\/www.defensoria.gob.ve\\\/?p=10642\"},\"author\":{\"name\":\"JC.\",\"@id\":\"http:\\\/\\\/www.defensoria.gob.ve\\\/#\\\/schema\\\/person\\\/fba14293189d7b1933ac7fba9d89e24a\"},\"headline\":\"Defensor del Pueblo aseguro que afianzar lazos de cooperaci\u00f3n entre las Defensor\u00edas de Venezuela y Cuba son un avance en materia de DD. HH.\",\"datePublished\":\"2025-02-07T20:16:05+00:00\",\"dateModified\":\"2025-02-07T20:21:47+00:00\",\"mainEntityOfPage\":{\"@id\":\"http:\\\/\\\/www.defensoria.gob.ve\\\/?p=10642\"},\"wordCount\":121,\"commentCount\":0,\"image\":{\"@id\":\"http:\\\/\\\/www.defensoria.gob.ve\\\/?p=10642#primaryimage\"},\"thumbnailUrl\":\"http:\\\/\\\/www.defensoria.gob.ve\\\/wp-content\\\/uploads\\\/2025\\\/02\\\/c8048d26-758a-47e5-8af8-0f2eb5f356ff.jpg\",\"articleSection\":[\"CENTRALES\"],\"inLanguage\":\"es\",\"potentialAction\":[{\"@type\":\"CommentAction\",\"name\":\"Comment\",\"target\":[\"http:\\\/\\\/www.defensoria.gob.ve\\\/?p=10642#respond\"]}]},{\"@type\":\"WebPage\",\"@id\":\"http:\\\/\\\/www.defensoria.gob.ve\\\/?p=10642\",\"url\":\"http:\\\/\\\/www.defensoria.gob.ve\\\/?p=10642\",\"name\":\"Defensor del Pueblo aseguro que afianzar lazos de cooperaci\u00f3n entre las Defensor\u00edas de Venezuela y Cuba son un avance en materia de DD. HH. -\",\"isPartOf\":{\"@id\":\"http:\\\/\\\/www.defensoria.gob.ve\\\/#website\"},\"primaryImageOfPage\":{\"@id\":\"http:\\\/\\\/www.defensoria.gob.ve\\\/?p=10642#primaryimage\"},\"image\":{\"@id\":\"http:\\\/\\\/www.defensoria.gob.ve\\\/?p=10642#primaryimage\"},\"thumbnailUrl\":\"http:\\\/\\\/www.defensoria.gob.ve\\\/wp-content\\\/uploads\\\/2025\\\/02\\\/c8048d26-758a-47e5-8af8-0f2eb5f356ff.jpg\",\"datePublished\":\"2025-02-07T20:16:05+00:00\",\"dateModified\":\"2025-02-07T20:21:47+00:00\",\"author\":{\"@id\":\"http:\\\/\\\/www.defensoria.gob.ve\\\/#\\\/schema\\\/person\\\/fba14293189d7b1933ac7fba9d89e24a\"},\"breadcrumb\":{\"@id\":\"http:\\\/\\\/www.defensoria.gob.ve\\\/?p=10642#breadcrumb\"},\"inLanguage\":\"es\",\"potentialAction\":[{\"@type\":\"ReadAction\",\"target\":[\"http:\\\/\\\/www.defensoria.gob.ve\\\/?p=10642\"]}]},{\"@type\":\"ImageObject\",\"inLanguage\":\"es\",\"@id\":\"http:\\\/\\\/www.defensoria.gob.ve\\\/?p=10642#primaryimage\",\"url\":\"http:\\\/\\\/www.defensoria.gob.ve\\\/wp-content\\\/uploads\\\/2025\\\/02\\\/c8048d26-758a-47e5-8af8-0f2eb5f356ff.jpg\",\"contentUrl\":\"http:\\\/\\\/www.defensoria.gob.ve\\\/wp-content\\\/uploads\\\/2025\\\/02\\\/c8048d26-758a-47e5-8af8-0f2eb5f356ff.jpg\",\"width\":1024,\"height\":770},{\"@type\":\"BreadcrumbList\",\"@id\":\"http:\\\/\\\/www.defensoria.gob.ve\\\/?p=10642#breadcrumb\",\"itemListElement\":[{\"@type\":\"ListItem\",\"position\":1,\"name\":\"Portada\",\"item\":\"http:\\\/\\\/www.defensoria.gob.ve\\\/\"},{\"@type\":\"ListItem\",\"position\":2,\"name\":\"Defensor del Pueblo aseguro que afianzar lazos de cooperaci\u00f3n entre las Defensor\u00edas de Venezuela y Cuba son un avance en materia de DD. HH.\"}]},{\"@type\":\"WebSite\",\"@id\":\"http:\\\/\\\/www.defensoria.gob.ve\\\/#website\",\"url\":\"http:\\\/\\\/www.defensoria.gob.ve\\\/\",\"name\":\"\",\"description\":\"Instituci\u00f3n del Poder Ciudadano para la Promoci\u00f3n, Defensa y Vigilancia de los Derechos Humanos. \",\"potentialAction\":[{\"@type\":\"SearchAction\",\"target\":{\"@type\":\"EntryPoint\",\"urlTemplate\":\"http:\\\/\\\/www.defensoria.gob.ve\\\/?s={search_term_string}\"},\"query-input\":{\"@type\":\"PropertyValueSpecification\",\"valueRequired\":true,\"valueName\":\"search_term_string\"}}],\"inLanguage\":\"es\"},{\"@type\":\"Person\",\"@id\":\"http:\\\/\\\/www.defensoria.gob.ve\\\/#\\\/schema\\\/person\\\/fba14293189d7b1933ac7fba9d89e24a\",\"name\":\"JC.\",\"image\":{\"@type\":\"ImageObject\",\"inLanguage\":\"es\",\"@id\":\"https:\\\/\\\/secure.gravatar.com\\\/avatar\\\/f398a4de948606b38f0299d90ca738c674b648694bc725ed46503c240269dbf8?s=96&d=mm&r=g\",\"url\":\"https:\\\/\\\/secure.gravatar.com\\\/avatar\\\/f398a4de948606b38f0299d90ca738c674b648694bc725ed46503c240269dbf8?s=96&d=mm&r=g\",\"contentUrl\":\"https:\\\/\\\/secure.gravatar.com\\\/avatar\\\/f398a4de948606b38f0299d90ca738c674b648694bc725ed46503c240269dbf8?s=96&d=mm&r=g\",\"caption\":\"JC.\"},\"url\":\"http:\\\/\\\/www.defensoria.gob.ve\\\/?author=5\"}]}<\/script>\n<!-- \/ Yoast SEO plugin. -->","yoast_head_json":{"title":"Defensor del Pueblo aseguro que afianzar lazos de cooperaci\u00f3n entre las Defensor\u00edas de Venezuela y Cuba son un avance en materia de DD. HH. -","robots":{"index":"index","follow":"follow","max-snippet":"max-snippet:-1","max-image-preview":"max-image-preview:large","max-video-preview":"max-video-preview:-1"},"canonical":"http:\/\/www.defensoria.gob.ve\/?p=10642","og_locale":"es_ES","og_type":"article","og_title":"Defensor del Pueblo aseguro que afianzar lazos de cooperaci\u00f3n entre las Defensor\u00edas de Venezuela y Cuba son un avance en materia de DD. HH. -","og_description":"(07-Feb-25) En entrevista al medio de comunicaci\u00f3n CubaDebate, el Defensor del Pueblo, Alfredo Ruiz, indic\u00f3 que la labor de la Defensor\u00eda del Pueblo de Venezuela se basa fundamentalmente en la&hellip;","og_url":"http:\/\/www.defensoria.gob.ve\/?p=10642","article_published_time":"2025-02-07T20:16:05+00:00","article_modified_time":"2025-02-07T20:21:47+00:00","og_image":[{"width":1024,"height":770,"url":"http:\/\/www.defensoria.gob.ve\/wp-content\/uploads\/2025\/02\/c8048d26-758a-47e5-8af8-0f2eb5f356ff.jpg","type":"image\/jpeg"}],"author":"JC.","twitter_card":"summary_large_image","twitter_misc":{"Escrito por":"JC.","Tiempo estimado de lectura":"1 minuto"},"schema":{"@context":"https:\/\/schema.org","@graph":[{"@type":"Article","@id":"http:\/\/www.defensoria.gob.ve\/?p=10642#article","isPartOf":{"@id":"http:\/\/www.defensoria.gob.ve\/?p=10642"},"author":{"name":"JC.","@id":"http:\/\/www.defensoria.gob.ve\/#\/schema\/person\/fba14293189d7b1933ac7fba9d89e24a"},"headline":"Defensor del Pueblo aseguro que afianzar lazos de cooperaci\u00f3n entre las Defensor\u00edas de Venezuela y Cuba son un avance en materia de DD. HH.","datePublished":"2025-02-07T20:16:05+00:00","dateModified":"2025-02-07T20:21:47+00:00","mainEntityOfPage":{"@id":"http:\/\/www.defensoria.gob.ve\/?p=10642"},"wordCount":121,"commentCount":0,"image":{"@id":"http:\/\/www.defensoria.gob.ve\/?p=10642#primaryimage"},"thumbnailUrl":"http:\/\/www.defensoria.gob.ve\/wp-content\/uploads\/2025\/02\/c8048d26-758a-47e5-8af8-0f2eb5f356ff.jpg","articleSection":["CENTRALES"],"inLanguage":"es","potentialAction":[{"@type":"CommentAction","name":"Comment","target":["http:\/\/www.defensoria.gob.ve\/?p=10642#respond"]}]},{"@type":"WebPage","@id":"http:\/\/www.defensoria.gob.ve\/?p=10642","url":"http:\/\/www.defensoria.gob.ve\/?p=10642","name":"Defensor del Pueblo aseguro que afianzar lazos de cooperaci\u00f3n entre las Defensor\u00edas de Venezuela y Cuba son un avance en materia de DD. HH. -","isPartOf":{"@id":"http:\/\/www.defensoria.gob.ve\/#website"},"primaryImageOfPage":{"@id":"http:\/\/www.defensoria.gob.ve\/?p=10642#primaryimage"},"image":{"@id":"http:\/\/www.defensoria.gob.ve\/?p=10642#primaryimage"},"thumbnailUrl":"http:\/\/www.defensoria.gob.ve\/wp-content\/uploads\/2025\/02\/c8048d26-758a-47e5-8af8-0f2eb5f356ff.jpg","datePublished":"2025-02-07T20:16:05+00:00","dateModified":"2025-02-07T20:21:47+00:00","author":{"@id":"http:\/\/www.defensoria.gob.ve\/#\/schema\/person\/fba14293189d7b1933ac7fba9d89e24a"},"breadcrumb":{"@id":"http:\/\/www.defensoria.gob.ve\/?p=10642#breadcrumb"},"inLanguage":"es","potentialAction":[{"@type":"ReadAction","target":["http:\/\/www.defensoria.gob.ve\/?p=10642"]}]},{"@type":"ImageObject","inLanguage":"es","@id":"http:\/\/www.defensoria.gob.ve\/?p=10642#primaryimage","url":"http:\/\/www.defensoria.gob.ve\/wp-content\/uploads\/2025\/02\/c8048d26-758a-47e5-8af8-0f2eb5f356ff.jpg","contentUrl":"http:\/\/www.defensoria.gob.ve\/wp-content\/uploads\/2025\/02\/c8048d26-758a-47e5-8af8-0f2eb5f356ff.jpg","width":1024,"height":770},{"@type":"BreadcrumbList","@id":"http:\/\/www.defensoria.gob.ve\/?p=10642#breadcrumb","itemListElement":[{"@type":"ListItem","position":1,"name":"Portada","item":"http:\/\/www.defensoria.gob.ve\/"},{"@type":"ListItem","position":2,"name":"Defensor del Pueblo aseguro que afianzar lazos de cooperaci\u00f3n entre las Defensor\u00edas de Venezuela y Cuba son un avance en materia de DD. HH."}]},{"@type":"WebSite","@id":"http:\/\/www.defensoria.gob.ve\/#website","url":"http:\/\/www.defensoria.gob.ve\/","name":"","description":"Instituci\u00f3n del Poder Ciudadano para la Promoci\u00f3n, Defensa y Vigilancia de los Derechos Humanos. ","potentialAction":[{"@type":"SearchAction","target":{"@type":"EntryPoint","urlTemplate":"http:\/\/www.defensoria.gob.ve\/?s={search_term_string}"},"query-input":{"@type":"PropertyValueSpecification","valueRequired":true,"valueName":"search_term_string"}}],"inLanguage":"es"},{"@type":"Person","@id":"http:\/\/www.defensoria.gob.ve\/#\/schema\/person\/fba14293189d7b1933ac7fba9d89e24a","name":"JC.","image":{"@type":"ImageObject","inLanguage":"es","@id":"https:\/\/secure.gravatar.com\/avatar\/f398a4de948606b38f0299d90ca738c674b648694bc725ed46503c240269dbf8?s=96&d=mm&r=g","url":"https:\/\/secure.gravatar.com\/avatar\/f398a4de948606b38f0299d90ca738c674b648694bc725ed46503c240269dbf8?s=96&d=mm&r=g","contentUrl":"https:\/\/secure.gravatar.com\/avatar\/f398a4de948606b38f0299d90ca738c674b648694bc725ed46503c240269dbf8?s=96&d=mm&r=g","caption":"JC."},"url":"http:\/\/www.defensoria.gob.ve\/?author=5"}]}},"_links":{"self":[{"href":"http:\/\/www.defensoria.gob.ve\/index.php?rest_route=\/wp\/v2\/posts\/10642","targetHints":{"allow":["GET"]}}],"collection":[{"href":"http:\/\/www.defensoria.gob.ve\/index.php?rest_route=\/wp\/v2\/posts"}],"about":[{"href":"http:\/\/www.defensoria.gob.ve\/index.php?rest_route=\/wp\/v2\/types\/post"}],"author":[{"embeddable":true,"href":"http:\/\/www.defensoria.gob.ve\/index.php?rest_route=\/wp\/v2\/users\/5"}],"replies":[{"embeddable":true,"href":"http:\/\/www.defensoria.gob.ve\/index.php?rest_route=%2Fwp%2Fv2%2Fcomments&post=10642"}],"version-history":[{"count":4,"href":"http:\/\/www.defensoria.gob.ve\/index.php?rest_route=\/wp\/v2\/posts\/10642\/revisions"}],"predecessor-version":[{"id":10647,"href":"http:\/\/www.defensoria.gob.ve\/index.php?rest_route=\/wp\/v2\/posts\/10642\/revisions\/10647"}],"wp:featuredmedia":[{"embeddable":true,"href":"http:\/\/www.defensoria.gob.ve\/index.php?rest_route=\/wp\/v2\/media\/10654"}],"wp:attachment":[{"href":"http:\/\/www.defensoria.gob.ve\/index.php?rest_route=%2Fwp%2Fv2%2Fmedia&parent=10642"}],"wp:term":[{"taxonomy":"category","embeddable":true,"href":"http:\/\/www.defensoria.gob.ve\/index.php?rest_route=%2Fwp%2Fv2%2Fcategories&post=10642"},{"taxonomy":"post_tag","embeddable":true,"href":"http:\/\/www.defensoria.gob.ve\/index.php?rest_route=%2Fwp%2Fv2%2Ftags&post=10642"}],"curies":[{"name":"wp","href":"https:\/\/api.w.org\/{rel}","templated":true}]}}