 
{"id":10648,"date":"2025-02-07T16:20:10","date_gmt":"2025-02-07T20:20:10","guid":{"rendered":"http:\/\/www.defensoria.gob.ve\/?p=10648"},"modified":"2025-02-07T16:20:39","modified_gmt":"2025-02-07T20:20:39","slug":"defensoria-del-pueblo-de-venezuela-y-la-direccion-nacional-de-defensoria-de-cuba-definen-agenda-de-trabajo-conjunta","status":"publish","type":"post","link":"http:\/\/www.defensoria.gob.ve\/?p=10648","title":{"rendered":"Defensor\u00eda del Pueblo de Venezuela y la Direcci\u00f3n Nacional de Defensor\u00eda de Cuba definen agenda de trabajo conjunta"},"content":{"rendered":"\t\t<div data-elementor-type=\"wp-post\" data-elementor-id=\"10648\" class=\"elementor elementor-10648\">\n\t\t\t\t\t\t<section class=\"elementor-section elementor-top-section elementor-element elementor-element-140b2b83 elementor-section-boxed elementor-section-height-default elementor-section-height-default\" data-id=\"140b2b83\" data-element_type=\"section\" data-e-type=\"section\">\n\t\t\t\t\t\t<div class=\"elementor-container elementor-column-gap-default\">\n\t\t\t\t\t<div class=\"elementor-column elementor-col-100 elementor-top-column elementor-element elementor-element-4fe9fea7\" data-id=\"4fe9fea7\" data-element_type=\"column\" data-e-type=\"column\">\n\t\t\t<div class=\"elementor-widget-wrap elementor-element-populated\">\n\t\t\t\t\t\t<div class=\"elementor-element elementor-element-2419dcb0 elementor-widget elementor-widget-text-editor\" data-id=\"2419dcb0\" data-element_type=\"widget\" data-e-type=\"widget\" data-widget_type=\"text-editor.default\">\n\t\t\t\t<div class=\"elementor-widget-container\">\n\t\t\t\t\t\t\t\t\t\n<p><strong>(07-Feb-25)<\/strong> Como parte de la agenda de trabajo que lleva a cabo el Defensor del Pueblo, Alfredo Ruiz en la Habana, Cuba, el d\u00eda de hoy, sostuvo una reuni\u00f3n con el Director de la Direcci\u00f3n Nacional de Defensor\u00eda, Alejandro Redondo Ramos, donde se estableci\u00f3 una agenda de trabajo conjunta para la formaci\u00f3n en materia de derechos humanos.<\/p>\n\n\n\n<p>Durante el encuentro, Ramos inform\u00f3 al Defensor del Pueblo de Venezuela las atribuciones que lleva a cabo este nuevo organismo, indicando que la direcci\u00f3n a su cargo, emplear\u00e1 como recurso legal la protecci\u00f3n de la infancia, de las personas de tercera edad, entre otras.<\/p>\n\n\n\n<p>Explic\u00f3 adem\u00e1s que esta novedosa figura surge en correspondencia a los estatutos derivados de la actuaci\u00f3n de leyes procesales, del c\u00f3digo de las familias y el Litigios.<\/p>\n\n\n\n<p>En su intervenci\u00f3n, el Defensor del Pueblo, Alfredo Ruiz explic\u00f3 detalladamente las atribuciones y competencias constitucionales que tiene a cargo la Defensor\u00eda del Pueblo de Venezuela, destacando que la formaci\u00f3n en materia de derechos humanos es un pilar fundamental para el desarrollo de esta instituci\u00f3n.<\/p>\n\n\n\n<p>Dentro de los acuerdos establecidos en esta reuni\u00f3n se cre\u00f3 una hoja de ruta de trabajo conjunto entre ambas instituciones para fortalecer la formaci\u00f3n en materia competente.<\/p>\n\n\n\n<p>Este encuentro se ejecut\u00f3 en el marco del IV Congreso Internacional JURISCUBA, donde Ruiz asiste como el m\u00e1ximo representante de la Defensor\u00eda del Pueblo de Venezuela. <strong>FIN \/ PRENSA Defensor\u00eda<\/strong><\/p>\n\t\t\t\t\t\t\t\t<\/div>\n\t\t\t\t<\/div>\n\t\t\t\t\t<\/div>\n\t\t<\/div>\n\t\t\t\t\t<\/div>\n\t\t<\/section>\n\t\t\t\t<\/div>\n\t\t","protected":false},"excerpt":{"rendered":"<p>(07-Feb-25) Como parte de la agenda de trabajo que lleva a cabo el Defensor del Pueblo, Alfredo Ruiz en la Habana, Cuba, el d\u00eda de hoy, sostuvo una reuni\u00f3n con&hellip; <\/p>\n","protected":false},"author":5,"featured_media":10649,"comment_status":"open","ping_status":"open","sticky":false,"template":"","format":"standard","meta":{"footnotes":""},"categories":[3],"tags":[],"class_list":["post-10648","post","type-post","status-publish","format-standard","has-post-thumbnail","hentry","category-centrales"],"yoast_head":"<!-- This site is optimized with the Yoast SEO plugin v27.4 - https:\/\/yoast.com\/product\/yoast-seo-wordpress\/ -->\n<title>Defensor\u00eda del Pueblo de Venezuela y la Direcci\u00f3n Nacional de Defensor\u00eda de Cuba definen agenda de trabajo conjunta -<\/title>\n<meta name=\"robots\" content=\"index, follow, max-snippet:-1, max-image-preview:large, max-video-preview:-1\" \/>\n<link rel=\"canonical\" href=\"http:\/\/www.defensoria.gob.ve\/?p=10648\" \/>\n<meta property=\"og:locale\" content=\"es_ES\" \/>\n<meta property=\"og:type\" content=\"article\" \/>\n<meta property=\"og:title\" content=\"Defensor\u00eda del Pueblo de Venezuela y la Direcci\u00f3n Nacional de Defensor\u00eda de Cuba definen agenda de trabajo conjunta -\" \/>\n<meta property=\"og:description\" content=\"(07-Feb-25) Como parte de la agenda de trabajo que lleva a cabo el Defensor del Pueblo, Alfredo Ruiz en la Habana, Cuba, el d\u00eda de hoy, sostuvo una reuni\u00f3n con&hellip;\" \/>\n<meta property=\"og:url\" content=\"http:\/\/www.defensoria.gob.ve\/?p=10648\" \/>\n<meta property=\"article:published_time\" content=\"2025-02-07T20:20:10+00:00\" \/>\n<meta property=\"article:modified_time\" content=\"2025-02-07T20:20:39+00:00\" \/>\n<meta property=\"og:image\" content=\"http:\/\/www.defensoria.gob.ve\/wp-content\/uploads\/2025\/02\/3247889e-1bab-4263-a6e8-23383d77b2df.jpg\" \/>\n\t<meta property=\"og:image:width\" content=\"1280\" \/>\n\t<meta property=\"og:image:height\" content=\"614\" \/>\n\t<meta property=\"og:image:type\" content=\"image\/jpeg\" \/>\n<meta name=\"author\" content=\"JC.\" \/>\n<meta name=\"twitter:card\" content=\"summary_large_image\" \/>\n<meta name=\"twitter:label1\" content=\"Escrito por\" \/>\n\t<meta name=\"twitter:data1\" content=\"JC.\" \/>\n\t<meta name=\"twitter:label2\" content=\"Tiempo estimado de lectura\" \/>\n\t<meta name=\"twitter:data2\" content=\"2 minutos\" \/>\n<script type=\"application\/ld+json\" class=\"yoast-schema-graph\">{\"@context\":\"https:\\\/\\\/schema.org\",\"@graph\":[{\"@type\":\"Article\",\"@id\":\"http:\\\/\\\/www.defensoria.gob.ve\\\/?p=10648#article\",\"isPartOf\":{\"@id\":\"http:\\\/\\\/www.defensoria.gob.ve\\\/?p=10648\"},\"author\":{\"name\":\"JC.\",\"@id\":\"http:\\\/\\\/www.defensoria.gob.ve\\\/#\\\/schema\\\/person\\\/fba14293189d7b1933ac7fba9d89e24a\"},\"headline\":\"Defensor\u00eda del Pueblo de Venezuela y la Direcci\u00f3n Nacional de Defensor\u00eda de Cuba definen agenda de trabajo conjunta\",\"datePublished\":\"2025-02-07T20:20:10+00:00\",\"dateModified\":\"2025-02-07T20:20:39+00:00\",\"mainEntityOfPage\":{\"@id\":\"http:\\\/\\\/www.defensoria.gob.ve\\\/?p=10648\"},\"wordCount\":269,\"commentCount\":0,\"image\":{\"@id\":\"http:\\\/\\\/www.defensoria.gob.ve\\\/?p=10648#primaryimage\"},\"thumbnailUrl\":\"http:\\\/\\\/www.defensoria.gob.ve\\\/wp-content\\\/uploads\\\/2025\\\/02\\\/3247889e-1bab-4263-a6e8-23383d77b2df.jpg\",\"articleSection\":[\"CENTRALES\"],\"inLanguage\":\"es\",\"potentialAction\":[{\"@type\":\"CommentAction\",\"name\":\"Comment\",\"target\":[\"http:\\\/\\\/www.defensoria.gob.ve\\\/?p=10648#respond\"]}]},{\"@type\":\"WebPage\",\"@id\":\"http:\\\/\\\/www.defensoria.gob.ve\\\/?p=10648\",\"url\":\"http:\\\/\\\/www.defensoria.gob.ve\\\/?p=10648\",\"name\":\"Defensor\u00eda del Pueblo de Venezuela y la Direcci\u00f3n Nacional de Defensor\u00eda de Cuba definen agenda de trabajo conjunta -\",\"isPartOf\":{\"@id\":\"http:\\\/\\\/www.defensoria.gob.ve\\\/#website\"},\"primaryImageOfPage\":{\"@id\":\"http:\\\/\\\/www.defensoria.gob.ve\\\/?p=10648#primaryimage\"},\"image\":{\"@id\":\"http:\\\/\\\/www.defensoria.gob.ve\\\/?p=10648#primaryimage\"},\"thumbnailUrl\":\"http:\\\/\\\/www.defensoria.gob.ve\\\/wp-content\\\/uploads\\\/2025\\\/02\\\/3247889e-1bab-4263-a6e8-23383d77b2df.jpg\",\"datePublished\":\"2025-02-07T20:20:10+00:00\",\"dateModified\":\"2025-02-07T20:20:39+00:00\",\"author\":{\"@id\":\"http:\\\/\\\/www.defensoria.gob.ve\\\/#\\\/schema\\\/person\\\/fba14293189d7b1933ac7fba9d89e24a\"},\"breadcrumb\":{\"@id\":\"http:\\\/\\\/www.defensoria.gob.ve\\\/?p=10648#breadcrumb\"},\"inLanguage\":\"es\",\"potentialAction\":[{\"@type\":\"ReadAction\",\"target\":[\"http:\\\/\\\/www.defensoria.gob.ve\\\/?p=10648\"]}]},{\"@type\":\"ImageObject\",\"inLanguage\":\"es\",\"@id\":\"http:\\\/\\\/www.defensoria.gob.ve\\\/?p=10648#primaryimage\",\"url\":\"http:\\\/\\\/www.defensoria.gob.ve\\\/wp-content\\\/uploads\\\/2025\\\/02\\\/3247889e-1bab-4263-a6e8-23383d77b2df.jpg\",\"contentUrl\":\"http:\\\/\\\/www.defensoria.gob.ve\\\/wp-content\\\/uploads\\\/2025\\\/02\\\/3247889e-1bab-4263-a6e8-23383d77b2df.jpg\",\"width\":1280,\"height\":614},{\"@type\":\"BreadcrumbList\",\"@id\":\"http:\\\/\\\/www.defensoria.gob.ve\\\/?p=10648#breadcrumb\",\"itemListElement\":[{\"@type\":\"ListItem\",\"position\":1,\"name\":\"Portada\",\"item\":\"http:\\\/\\\/www.defensoria.gob.ve\\\/\"},{\"@type\":\"ListItem\",\"position\":2,\"name\":\"Defensor\u00eda del Pueblo de Venezuela y la Direcci\u00f3n Nacional de Defensor\u00eda de Cuba definen agenda de trabajo conjunta\"}]},{\"@type\":\"WebSite\",\"@id\":\"http:\\\/\\\/www.defensoria.gob.ve\\\/#website\",\"url\":\"http:\\\/\\\/www.defensoria.gob.ve\\\/\",\"name\":\"\",\"description\":\"Instituci\u00f3n del Poder Ciudadano para la Promoci\u00f3n, Defensa y Vigilancia de los Derechos Humanos. \",\"potentialAction\":[{\"@type\":\"SearchAction\",\"target\":{\"@type\":\"EntryPoint\",\"urlTemplate\":\"http:\\\/\\\/www.defensoria.gob.ve\\\/?s={search_term_string}\"},\"query-input\":{\"@type\":\"PropertyValueSpecification\",\"valueRequired\":true,\"valueName\":\"search_term_string\"}}],\"inLanguage\":\"es\"},{\"@type\":\"Person\",\"@id\":\"http:\\\/\\\/www.defensoria.gob.ve\\\/#\\\/schema\\\/person\\\/fba14293189d7b1933ac7fba9d89e24a\",\"name\":\"JC.\",\"image\":{\"@type\":\"ImageObject\",\"inLanguage\":\"es\",\"@id\":\"https:\\\/\\\/secure.gravatar.com\\\/avatar\\\/f398a4de948606b38f0299d90ca738c674b648694bc725ed46503c240269dbf8?s=96&d=mm&r=g\",\"url\":\"https:\\\/\\\/secure.gravatar.com\\\/avatar\\\/f398a4de948606b38f0299d90ca738c674b648694bc725ed46503c240269dbf8?s=96&d=mm&r=g\",\"contentUrl\":\"https:\\\/\\\/secure.gravatar.com\\\/avatar\\\/f398a4de948606b38f0299d90ca738c674b648694bc725ed46503c240269dbf8?s=96&d=mm&r=g\",\"caption\":\"JC.\"},\"url\":\"http:\\\/\\\/www.defensoria.gob.ve\\\/?author=5\"}]}<\/script>\n<!-- \/ Yoast SEO plugin. -->","yoast_head_json":{"title":"Defensor\u00eda del Pueblo de Venezuela y la Direcci\u00f3n Nacional de Defensor\u00eda de Cuba definen agenda de trabajo conjunta -","robots":{"index":"index","follow":"follow","max-snippet":"max-snippet:-1","max-image-preview":"max-image-preview:large","max-video-preview":"max-video-preview:-1"},"canonical":"http:\/\/www.defensoria.gob.ve\/?p=10648","og_locale":"es_ES","og_type":"article","og_title":"Defensor\u00eda del Pueblo de Venezuela y la Direcci\u00f3n Nacional de Defensor\u00eda de Cuba definen agenda de trabajo conjunta -","og_description":"(07-Feb-25) Como parte de la agenda de trabajo que lleva a cabo el Defensor del Pueblo, Alfredo Ruiz en la Habana, Cuba, el d\u00eda de hoy, sostuvo una reuni\u00f3n con&hellip;","og_url":"http:\/\/www.defensoria.gob.ve\/?p=10648","article_published_time":"2025-02-07T20:20:10+00:00","article_modified_time":"2025-02-07T20:20:39+00:00","og_image":[{"width":1280,"height":614,"url":"http:\/\/www.defensoria.gob.ve\/wp-content\/uploads\/2025\/02\/3247889e-1bab-4263-a6e8-23383d77b2df.jpg","type":"image\/jpeg"}],"author":"JC.","twitter_card":"summary_large_image","twitter_misc":{"Escrito por":"JC.","Tiempo estimado de lectura":"2 minutos"},"schema":{"@context":"https:\/\/schema.org","@graph":[{"@type":"Article","@id":"http:\/\/www.defensoria.gob.ve\/?p=10648#article","isPartOf":{"@id":"http:\/\/www.defensoria.gob.ve\/?p=10648"},"author":{"name":"JC.","@id":"http:\/\/www.defensoria.gob.ve\/#\/schema\/person\/fba14293189d7b1933ac7fba9d89e24a"},"headline":"Defensor\u00eda del Pueblo de Venezuela y la Direcci\u00f3n Nacional de Defensor\u00eda de Cuba definen agenda de trabajo conjunta","datePublished":"2025-02-07T20:20:10+00:00","dateModified":"2025-02-07T20:20:39+00:00","mainEntityOfPage":{"@id":"http:\/\/www.defensoria.gob.ve\/?p=10648"},"wordCount":269,"commentCount":0,"image":{"@id":"http:\/\/www.defensoria.gob.ve\/?p=10648#primaryimage"},"thumbnailUrl":"http:\/\/www.defensoria.gob.ve\/wp-content\/uploads\/2025\/02\/3247889e-1bab-4263-a6e8-23383d77b2df.jpg","articleSection":["CENTRALES"],"inLanguage":"es","potentialAction":[{"@type":"CommentAction","name":"Comment","target":["http:\/\/www.defensoria.gob.ve\/?p=10648#respond"]}]},{"@type":"WebPage","@id":"http:\/\/www.defensoria.gob.ve\/?p=10648","url":"http:\/\/www.defensoria.gob.ve\/?p=10648","name":"Defensor\u00eda del Pueblo de Venezuela y la Direcci\u00f3n Nacional de Defensor\u00eda de Cuba definen agenda de trabajo conjunta -","isPartOf":{"@id":"http:\/\/www.defensoria.gob.ve\/#website"},"primaryImageOfPage":{"@id":"http:\/\/www.defensoria.gob.ve\/?p=10648#primaryimage"},"image":{"@id":"http:\/\/www.defensoria.gob.ve\/?p=10648#primaryimage"},"thumbnailUrl":"http:\/\/www.defensoria.gob.ve\/wp-content\/uploads\/2025\/02\/3247889e-1bab-4263-a6e8-23383d77b2df.jpg","datePublished":"2025-02-07T20:20:10+00:00","dateModified":"2025-02-07T20:20:39+00:00","author":{"@id":"http:\/\/www.defensoria.gob.ve\/#\/schema\/person\/fba14293189d7b1933ac7fba9d89e24a"},"breadcrumb":{"@id":"http:\/\/www.defensoria.gob.ve\/?p=10648#breadcrumb"},"inLanguage":"es","potentialAction":[{"@type":"ReadAction","target":["http:\/\/www.defensoria.gob.ve\/?p=10648"]}]},{"@type":"ImageObject","inLanguage":"es","@id":"http:\/\/www.defensoria.gob.ve\/?p=10648#primaryimage","url":"http:\/\/www.defensoria.gob.ve\/wp-content\/uploads\/2025\/02\/3247889e-1bab-4263-a6e8-23383d77b2df.jpg","contentUrl":"http:\/\/www.defensoria.gob.ve\/wp-content\/uploads\/2025\/02\/3247889e-1bab-4263-a6e8-23383d77b2df.jpg","width":1280,"height":614},{"@type":"BreadcrumbList","@id":"http:\/\/www.defensoria.gob.ve\/?p=10648#breadcrumb","itemListElement":[{"@type":"ListItem","position":1,"name":"Portada","item":"http:\/\/www.defensoria.gob.ve\/"},{"@type":"ListItem","position":2,"name":"Defensor\u00eda del Pueblo de Venezuela y la Direcci\u00f3n Nacional de Defensor\u00eda de Cuba definen agenda de trabajo conjunta"}]},{"@type":"WebSite","@id":"http:\/\/www.defensoria.gob.ve\/#website","url":"http:\/\/www.defensoria.gob.ve\/","name":"","description":"Instituci\u00f3n del Poder Ciudadano para la Promoci\u00f3n, Defensa y Vigilancia de los Derechos Humanos. ","potentialAction":[{"@type":"SearchAction","target":{"@type":"EntryPoint","urlTemplate":"http:\/\/www.defensoria.gob.ve\/?s={search_term_string}"},"query-input":{"@type":"PropertyValueSpecification","valueRequired":true,"valueName":"search_term_string"}}],"inLanguage":"es"},{"@type":"Person","@id":"http:\/\/www.defensoria.gob.ve\/#\/schema\/person\/fba14293189d7b1933ac7fba9d89e24a","name":"JC.","image":{"@type":"ImageObject","inLanguage":"es","@id":"https:\/\/secure.gravatar.com\/avatar\/f398a4de948606b38f0299d90ca738c674b648694bc725ed46503c240269dbf8?s=96&d=mm&r=g","url":"https:\/\/secure.gravatar.com\/avatar\/f398a4de948606b38f0299d90ca738c674b648694bc725ed46503c240269dbf8?s=96&d=mm&r=g","contentUrl":"https:\/\/secure.gravatar.com\/avatar\/f398a4de948606b38f0299d90ca738c674b648694bc725ed46503c240269dbf8?s=96&d=mm&r=g","caption":"JC."},"url":"http:\/\/www.defensoria.gob.ve\/?author=5"}]}},"_links":{"self":[{"href":"http:\/\/www.defensoria.gob.ve\/index.php?rest_route=\/wp\/v2\/posts\/10648","targetHints":{"allow":["GET"]}}],"collection":[{"href":"http:\/\/www.defensoria.gob.ve\/index.php?rest_route=\/wp\/v2\/posts"}],"about":[{"href":"http:\/\/www.defensoria.gob.ve\/index.php?rest_route=\/wp\/v2\/types\/post"}],"author":[{"embeddable":true,"href":"http:\/\/www.defensoria.gob.ve\/index.php?rest_route=\/wp\/v2\/users\/5"}],"replies":[{"embeddable":true,"href":"http:\/\/www.defensoria.gob.ve\/index.php?rest_route=%2Fwp%2Fv2%2Fcomments&post=10648"}],"version-history":[{"count":4,"href":"http:\/\/www.defensoria.gob.ve\/index.php?rest_route=\/wp\/v2\/posts\/10648\/revisions"}],"predecessor-version":[{"id":10653,"href":"http:\/\/www.defensoria.gob.ve\/index.php?rest_route=\/wp\/v2\/posts\/10648\/revisions\/10653"}],"wp:featuredmedia":[{"embeddable":true,"href":"http:\/\/www.defensoria.gob.ve\/index.php?rest_route=\/wp\/v2\/media\/10649"}],"wp:attachment":[{"href":"http:\/\/www.defensoria.gob.ve\/index.php?rest_route=%2Fwp%2Fv2%2Fmedia&parent=10648"}],"wp:term":[{"taxonomy":"category","embeddable":true,"href":"http:\/\/www.defensoria.gob.ve\/index.php?rest_route=%2Fwp%2Fv2%2Fcategories&post=10648"},{"taxonomy":"post_tag","embeddable":true,"href":"http:\/\/www.defensoria.gob.ve\/index.php?rest_route=%2Fwp%2Fv2%2Ftags&post=10648"}],"curies":[{"name":"wp","href":"https:\/\/api.w.org\/{rel}","templated":true}]}}