 
{"id":10655,"date":"2025-02-07T17:43:38","date_gmt":"2025-02-07T21:43:38","guid":{"rendered":"http:\/\/www.defensoria.gob.ve\/?p=10655"},"modified":"2025-02-10T08:53:54","modified_gmt":"2025-02-10T12:53:54","slug":"delegada-de-falcon-participa-en-actividades-deportivas-y-recreativas-en-coro-por-25o-aniversario-de-la-defensoria-del-pueblo","status":"publish","type":"post","link":"http:\/\/www.defensoria.gob.ve\/?p=10655","title":{"rendered":"Delegada de Falc\u00f3n participa en actividades deportivas y recreativas en Coro por 25\u00ba Aniversario de la Defensor\u00eda del Pueblo"},"content":{"rendered":"\t\t<div data-elementor-type=\"wp-post\" data-elementor-id=\"10655\" class=\"elementor elementor-10655\">\n\t\t\t\t\t\t<section class=\"elementor-section elementor-top-section elementor-element elementor-element-58eb7a8b elementor-section-boxed elementor-section-height-default elementor-section-height-default\" data-id=\"58eb7a8b\" data-element_type=\"section\" data-e-type=\"section\">\n\t\t\t\t\t\t<div class=\"elementor-container elementor-column-gap-default\">\n\t\t\t\t\t<div class=\"elementor-column elementor-col-100 elementor-top-column elementor-element elementor-element-3ad781cb\" data-id=\"3ad781cb\" data-element_type=\"column\" data-e-type=\"column\">\n\t\t\t<div class=\"elementor-widget-wrap elementor-element-populated\">\n\t\t\t\t\t\t<div class=\"elementor-element elementor-element-2d92fd8d elementor-widget elementor-widget-text-editor\" data-id=\"2d92fd8d\" data-element_type=\"widget\" data-e-type=\"widget\" data-widget_type=\"text-editor.default\">\n\t\t\t\t<div class=\"elementor-widget-container\">\n\t\t\t\t\t\t\t\t\t<p><\/p>\n<p><strong>(Falc\u00f3n\/07-Feb-25)<\/strong> Como parte de la Conmemoraci\u00f3n del 25\u00ba Aniversario de la Defensor\u00eda del Pueblo, la Delegada del estado Falc\u00f3n particip\u00f3 en unas actividades deportivas en la cancha de futsal ubicadas en la urbanizaci\u00f3n Amp\u00edes de Coro.<\/p>\n<p><\/p>\n<p>Durante dicho torneo el equipo de la Universidad Nacional Experimental de la Seguridad (UNES) result\u00f3 campe\u00f3n al imponerse ante Amp\u00edes en f\u00fatbol de sal\u00f3n.<\/p>\n<p><\/p>\n<p>Asimismo, se realiz\u00f3 una exhibici\u00f3n de zumba ejecutada por el instructor Salvador Petit y de bailoterapia ejecutada por el entrenador Emil D\u00edaz.<\/p>\n<p><\/p>\n<p>Vale acotar que a la actividad se sumaron adultas mayores, vecinos y vecinas de la colectividad falconiana, quienes disfrutaron de una intensa pero recreativa jornada. <strong>FIN \/ PRENSA Defensor\u00eda<\/strong><\/p>\n<p><\/p>\t\t\t\t\t\t\t\t<\/div>\n\t\t\t\t<\/div>\n\t\t\t\t\t<\/div>\n\t\t<\/div>\n\t\t\t\t\t<\/div>\n\t\t<\/section>\n\t\t\t\t<\/div>\n\t\t","protected":false},"excerpt":{"rendered":"<p>(Falc\u00f3n\/07-Feb-25) Como parte de la Conmemoraci\u00f3n del 25\u00ba Aniversario de la Defensor\u00eda del Pueblo, la Delegada del estado Falc\u00f3n particip\u00f3 en unas actividades deportivas en la cancha de futsal ubicadas&hellip; <\/p>\n","protected":false},"author":5,"featured_media":10674,"comment_status":"open","ping_status":"open","sticky":false,"template":"","format":"standard","meta":{"footnotes":""},"categories":[5],"tags":[],"class_list":["post-10655","post","type-post","status-publish","format-standard","has-post-thumbnail","hentry","category-regionales"],"yoast_head":"<!-- This site is optimized with the Yoast SEO plugin v27.4 - https:\/\/yoast.com\/product\/yoast-seo-wordpress\/ -->\n<title>Delegada de Falc\u00f3n participa en actividades deportivas y recreativas en Coro por 25\u00ba Aniversario de la Defensor\u00eda del Pueblo -<\/title>\n<meta name=\"robots\" content=\"index, follow, max-snippet:-1, max-image-preview:large, max-video-preview:-1\" \/>\n<link rel=\"canonical\" href=\"http:\/\/www.defensoria.gob.ve\/?p=10655\" \/>\n<meta property=\"og:locale\" content=\"es_ES\" \/>\n<meta property=\"og:type\" content=\"article\" \/>\n<meta property=\"og:title\" content=\"Delegada de Falc\u00f3n participa en actividades deportivas y recreativas en Coro por 25\u00ba Aniversario de la Defensor\u00eda del Pueblo -\" \/>\n<meta property=\"og:description\" content=\"(Falc\u00f3n\/07-Feb-25) Como parte de la Conmemoraci\u00f3n del 25\u00ba Aniversario de la Defensor\u00eda del Pueblo, la Delegada del estado Falc\u00f3n particip\u00f3 en unas actividades deportivas en la cancha de futsal ubicadas&hellip;\" \/>\n<meta property=\"og:url\" content=\"http:\/\/www.defensoria.gob.ve\/?p=10655\" \/>\n<meta property=\"article:published_time\" content=\"2025-02-07T21:43:38+00:00\" \/>\n<meta property=\"article:modified_time\" content=\"2025-02-10T12:53:54+00:00\" \/>\n<meta property=\"og:image\" content=\"http:\/\/www.defensoria.gob.ve\/wp-content\/uploads\/2025\/02\/Screenshot_12.png\" \/>\n\t<meta property=\"og:image:width\" content=\"632\" \/>\n\t<meta property=\"og:image:height\" content=\"339\" \/>\n\t<meta property=\"og:image:type\" content=\"image\/png\" \/>\n<meta name=\"author\" content=\"JC.\" \/>\n<meta name=\"twitter:card\" content=\"summary_large_image\" \/>\n<meta name=\"twitter:label1\" content=\"Escrito por\" \/>\n\t<meta name=\"twitter:data1\" content=\"JC.\" \/>\n\t<meta name=\"twitter:label2\" content=\"Tiempo estimado de lectura\" \/>\n\t<meta name=\"twitter:data2\" content=\"1 minuto\" \/>\n<script type=\"application\/ld+json\" class=\"yoast-schema-graph\">{\"@context\":\"https:\\\/\\\/schema.org\",\"@graph\":[{\"@type\":\"Article\",\"@id\":\"http:\\\/\\\/www.defensoria.gob.ve\\\/?p=10655#article\",\"isPartOf\":{\"@id\":\"http:\\\/\\\/www.defensoria.gob.ve\\\/?p=10655\"},\"author\":{\"name\":\"JC.\",\"@id\":\"http:\\\/\\\/www.defensoria.gob.ve\\\/#\\\/schema\\\/person\\\/fba14293189d7b1933ac7fba9d89e24a\"},\"headline\":\"Delegada de Falc\u00f3n participa en actividades deportivas y recreativas en Coro por 25\u00ba Aniversario de la Defensor\u00eda del Pueblo\",\"datePublished\":\"2025-02-07T21:43:38+00:00\",\"dateModified\":\"2025-02-10T12:53:54+00:00\",\"mainEntityOfPage\":{\"@id\":\"http:\\\/\\\/www.defensoria.gob.ve\\\/?p=10655\"},\"wordCount\":143,\"commentCount\":0,\"image\":{\"@id\":\"http:\\\/\\\/www.defensoria.gob.ve\\\/?p=10655#primaryimage\"},\"thumbnailUrl\":\"http:\\\/\\\/www.defensoria.gob.ve\\\/wp-content\\\/uploads\\\/2025\\\/02\\\/Screenshot_12.png\",\"articleSection\":[\"REGIONALES\"],\"inLanguage\":\"es\",\"potentialAction\":[{\"@type\":\"CommentAction\",\"name\":\"Comment\",\"target\":[\"http:\\\/\\\/www.defensoria.gob.ve\\\/?p=10655#respond\"]}]},{\"@type\":\"WebPage\",\"@id\":\"http:\\\/\\\/www.defensoria.gob.ve\\\/?p=10655\",\"url\":\"http:\\\/\\\/www.defensoria.gob.ve\\\/?p=10655\",\"name\":\"Delegada de Falc\u00f3n participa en actividades deportivas y recreativas en Coro por 25\u00ba Aniversario de la Defensor\u00eda del Pueblo -\",\"isPartOf\":{\"@id\":\"http:\\\/\\\/www.defensoria.gob.ve\\\/#website\"},\"primaryImageOfPage\":{\"@id\":\"http:\\\/\\\/www.defensoria.gob.ve\\\/?p=10655#primaryimage\"},\"image\":{\"@id\":\"http:\\\/\\\/www.defensoria.gob.ve\\\/?p=10655#primaryimage\"},\"thumbnailUrl\":\"http:\\\/\\\/www.defensoria.gob.ve\\\/wp-content\\\/uploads\\\/2025\\\/02\\\/Screenshot_12.png\",\"datePublished\":\"2025-02-07T21:43:38+00:00\",\"dateModified\":\"2025-02-10T12:53:54+00:00\",\"author\":{\"@id\":\"http:\\\/\\\/www.defensoria.gob.ve\\\/#\\\/schema\\\/person\\\/fba14293189d7b1933ac7fba9d89e24a\"},\"breadcrumb\":{\"@id\":\"http:\\\/\\\/www.defensoria.gob.ve\\\/?p=10655#breadcrumb\"},\"inLanguage\":\"es\",\"potentialAction\":[{\"@type\":\"ReadAction\",\"target\":[\"http:\\\/\\\/www.defensoria.gob.ve\\\/?p=10655\"]}]},{\"@type\":\"ImageObject\",\"inLanguage\":\"es\",\"@id\":\"http:\\\/\\\/www.defensoria.gob.ve\\\/?p=10655#primaryimage\",\"url\":\"http:\\\/\\\/www.defensoria.gob.ve\\\/wp-content\\\/uploads\\\/2025\\\/02\\\/Screenshot_12.png\",\"contentUrl\":\"http:\\\/\\\/www.defensoria.gob.ve\\\/wp-content\\\/uploads\\\/2025\\\/02\\\/Screenshot_12.png\",\"width\":632,\"height\":339},{\"@type\":\"BreadcrumbList\",\"@id\":\"http:\\\/\\\/www.defensoria.gob.ve\\\/?p=10655#breadcrumb\",\"itemListElement\":[{\"@type\":\"ListItem\",\"position\":1,\"name\":\"Portada\",\"item\":\"http:\\\/\\\/www.defensoria.gob.ve\\\/\"},{\"@type\":\"ListItem\",\"position\":2,\"name\":\"Delegada de Falc\u00f3n participa en actividades deportivas y recreativas en Coro por 25\u00ba Aniversario de la Defensor\u00eda del Pueblo\"}]},{\"@type\":\"WebSite\",\"@id\":\"http:\\\/\\\/www.defensoria.gob.ve\\\/#website\",\"url\":\"http:\\\/\\\/www.defensoria.gob.ve\\\/\",\"name\":\"\",\"description\":\"Instituci\u00f3n del Poder Ciudadano para la Promoci\u00f3n, Defensa y Vigilancia de los Derechos Humanos. \",\"potentialAction\":[{\"@type\":\"SearchAction\",\"target\":{\"@type\":\"EntryPoint\",\"urlTemplate\":\"http:\\\/\\\/www.defensoria.gob.ve\\\/?s={search_term_string}\"},\"query-input\":{\"@type\":\"PropertyValueSpecification\",\"valueRequired\":true,\"valueName\":\"search_term_string\"}}],\"inLanguage\":\"es\"},{\"@type\":\"Person\",\"@id\":\"http:\\\/\\\/www.defensoria.gob.ve\\\/#\\\/schema\\\/person\\\/fba14293189d7b1933ac7fba9d89e24a\",\"name\":\"JC.\",\"image\":{\"@type\":\"ImageObject\",\"inLanguage\":\"es\",\"@id\":\"https:\\\/\\\/secure.gravatar.com\\\/avatar\\\/f398a4de948606b38f0299d90ca738c674b648694bc725ed46503c240269dbf8?s=96&d=mm&r=g\",\"url\":\"https:\\\/\\\/secure.gravatar.com\\\/avatar\\\/f398a4de948606b38f0299d90ca738c674b648694bc725ed46503c240269dbf8?s=96&d=mm&r=g\",\"contentUrl\":\"https:\\\/\\\/secure.gravatar.com\\\/avatar\\\/f398a4de948606b38f0299d90ca738c674b648694bc725ed46503c240269dbf8?s=96&d=mm&r=g\",\"caption\":\"JC.\"},\"url\":\"http:\\\/\\\/www.defensoria.gob.ve\\\/?author=5\"}]}<\/script>\n<!-- \/ Yoast SEO plugin. -->","yoast_head_json":{"title":"Delegada de Falc\u00f3n participa en actividades deportivas y recreativas en Coro por 25\u00ba Aniversario de la Defensor\u00eda del Pueblo -","robots":{"index":"index","follow":"follow","max-snippet":"max-snippet:-1","max-image-preview":"max-image-preview:large","max-video-preview":"max-video-preview:-1"},"canonical":"http:\/\/www.defensoria.gob.ve\/?p=10655","og_locale":"es_ES","og_type":"article","og_title":"Delegada de Falc\u00f3n participa en actividades deportivas y recreativas en Coro por 25\u00ba Aniversario de la Defensor\u00eda del Pueblo -","og_description":"(Falc\u00f3n\/07-Feb-25) Como parte de la Conmemoraci\u00f3n del 25\u00ba Aniversario de la Defensor\u00eda del Pueblo, la Delegada del estado Falc\u00f3n particip\u00f3 en unas actividades deportivas en la cancha de futsal ubicadas&hellip;","og_url":"http:\/\/www.defensoria.gob.ve\/?p=10655","article_published_time":"2025-02-07T21:43:38+00:00","article_modified_time":"2025-02-10T12:53:54+00:00","og_image":[{"width":632,"height":339,"url":"http:\/\/www.defensoria.gob.ve\/wp-content\/uploads\/2025\/02\/Screenshot_12.png","type":"image\/png"}],"author":"JC.","twitter_card":"summary_large_image","twitter_misc":{"Escrito por":"JC.","Tiempo estimado de lectura":"1 minuto"},"schema":{"@context":"https:\/\/schema.org","@graph":[{"@type":"Article","@id":"http:\/\/www.defensoria.gob.ve\/?p=10655#article","isPartOf":{"@id":"http:\/\/www.defensoria.gob.ve\/?p=10655"},"author":{"name":"JC.","@id":"http:\/\/www.defensoria.gob.ve\/#\/schema\/person\/fba14293189d7b1933ac7fba9d89e24a"},"headline":"Delegada de Falc\u00f3n participa en actividades deportivas y recreativas en Coro por 25\u00ba Aniversario de la Defensor\u00eda del Pueblo","datePublished":"2025-02-07T21:43:38+00:00","dateModified":"2025-02-10T12:53:54+00:00","mainEntityOfPage":{"@id":"http:\/\/www.defensoria.gob.ve\/?p=10655"},"wordCount":143,"commentCount":0,"image":{"@id":"http:\/\/www.defensoria.gob.ve\/?p=10655#primaryimage"},"thumbnailUrl":"http:\/\/www.defensoria.gob.ve\/wp-content\/uploads\/2025\/02\/Screenshot_12.png","articleSection":["REGIONALES"],"inLanguage":"es","potentialAction":[{"@type":"CommentAction","name":"Comment","target":["http:\/\/www.defensoria.gob.ve\/?p=10655#respond"]}]},{"@type":"WebPage","@id":"http:\/\/www.defensoria.gob.ve\/?p=10655","url":"http:\/\/www.defensoria.gob.ve\/?p=10655","name":"Delegada de Falc\u00f3n participa en actividades deportivas y recreativas en Coro por 25\u00ba Aniversario de la Defensor\u00eda del Pueblo -","isPartOf":{"@id":"http:\/\/www.defensoria.gob.ve\/#website"},"primaryImageOfPage":{"@id":"http:\/\/www.defensoria.gob.ve\/?p=10655#primaryimage"},"image":{"@id":"http:\/\/www.defensoria.gob.ve\/?p=10655#primaryimage"},"thumbnailUrl":"http:\/\/www.defensoria.gob.ve\/wp-content\/uploads\/2025\/02\/Screenshot_12.png","datePublished":"2025-02-07T21:43:38+00:00","dateModified":"2025-02-10T12:53:54+00:00","author":{"@id":"http:\/\/www.defensoria.gob.ve\/#\/schema\/person\/fba14293189d7b1933ac7fba9d89e24a"},"breadcrumb":{"@id":"http:\/\/www.defensoria.gob.ve\/?p=10655#breadcrumb"},"inLanguage":"es","potentialAction":[{"@type":"ReadAction","target":["http:\/\/www.defensoria.gob.ve\/?p=10655"]}]},{"@type":"ImageObject","inLanguage":"es","@id":"http:\/\/www.defensoria.gob.ve\/?p=10655#primaryimage","url":"http:\/\/www.defensoria.gob.ve\/wp-content\/uploads\/2025\/02\/Screenshot_12.png","contentUrl":"http:\/\/www.defensoria.gob.ve\/wp-content\/uploads\/2025\/02\/Screenshot_12.png","width":632,"height":339},{"@type":"BreadcrumbList","@id":"http:\/\/www.defensoria.gob.ve\/?p=10655#breadcrumb","itemListElement":[{"@type":"ListItem","position":1,"name":"Portada","item":"http:\/\/www.defensoria.gob.ve\/"},{"@type":"ListItem","position":2,"name":"Delegada de Falc\u00f3n participa en actividades deportivas y recreativas en Coro por 25\u00ba Aniversario de la Defensor\u00eda del Pueblo"}]},{"@type":"WebSite","@id":"http:\/\/www.defensoria.gob.ve\/#website","url":"http:\/\/www.defensoria.gob.ve\/","name":"","description":"Instituci\u00f3n del Poder Ciudadano para la Promoci\u00f3n, Defensa y Vigilancia de los Derechos Humanos. ","potentialAction":[{"@type":"SearchAction","target":{"@type":"EntryPoint","urlTemplate":"http:\/\/www.defensoria.gob.ve\/?s={search_term_string}"},"query-input":{"@type":"PropertyValueSpecification","valueRequired":true,"valueName":"search_term_string"}}],"inLanguage":"es"},{"@type":"Person","@id":"http:\/\/www.defensoria.gob.ve\/#\/schema\/person\/fba14293189d7b1933ac7fba9d89e24a","name":"JC.","image":{"@type":"ImageObject","inLanguage":"es","@id":"https:\/\/secure.gravatar.com\/avatar\/f398a4de948606b38f0299d90ca738c674b648694bc725ed46503c240269dbf8?s=96&d=mm&r=g","url":"https:\/\/secure.gravatar.com\/avatar\/f398a4de948606b38f0299d90ca738c674b648694bc725ed46503c240269dbf8?s=96&d=mm&r=g","contentUrl":"https:\/\/secure.gravatar.com\/avatar\/f398a4de948606b38f0299d90ca738c674b648694bc725ed46503c240269dbf8?s=96&d=mm&r=g","caption":"JC."},"url":"http:\/\/www.defensoria.gob.ve\/?author=5"}]}},"_links":{"self":[{"href":"http:\/\/www.defensoria.gob.ve\/index.php?rest_route=\/wp\/v2\/posts\/10655","targetHints":{"allow":["GET"]}}],"collection":[{"href":"http:\/\/www.defensoria.gob.ve\/index.php?rest_route=\/wp\/v2\/posts"}],"about":[{"href":"http:\/\/www.defensoria.gob.ve\/index.php?rest_route=\/wp\/v2\/types\/post"}],"author":[{"embeddable":true,"href":"http:\/\/www.defensoria.gob.ve\/index.php?rest_route=\/wp\/v2\/users\/5"}],"replies":[{"embeddable":true,"href":"http:\/\/www.defensoria.gob.ve\/index.php?rest_route=%2Fwp%2Fv2%2Fcomments&post=10655"}],"version-history":[{"count":11,"href":"http:\/\/www.defensoria.gob.ve\/index.php?rest_route=\/wp\/v2\/posts\/10655\/revisions"}],"predecessor-version":[{"id":10675,"href":"http:\/\/www.defensoria.gob.ve\/index.php?rest_route=\/wp\/v2\/posts\/10655\/revisions\/10675"}],"wp:featuredmedia":[{"embeddable":true,"href":"http:\/\/www.defensoria.gob.ve\/index.php?rest_route=\/wp\/v2\/media\/10674"}],"wp:attachment":[{"href":"http:\/\/www.defensoria.gob.ve\/index.php?rest_route=%2Fwp%2Fv2%2Fmedia&parent=10655"}],"wp:term":[{"taxonomy":"category","embeddable":true,"href":"http:\/\/www.defensoria.gob.ve\/index.php?rest_route=%2Fwp%2Fv2%2Fcategories&post=10655"},{"taxonomy":"post_tag","embeddable":true,"href":"http:\/\/www.defensoria.gob.ve\/index.php?rest_route=%2Fwp%2Fv2%2Ftags&post=10655"}],"curies":[{"name":"wp","href":"https:\/\/api.w.org\/{rel}","templated":true}]}}