 
{"id":10662,"date":"2025-02-07T17:47:33","date_gmt":"2025-02-07T21:47:33","guid":{"rendered":"http:\/\/www.defensoria.gob.ve\/?p=10662"},"modified":"2025-02-07T17:48:01","modified_gmt":"2025-02-07T21:48:01","slug":"delegada-de-bolivar-participa-en-actividades-deportivas-y-recreativas-en-caroni-por-25o-aniversario-de-la-defensoria-del-pueblo","status":"publish","type":"post","link":"http:\/\/www.defensoria.gob.ve\/?p=10662","title":{"rendered":"Delegada de Bol\u00edvar participa en actividades deportivas y recreativas en Caron\u00ed por 25\u00ba Aniversario de la Defensor\u00eda del Pueblo"},"content":{"rendered":"\t\t<div data-elementor-type=\"wp-post\" data-elementor-id=\"10662\" class=\"elementor elementor-10662\">\n\t\t\t\t\t\t<section class=\"elementor-section elementor-top-section elementor-element elementor-element-7c2d363b elementor-section-boxed elementor-section-height-default elementor-section-height-default\" data-id=\"7c2d363b\" data-element_type=\"section\" data-e-type=\"section\">\n\t\t\t\t\t\t<div class=\"elementor-container elementor-column-gap-default\">\n\t\t\t\t\t<div class=\"elementor-column elementor-col-100 elementor-top-column elementor-element elementor-element-19a16144\" data-id=\"19a16144\" data-element_type=\"column\" data-e-type=\"column\">\n\t\t\t<div class=\"elementor-widget-wrap elementor-element-populated\">\n\t\t\t\t\t\t<div class=\"elementor-element elementor-element-536e2548 elementor-widget elementor-widget-text-editor\" data-id=\"536e2548\" data-element_type=\"widget\" data-e-type=\"widget\" data-widget_type=\"text-editor.default\">\n\t\t\t\t<div class=\"elementor-widget-container\">\n\t\t\t\t\t\t\t\t\t\n<p><strong>(Bol\u00edvar\/07-Feb-25) <\/strong>Servidores y servidoras de la Defensor\u00eda Delegada del estado Bol\u00edvar participaron en diferentes actividades deportivas conmemorativas al 25\u00ba Aniversario de la Instituci\u00f3n Nacional de los Derechos Humanos.<\/p>\n\n\n\n<p>Dicho encuentro deportivo se llev\u00f3 a cabo en el estadio de la Corporaci\u00f3n Venezolana de Guayana, ubicada en el municipio Caron\u00ed y tuvo como participantes a los trabajadores y las trabajadoras de la sede Delegada, Sub Sede y Municipal.<\/p>\n\n\n\n<p>Las disciplinas en las que se compiti\u00f3 fueron f\u00fatbol sala, bolas criollas, voleibol y domin\u00f3. <strong>FIN \/ PRENSA Defensor\u00eda<\/strong><\/p>\n\t\t\t\t\t\t\t\t<\/div>\n\t\t\t\t<\/div>\n\t\t\t\t\t<\/div>\n\t\t<\/div>\n\t\t\t\t\t<\/div>\n\t\t<\/section>\n\t\t\t\t<\/div>\n\t\t","protected":false},"excerpt":{"rendered":"<p>(Bol\u00edvar\/07-Feb-25) Servidores y servidoras de la Defensor\u00eda Delegada del estado Bol\u00edvar participaron en diferentes actividades deportivas conmemorativas al 25\u00ba Aniversario de la Instituci\u00f3n Nacional de los Derechos Humanos. Dicho encuentro&hellip; <\/p>\n","protected":false},"author":5,"featured_media":10663,"comment_status":"open","ping_status":"open","sticky":false,"template":"","format":"standard","meta":{"footnotes":""},"categories":[5],"tags":[],"class_list":["post-10662","post","type-post","status-publish","format-standard","has-post-thumbnail","hentry","category-regionales"],"yoast_head":"<!-- This site is optimized with the Yoast SEO plugin v27.4 - https:\/\/yoast.com\/product\/yoast-seo-wordpress\/ -->\n<title>Delegada de Bol\u00edvar participa en actividades deportivas y recreativas en Caron\u00ed por 25\u00ba Aniversario de la Defensor\u00eda del Pueblo -<\/title>\n<meta name=\"robots\" content=\"index, follow, max-snippet:-1, max-image-preview:large, max-video-preview:-1\" \/>\n<link rel=\"canonical\" href=\"http:\/\/www.defensoria.gob.ve\/?p=10662\" \/>\n<meta property=\"og:locale\" content=\"es_ES\" \/>\n<meta property=\"og:type\" content=\"article\" \/>\n<meta property=\"og:title\" content=\"Delegada de Bol\u00edvar participa en actividades deportivas y recreativas en Caron\u00ed por 25\u00ba Aniversario de la Defensor\u00eda del Pueblo -\" \/>\n<meta property=\"og:description\" content=\"(Bol\u00edvar\/07-Feb-25) Servidores y servidoras de la Defensor\u00eda Delegada del estado Bol\u00edvar participaron en diferentes actividades deportivas conmemorativas al 25\u00ba Aniversario de la Instituci\u00f3n Nacional de los Derechos Humanos. Dicho encuentro&hellip;\" \/>\n<meta property=\"og:url\" content=\"http:\/\/www.defensoria.gob.ve\/?p=10662\" \/>\n<meta property=\"article:published_time\" content=\"2025-02-07T21:47:33+00:00\" \/>\n<meta property=\"article:modified_time\" content=\"2025-02-07T21:48:01+00:00\" \/>\n<meta property=\"og:image\" content=\"http:\/\/www.defensoria.gob.ve\/wp-content\/uploads\/2025\/02\/dacd10b1-771c-48a3-9e51-8067b6f68faf-1.jpg\" \/>\n\t<meta property=\"og:image:width\" content=\"1280\" \/>\n\t<meta property=\"og:image:height\" content=\"960\" \/>\n\t<meta property=\"og:image:type\" content=\"image\/jpeg\" \/>\n<meta name=\"author\" content=\"JC.\" \/>\n<meta name=\"twitter:card\" content=\"summary_large_image\" \/>\n<meta name=\"twitter:label1\" content=\"Escrito por\" \/>\n\t<meta name=\"twitter:data1\" content=\"JC.\" \/>\n\t<meta name=\"twitter:label2\" content=\"Tiempo estimado de lectura\" \/>\n\t<meta name=\"twitter:data2\" content=\"1 minuto\" \/>\n<script type=\"application\/ld+json\" class=\"yoast-schema-graph\">{\"@context\":\"https:\\\/\\\/schema.org\",\"@graph\":[{\"@type\":\"Article\",\"@id\":\"http:\\\/\\\/www.defensoria.gob.ve\\\/?p=10662#article\",\"isPartOf\":{\"@id\":\"http:\\\/\\\/www.defensoria.gob.ve\\\/?p=10662\"},\"author\":{\"name\":\"JC.\",\"@id\":\"http:\\\/\\\/www.defensoria.gob.ve\\\/#\\\/schema\\\/person\\\/fba14293189d7b1933ac7fba9d89e24a\"},\"headline\":\"Delegada de Bol\u00edvar participa en actividades deportivas y recreativas en Caron\u00ed por 25\u00ba Aniversario de la Defensor\u00eda del Pueblo\",\"datePublished\":\"2025-02-07T21:47:33+00:00\",\"dateModified\":\"2025-02-07T21:48:01+00:00\",\"mainEntityOfPage\":{\"@id\":\"http:\\\/\\\/www.defensoria.gob.ve\\\/?p=10662\"},\"wordCount\":112,\"commentCount\":0,\"image\":{\"@id\":\"http:\\\/\\\/www.defensoria.gob.ve\\\/?p=10662#primaryimage\"},\"thumbnailUrl\":\"http:\\\/\\\/www.defensoria.gob.ve\\\/wp-content\\\/uploads\\\/2025\\\/02\\\/dacd10b1-771c-48a3-9e51-8067b6f68faf-1.jpg\",\"articleSection\":[\"REGIONALES\"],\"inLanguage\":\"es\",\"potentialAction\":[{\"@type\":\"CommentAction\",\"name\":\"Comment\",\"target\":[\"http:\\\/\\\/www.defensoria.gob.ve\\\/?p=10662#respond\"]}]},{\"@type\":\"WebPage\",\"@id\":\"http:\\\/\\\/www.defensoria.gob.ve\\\/?p=10662\",\"url\":\"http:\\\/\\\/www.defensoria.gob.ve\\\/?p=10662\",\"name\":\"Delegada de Bol\u00edvar participa en actividades deportivas y recreativas en Caron\u00ed por 25\u00ba Aniversario de la Defensor\u00eda del Pueblo -\",\"isPartOf\":{\"@id\":\"http:\\\/\\\/www.defensoria.gob.ve\\\/#website\"},\"primaryImageOfPage\":{\"@id\":\"http:\\\/\\\/www.defensoria.gob.ve\\\/?p=10662#primaryimage\"},\"image\":{\"@id\":\"http:\\\/\\\/www.defensoria.gob.ve\\\/?p=10662#primaryimage\"},\"thumbnailUrl\":\"http:\\\/\\\/www.defensoria.gob.ve\\\/wp-content\\\/uploads\\\/2025\\\/02\\\/dacd10b1-771c-48a3-9e51-8067b6f68faf-1.jpg\",\"datePublished\":\"2025-02-07T21:47:33+00:00\",\"dateModified\":\"2025-02-07T21:48:01+00:00\",\"author\":{\"@id\":\"http:\\\/\\\/www.defensoria.gob.ve\\\/#\\\/schema\\\/person\\\/fba14293189d7b1933ac7fba9d89e24a\"},\"breadcrumb\":{\"@id\":\"http:\\\/\\\/www.defensoria.gob.ve\\\/?p=10662#breadcrumb\"},\"inLanguage\":\"es\",\"potentialAction\":[{\"@type\":\"ReadAction\",\"target\":[\"http:\\\/\\\/www.defensoria.gob.ve\\\/?p=10662\"]}]},{\"@type\":\"ImageObject\",\"inLanguage\":\"es\",\"@id\":\"http:\\\/\\\/www.defensoria.gob.ve\\\/?p=10662#primaryimage\",\"url\":\"http:\\\/\\\/www.defensoria.gob.ve\\\/wp-content\\\/uploads\\\/2025\\\/02\\\/dacd10b1-771c-48a3-9e51-8067b6f68faf-1.jpg\",\"contentUrl\":\"http:\\\/\\\/www.defensoria.gob.ve\\\/wp-content\\\/uploads\\\/2025\\\/02\\\/dacd10b1-771c-48a3-9e51-8067b6f68faf-1.jpg\",\"width\":1280,\"height\":960},{\"@type\":\"BreadcrumbList\",\"@id\":\"http:\\\/\\\/www.defensoria.gob.ve\\\/?p=10662#breadcrumb\",\"itemListElement\":[{\"@type\":\"ListItem\",\"position\":1,\"name\":\"Portada\",\"item\":\"http:\\\/\\\/www.defensoria.gob.ve\\\/\"},{\"@type\":\"ListItem\",\"position\":2,\"name\":\"Delegada de Bol\u00edvar participa en actividades deportivas y recreativas en Caron\u00ed por 25\u00ba Aniversario de la Defensor\u00eda del Pueblo\"}]},{\"@type\":\"WebSite\",\"@id\":\"http:\\\/\\\/www.defensoria.gob.ve\\\/#website\",\"url\":\"http:\\\/\\\/www.defensoria.gob.ve\\\/\",\"name\":\"\",\"description\":\"Instituci\u00f3n del Poder Ciudadano para la Promoci\u00f3n, Defensa y Vigilancia de los Derechos Humanos. \",\"potentialAction\":[{\"@type\":\"SearchAction\",\"target\":{\"@type\":\"EntryPoint\",\"urlTemplate\":\"http:\\\/\\\/www.defensoria.gob.ve\\\/?s={search_term_string}\"},\"query-input\":{\"@type\":\"PropertyValueSpecification\",\"valueRequired\":true,\"valueName\":\"search_term_string\"}}],\"inLanguage\":\"es\"},{\"@type\":\"Person\",\"@id\":\"http:\\\/\\\/www.defensoria.gob.ve\\\/#\\\/schema\\\/person\\\/fba14293189d7b1933ac7fba9d89e24a\",\"name\":\"JC.\",\"image\":{\"@type\":\"ImageObject\",\"inLanguage\":\"es\",\"@id\":\"https:\\\/\\\/secure.gravatar.com\\\/avatar\\\/f398a4de948606b38f0299d90ca738c674b648694bc725ed46503c240269dbf8?s=96&d=mm&r=g\",\"url\":\"https:\\\/\\\/secure.gravatar.com\\\/avatar\\\/f398a4de948606b38f0299d90ca738c674b648694bc725ed46503c240269dbf8?s=96&d=mm&r=g\",\"contentUrl\":\"https:\\\/\\\/secure.gravatar.com\\\/avatar\\\/f398a4de948606b38f0299d90ca738c674b648694bc725ed46503c240269dbf8?s=96&d=mm&r=g\",\"caption\":\"JC.\"},\"url\":\"http:\\\/\\\/www.defensoria.gob.ve\\\/?author=5\"}]}<\/script>\n<!-- \/ Yoast SEO plugin. -->","yoast_head_json":{"title":"Delegada de Bol\u00edvar participa en actividades deportivas y recreativas en Caron\u00ed por 25\u00ba Aniversario de la Defensor\u00eda del Pueblo -","robots":{"index":"index","follow":"follow","max-snippet":"max-snippet:-1","max-image-preview":"max-image-preview:large","max-video-preview":"max-video-preview:-1"},"canonical":"http:\/\/www.defensoria.gob.ve\/?p=10662","og_locale":"es_ES","og_type":"article","og_title":"Delegada de Bol\u00edvar participa en actividades deportivas y recreativas en Caron\u00ed por 25\u00ba Aniversario de la Defensor\u00eda del Pueblo -","og_description":"(Bol\u00edvar\/07-Feb-25) Servidores y servidoras de la Defensor\u00eda Delegada del estado Bol\u00edvar participaron en diferentes actividades deportivas conmemorativas al 25\u00ba Aniversario de la Instituci\u00f3n Nacional de los Derechos Humanos. Dicho encuentro&hellip;","og_url":"http:\/\/www.defensoria.gob.ve\/?p=10662","article_published_time":"2025-02-07T21:47:33+00:00","article_modified_time":"2025-02-07T21:48:01+00:00","og_image":[{"width":1280,"height":960,"url":"http:\/\/www.defensoria.gob.ve\/wp-content\/uploads\/2025\/02\/dacd10b1-771c-48a3-9e51-8067b6f68faf-1.jpg","type":"image\/jpeg"}],"author":"JC.","twitter_card":"summary_large_image","twitter_misc":{"Escrito por":"JC.","Tiempo estimado de lectura":"1 minuto"},"schema":{"@context":"https:\/\/schema.org","@graph":[{"@type":"Article","@id":"http:\/\/www.defensoria.gob.ve\/?p=10662#article","isPartOf":{"@id":"http:\/\/www.defensoria.gob.ve\/?p=10662"},"author":{"name":"JC.","@id":"http:\/\/www.defensoria.gob.ve\/#\/schema\/person\/fba14293189d7b1933ac7fba9d89e24a"},"headline":"Delegada de Bol\u00edvar participa en actividades deportivas y recreativas en Caron\u00ed por 25\u00ba Aniversario de la Defensor\u00eda del Pueblo","datePublished":"2025-02-07T21:47:33+00:00","dateModified":"2025-02-07T21:48:01+00:00","mainEntityOfPage":{"@id":"http:\/\/www.defensoria.gob.ve\/?p=10662"},"wordCount":112,"commentCount":0,"image":{"@id":"http:\/\/www.defensoria.gob.ve\/?p=10662#primaryimage"},"thumbnailUrl":"http:\/\/www.defensoria.gob.ve\/wp-content\/uploads\/2025\/02\/dacd10b1-771c-48a3-9e51-8067b6f68faf-1.jpg","articleSection":["REGIONALES"],"inLanguage":"es","potentialAction":[{"@type":"CommentAction","name":"Comment","target":["http:\/\/www.defensoria.gob.ve\/?p=10662#respond"]}]},{"@type":"WebPage","@id":"http:\/\/www.defensoria.gob.ve\/?p=10662","url":"http:\/\/www.defensoria.gob.ve\/?p=10662","name":"Delegada de Bol\u00edvar participa en actividades deportivas y recreativas en Caron\u00ed por 25\u00ba Aniversario de la Defensor\u00eda del Pueblo -","isPartOf":{"@id":"http:\/\/www.defensoria.gob.ve\/#website"},"primaryImageOfPage":{"@id":"http:\/\/www.defensoria.gob.ve\/?p=10662#primaryimage"},"image":{"@id":"http:\/\/www.defensoria.gob.ve\/?p=10662#primaryimage"},"thumbnailUrl":"http:\/\/www.defensoria.gob.ve\/wp-content\/uploads\/2025\/02\/dacd10b1-771c-48a3-9e51-8067b6f68faf-1.jpg","datePublished":"2025-02-07T21:47:33+00:00","dateModified":"2025-02-07T21:48:01+00:00","author":{"@id":"http:\/\/www.defensoria.gob.ve\/#\/schema\/person\/fba14293189d7b1933ac7fba9d89e24a"},"breadcrumb":{"@id":"http:\/\/www.defensoria.gob.ve\/?p=10662#breadcrumb"},"inLanguage":"es","potentialAction":[{"@type":"ReadAction","target":["http:\/\/www.defensoria.gob.ve\/?p=10662"]}]},{"@type":"ImageObject","inLanguage":"es","@id":"http:\/\/www.defensoria.gob.ve\/?p=10662#primaryimage","url":"http:\/\/www.defensoria.gob.ve\/wp-content\/uploads\/2025\/02\/dacd10b1-771c-48a3-9e51-8067b6f68faf-1.jpg","contentUrl":"http:\/\/www.defensoria.gob.ve\/wp-content\/uploads\/2025\/02\/dacd10b1-771c-48a3-9e51-8067b6f68faf-1.jpg","width":1280,"height":960},{"@type":"BreadcrumbList","@id":"http:\/\/www.defensoria.gob.ve\/?p=10662#breadcrumb","itemListElement":[{"@type":"ListItem","position":1,"name":"Portada","item":"http:\/\/www.defensoria.gob.ve\/"},{"@type":"ListItem","position":2,"name":"Delegada de Bol\u00edvar participa en actividades deportivas y recreativas en Caron\u00ed por 25\u00ba Aniversario de la Defensor\u00eda del Pueblo"}]},{"@type":"WebSite","@id":"http:\/\/www.defensoria.gob.ve\/#website","url":"http:\/\/www.defensoria.gob.ve\/","name":"","description":"Instituci\u00f3n del Poder Ciudadano para la Promoci\u00f3n, Defensa y Vigilancia de los Derechos Humanos. ","potentialAction":[{"@type":"SearchAction","target":{"@type":"EntryPoint","urlTemplate":"http:\/\/www.defensoria.gob.ve\/?s={search_term_string}"},"query-input":{"@type":"PropertyValueSpecification","valueRequired":true,"valueName":"search_term_string"}}],"inLanguage":"es"},{"@type":"Person","@id":"http:\/\/www.defensoria.gob.ve\/#\/schema\/person\/fba14293189d7b1933ac7fba9d89e24a","name":"JC.","image":{"@type":"ImageObject","inLanguage":"es","@id":"https:\/\/secure.gravatar.com\/avatar\/f398a4de948606b38f0299d90ca738c674b648694bc725ed46503c240269dbf8?s=96&d=mm&r=g","url":"https:\/\/secure.gravatar.com\/avatar\/f398a4de948606b38f0299d90ca738c674b648694bc725ed46503c240269dbf8?s=96&d=mm&r=g","contentUrl":"https:\/\/secure.gravatar.com\/avatar\/f398a4de948606b38f0299d90ca738c674b648694bc725ed46503c240269dbf8?s=96&d=mm&r=g","caption":"JC."},"url":"http:\/\/www.defensoria.gob.ve\/?author=5"}]}},"_links":{"self":[{"href":"http:\/\/www.defensoria.gob.ve\/index.php?rest_route=\/wp\/v2\/posts\/10662","targetHints":{"allow":["GET"]}}],"collection":[{"href":"http:\/\/www.defensoria.gob.ve\/index.php?rest_route=\/wp\/v2\/posts"}],"about":[{"href":"http:\/\/www.defensoria.gob.ve\/index.php?rest_route=\/wp\/v2\/types\/post"}],"author":[{"embeddable":true,"href":"http:\/\/www.defensoria.gob.ve\/index.php?rest_route=\/wp\/v2\/users\/5"}],"replies":[{"embeddable":true,"href":"http:\/\/www.defensoria.gob.ve\/index.php?rest_route=%2Fwp%2Fv2%2Fcomments&post=10662"}],"version-history":[{"count":4,"href":"http:\/\/www.defensoria.gob.ve\/index.php?rest_route=\/wp\/v2\/posts\/10662\/revisions"}],"predecessor-version":[{"id":10667,"href":"http:\/\/www.defensoria.gob.ve\/index.php?rest_route=\/wp\/v2\/posts\/10662\/revisions\/10667"}],"wp:featuredmedia":[{"embeddable":true,"href":"http:\/\/www.defensoria.gob.ve\/index.php?rest_route=\/wp\/v2\/media\/10663"}],"wp:attachment":[{"href":"http:\/\/www.defensoria.gob.ve\/index.php?rest_route=%2Fwp%2Fv2%2Fmedia&parent=10662"}],"wp:term":[{"taxonomy":"category","embeddable":true,"href":"http:\/\/www.defensoria.gob.ve\/index.php?rest_route=%2Fwp%2Fv2%2Fcategories&post=10662"},{"taxonomy":"post_tag","embeddable":true,"href":"http:\/\/www.defensoria.gob.ve\/index.php?rest_route=%2Fwp%2Fv2%2Ftags&post=10662"}],"curies":[{"name":"wp","href":"https:\/\/api.w.org\/{rel}","templated":true}]}}