 
{"id":10676,"date":"2025-02-10T17:20:45","date_gmt":"2025-02-10T21:20:45","guid":{"rendered":"http:\/\/www.defensoria.gob.ve\/?p=10676"},"modified":"2025-02-10T17:21:31","modified_gmt":"2025-02-10T21:21:31","slug":"inician-juegos-deportivos-internos-por-el-25-aniversario-de-la-defensoria-del-pueblo","status":"publish","type":"post","link":"http:\/\/www.defensoria.gob.ve\/?p=10676","title":{"rendered":"Inician Juegos Deportivos Internos por el 25\u00b0 Aniversario de la Defensor\u00eda del Pueblo"},"content":{"rendered":"\t\t<div data-elementor-type=\"wp-post\" data-elementor-id=\"10676\" class=\"elementor elementor-10676\">\n\t\t\t\t\t\t<section class=\"elementor-section elementor-top-section elementor-element elementor-element-75785579 elementor-section-boxed elementor-section-height-default elementor-section-height-default\" data-id=\"75785579\" data-element_type=\"section\" data-e-type=\"section\">\n\t\t\t\t\t\t<div class=\"elementor-container elementor-column-gap-default\">\n\t\t\t\t\t<div class=\"elementor-column elementor-col-100 elementor-top-column elementor-element elementor-element-7cbaf38f\" data-id=\"7cbaf38f\" data-element_type=\"column\" data-e-type=\"column\">\n\t\t\t<div class=\"elementor-widget-wrap elementor-element-populated\">\n\t\t\t\t\t\t<div class=\"elementor-element elementor-element-13c705f6 elementor-widget elementor-widget-text-editor\" data-id=\"13c705f6\" data-element_type=\"widget\" data-e-type=\"widget\" data-widget_type=\"text-editor.default\">\n\t\t\t\t<div class=\"elementor-widget-container\">\n\t\t\t\t\t\t\t\t\t\n<p><strong>(10-Feb-25) <\/strong>El Defensor del Pueblo, Alfredo Ruiz, asisti\u00f3 al acto de inauguraci\u00f3n de los Juegos Deportivos Internos como parte del vig\u00e9simo quinto Aniversario de la Defensor\u00eda del Pueblo. Acto realizado en el Cocodrilos Sport Park, ubicado en la parroquia El Para\u00edso de Caracas.<\/p>\n\n\n\n<figure class=\"wp-block-image size-large\"><img fetchpriority=\"high\" decoding=\"async\" width=\"1024\" height=\"744\" src=\"http:\/\/www.defensoria.gob.ve\/wp-content\/uploads\/2025\/02\/f34e486f-e7ae-4ad8-9ec5-65f340c30294-1024x744.jpg\" alt=\"\" class=\"wp-image-10677\" srcset=\"http:\/\/www.defensoria.gob.ve\/wp-content\/uploads\/2025\/02\/f34e486f-e7ae-4ad8-9ec5-65f340c30294-1024x744.jpg 1024w, http:\/\/www.defensoria.gob.ve\/wp-content\/uploads\/2025\/02\/f34e486f-e7ae-4ad8-9ec5-65f340c30294-300x218.jpg 300w, http:\/\/www.defensoria.gob.ve\/wp-content\/uploads\/2025\/02\/f34e486f-e7ae-4ad8-9ec5-65f340c30294-768x558.jpg 768w, http:\/\/www.defensoria.gob.ve\/wp-content\/uploads\/2025\/02\/f34e486f-e7ae-4ad8-9ec5-65f340c30294.jpg 1080w\" sizes=\"(max-width: 1024px) 100vw, 1024px\" \/><\/figure>\n\n\n\n<p>Durante la jornada, el titular del ente defensorial jurament\u00f3 a los deportistas y las deportistas comentando: que como atletas deben respetar y promover los derechos humanos, cumplir la Constituci\u00f3n, la ley y los reglamentos deportivos, as\u00ed como participar con honestidad y dar el mejor esfuerzo en pro de la victoria de su equipo o por el contrario, si se da la situaci\u00f3n, aceptar con gallard\u00eda la derrota dentro del marco del respeto y juego limpio que debemos a nuestros semejantes.<\/p>\n\n\n\n<p>Ruiz tambi\u00e9n detall\u00f3 que \u201ccon esta actividad damos inicio a estas semanas de 25\u00ba Aniversario de la Defensor\u00eda del Pueblo y estamos apoyando el ejercicio del derecho a la recreaci\u00f3n y al deporte de las personas, y con ello estamos resaltando la integralidad del individuo. Siempre debemos promover la salud f\u00edsica y mental, as\u00ed como la recreaci\u00f3n y la celebraci\u00f3n, los cuales son derechos humanos que se deben ejercer toda la vida e iniciar desde los primeros a\u00f1os de vida y formaci\u00f3n, hasta las \u00faltimas etapas de la vida de las personas adultas mayores, especialmente durante la juventud, a\u00fan cuando se tenga alguna limitaci\u00f3n o discapacidad\u201d.<\/p>\n\n\n\n<figure class=\"wp-block-image size-full\"><img decoding=\"async\" width=\"960\" height=\"640\" src=\"http:\/\/www.defensoria.gob.ve\/wp-content\/uploads\/2025\/02\/c2a864cf-c74a-40c2-a46b-f55a421e73e5.jpg\" alt=\"\" class=\"wp-image-10678\" srcset=\"http:\/\/www.defensoria.gob.ve\/wp-content\/uploads\/2025\/02\/c2a864cf-c74a-40c2-a46b-f55a421e73e5.jpg 960w, http:\/\/www.defensoria.gob.ve\/wp-content\/uploads\/2025\/02\/c2a864cf-c74a-40c2-a46b-f55a421e73e5-300x200.jpg 300w, http:\/\/www.defensoria.gob.ve\/wp-content\/uploads\/2025\/02\/c2a864cf-c74a-40c2-a46b-f55a421e73e5-768x512.jpg 768w\" sizes=\"(max-width: 960px) 100vw, 960px\" \/><\/figure>\n\n\n\n<p>Adem\u00e1s indic\u00f3 que este evento atl\u00e9tico y de deporte en equipos, sirve para aplicar en ciertos modo, las relaciones humanas y la resoluci\u00f3n de conflictos, en caso de una jugada discutida, siempre en el marco del respeto al oponente deportivo, y aprovech\u00f3 la ocasi\u00f3n para felicitar a los Jueces y Juezas de Paz que buscan solucionar conflictos en las comunidades, pir medio del di\u00e1logo, el respetoy el consenso.<\/p>\n\n\n\n<p>Asimismo, Ruiz dijo que esta actividad forma parte de los lineamientos dados por el Ministerio del Poder Popular para el Trabajo y el Ministerio del Poder Popular para la Juventud y el Deporte, a los entes estatales para que realicen y promocionen la actividad f\u00edsica, as\u00ed como la recreaci\u00f3n\u201d.<\/p>\n\n\n\n<figure class=\"wp-block-image size-full\"><img decoding=\"async\" width=\"960\" height=\"640\" src=\"http:\/\/www.defensoria.gob.ve\/wp-content\/uploads\/2025\/02\/8b342393-7868-48b9-b79d-8cf3eec06cf7.jpg\" alt=\"\" class=\"wp-image-10679\" srcset=\"http:\/\/www.defensoria.gob.ve\/wp-content\/uploads\/2025\/02\/8b342393-7868-48b9-b79d-8cf3eec06cf7.jpg 960w, http:\/\/www.defensoria.gob.ve\/wp-content\/uploads\/2025\/02\/8b342393-7868-48b9-b79d-8cf3eec06cf7-300x200.jpg 300w, http:\/\/www.defensoria.gob.ve\/wp-content\/uploads\/2025\/02\/8b342393-7868-48b9-b79d-8cf3eec06cf7-768x512.jpg 768w\" sizes=\"(max-width: 960px) 100vw, 960px\" \/><\/figure>\n\n\n\n<p>Los juegos se realizar\u00e1n desde este 10 al 14 de febrero, y participar\u00e1n 302 atletas en las siguientes disciplinas: Domin\u00f3 en Pareja, Domin\u00f3 individual, Ajedrez, F\u00fatbol Sala, Bolas Criollas, Baloncesto, Softbol, Voleibol, Voleibol Mixto, Pelotica de goma, tenis de mesa y bailoterapia.<\/p>\n\n\n\n<p><strong>Retos para 2025<\/strong><\/p>\n\n\n\n<p>Por \u00faltimo, el titular del ente defensorial indic\u00f3 que para este 2025 se busca \u201cfortalecer la integraci\u00f3n y el trabajo en equipo con los trabajadores y las trabajadoras. Trabajar con todos los entes p\u00fablicos y las comunidades para erradicar todo tipo de violencia contra las mujeres, ni\u00f1os, ni\u00f1as y adolescentes, as\u00ed como evitar la agresi\u00f3n que se da en torno a los retos virales en las redes sociales\u201d.<\/p>\n\n\n\n<p>Adem\u00e1s, el Defensor dijo que \u201cvamos a acercar a la Defensor\u00eda del Pueblo a las personas en los lugares m\u00e1s lejanos con la creaci\u00f3n de Defensor\u00edas Municipales, as\u00ed como a trav\u00e9s del contacto telef\u00f3nico 08000PUEBLO y nuestras redes sociales\u201d. <strong>FIN \/ PRENSA Defensor\u00eda<\/strong><\/p>\n\t\t\t\t\t\t\t\t<\/div>\n\t\t\t\t<\/div>\n\t\t\t\t\t<\/div>\n\t\t<\/div>\n\t\t\t\t\t<\/div>\n\t\t<\/section>\n\t\t\t\t<\/div>\n\t\t","protected":false},"excerpt":{"rendered":"<p>(10-Feb-25) El Defensor del Pueblo, Alfredo Ruiz, asisti\u00f3 al acto de inauguraci\u00f3n de los Juegos Deportivos Internos como parte del vig\u00e9simo quinto Aniversario de la Defensor\u00eda del Pueblo. Acto realizado&hellip; <\/p>\n","protected":false},"author":5,"featured_media":10680,"comment_status":"open","ping_status":"open","sticky":false,"template":"","format":"standard","meta":{"footnotes":""},"categories":[3],"tags":[],"class_list":["post-10676","post","type-post","status-publish","format-standard","has-post-thumbnail","hentry","category-centrales"],"yoast_head":"<!-- This site is optimized with the Yoast SEO plugin v27.4 - https:\/\/yoast.com\/product\/yoast-seo-wordpress\/ -->\n<title>Inician Juegos Deportivos Internos por el 25\u00b0 Aniversario de la Defensor\u00eda del Pueblo -<\/title>\n<meta name=\"robots\" content=\"index, follow, max-snippet:-1, max-image-preview:large, max-video-preview:-1\" \/>\n<link rel=\"canonical\" href=\"http:\/\/www.defensoria.gob.ve\/?p=10676\" \/>\n<meta property=\"og:locale\" content=\"es_ES\" \/>\n<meta property=\"og:type\" content=\"article\" \/>\n<meta property=\"og:title\" content=\"Inician Juegos Deportivos Internos por el 25\u00b0 Aniversario de la Defensor\u00eda del Pueblo -\" \/>\n<meta property=\"og:description\" content=\"(10-Feb-25) El Defensor del Pueblo, Alfredo Ruiz, asisti\u00f3 al acto de inauguraci\u00f3n de los Juegos Deportivos Internos como parte del vig\u00e9simo quinto Aniversario de la Defensor\u00eda del Pueblo. Acto realizado&hellip;\" \/>\n<meta property=\"og:url\" content=\"http:\/\/www.defensoria.gob.ve\/?p=10676\" \/>\n<meta property=\"article:published_time\" content=\"2025-02-10T21:20:45+00:00\" \/>\n<meta property=\"article:modified_time\" content=\"2025-02-10T21:21:31+00:00\" \/>\n<meta property=\"og:image\" content=\"http:\/\/www.defensoria.gob.ve\/wp-content\/uploads\/2025\/02\/ee7b72fd-94a3-4d87-ade3-cbe589c1e42c.jpg\" \/>\n\t<meta property=\"og:image:width\" content=\"960\" \/>\n\t<meta property=\"og:image:height\" content=\"512\" \/>\n\t<meta property=\"og:image:type\" content=\"image\/jpeg\" \/>\n<meta name=\"author\" content=\"JC.\" \/>\n<meta name=\"twitter:card\" content=\"summary_large_image\" \/>\n<meta name=\"twitter:label1\" content=\"Escrito por\" \/>\n\t<meta name=\"twitter:data1\" content=\"JC.\" \/>\n\t<meta name=\"twitter:label2\" content=\"Tiempo estimado de lectura\" \/>\n\t<meta name=\"twitter:data2\" content=\"3 minutos\" \/>\n<script type=\"application\/ld+json\" class=\"yoast-schema-graph\">{\"@context\":\"https:\\\/\\\/schema.org\",\"@graph\":[{\"@type\":\"Article\",\"@id\":\"http:\\\/\\\/www.defensoria.gob.ve\\\/?p=10676#article\",\"isPartOf\":{\"@id\":\"http:\\\/\\\/www.defensoria.gob.ve\\\/?p=10676\"},\"author\":{\"name\":\"JC.\",\"@id\":\"http:\\\/\\\/www.defensoria.gob.ve\\\/#\\\/schema\\\/person\\\/fba14293189d7b1933ac7fba9d89e24a\"},\"headline\":\"Inician Juegos Deportivos Internos por el 25\u00b0 Aniversario de la Defensor\u00eda del Pueblo\",\"datePublished\":\"2025-02-10T21:20:45+00:00\",\"dateModified\":\"2025-02-10T21:21:31+00:00\",\"mainEntityOfPage\":{\"@id\":\"http:\\\/\\\/www.defensoria.gob.ve\\\/?p=10676\"},\"wordCount\":548,\"commentCount\":0,\"image\":{\"@id\":\"http:\\\/\\\/www.defensoria.gob.ve\\\/?p=10676#primaryimage\"},\"thumbnailUrl\":\"http:\\\/\\\/www.defensoria.gob.ve\\\/wp-content\\\/uploads\\\/2025\\\/02\\\/ee7b72fd-94a3-4d87-ade3-cbe589c1e42c.jpg\",\"articleSection\":[\"CENTRALES\"],\"inLanguage\":\"es\",\"potentialAction\":[{\"@type\":\"CommentAction\",\"name\":\"Comment\",\"target\":[\"http:\\\/\\\/www.defensoria.gob.ve\\\/?p=10676#respond\"]}]},{\"@type\":\"WebPage\",\"@id\":\"http:\\\/\\\/www.defensoria.gob.ve\\\/?p=10676\",\"url\":\"http:\\\/\\\/www.defensoria.gob.ve\\\/?p=10676\",\"name\":\"Inician Juegos Deportivos Internos por el 25\u00b0 Aniversario de la Defensor\u00eda del Pueblo -\",\"isPartOf\":{\"@id\":\"http:\\\/\\\/www.defensoria.gob.ve\\\/#website\"},\"primaryImageOfPage\":{\"@id\":\"http:\\\/\\\/www.defensoria.gob.ve\\\/?p=10676#primaryimage\"},\"image\":{\"@id\":\"http:\\\/\\\/www.defensoria.gob.ve\\\/?p=10676#primaryimage\"},\"thumbnailUrl\":\"http:\\\/\\\/www.defensoria.gob.ve\\\/wp-content\\\/uploads\\\/2025\\\/02\\\/ee7b72fd-94a3-4d87-ade3-cbe589c1e42c.jpg\",\"datePublished\":\"2025-02-10T21:20:45+00:00\",\"dateModified\":\"2025-02-10T21:21:31+00:00\",\"author\":{\"@id\":\"http:\\\/\\\/www.defensoria.gob.ve\\\/#\\\/schema\\\/person\\\/fba14293189d7b1933ac7fba9d89e24a\"},\"breadcrumb\":{\"@id\":\"http:\\\/\\\/www.defensoria.gob.ve\\\/?p=10676#breadcrumb\"},\"inLanguage\":\"es\",\"potentialAction\":[{\"@type\":\"ReadAction\",\"target\":[\"http:\\\/\\\/www.defensoria.gob.ve\\\/?p=10676\"]}]},{\"@type\":\"ImageObject\",\"inLanguage\":\"es\",\"@id\":\"http:\\\/\\\/www.defensoria.gob.ve\\\/?p=10676#primaryimage\",\"url\":\"http:\\\/\\\/www.defensoria.gob.ve\\\/wp-content\\\/uploads\\\/2025\\\/02\\\/ee7b72fd-94a3-4d87-ade3-cbe589c1e42c.jpg\",\"contentUrl\":\"http:\\\/\\\/www.defensoria.gob.ve\\\/wp-content\\\/uploads\\\/2025\\\/02\\\/ee7b72fd-94a3-4d87-ade3-cbe589c1e42c.jpg\",\"width\":960,\"height\":512},{\"@type\":\"BreadcrumbList\",\"@id\":\"http:\\\/\\\/www.defensoria.gob.ve\\\/?p=10676#breadcrumb\",\"itemListElement\":[{\"@type\":\"ListItem\",\"position\":1,\"name\":\"Portada\",\"item\":\"http:\\\/\\\/www.defensoria.gob.ve\\\/\"},{\"@type\":\"ListItem\",\"position\":2,\"name\":\"Inician Juegos Deportivos Internos por el 25\u00b0 Aniversario de la Defensor\u00eda del Pueblo\"}]},{\"@type\":\"WebSite\",\"@id\":\"http:\\\/\\\/www.defensoria.gob.ve\\\/#website\",\"url\":\"http:\\\/\\\/www.defensoria.gob.ve\\\/\",\"name\":\"\",\"description\":\"Instituci\u00f3n del Poder Ciudadano para la Promoci\u00f3n, Defensa y Vigilancia de los Derechos Humanos. \",\"potentialAction\":[{\"@type\":\"SearchAction\",\"target\":{\"@type\":\"EntryPoint\",\"urlTemplate\":\"http:\\\/\\\/www.defensoria.gob.ve\\\/?s={search_term_string}\"},\"query-input\":{\"@type\":\"PropertyValueSpecification\",\"valueRequired\":true,\"valueName\":\"search_term_string\"}}],\"inLanguage\":\"es\"},{\"@type\":\"Person\",\"@id\":\"http:\\\/\\\/www.defensoria.gob.ve\\\/#\\\/schema\\\/person\\\/fba14293189d7b1933ac7fba9d89e24a\",\"name\":\"JC.\",\"image\":{\"@type\":\"ImageObject\",\"inLanguage\":\"es\",\"@id\":\"https:\\\/\\\/secure.gravatar.com\\\/avatar\\\/f398a4de948606b38f0299d90ca738c674b648694bc725ed46503c240269dbf8?s=96&d=mm&r=g\",\"url\":\"https:\\\/\\\/secure.gravatar.com\\\/avatar\\\/f398a4de948606b38f0299d90ca738c674b648694bc725ed46503c240269dbf8?s=96&d=mm&r=g\",\"contentUrl\":\"https:\\\/\\\/secure.gravatar.com\\\/avatar\\\/f398a4de948606b38f0299d90ca738c674b648694bc725ed46503c240269dbf8?s=96&d=mm&r=g\",\"caption\":\"JC.\"},\"url\":\"http:\\\/\\\/www.defensoria.gob.ve\\\/?author=5\"}]}<\/script>\n<!-- \/ Yoast SEO plugin. -->","yoast_head_json":{"title":"Inician Juegos Deportivos Internos por el 25\u00b0 Aniversario de la Defensor\u00eda del Pueblo -","robots":{"index":"index","follow":"follow","max-snippet":"max-snippet:-1","max-image-preview":"max-image-preview:large","max-video-preview":"max-video-preview:-1"},"canonical":"http:\/\/www.defensoria.gob.ve\/?p=10676","og_locale":"es_ES","og_type":"article","og_title":"Inician Juegos Deportivos Internos por el 25\u00b0 Aniversario de la Defensor\u00eda del Pueblo -","og_description":"(10-Feb-25) El Defensor del Pueblo, Alfredo Ruiz, asisti\u00f3 al acto de inauguraci\u00f3n de los Juegos Deportivos Internos como parte del vig\u00e9simo quinto Aniversario de la Defensor\u00eda del Pueblo. Acto realizado&hellip;","og_url":"http:\/\/www.defensoria.gob.ve\/?p=10676","article_published_time":"2025-02-10T21:20:45+00:00","article_modified_time":"2025-02-10T21:21:31+00:00","og_image":[{"width":960,"height":512,"url":"http:\/\/www.defensoria.gob.ve\/wp-content\/uploads\/2025\/02\/ee7b72fd-94a3-4d87-ade3-cbe589c1e42c.jpg","type":"image\/jpeg"}],"author":"JC.","twitter_card":"summary_large_image","twitter_misc":{"Escrito por":"JC.","Tiempo estimado de lectura":"3 minutos"},"schema":{"@context":"https:\/\/schema.org","@graph":[{"@type":"Article","@id":"http:\/\/www.defensoria.gob.ve\/?p=10676#article","isPartOf":{"@id":"http:\/\/www.defensoria.gob.ve\/?p=10676"},"author":{"name":"JC.","@id":"http:\/\/www.defensoria.gob.ve\/#\/schema\/person\/fba14293189d7b1933ac7fba9d89e24a"},"headline":"Inician Juegos Deportivos Internos por el 25\u00b0 Aniversario de la Defensor\u00eda del Pueblo","datePublished":"2025-02-10T21:20:45+00:00","dateModified":"2025-02-10T21:21:31+00:00","mainEntityOfPage":{"@id":"http:\/\/www.defensoria.gob.ve\/?p=10676"},"wordCount":548,"commentCount":0,"image":{"@id":"http:\/\/www.defensoria.gob.ve\/?p=10676#primaryimage"},"thumbnailUrl":"http:\/\/www.defensoria.gob.ve\/wp-content\/uploads\/2025\/02\/ee7b72fd-94a3-4d87-ade3-cbe589c1e42c.jpg","articleSection":["CENTRALES"],"inLanguage":"es","potentialAction":[{"@type":"CommentAction","name":"Comment","target":["http:\/\/www.defensoria.gob.ve\/?p=10676#respond"]}]},{"@type":"WebPage","@id":"http:\/\/www.defensoria.gob.ve\/?p=10676","url":"http:\/\/www.defensoria.gob.ve\/?p=10676","name":"Inician Juegos Deportivos Internos por el 25\u00b0 Aniversario de la Defensor\u00eda del Pueblo -","isPartOf":{"@id":"http:\/\/www.defensoria.gob.ve\/#website"},"primaryImageOfPage":{"@id":"http:\/\/www.defensoria.gob.ve\/?p=10676#primaryimage"},"image":{"@id":"http:\/\/www.defensoria.gob.ve\/?p=10676#primaryimage"},"thumbnailUrl":"http:\/\/www.defensoria.gob.ve\/wp-content\/uploads\/2025\/02\/ee7b72fd-94a3-4d87-ade3-cbe589c1e42c.jpg","datePublished":"2025-02-10T21:20:45+00:00","dateModified":"2025-02-10T21:21:31+00:00","author":{"@id":"http:\/\/www.defensoria.gob.ve\/#\/schema\/person\/fba14293189d7b1933ac7fba9d89e24a"},"breadcrumb":{"@id":"http:\/\/www.defensoria.gob.ve\/?p=10676#breadcrumb"},"inLanguage":"es","potentialAction":[{"@type":"ReadAction","target":["http:\/\/www.defensoria.gob.ve\/?p=10676"]}]},{"@type":"ImageObject","inLanguage":"es","@id":"http:\/\/www.defensoria.gob.ve\/?p=10676#primaryimage","url":"http:\/\/www.defensoria.gob.ve\/wp-content\/uploads\/2025\/02\/ee7b72fd-94a3-4d87-ade3-cbe589c1e42c.jpg","contentUrl":"http:\/\/www.defensoria.gob.ve\/wp-content\/uploads\/2025\/02\/ee7b72fd-94a3-4d87-ade3-cbe589c1e42c.jpg","width":960,"height":512},{"@type":"BreadcrumbList","@id":"http:\/\/www.defensoria.gob.ve\/?p=10676#breadcrumb","itemListElement":[{"@type":"ListItem","position":1,"name":"Portada","item":"http:\/\/www.defensoria.gob.ve\/"},{"@type":"ListItem","position":2,"name":"Inician Juegos Deportivos Internos por el 25\u00b0 Aniversario de la Defensor\u00eda del Pueblo"}]},{"@type":"WebSite","@id":"http:\/\/www.defensoria.gob.ve\/#website","url":"http:\/\/www.defensoria.gob.ve\/","name":"","description":"Instituci\u00f3n del Poder Ciudadano para la Promoci\u00f3n, Defensa y Vigilancia de los Derechos Humanos. ","potentialAction":[{"@type":"SearchAction","target":{"@type":"EntryPoint","urlTemplate":"http:\/\/www.defensoria.gob.ve\/?s={search_term_string}"},"query-input":{"@type":"PropertyValueSpecification","valueRequired":true,"valueName":"search_term_string"}}],"inLanguage":"es"},{"@type":"Person","@id":"http:\/\/www.defensoria.gob.ve\/#\/schema\/person\/fba14293189d7b1933ac7fba9d89e24a","name":"JC.","image":{"@type":"ImageObject","inLanguage":"es","@id":"https:\/\/secure.gravatar.com\/avatar\/f398a4de948606b38f0299d90ca738c674b648694bc725ed46503c240269dbf8?s=96&d=mm&r=g","url":"https:\/\/secure.gravatar.com\/avatar\/f398a4de948606b38f0299d90ca738c674b648694bc725ed46503c240269dbf8?s=96&d=mm&r=g","contentUrl":"https:\/\/secure.gravatar.com\/avatar\/f398a4de948606b38f0299d90ca738c674b648694bc725ed46503c240269dbf8?s=96&d=mm&r=g","caption":"JC."},"url":"http:\/\/www.defensoria.gob.ve\/?author=5"}]}},"_links":{"self":[{"href":"http:\/\/www.defensoria.gob.ve\/index.php?rest_route=\/wp\/v2\/posts\/10676","targetHints":{"allow":["GET"]}}],"collection":[{"href":"http:\/\/www.defensoria.gob.ve\/index.php?rest_route=\/wp\/v2\/posts"}],"about":[{"href":"http:\/\/www.defensoria.gob.ve\/index.php?rest_route=\/wp\/v2\/types\/post"}],"author":[{"embeddable":true,"href":"http:\/\/www.defensoria.gob.ve\/index.php?rest_route=\/wp\/v2\/users\/5"}],"replies":[{"embeddable":true,"href":"http:\/\/www.defensoria.gob.ve\/index.php?rest_route=%2Fwp%2Fv2%2Fcomments&post=10676"}],"version-history":[{"count":4,"href":"http:\/\/www.defensoria.gob.ve\/index.php?rest_route=\/wp\/v2\/posts\/10676\/revisions"}],"predecessor-version":[{"id":10684,"href":"http:\/\/www.defensoria.gob.ve\/index.php?rest_route=\/wp\/v2\/posts\/10676\/revisions\/10684"}],"wp:featuredmedia":[{"embeddable":true,"href":"http:\/\/www.defensoria.gob.ve\/index.php?rest_route=\/wp\/v2\/media\/10680"}],"wp:attachment":[{"href":"http:\/\/www.defensoria.gob.ve\/index.php?rest_route=%2Fwp%2Fv2%2Fmedia&parent=10676"}],"wp:term":[{"taxonomy":"category","embeddable":true,"href":"http:\/\/www.defensoria.gob.ve\/index.php?rest_route=%2Fwp%2Fv2%2Fcategories&post=10676"},{"taxonomy":"post_tag","embeddable":true,"href":"http:\/\/www.defensoria.gob.ve\/index.php?rest_route=%2Fwp%2Fv2%2Ftags&post=10676"}],"curies":[{"name":"wp","href":"https:\/\/api.w.org\/{rel}","templated":true}]}}