 
{"id":11062,"date":"2025-02-28T12:14:40","date_gmt":"2025-02-28T16:14:40","guid":{"rendered":"http:\/\/www.defensoria.gob.ve\/?p=11062"},"modified":"2025-02-28T12:15:18","modified_gmt":"2025-02-28T16:15:18","slug":"con-diversas-actividades-delegada-de-portuguesa-celebro-25o-aniversario-de-la-ddp","status":"publish","type":"post","link":"http:\/\/www.defensoria.gob.ve\/?p=11062","title":{"rendered":"Con diversas actividades Delegada de Portuguesa celebr\u00f3 25\u00ba Aniversario de la DdP"},"content":{"rendered":"\t\t<div data-elementor-type=\"wp-post\" data-elementor-id=\"11062\" class=\"elementor elementor-11062\">\n\t\t\t\t\t\t<section class=\"elementor-section elementor-top-section elementor-element elementor-element-6331f053 elementor-section-boxed elementor-section-height-default elementor-section-height-default\" data-id=\"6331f053\" data-element_type=\"section\" data-e-type=\"section\">\n\t\t\t\t\t\t<div class=\"elementor-container elementor-column-gap-default\">\n\t\t\t\t\t<div class=\"elementor-column elementor-col-100 elementor-top-column elementor-element elementor-element-48c3fa54\" data-id=\"48c3fa54\" data-element_type=\"column\" data-e-type=\"column\">\n\t\t\t<div class=\"elementor-widget-wrap elementor-element-populated\">\n\t\t\t\t\t\t<div class=\"elementor-element elementor-element-7f5487e6 elementor-widget elementor-widget-text-editor\" data-id=\"7f5487e6\" data-element_type=\"widget\" data-e-type=\"widget\" data-widget_type=\"text-editor.default\">\n\t\t\t\t<div class=\"elementor-widget-container\">\n\t\t\t\t\t\t\t\t\t<p><\/p>\n<p><strong>(Portuguesa\/28-Feb-25) <\/strong>En el marco del 25\u00ba aniversario de la Defensor\u00eda del Pueblo (DdP), Delegada del estado Portuguesa realiz\u00f3 una serie de actividades conmemorativas. Iniciando con una Misa de Acci\u00f3n de Gracias en la Catedral de Nuestra Se\u00f1ora de Coromoto, ubicada en el municipio Guanare de la entidad.<br \/><br \/>En el marco de esta celebraci\u00f3n, tambi\u00e9n se llev\u00f3 a cabo una ofrenda ecol\u00f3gica al Padre de la Patria Sim\u00f3n Bol\u00edvar, en la Plaza que lleva su nombre. Durante la jornada conmemorativa, se desarroll\u00f3 una Sesi\u00f3n Solemne para destacar los veinticinco a\u00f1os de trayectoria institucional en la promoci\u00f3n, defensa y vigilancia de los DDHH.<\/p>\n<p><\/p>\n<figure class=\"wp-block-image aligncenter size-full\"><img fetchpriority=\"high\" decoding=\"async\" width=\"269\" height=\"462\" class=\"wp-image-11063\" src=\"http:\/\/www.defensoria.gob.ve\/wp-content\/uploads\/2025\/02\/Screenshot_14.png\" alt=\"\" srcset=\"http:\/\/www.defensoria.gob.ve\/wp-content\/uploads\/2025\/02\/Screenshot_14.png 269w, http:\/\/www.defensoria.gob.ve\/wp-content\/uploads\/2025\/02\/Screenshot_14-175x300.png 175w\" sizes=\"(max-width: 269px) 100vw, 269px\" \/><\/figure>\n<p><\/p>\n<p>El acto cont\u00f3 con la presencia de destacadas personalidades, entre las que se encontraba la Dra. Mar\u00eda Reyes, Directora Nacional de Promoci\u00f3n y Divulgaci\u00f3n del ente defensorial; el Juez Rector del Estado Portuguesa, Jos\u00e9 Ernesto Monte \u00c1vila; representantes del Circuito Judicial de Protecci\u00f3n de Ni\u00f1os, Ni\u00f1as y Adolescentes de la entidad; Francileny Blanco, Jueza Coordinadora del Palacio de Justicia; Orlando Pacheco, Comandante de la Polic\u00eda Estadal y Johan Rumbos, Coordinador del Centro de Coordinaci\u00f3n Policial N\u00ba 01 de Guanare.<\/p>\n<p><\/p>\n<p>Adicionalmente, estuvieron presentes Cirilo Salas, secretario General de Gobierno del estado Portuguesa; Ludy Pineda, directora regional del Idenna; Rosalia Miranda y Kheila S\u00e1nchez, presidentas de los Cmdnna de los municipios Guanare y Araure respectivamente; Elio Mora, representante de la Alcald\u00eda de Guanare; Antonio C\u00e1ceres, Administrador del Terminal de Pasajeros del municipio Guanare; Nayke Tovar, Contralora del Estado Portuguesa; y representantes del Ministerio P\u00fablico como el Fiscal Auxiliar, Geovannis Castellano.<\/p>\n<p><\/p>\n<p>Finalmente, se destac\u00f3 la participaci\u00f3n de figuras como Alejandra \u00c1lvarez, Presidenta del Consejo Legislativo del estado Portuguesa, as\u00ed como dem\u00e1s miembros e instituciones que formaron parte de este importante acontecimiento. <strong>FIN \/ PRENSA Defensor\u00eda<\/strong><\/p>\n<p><\/p>\t\t\t\t\t\t\t\t<\/div>\n\t\t\t\t<\/div>\n\t\t\t\t\t<\/div>\n\t\t<\/div>\n\t\t\t\t\t<\/div>\n\t\t<\/section>\n\t\t\t\t<\/div>\n\t\t","protected":false},"excerpt":{"rendered":"<p>(Portuguesa\/28-Feb-25) En el marco del 25\u00ba aniversario de la Defensor\u00eda del Pueblo (DdP), Delegada del estado Portuguesa realiz\u00f3 una serie de actividades conmemorativas. Iniciando con una Misa de Acci\u00f3n de&hellip; <\/p>\n","protected":false},"author":5,"featured_media":11064,"comment_status":"closed","ping_status":"open","sticky":false,"template":"","format":"standard","meta":{"footnotes":""},"categories":[5],"tags":[],"class_list":["post-11062","post","type-post","status-publish","format-standard","has-post-thumbnail","hentry","category-regionales"],"yoast_head":"<!-- This site is optimized with the Yoast SEO plugin v27.4 - https:\/\/yoast.com\/product\/yoast-seo-wordpress\/ -->\n<title>Con diversas actividades Delegada de Portuguesa celebr\u00f3 25\u00ba Aniversario de la DdP -<\/title>\n<meta name=\"robots\" content=\"index, follow, max-snippet:-1, max-image-preview:large, max-video-preview:-1\" \/>\n<link rel=\"canonical\" href=\"http:\/\/www.defensoria.gob.ve\/?p=11062\" \/>\n<meta property=\"og:locale\" content=\"es_ES\" \/>\n<meta property=\"og:type\" content=\"article\" \/>\n<meta property=\"og:title\" content=\"Con diversas actividades Delegada de Portuguesa celebr\u00f3 25\u00ba Aniversario de la DdP -\" \/>\n<meta property=\"og:description\" content=\"(Portuguesa\/28-Feb-25) En el marco del 25\u00ba aniversario de la Defensor\u00eda del Pueblo (DdP), Delegada del estado Portuguesa realiz\u00f3 una serie de actividades conmemorativas. Iniciando con una Misa de Acci\u00f3n de&hellip;\" \/>\n<meta property=\"og:url\" content=\"http:\/\/www.defensoria.gob.ve\/?p=11062\" \/>\n<meta property=\"article:published_time\" content=\"2025-02-28T16:14:40+00:00\" \/>\n<meta property=\"article:modified_time\" content=\"2025-02-28T16:15:18+00:00\" \/>\n<meta property=\"og:image\" content=\"http:\/\/www.defensoria.gob.ve\/wp-content\/uploads\/2025\/02\/Screenshot_15.png\" \/>\n\t<meta property=\"og:image:width\" content=\"1176\" \/>\n\t<meta property=\"og:image:height\" content=\"595\" \/>\n\t<meta property=\"og:image:type\" content=\"image\/png\" \/>\n<meta name=\"author\" content=\"JC.\" \/>\n<meta name=\"twitter:card\" content=\"summary_large_image\" \/>\n<meta name=\"twitter:label1\" content=\"Escrito por\" \/>\n\t<meta name=\"twitter:data1\" content=\"JC.\" \/>\n\t<meta name=\"twitter:label2\" content=\"Tiempo estimado de lectura\" \/>\n\t<meta name=\"twitter:data2\" content=\"2 minutos\" \/>\n<script type=\"application\/ld+json\" class=\"yoast-schema-graph\">{\"@context\":\"https:\\\/\\\/schema.org\",\"@graph\":[{\"@type\":\"Article\",\"@id\":\"http:\\\/\\\/www.defensoria.gob.ve\\\/?p=11062#article\",\"isPartOf\":{\"@id\":\"http:\\\/\\\/www.defensoria.gob.ve\\\/?p=11062\"},\"author\":{\"name\":\"JC.\",\"@id\":\"http:\\\/\\\/www.defensoria.gob.ve\\\/#\\\/schema\\\/person\\\/fba14293189d7b1933ac7fba9d89e24a\"},\"headline\":\"Con diversas actividades Delegada de Portuguesa celebr\u00f3 25\u00ba Aniversario de la DdP\",\"datePublished\":\"2025-02-28T16:14:40+00:00\",\"dateModified\":\"2025-02-28T16:15:18+00:00\",\"mainEntityOfPage\":{\"@id\":\"http:\\\/\\\/www.defensoria.gob.ve\\\/?p=11062\"},\"wordCount\":318,\"image\":{\"@id\":\"http:\\\/\\\/www.defensoria.gob.ve\\\/?p=11062#primaryimage\"},\"thumbnailUrl\":\"http:\\\/\\\/www.defensoria.gob.ve\\\/wp-content\\\/uploads\\\/2025\\\/02\\\/Screenshot_15.png\",\"articleSection\":[\"REGIONALES\"],\"inLanguage\":\"es\"},{\"@type\":\"WebPage\",\"@id\":\"http:\\\/\\\/www.defensoria.gob.ve\\\/?p=11062\",\"url\":\"http:\\\/\\\/www.defensoria.gob.ve\\\/?p=11062\",\"name\":\"Con diversas actividades Delegada de Portuguesa celebr\u00f3 25\u00ba Aniversario de la DdP -\",\"isPartOf\":{\"@id\":\"http:\\\/\\\/www.defensoria.gob.ve\\\/#website\"},\"primaryImageOfPage\":{\"@id\":\"http:\\\/\\\/www.defensoria.gob.ve\\\/?p=11062#primaryimage\"},\"image\":{\"@id\":\"http:\\\/\\\/www.defensoria.gob.ve\\\/?p=11062#primaryimage\"},\"thumbnailUrl\":\"http:\\\/\\\/www.defensoria.gob.ve\\\/wp-content\\\/uploads\\\/2025\\\/02\\\/Screenshot_15.png\",\"datePublished\":\"2025-02-28T16:14:40+00:00\",\"dateModified\":\"2025-02-28T16:15:18+00:00\",\"author\":{\"@id\":\"http:\\\/\\\/www.defensoria.gob.ve\\\/#\\\/schema\\\/person\\\/fba14293189d7b1933ac7fba9d89e24a\"},\"breadcrumb\":{\"@id\":\"http:\\\/\\\/www.defensoria.gob.ve\\\/?p=11062#breadcrumb\"},\"inLanguage\":\"es\",\"potentialAction\":[{\"@type\":\"ReadAction\",\"target\":[\"http:\\\/\\\/www.defensoria.gob.ve\\\/?p=11062\"]}]},{\"@type\":\"ImageObject\",\"inLanguage\":\"es\",\"@id\":\"http:\\\/\\\/www.defensoria.gob.ve\\\/?p=11062#primaryimage\",\"url\":\"http:\\\/\\\/www.defensoria.gob.ve\\\/wp-content\\\/uploads\\\/2025\\\/02\\\/Screenshot_15.png\",\"contentUrl\":\"http:\\\/\\\/www.defensoria.gob.ve\\\/wp-content\\\/uploads\\\/2025\\\/02\\\/Screenshot_15.png\",\"width\":1176,\"height\":595},{\"@type\":\"BreadcrumbList\",\"@id\":\"http:\\\/\\\/www.defensoria.gob.ve\\\/?p=11062#breadcrumb\",\"itemListElement\":[{\"@type\":\"ListItem\",\"position\":1,\"name\":\"Portada\",\"item\":\"http:\\\/\\\/www.defensoria.gob.ve\\\/\"},{\"@type\":\"ListItem\",\"position\":2,\"name\":\"Con diversas actividades Delegada de Portuguesa celebr\u00f3 25\u00ba Aniversario de la DdP\"}]},{\"@type\":\"WebSite\",\"@id\":\"http:\\\/\\\/www.defensoria.gob.ve\\\/#website\",\"url\":\"http:\\\/\\\/www.defensoria.gob.ve\\\/\",\"name\":\"\",\"description\":\"Instituci\u00f3n del Poder Ciudadano para la Promoci\u00f3n, Defensa y Vigilancia de los Derechos Humanos. \",\"potentialAction\":[{\"@type\":\"SearchAction\",\"target\":{\"@type\":\"EntryPoint\",\"urlTemplate\":\"http:\\\/\\\/www.defensoria.gob.ve\\\/?s={search_term_string}\"},\"query-input\":{\"@type\":\"PropertyValueSpecification\",\"valueRequired\":true,\"valueName\":\"search_term_string\"}}],\"inLanguage\":\"es\"},{\"@type\":\"Person\",\"@id\":\"http:\\\/\\\/www.defensoria.gob.ve\\\/#\\\/schema\\\/person\\\/fba14293189d7b1933ac7fba9d89e24a\",\"name\":\"JC.\",\"image\":{\"@type\":\"ImageObject\",\"inLanguage\":\"es\",\"@id\":\"https:\\\/\\\/secure.gravatar.com\\\/avatar\\\/f398a4de948606b38f0299d90ca738c674b648694bc725ed46503c240269dbf8?s=96&d=mm&r=g\",\"url\":\"https:\\\/\\\/secure.gravatar.com\\\/avatar\\\/f398a4de948606b38f0299d90ca738c674b648694bc725ed46503c240269dbf8?s=96&d=mm&r=g\",\"contentUrl\":\"https:\\\/\\\/secure.gravatar.com\\\/avatar\\\/f398a4de948606b38f0299d90ca738c674b648694bc725ed46503c240269dbf8?s=96&d=mm&r=g\",\"caption\":\"JC.\"},\"url\":\"http:\\\/\\\/www.defensoria.gob.ve\\\/?author=5\"}]}<\/script>\n<!-- \/ Yoast SEO plugin. -->","yoast_head_json":{"title":"Con diversas actividades Delegada de Portuguesa celebr\u00f3 25\u00ba Aniversario de la DdP -","robots":{"index":"index","follow":"follow","max-snippet":"max-snippet:-1","max-image-preview":"max-image-preview:large","max-video-preview":"max-video-preview:-1"},"canonical":"http:\/\/www.defensoria.gob.ve\/?p=11062","og_locale":"es_ES","og_type":"article","og_title":"Con diversas actividades Delegada de Portuguesa celebr\u00f3 25\u00ba Aniversario de la DdP -","og_description":"(Portuguesa\/28-Feb-25) En el marco del 25\u00ba aniversario de la Defensor\u00eda del Pueblo (DdP), Delegada del estado Portuguesa realiz\u00f3 una serie de actividades conmemorativas. Iniciando con una Misa de Acci\u00f3n de&hellip;","og_url":"http:\/\/www.defensoria.gob.ve\/?p=11062","article_published_time":"2025-02-28T16:14:40+00:00","article_modified_time":"2025-02-28T16:15:18+00:00","og_image":[{"width":1176,"height":595,"url":"http:\/\/www.defensoria.gob.ve\/wp-content\/uploads\/2025\/02\/Screenshot_15.png","type":"image\/png"}],"author":"JC.","twitter_card":"summary_large_image","twitter_misc":{"Escrito por":"JC.","Tiempo estimado de lectura":"2 minutos"},"schema":{"@context":"https:\/\/schema.org","@graph":[{"@type":"Article","@id":"http:\/\/www.defensoria.gob.ve\/?p=11062#article","isPartOf":{"@id":"http:\/\/www.defensoria.gob.ve\/?p=11062"},"author":{"name":"JC.","@id":"http:\/\/www.defensoria.gob.ve\/#\/schema\/person\/fba14293189d7b1933ac7fba9d89e24a"},"headline":"Con diversas actividades Delegada de Portuguesa celebr\u00f3 25\u00ba Aniversario de la DdP","datePublished":"2025-02-28T16:14:40+00:00","dateModified":"2025-02-28T16:15:18+00:00","mainEntityOfPage":{"@id":"http:\/\/www.defensoria.gob.ve\/?p=11062"},"wordCount":318,"image":{"@id":"http:\/\/www.defensoria.gob.ve\/?p=11062#primaryimage"},"thumbnailUrl":"http:\/\/www.defensoria.gob.ve\/wp-content\/uploads\/2025\/02\/Screenshot_15.png","articleSection":["REGIONALES"],"inLanguage":"es"},{"@type":"WebPage","@id":"http:\/\/www.defensoria.gob.ve\/?p=11062","url":"http:\/\/www.defensoria.gob.ve\/?p=11062","name":"Con diversas actividades Delegada de Portuguesa celebr\u00f3 25\u00ba Aniversario de la DdP -","isPartOf":{"@id":"http:\/\/www.defensoria.gob.ve\/#website"},"primaryImageOfPage":{"@id":"http:\/\/www.defensoria.gob.ve\/?p=11062#primaryimage"},"image":{"@id":"http:\/\/www.defensoria.gob.ve\/?p=11062#primaryimage"},"thumbnailUrl":"http:\/\/www.defensoria.gob.ve\/wp-content\/uploads\/2025\/02\/Screenshot_15.png","datePublished":"2025-02-28T16:14:40+00:00","dateModified":"2025-02-28T16:15:18+00:00","author":{"@id":"http:\/\/www.defensoria.gob.ve\/#\/schema\/person\/fba14293189d7b1933ac7fba9d89e24a"},"breadcrumb":{"@id":"http:\/\/www.defensoria.gob.ve\/?p=11062#breadcrumb"},"inLanguage":"es","potentialAction":[{"@type":"ReadAction","target":["http:\/\/www.defensoria.gob.ve\/?p=11062"]}]},{"@type":"ImageObject","inLanguage":"es","@id":"http:\/\/www.defensoria.gob.ve\/?p=11062#primaryimage","url":"http:\/\/www.defensoria.gob.ve\/wp-content\/uploads\/2025\/02\/Screenshot_15.png","contentUrl":"http:\/\/www.defensoria.gob.ve\/wp-content\/uploads\/2025\/02\/Screenshot_15.png","width":1176,"height":595},{"@type":"BreadcrumbList","@id":"http:\/\/www.defensoria.gob.ve\/?p=11062#breadcrumb","itemListElement":[{"@type":"ListItem","position":1,"name":"Portada","item":"http:\/\/www.defensoria.gob.ve\/"},{"@type":"ListItem","position":2,"name":"Con diversas actividades Delegada de Portuguesa celebr\u00f3 25\u00ba Aniversario de la DdP"}]},{"@type":"WebSite","@id":"http:\/\/www.defensoria.gob.ve\/#website","url":"http:\/\/www.defensoria.gob.ve\/","name":"","description":"Instituci\u00f3n del Poder Ciudadano para la Promoci\u00f3n, Defensa y Vigilancia de los Derechos Humanos. ","potentialAction":[{"@type":"SearchAction","target":{"@type":"EntryPoint","urlTemplate":"http:\/\/www.defensoria.gob.ve\/?s={search_term_string}"},"query-input":{"@type":"PropertyValueSpecification","valueRequired":true,"valueName":"search_term_string"}}],"inLanguage":"es"},{"@type":"Person","@id":"http:\/\/www.defensoria.gob.ve\/#\/schema\/person\/fba14293189d7b1933ac7fba9d89e24a","name":"JC.","image":{"@type":"ImageObject","inLanguage":"es","@id":"https:\/\/secure.gravatar.com\/avatar\/f398a4de948606b38f0299d90ca738c674b648694bc725ed46503c240269dbf8?s=96&d=mm&r=g","url":"https:\/\/secure.gravatar.com\/avatar\/f398a4de948606b38f0299d90ca738c674b648694bc725ed46503c240269dbf8?s=96&d=mm&r=g","contentUrl":"https:\/\/secure.gravatar.com\/avatar\/f398a4de948606b38f0299d90ca738c674b648694bc725ed46503c240269dbf8?s=96&d=mm&r=g","caption":"JC."},"url":"http:\/\/www.defensoria.gob.ve\/?author=5"}]}},"_links":{"self":[{"href":"http:\/\/www.defensoria.gob.ve\/index.php?rest_route=\/wp\/v2\/posts\/11062","targetHints":{"allow":["GET"]}}],"collection":[{"href":"http:\/\/www.defensoria.gob.ve\/index.php?rest_route=\/wp\/v2\/posts"}],"about":[{"href":"http:\/\/www.defensoria.gob.ve\/index.php?rest_route=\/wp\/v2\/types\/post"}],"author":[{"embeddable":true,"href":"http:\/\/www.defensoria.gob.ve\/index.php?rest_route=\/wp\/v2\/users\/5"}],"replies":[{"embeddable":true,"href":"http:\/\/www.defensoria.gob.ve\/index.php?rest_route=%2Fwp%2Fv2%2Fcomments&post=11062"}],"version-history":[{"count":7,"href":"http:\/\/www.defensoria.gob.ve\/index.php?rest_route=\/wp\/v2\/posts\/11062\/revisions"}],"predecessor-version":[{"id":11071,"href":"http:\/\/www.defensoria.gob.ve\/index.php?rest_route=\/wp\/v2\/posts\/11062\/revisions\/11071"}],"wp:featuredmedia":[{"embeddable":true,"href":"http:\/\/www.defensoria.gob.ve\/index.php?rest_route=\/wp\/v2\/media\/11064"}],"wp:attachment":[{"href":"http:\/\/www.defensoria.gob.ve\/index.php?rest_route=%2Fwp%2Fv2%2Fmedia&parent=11062"}],"wp:term":[{"taxonomy":"category","embeddable":true,"href":"http:\/\/www.defensoria.gob.ve\/index.php?rest_route=%2Fwp%2Fv2%2Fcategories&post=11062"},{"taxonomy":"post_tag","embeddable":true,"href":"http:\/\/www.defensoria.gob.ve\/index.php?rest_route=%2Fwp%2Fv2%2Ftags&post=11062"}],"curies":[{"name":"wp","href":"https:\/\/api.w.org\/{rel}","templated":true}]}}