 
{"id":11148,"date":"2025-03-10T14:36:49","date_gmt":"2025-03-10T18:36:49","guid":{"rendered":"http:\/\/www.defensoria.gob.ve\/?p=11148"},"modified":"2025-03-10T14:37:39","modified_gmt":"2025-03-10T18:37:39","slug":"con-misa-de-accion-de-gracias-la-defensoria-del-pueblo-del-estado-tachira-conmemoro-su-25-aniversario","status":"publish","type":"post","link":"http:\/\/www.defensoria.gob.ve\/?p=11148","title":{"rendered":"Con Misa de Acci\u00f3n de Gracias la Defensor\u00eda del Pueblo del estado T\u00e1chira conmemor\u00f3 su 25\u00b0 Aniversario"},"content":{"rendered":"\t\t<div data-elementor-type=\"wp-post\" data-elementor-id=\"11148\" class=\"elementor elementor-11148\">\n\t\t\t\t\t\t<section class=\"elementor-section elementor-top-section elementor-element elementor-element-7cef0f66 elementor-section-boxed elementor-section-height-default elementor-section-height-default\" data-id=\"7cef0f66\" data-element_type=\"section\" data-e-type=\"section\">\n\t\t\t\t\t\t<div class=\"elementor-container elementor-column-gap-default\">\n\t\t\t\t\t<div class=\"elementor-column elementor-col-100 elementor-top-column elementor-element elementor-element-49018cfc\" data-id=\"49018cfc\" data-element_type=\"column\" data-e-type=\"column\">\n\t\t\t<div class=\"elementor-widget-wrap elementor-element-populated\">\n\t\t\t\t\t\t<div class=\"elementor-element elementor-element-37f8f05e elementor-widget elementor-widget-text-editor\" data-id=\"37f8f05e\" data-element_type=\"widget\" data-e-type=\"widget\" data-widget_type=\"text-editor.default\">\n\t\t\t\t<div class=\"elementor-widget-container\">\n\t\t\t\t\t\t\t\t\t\n<p>(T\u00e1chira\/10-Mar-25) En el marco de su 25\u00b0 Aniversario, la Defensor\u00eda del Pueblo delegada del estado T\u00e1chira, junto a sus servidoras y servidores p\u00fablicos realizaron una Misa de Acci\u00f3n de Gracias para conmemorar dicha fecha y agradecer los logros alcanzados en todos esos a\u00f1os.<\/p>\n\n<figure class=\"wp-block-image size-large\"><img fetchpriority=\"high\" decoding=\"async\" width=\"1024\" height=\"512\" class=\"wp-image-11149\" src=\"http:\/\/www.defensoria.gob.ve\/wp-content\/uploads\/2025\/03\/IMG_20250306_094049-1024x512.jpg\" alt=\"\" srcset=\"http:\/\/www.defensoria.gob.ve\/wp-content\/uploads\/2025\/03\/IMG_20250306_094049-1024x512.jpg 1024w, http:\/\/www.defensoria.gob.ve\/wp-content\/uploads\/2025\/03\/IMG_20250306_094049-300x150.jpg 300w, http:\/\/www.defensoria.gob.ve\/wp-content\/uploads\/2025\/03\/IMG_20250306_094049-768x384.jpg 768w, http:\/\/www.defensoria.gob.ve\/wp-content\/uploads\/2025\/03\/IMG_20250306_094049-1536x768.jpg 1536w, http:\/\/www.defensoria.gob.ve\/wp-content\/uploads\/2025\/03\/IMG_20250306_094049-2048x1024.jpg 2048w\" sizes=\"(max-width: 1024px) 100vw, 1024px\" \/><\/figure>\n\n<p><br \/>La homil\u00eda se realiz\u00f3 en la Capilla Casa Hogar San Pablo de San Crist\u00f3bal, actividad presidida por Celeste Buitrago Delgado, Defensora Delegada de la entidad quien estuvo acompa\u00f1ada de la Jueza Rectora del T\u00e1chira, Mar\u00eda Luisa Pino Garc\u00eda; Dora Guerra del Ministerio P\u00fablico; Marisela P\u00e9rez, titular de la Defensa P\u00fablica; Viviana Castillo, Directora del Sistema de Protecci\u00f3n Integral del Ni\u00f1o, Ni\u00f1a y Adolescente del estado T\u00e1chira; GD. Michell Leonardo Valladares Molina comandante de la ZODI 21 T\u00e1chira, as\u00ed como otras autoridades militares y policiales de la entidad regional.<\/p>\n\n<figure class=\"wp-block-image size-large\"><img decoding=\"async\" width=\"1024\" height=\"512\" class=\"wp-image-11150\" src=\"http:\/\/www.defensoria.gob.ve\/wp-content\/uploads\/2025\/03\/IMG_20250306_101328-1024x512.jpg\" alt=\"\" srcset=\"http:\/\/www.defensoria.gob.ve\/wp-content\/uploads\/2025\/03\/IMG_20250306_101328-1024x512.jpg 1024w, http:\/\/www.defensoria.gob.ve\/wp-content\/uploads\/2025\/03\/IMG_20250306_101328-300x150.jpg 300w, http:\/\/www.defensoria.gob.ve\/wp-content\/uploads\/2025\/03\/IMG_20250306_101328-768x384.jpg 768w, http:\/\/www.defensoria.gob.ve\/wp-content\/uploads\/2025\/03\/IMG_20250306_101328-1536x768.jpg 1536w, http:\/\/www.defensoria.gob.ve\/wp-content\/uploads\/2025\/03\/IMG_20250306_101328-2048x1024.jpg 2048w\" sizes=\"(max-width: 1024px) 100vw, 1024px\" \/><\/figure>\n\n<p><br \/>El acto religioso estuvo dirigido por el Padre Gustavo Roa, quien destac\u00f3 la misi\u00f3n de esta instituci\u00f3n y record\u00f3 que la palabra \u00abPueblo\u00bb y \u201cDefensor\u00eda\u201d que identifica a esta instituci\u00f3n, vienen de las sagradas escrituras. FIN PRENSA DDPT\u00e1chira<\/p>\n\t\t\t\t\t\t\t\t<\/div>\n\t\t\t\t<\/div>\n\t\t\t\t\t<\/div>\n\t\t<\/div>\n\t\t\t\t\t<\/div>\n\t\t<\/section>\n\t\t\t\t<\/div>\n\t\t","protected":false},"excerpt":{"rendered":"<p>(T\u00e1chira\/10-Mar-25) En el marco de su 25\u00b0 Aniversario, la Defensor\u00eda del Pueblo delegada del estado T\u00e1chira, junto a sus servidoras y servidores p\u00fablicos realizaron una Misa de Acci\u00f3n de Gracias&hellip; <\/p>\n","protected":false},"author":14,"featured_media":11151,"comment_status":"closed","ping_status":"open","sticky":false,"template":"","format":"standard","meta":{"footnotes":""},"categories":[5],"tags":[],"class_list":["post-11148","post","type-post","status-publish","format-standard","has-post-thumbnail","hentry","category-regionales"],"yoast_head":"<!-- This site is optimized with the Yoast SEO plugin v27.4 - https:\/\/yoast.com\/product\/yoast-seo-wordpress\/ -->\n<title>Con Misa de Acci\u00f3n de Gracias la Defensor\u00eda del Pueblo del estado T\u00e1chira conmemor\u00f3 su 25\u00b0 Aniversario -<\/title>\n<meta name=\"robots\" content=\"index, follow, max-snippet:-1, max-image-preview:large, max-video-preview:-1\" \/>\n<link rel=\"canonical\" href=\"http:\/\/www.defensoria.gob.ve\/?p=11148\" \/>\n<meta property=\"og:locale\" content=\"es_ES\" \/>\n<meta property=\"og:type\" content=\"article\" \/>\n<meta property=\"og:title\" content=\"Con Misa de Acci\u00f3n de Gracias la Defensor\u00eda del Pueblo del estado T\u00e1chira conmemor\u00f3 su 25\u00b0 Aniversario -\" \/>\n<meta property=\"og:description\" content=\"(T\u00e1chira\/10-Mar-25) En el marco de su 25\u00b0 Aniversario, la Defensor\u00eda del Pueblo delegada del estado T\u00e1chira, junto a sus servidoras y servidores p\u00fablicos realizaron una Misa de Acci\u00f3n de Gracias&hellip;\" \/>\n<meta property=\"og:url\" content=\"http:\/\/www.defensoria.gob.ve\/?p=11148\" \/>\n<meta property=\"article:published_time\" content=\"2025-03-10T18:36:49+00:00\" \/>\n<meta property=\"article:modified_time\" content=\"2025-03-10T18:37:39+00:00\" \/>\n<meta property=\"og:image\" content=\"http:\/\/www.defensoria.gob.ve\/wp-content\/uploads\/2025\/03\/IMG_20250306_095501.jpg\" \/>\n\t<meta property=\"og:image:width\" content=\"2160\" \/>\n\t<meta property=\"og:image:height\" content=\"1080\" \/>\n\t<meta property=\"og:image:type\" content=\"image\/jpeg\" \/>\n<meta name=\"author\" content=\"KF.\" \/>\n<meta name=\"twitter:card\" content=\"summary_large_image\" \/>\n<meta name=\"twitter:label1\" content=\"Escrito por\" \/>\n\t<meta name=\"twitter:data1\" content=\"KF.\" \/>\n\t<meta name=\"twitter:label2\" content=\"Tiempo estimado de lectura\" \/>\n\t<meta name=\"twitter:data2\" content=\"2 minutos\" \/>\n<script type=\"application\/ld+json\" class=\"yoast-schema-graph\">{\"@context\":\"https:\\\/\\\/schema.org\",\"@graph\":[{\"@type\":\"Article\",\"@id\":\"http:\\\/\\\/www.defensoria.gob.ve\\\/?p=11148#article\",\"isPartOf\":{\"@id\":\"http:\\\/\\\/www.defensoria.gob.ve\\\/?p=11148\"},\"author\":{\"name\":\"KF.\",\"@id\":\"http:\\\/\\\/www.defensoria.gob.ve\\\/#\\\/schema\\\/person\\\/0fcc680c550d91982c4c009f5b19b8ec\"},\"headline\":\"Con Misa de Acci\u00f3n de Gracias la Defensor\u00eda del Pueblo del estado T\u00e1chira conmemor\u00f3 su 25\u00b0 Aniversario\",\"datePublished\":\"2025-03-10T18:36:49+00:00\",\"dateModified\":\"2025-03-10T18:37:39+00:00\",\"mainEntityOfPage\":{\"@id\":\"http:\\\/\\\/www.defensoria.gob.ve\\\/?p=11148\"},\"wordCount\":212,\"image\":{\"@id\":\"http:\\\/\\\/www.defensoria.gob.ve\\\/?p=11148#primaryimage\"},\"thumbnailUrl\":\"http:\\\/\\\/www.defensoria.gob.ve\\\/wp-content\\\/uploads\\\/2025\\\/03\\\/IMG_20250306_095501.jpg\",\"articleSection\":[\"REGIONALES\"],\"inLanguage\":\"es\"},{\"@type\":\"WebPage\",\"@id\":\"http:\\\/\\\/www.defensoria.gob.ve\\\/?p=11148\",\"url\":\"http:\\\/\\\/www.defensoria.gob.ve\\\/?p=11148\",\"name\":\"Con Misa de Acci\u00f3n de Gracias la Defensor\u00eda del Pueblo del estado T\u00e1chira conmemor\u00f3 su 25\u00b0 Aniversario -\",\"isPartOf\":{\"@id\":\"http:\\\/\\\/www.defensoria.gob.ve\\\/#website\"},\"primaryImageOfPage\":{\"@id\":\"http:\\\/\\\/www.defensoria.gob.ve\\\/?p=11148#primaryimage\"},\"image\":{\"@id\":\"http:\\\/\\\/www.defensoria.gob.ve\\\/?p=11148#primaryimage\"},\"thumbnailUrl\":\"http:\\\/\\\/www.defensoria.gob.ve\\\/wp-content\\\/uploads\\\/2025\\\/03\\\/IMG_20250306_095501.jpg\",\"datePublished\":\"2025-03-10T18:36:49+00:00\",\"dateModified\":\"2025-03-10T18:37:39+00:00\",\"author\":{\"@id\":\"http:\\\/\\\/www.defensoria.gob.ve\\\/#\\\/schema\\\/person\\\/0fcc680c550d91982c4c009f5b19b8ec\"},\"breadcrumb\":{\"@id\":\"http:\\\/\\\/www.defensoria.gob.ve\\\/?p=11148#breadcrumb\"},\"inLanguage\":\"es\",\"potentialAction\":[{\"@type\":\"ReadAction\",\"target\":[\"http:\\\/\\\/www.defensoria.gob.ve\\\/?p=11148\"]}]},{\"@type\":\"ImageObject\",\"inLanguage\":\"es\",\"@id\":\"http:\\\/\\\/www.defensoria.gob.ve\\\/?p=11148#primaryimage\",\"url\":\"http:\\\/\\\/www.defensoria.gob.ve\\\/wp-content\\\/uploads\\\/2025\\\/03\\\/IMG_20250306_095501.jpg\",\"contentUrl\":\"http:\\\/\\\/www.defensoria.gob.ve\\\/wp-content\\\/uploads\\\/2025\\\/03\\\/IMG_20250306_095501.jpg\",\"width\":2160,\"height\":1080},{\"@type\":\"BreadcrumbList\",\"@id\":\"http:\\\/\\\/www.defensoria.gob.ve\\\/?p=11148#breadcrumb\",\"itemListElement\":[{\"@type\":\"ListItem\",\"position\":1,\"name\":\"Portada\",\"item\":\"http:\\\/\\\/www.defensoria.gob.ve\\\/\"},{\"@type\":\"ListItem\",\"position\":2,\"name\":\"Con Misa de Acci\u00f3n de Gracias la Defensor\u00eda del Pueblo del estado T\u00e1chira conmemor\u00f3 su 25\u00b0 Aniversario\"}]},{\"@type\":\"WebSite\",\"@id\":\"http:\\\/\\\/www.defensoria.gob.ve\\\/#website\",\"url\":\"http:\\\/\\\/www.defensoria.gob.ve\\\/\",\"name\":\"\",\"description\":\"Instituci\u00f3n del Poder Ciudadano para la Promoci\u00f3n, Defensa y Vigilancia de los Derechos Humanos. \",\"potentialAction\":[{\"@type\":\"SearchAction\",\"target\":{\"@type\":\"EntryPoint\",\"urlTemplate\":\"http:\\\/\\\/www.defensoria.gob.ve\\\/?s={search_term_string}\"},\"query-input\":{\"@type\":\"PropertyValueSpecification\",\"valueRequired\":true,\"valueName\":\"search_term_string\"}}],\"inLanguage\":\"es\"},{\"@type\":\"Person\",\"@id\":\"http:\\\/\\\/www.defensoria.gob.ve\\\/#\\\/schema\\\/person\\\/0fcc680c550d91982c4c009f5b19b8ec\",\"name\":\"KF.\",\"image\":{\"@type\":\"ImageObject\",\"inLanguage\":\"es\",\"@id\":\"https:\\\/\\\/secure.gravatar.com\\\/avatar\\\/d7d0d6b70133abf46e0bf5e7f5f63f5ae46353601f9ad9a981c38691d4b186b0?s=96&d=mm&r=g\",\"url\":\"https:\\\/\\\/secure.gravatar.com\\\/avatar\\\/d7d0d6b70133abf46e0bf5e7f5f63f5ae46353601f9ad9a981c38691d4b186b0?s=96&d=mm&r=g\",\"contentUrl\":\"https:\\\/\\\/secure.gravatar.com\\\/avatar\\\/d7d0d6b70133abf46e0bf5e7f5f63f5ae46353601f9ad9a981c38691d4b186b0?s=96&d=mm&r=g\",\"caption\":\"KF.\"},\"url\":\"http:\\\/\\\/www.defensoria.gob.ve\\\/?author=14\"}]}<\/script>\n<!-- \/ Yoast SEO plugin. -->","yoast_head_json":{"title":"Con Misa de Acci\u00f3n de Gracias la Defensor\u00eda del Pueblo del estado T\u00e1chira conmemor\u00f3 su 25\u00b0 Aniversario -","robots":{"index":"index","follow":"follow","max-snippet":"max-snippet:-1","max-image-preview":"max-image-preview:large","max-video-preview":"max-video-preview:-1"},"canonical":"http:\/\/www.defensoria.gob.ve\/?p=11148","og_locale":"es_ES","og_type":"article","og_title":"Con Misa de Acci\u00f3n de Gracias la Defensor\u00eda del Pueblo del estado T\u00e1chira conmemor\u00f3 su 25\u00b0 Aniversario -","og_description":"(T\u00e1chira\/10-Mar-25) En el marco de su 25\u00b0 Aniversario, la Defensor\u00eda del Pueblo delegada del estado T\u00e1chira, junto a sus servidoras y servidores p\u00fablicos realizaron una Misa de Acci\u00f3n de Gracias&hellip;","og_url":"http:\/\/www.defensoria.gob.ve\/?p=11148","article_published_time":"2025-03-10T18:36:49+00:00","article_modified_time":"2025-03-10T18:37:39+00:00","og_image":[{"width":2160,"height":1080,"url":"http:\/\/www.defensoria.gob.ve\/wp-content\/uploads\/2025\/03\/IMG_20250306_095501.jpg","type":"image\/jpeg"}],"author":"KF.","twitter_card":"summary_large_image","twitter_misc":{"Escrito por":"KF.","Tiempo estimado de lectura":"2 minutos"},"schema":{"@context":"https:\/\/schema.org","@graph":[{"@type":"Article","@id":"http:\/\/www.defensoria.gob.ve\/?p=11148#article","isPartOf":{"@id":"http:\/\/www.defensoria.gob.ve\/?p=11148"},"author":{"name":"KF.","@id":"http:\/\/www.defensoria.gob.ve\/#\/schema\/person\/0fcc680c550d91982c4c009f5b19b8ec"},"headline":"Con Misa de Acci\u00f3n de Gracias la Defensor\u00eda del Pueblo del estado T\u00e1chira conmemor\u00f3 su 25\u00b0 Aniversario","datePublished":"2025-03-10T18:36:49+00:00","dateModified":"2025-03-10T18:37:39+00:00","mainEntityOfPage":{"@id":"http:\/\/www.defensoria.gob.ve\/?p=11148"},"wordCount":212,"image":{"@id":"http:\/\/www.defensoria.gob.ve\/?p=11148#primaryimage"},"thumbnailUrl":"http:\/\/www.defensoria.gob.ve\/wp-content\/uploads\/2025\/03\/IMG_20250306_095501.jpg","articleSection":["REGIONALES"],"inLanguage":"es"},{"@type":"WebPage","@id":"http:\/\/www.defensoria.gob.ve\/?p=11148","url":"http:\/\/www.defensoria.gob.ve\/?p=11148","name":"Con Misa de Acci\u00f3n de Gracias la Defensor\u00eda del Pueblo del estado T\u00e1chira conmemor\u00f3 su 25\u00b0 Aniversario -","isPartOf":{"@id":"http:\/\/www.defensoria.gob.ve\/#website"},"primaryImageOfPage":{"@id":"http:\/\/www.defensoria.gob.ve\/?p=11148#primaryimage"},"image":{"@id":"http:\/\/www.defensoria.gob.ve\/?p=11148#primaryimage"},"thumbnailUrl":"http:\/\/www.defensoria.gob.ve\/wp-content\/uploads\/2025\/03\/IMG_20250306_095501.jpg","datePublished":"2025-03-10T18:36:49+00:00","dateModified":"2025-03-10T18:37:39+00:00","author":{"@id":"http:\/\/www.defensoria.gob.ve\/#\/schema\/person\/0fcc680c550d91982c4c009f5b19b8ec"},"breadcrumb":{"@id":"http:\/\/www.defensoria.gob.ve\/?p=11148#breadcrumb"},"inLanguage":"es","potentialAction":[{"@type":"ReadAction","target":["http:\/\/www.defensoria.gob.ve\/?p=11148"]}]},{"@type":"ImageObject","inLanguage":"es","@id":"http:\/\/www.defensoria.gob.ve\/?p=11148#primaryimage","url":"http:\/\/www.defensoria.gob.ve\/wp-content\/uploads\/2025\/03\/IMG_20250306_095501.jpg","contentUrl":"http:\/\/www.defensoria.gob.ve\/wp-content\/uploads\/2025\/03\/IMG_20250306_095501.jpg","width":2160,"height":1080},{"@type":"BreadcrumbList","@id":"http:\/\/www.defensoria.gob.ve\/?p=11148#breadcrumb","itemListElement":[{"@type":"ListItem","position":1,"name":"Portada","item":"http:\/\/www.defensoria.gob.ve\/"},{"@type":"ListItem","position":2,"name":"Con Misa de Acci\u00f3n de Gracias la Defensor\u00eda del Pueblo del estado T\u00e1chira conmemor\u00f3 su 25\u00b0 Aniversario"}]},{"@type":"WebSite","@id":"http:\/\/www.defensoria.gob.ve\/#website","url":"http:\/\/www.defensoria.gob.ve\/","name":"","description":"Instituci\u00f3n del Poder Ciudadano para la Promoci\u00f3n, Defensa y Vigilancia de los Derechos Humanos. ","potentialAction":[{"@type":"SearchAction","target":{"@type":"EntryPoint","urlTemplate":"http:\/\/www.defensoria.gob.ve\/?s={search_term_string}"},"query-input":{"@type":"PropertyValueSpecification","valueRequired":true,"valueName":"search_term_string"}}],"inLanguage":"es"},{"@type":"Person","@id":"http:\/\/www.defensoria.gob.ve\/#\/schema\/person\/0fcc680c550d91982c4c009f5b19b8ec","name":"KF.","image":{"@type":"ImageObject","inLanguage":"es","@id":"https:\/\/secure.gravatar.com\/avatar\/d7d0d6b70133abf46e0bf5e7f5f63f5ae46353601f9ad9a981c38691d4b186b0?s=96&d=mm&r=g","url":"https:\/\/secure.gravatar.com\/avatar\/d7d0d6b70133abf46e0bf5e7f5f63f5ae46353601f9ad9a981c38691d4b186b0?s=96&d=mm&r=g","contentUrl":"https:\/\/secure.gravatar.com\/avatar\/d7d0d6b70133abf46e0bf5e7f5f63f5ae46353601f9ad9a981c38691d4b186b0?s=96&d=mm&r=g","caption":"KF."},"url":"http:\/\/www.defensoria.gob.ve\/?author=14"}]}},"_links":{"self":[{"href":"http:\/\/www.defensoria.gob.ve\/index.php?rest_route=\/wp\/v2\/posts\/11148","targetHints":{"allow":["GET"]}}],"collection":[{"href":"http:\/\/www.defensoria.gob.ve\/index.php?rest_route=\/wp\/v2\/posts"}],"about":[{"href":"http:\/\/www.defensoria.gob.ve\/index.php?rest_route=\/wp\/v2\/types\/post"}],"author":[{"embeddable":true,"href":"http:\/\/www.defensoria.gob.ve\/index.php?rest_route=\/wp\/v2\/users\/14"}],"replies":[{"embeddable":true,"href":"http:\/\/www.defensoria.gob.ve\/index.php?rest_route=%2Fwp%2Fv2%2Fcomments&post=11148"}],"version-history":[{"count":4,"href":"http:\/\/www.defensoria.gob.ve\/index.php?rest_route=\/wp\/v2\/posts\/11148\/revisions"}],"predecessor-version":[{"id":11155,"href":"http:\/\/www.defensoria.gob.ve\/index.php?rest_route=\/wp\/v2\/posts\/11148\/revisions\/11155"}],"wp:featuredmedia":[{"embeddable":true,"href":"http:\/\/www.defensoria.gob.ve\/index.php?rest_route=\/wp\/v2\/media\/11151"}],"wp:attachment":[{"href":"http:\/\/www.defensoria.gob.ve\/index.php?rest_route=%2Fwp%2Fv2%2Fmedia&parent=11148"}],"wp:term":[{"taxonomy":"category","embeddable":true,"href":"http:\/\/www.defensoria.gob.ve\/index.php?rest_route=%2Fwp%2Fv2%2Fcategories&post=11148"},{"taxonomy":"post_tag","embeddable":true,"href":"http:\/\/www.defensoria.gob.ve\/index.php?rest_route=%2Fwp%2Fv2%2Ftags&post=11148"}],"curies":[{"name":"wp","href":"https:\/\/api.w.org\/{rel}","templated":true}]}}