 
{"id":11200,"date":"2025-03-12T12:07:50","date_gmt":"2025-03-12T16:07:50","guid":{"rendered":"http:\/\/www.defensoria.gob.ve\/?p=11200"},"modified":"2025-03-12T12:08:18","modified_gmt":"2025-03-12T16:08:18","slug":"delegada-de-bolivar-realizo-visitas-a-cinco-centros-de-detencion-preventiva-de-la-gnb","status":"publish","type":"post","link":"http:\/\/www.defensoria.gob.ve\/?p=11200","title":{"rendered":"Delegada de Bol\u00edvar realiz\u00f3 visitas a cinco centros de detenci\u00f3n preventiva de la GNB"},"content":{"rendered":"\t\t<div data-elementor-type=\"wp-post\" data-elementor-id=\"11200\" class=\"elementor elementor-11200\">\n\t\t\t\t\t\t<section class=\"elementor-section elementor-top-section elementor-element elementor-element-4aebe575 elementor-section-boxed elementor-section-height-default elementor-section-height-default\" data-id=\"4aebe575\" data-element_type=\"section\" data-e-type=\"section\">\n\t\t\t\t\t\t<div class=\"elementor-container elementor-column-gap-default\">\n\t\t\t\t\t<div class=\"elementor-column elementor-col-100 elementor-top-column elementor-element elementor-element-38f8ce39\" data-id=\"38f8ce39\" data-element_type=\"column\" data-e-type=\"column\">\n\t\t\t<div class=\"elementor-widget-wrap elementor-element-populated\">\n\t\t\t\t\t\t<div class=\"elementor-element elementor-element-13589331 elementor-widget elementor-widget-text-editor\" data-id=\"13589331\" data-element_type=\"widget\" data-e-type=\"widget\" data-widget_type=\"text-editor.default\">\n\t\t\t\t<div class=\"elementor-widget-container\">\n\t\t\t\t\t\t\t\t\t\n<p><strong>(Bol\u00edvar\/12-Mar-25) <\/strong>La Defensor\u00eda Delegada del estado Bol\u00edvar realiz\u00f3 una actividad de acompa\u00f1amiento en cinco centros de detenci\u00f3n preventiva del Comando de Zona N\u00b0 62 de la Guardia Nacional Bolivariana (GNB) de la entidad.<\/p>\n\n\n<div class=\"wp-block-image\">\n<figure class=\"aligncenter size-full\"><img fetchpriority=\"high\" decoding=\"async\" width=\"651\" height=\"453\" src=\"http:\/\/www.defensoria.gob.ve\/wp-content\/uploads\/2025\/03\/Screenshot_4-1.png\" alt=\"\" class=\"wp-image-11201\" srcset=\"http:\/\/www.defensoria.gob.ve\/wp-content\/uploads\/2025\/03\/Screenshot_4-1.png 651w, http:\/\/www.defensoria.gob.ve\/wp-content\/uploads\/2025\/03\/Screenshot_4-1-300x209.png 300w\" sizes=\"(max-width: 651px) 100vw, 651px\" \/><\/figure><\/div>\n\n\n<p>Durante la visita se pudo constatar que los centros de detenci\u00f3n cuentan con celdas para masculinos y femeninas, con ba\u00f1os, ventilaci\u00f3n natural y artificial, as\u00ed mismo se garantiza la visita de los familiares, la comida y el aseo personal.<\/p>\n\n\n\n<p>Asimismo, se les facilit\u00f3 a los privados y las privadas de libertad actividades de promoci\u00f3n con charlas y conversatorios sobre las atribuciones y competencias de la Defensor\u00eda del Pueblo y el derecho al debido proceso. <strong>FIN \/ PRENSA Defensor\u00eda<\/strong><\/p>\n\t\t\t\t\t\t\t\t<\/div>\n\t\t\t\t<\/div>\n\t\t\t\t\t<\/div>\n\t\t<\/div>\n\t\t\t\t\t<\/div>\n\t\t<\/section>\n\t\t\t\t<\/div>\n\t\t","protected":false},"excerpt":{"rendered":"<p>(Bol\u00edvar\/12-Mar-25) La Defensor\u00eda Delegada del estado Bol\u00edvar realiz\u00f3 una actividad de acompa\u00f1amiento en cinco centros de detenci\u00f3n preventiva del Comando de Zona N\u00b0 62 de la Guardia Nacional Bolivariana (GNB)&hellip; <\/p>\n","protected":false},"author":5,"featured_media":11202,"comment_status":"closed","ping_status":"open","sticky":false,"template":"","format":"standard","meta":{"footnotes":""},"categories":[5],"tags":[],"class_list":["post-11200","post","type-post","status-publish","format-standard","has-post-thumbnail","hentry","category-regionales"],"yoast_head":"<!-- This site is optimized with the Yoast SEO plugin v27.4 - https:\/\/yoast.com\/product\/yoast-seo-wordpress\/ -->\n<title>Delegada de Bol\u00edvar realiz\u00f3 visitas a cinco centros de detenci\u00f3n preventiva de la GNB -<\/title>\n<meta name=\"robots\" content=\"index, follow, max-snippet:-1, max-image-preview:large, max-video-preview:-1\" \/>\n<link rel=\"canonical\" href=\"http:\/\/www.defensoria.gob.ve\/?p=11200\" \/>\n<meta property=\"og:locale\" content=\"es_ES\" \/>\n<meta property=\"og:type\" content=\"article\" \/>\n<meta property=\"og:title\" content=\"Delegada de Bol\u00edvar realiz\u00f3 visitas a cinco centros de detenci\u00f3n preventiva de la GNB -\" \/>\n<meta property=\"og:description\" content=\"(Bol\u00edvar\/12-Mar-25) La Defensor\u00eda Delegada del estado Bol\u00edvar realiz\u00f3 una actividad de acompa\u00f1amiento en cinco centros de detenci\u00f3n preventiva del Comando de Zona N\u00b0 62 de la Guardia Nacional Bolivariana (GNB)&hellip;\" \/>\n<meta property=\"og:url\" content=\"http:\/\/www.defensoria.gob.ve\/?p=11200\" \/>\n<meta property=\"article:published_time\" content=\"2025-03-12T16:07:50+00:00\" \/>\n<meta property=\"article:modified_time\" content=\"2025-03-12T16:08:18+00:00\" \/>\n<meta property=\"og:image\" content=\"http:\/\/www.defensoria.gob.ve\/wp-content\/uploads\/2025\/03\/Screenshot_3-1.png\" \/>\n\t<meta property=\"og:image:width\" content=\"761\" \/>\n\t<meta property=\"og:image:height\" content=\"532\" \/>\n\t<meta property=\"og:image:type\" content=\"image\/png\" \/>\n<meta name=\"author\" content=\"JC.\" \/>\n<meta name=\"twitter:card\" content=\"summary_large_image\" \/>\n<meta name=\"twitter:label1\" content=\"Escrito por\" \/>\n\t<meta name=\"twitter:data1\" content=\"JC.\" \/>\n\t<meta name=\"twitter:label2\" content=\"Tiempo estimado de lectura\" \/>\n\t<meta name=\"twitter:data2\" content=\"1 minuto\" \/>\n<script type=\"application\/ld+json\" class=\"yoast-schema-graph\">{\"@context\":\"https:\\\/\\\/schema.org\",\"@graph\":[{\"@type\":\"Article\",\"@id\":\"http:\\\/\\\/www.defensoria.gob.ve\\\/?p=11200#article\",\"isPartOf\":{\"@id\":\"http:\\\/\\\/www.defensoria.gob.ve\\\/?p=11200\"},\"author\":{\"name\":\"JC.\",\"@id\":\"http:\\\/\\\/www.defensoria.gob.ve\\\/#\\\/schema\\\/person\\\/fba14293189d7b1933ac7fba9d89e24a\"},\"headline\":\"Delegada de Bol\u00edvar realiz\u00f3 visitas a cinco centros de detenci\u00f3n preventiva de la GNB\",\"datePublished\":\"2025-03-12T16:07:50+00:00\",\"dateModified\":\"2025-03-12T16:08:18+00:00\",\"mainEntityOfPage\":{\"@id\":\"http:\\\/\\\/www.defensoria.gob.ve\\\/?p=11200\"},\"wordCount\":137,\"image\":{\"@id\":\"http:\\\/\\\/www.defensoria.gob.ve\\\/?p=11200#primaryimage\"},\"thumbnailUrl\":\"http:\\\/\\\/www.defensoria.gob.ve\\\/wp-content\\\/uploads\\\/2025\\\/03\\\/Screenshot_3-1.png\",\"articleSection\":[\"REGIONALES\"],\"inLanguage\":\"es\"},{\"@type\":\"WebPage\",\"@id\":\"http:\\\/\\\/www.defensoria.gob.ve\\\/?p=11200\",\"url\":\"http:\\\/\\\/www.defensoria.gob.ve\\\/?p=11200\",\"name\":\"Delegada de Bol\u00edvar realiz\u00f3 visitas a cinco centros de detenci\u00f3n preventiva de la GNB -\",\"isPartOf\":{\"@id\":\"http:\\\/\\\/www.defensoria.gob.ve\\\/#website\"},\"primaryImageOfPage\":{\"@id\":\"http:\\\/\\\/www.defensoria.gob.ve\\\/?p=11200#primaryimage\"},\"image\":{\"@id\":\"http:\\\/\\\/www.defensoria.gob.ve\\\/?p=11200#primaryimage\"},\"thumbnailUrl\":\"http:\\\/\\\/www.defensoria.gob.ve\\\/wp-content\\\/uploads\\\/2025\\\/03\\\/Screenshot_3-1.png\",\"datePublished\":\"2025-03-12T16:07:50+00:00\",\"dateModified\":\"2025-03-12T16:08:18+00:00\",\"author\":{\"@id\":\"http:\\\/\\\/www.defensoria.gob.ve\\\/#\\\/schema\\\/person\\\/fba14293189d7b1933ac7fba9d89e24a\"},\"breadcrumb\":{\"@id\":\"http:\\\/\\\/www.defensoria.gob.ve\\\/?p=11200#breadcrumb\"},\"inLanguage\":\"es\",\"potentialAction\":[{\"@type\":\"ReadAction\",\"target\":[\"http:\\\/\\\/www.defensoria.gob.ve\\\/?p=11200\"]}]},{\"@type\":\"ImageObject\",\"inLanguage\":\"es\",\"@id\":\"http:\\\/\\\/www.defensoria.gob.ve\\\/?p=11200#primaryimage\",\"url\":\"http:\\\/\\\/www.defensoria.gob.ve\\\/wp-content\\\/uploads\\\/2025\\\/03\\\/Screenshot_3-1.png\",\"contentUrl\":\"http:\\\/\\\/www.defensoria.gob.ve\\\/wp-content\\\/uploads\\\/2025\\\/03\\\/Screenshot_3-1.png\",\"width\":761,\"height\":532},{\"@type\":\"BreadcrumbList\",\"@id\":\"http:\\\/\\\/www.defensoria.gob.ve\\\/?p=11200#breadcrumb\",\"itemListElement\":[{\"@type\":\"ListItem\",\"position\":1,\"name\":\"Portada\",\"item\":\"http:\\\/\\\/www.defensoria.gob.ve\\\/\"},{\"@type\":\"ListItem\",\"position\":2,\"name\":\"Delegada de Bol\u00edvar realiz\u00f3 visitas a cinco centros de detenci\u00f3n preventiva de la GNB\"}]},{\"@type\":\"WebSite\",\"@id\":\"http:\\\/\\\/www.defensoria.gob.ve\\\/#website\",\"url\":\"http:\\\/\\\/www.defensoria.gob.ve\\\/\",\"name\":\"\",\"description\":\"Instituci\u00f3n del Poder Ciudadano para la Promoci\u00f3n, Defensa y Vigilancia de los Derechos Humanos. \",\"potentialAction\":[{\"@type\":\"SearchAction\",\"target\":{\"@type\":\"EntryPoint\",\"urlTemplate\":\"http:\\\/\\\/www.defensoria.gob.ve\\\/?s={search_term_string}\"},\"query-input\":{\"@type\":\"PropertyValueSpecification\",\"valueRequired\":true,\"valueName\":\"search_term_string\"}}],\"inLanguage\":\"es\"},{\"@type\":\"Person\",\"@id\":\"http:\\\/\\\/www.defensoria.gob.ve\\\/#\\\/schema\\\/person\\\/fba14293189d7b1933ac7fba9d89e24a\",\"name\":\"JC.\",\"image\":{\"@type\":\"ImageObject\",\"inLanguage\":\"es\",\"@id\":\"https:\\\/\\\/secure.gravatar.com\\\/avatar\\\/f398a4de948606b38f0299d90ca738c674b648694bc725ed46503c240269dbf8?s=96&d=mm&r=g\",\"url\":\"https:\\\/\\\/secure.gravatar.com\\\/avatar\\\/f398a4de948606b38f0299d90ca738c674b648694bc725ed46503c240269dbf8?s=96&d=mm&r=g\",\"contentUrl\":\"https:\\\/\\\/secure.gravatar.com\\\/avatar\\\/f398a4de948606b38f0299d90ca738c674b648694bc725ed46503c240269dbf8?s=96&d=mm&r=g\",\"caption\":\"JC.\"},\"url\":\"http:\\\/\\\/www.defensoria.gob.ve\\\/?author=5\"}]}<\/script>\n<!-- \/ Yoast SEO plugin. -->","yoast_head_json":{"title":"Delegada de Bol\u00edvar realiz\u00f3 visitas a cinco centros de detenci\u00f3n preventiva de la GNB -","robots":{"index":"index","follow":"follow","max-snippet":"max-snippet:-1","max-image-preview":"max-image-preview:large","max-video-preview":"max-video-preview:-1"},"canonical":"http:\/\/www.defensoria.gob.ve\/?p=11200","og_locale":"es_ES","og_type":"article","og_title":"Delegada de Bol\u00edvar realiz\u00f3 visitas a cinco centros de detenci\u00f3n preventiva de la GNB -","og_description":"(Bol\u00edvar\/12-Mar-25) La Defensor\u00eda Delegada del estado Bol\u00edvar realiz\u00f3 una actividad de acompa\u00f1amiento en cinco centros de detenci\u00f3n preventiva del Comando de Zona N\u00b0 62 de la Guardia Nacional Bolivariana (GNB)&hellip;","og_url":"http:\/\/www.defensoria.gob.ve\/?p=11200","article_published_time":"2025-03-12T16:07:50+00:00","article_modified_time":"2025-03-12T16:08:18+00:00","og_image":[{"width":761,"height":532,"url":"http:\/\/www.defensoria.gob.ve\/wp-content\/uploads\/2025\/03\/Screenshot_3-1.png","type":"image\/png"}],"author":"JC.","twitter_card":"summary_large_image","twitter_misc":{"Escrito por":"JC.","Tiempo estimado de lectura":"1 minuto"},"schema":{"@context":"https:\/\/schema.org","@graph":[{"@type":"Article","@id":"http:\/\/www.defensoria.gob.ve\/?p=11200#article","isPartOf":{"@id":"http:\/\/www.defensoria.gob.ve\/?p=11200"},"author":{"name":"JC.","@id":"http:\/\/www.defensoria.gob.ve\/#\/schema\/person\/fba14293189d7b1933ac7fba9d89e24a"},"headline":"Delegada de Bol\u00edvar realiz\u00f3 visitas a cinco centros de detenci\u00f3n preventiva de la GNB","datePublished":"2025-03-12T16:07:50+00:00","dateModified":"2025-03-12T16:08:18+00:00","mainEntityOfPage":{"@id":"http:\/\/www.defensoria.gob.ve\/?p=11200"},"wordCount":137,"image":{"@id":"http:\/\/www.defensoria.gob.ve\/?p=11200#primaryimage"},"thumbnailUrl":"http:\/\/www.defensoria.gob.ve\/wp-content\/uploads\/2025\/03\/Screenshot_3-1.png","articleSection":["REGIONALES"],"inLanguage":"es"},{"@type":"WebPage","@id":"http:\/\/www.defensoria.gob.ve\/?p=11200","url":"http:\/\/www.defensoria.gob.ve\/?p=11200","name":"Delegada de Bol\u00edvar realiz\u00f3 visitas a cinco centros de detenci\u00f3n preventiva de la GNB -","isPartOf":{"@id":"http:\/\/www.defensoria.gob.ve\/#website"},"primaryImageOfPage":{"@id":"http:\/\/www.defensoria.gob.ve\/?p=11200#primaryimage"},"image":{"@id":"http:\/\/www.defensoria.gob.ve\/?p=11200#primaryimage"},"thumbnailUrl":"http:\/\/www.defensoria.gob.ve\/wp-content\/uploads\/2025\/03\/Screenshot_3-1.png","datePublished":"2025-03-12T16:07:50+00:00","dateModified":"2025-03-12T16:08:18+00:00","author":{"@id":"http:\/\/www.defensoria.gob.ve\/#\/schema\/person\/fba14293189d7b1933ac7fba9d89e24a"},"breadcrumb":{"@id":"http:\/\/www.defensoria.gob.ve\/?p=11200#breadcrumb"},"inLanguage":"es","potentialAction":[{"@type":"ReadAction","target":["http:\/\/www.defensoria.gob.ve\/?p=11200"]}]},{"@type":"ImageObject","inLanguage":"es","@id":"http:\/\/www.defensoria.gob.ve\/?p=11200#primaryimage","url":"http:\/\/www.defensoria.gob.ve\/wp-content\/uploads\/2025\/03\/Screenshot_3-1.png","contentUrl":"http:\/\/www.defensoria.gob.ve\/wp-content\/uploads\/2025\/03\/Screenshot_3-1.png","width":761,"height":532},{"@type":"BreadcrumbList","@id":"http:\/\/www.defensoria.gob.ve\/?p=11200#breadcrumb","itemListElement":[{"@type":"ListItem","position":1,"name":"Portada","item":"http:\/\/www.defensoria.gob.ve\/"},{"@type":"ListItem","position":2,"name":"Delegada de Bol\u00edvar realiz\u00f3 visitas a cinco centros de detenci\u00f3n preventiva de la GNB"}]},{"@type":"WebSite","@id":"http:\/\/www.defensoria.gob.ve\/#website","url":"http:\/\/www.defensoria.gob.ve\/","name":"","description":"Instituci\u00f3n del Poder Ciudadano para la Promoci\u00f3n, Defensa y Vigilancia de los Derechos Humanos. ","potentialAction":[{"@type":"SearchAction","target":{"@type":"EntryPoint","urlTemplate":"http:\/\/www.defensoria.gob.ve\/?s={search_term_string}"},"query-input":{"@type":"PropertyValueSpecification","valueRequired":true,"valueName":"search_term_string"}}],"inLanguage":"es"},{"@type":"Person","@id":"http:\/\/www.defensoria.gob.ve\/#\/schema\/person\/fba14293189d7b1933ac7fba9d89e24a","name":"JC.","image":{"@type":"ImageObject","inLanguage":"es","@id":"https:\/\/secure.gravatar.com\/avatar\/f398a4de948606b38f0299d90ca738c674b648694bc725ed46503c240269dbf8?s=96&d=mm&r=g","url":"https:\/\/secure.gravatar.com\/avatar\/f398a4de948606b38f0299d90ca738c674b648694bc725ed46503c240269dbf8?s=96&d=mm&r=g","contentUrl":"https:\/\/secure.gravatar.com\/avatar\/f398a4de948606b38f0299d90ca738c674b648694bc725ed46503c240269dbf8?s=96&d=mm&r=g","caption":"JC."},"url":"http:\/\/www.defensoria.gob.ve\/?author=5"}]}},"_links":{"self":[{"href":"http:\/\/www.defensoria.gob.ve\/index.php?rest_route=\/wp\/v2\/posts\/11200","targetHints":{"allow":["GET"]}}],"collection":[{"href":"http:\/\/www.defensoria.gob.ve\/index.php?rest_route=\/wp\/v2\/posts"}],"about":[{"href":"http:\/\/www.defensoria.gob.ve\/index.php?rest_route=\/wp\/v2\/types\/post"}],"author":[{"embeddable":true,"href":"http:\/\/www.defensoria.gob.ve\/index.php?rest_route=\/wp\/v2\/users\/5"}],"replies":[{"embeddable":true,"href":"http:\/\/www.defensoria.gob.ve\/index.php?rest_route=%2Fwp%2Fv2%2Fcomments&post=11200"}],"version-history":[{"count":4,"href":"http:\/\/www.defensoria.gob.ve\/index.php?rest_route=\/wp\/v2\/posts\/11200\/revisions"}],"predecessor-version":[{"id":11206,"href":"http:\/\/www.defensoria.gob.ve\/index.php?rest_route=\/wp\/v2\/posts\/11200\/revisions\/11206"}],"wp:featuredmedia":[{"embeddable":true,"href":"http:\/\/www.defensoria.gob.ve\/index.php?rest_route=\/wp\/v2\/media\/11202"}],"wp:attachment":[{"href":"http:\/\/www.defensoria.gob.ve\/index.php?rest_route=%2Fwp%2Fv2%2Fmedia&parent=11200"}],"wp:term":[{"taxonomy":"category","embeddable":true,"href":"http:\/\/www.defensoria.gob.ve\/index.php?rest_route=%2Fwp%2Fv2%2Fcategories&post=11200"},{"taxonomy":"post_tag","embeddable":true,"href":"http:\/\/www.defensoria.gob.ve\/index.php?rest_route=%2Fwp%2Fv2%2Ftags&post=11200"}],"curies":[{"name":"wp","href":"https:\/\/api.w.org\/{rel}","templated":true}]}}