 
{"id":11215,"date":"2025-03-12T18:16:21","date_gmt":"2025-03-12T22:16:21","guid":{"rendered":"http:\/\/www.defensoria.gob.ve\/?p=11215"},"modified":"2025-03-12T18:35:20","modified_gmt":"2025-03-12T22:35:20","slug":"en-el-mes-de-las-mujeres-defensoria-del-pueblo-certifico-a-78-personas-en-materia-de-dd-hh-pertenecientes-a-la-alcaldia-del-municipio-acevedo","status":"publish","type":"post","link":"http:\/\/www.defensoria.gob.ve\/?p=11215","title":{"rendered":"En el mes de las mujeres Defensor\u00eda del Pueblo certific\u00f3 a 78 personas en materia de DD.HH. pertenecientes a la Alcald\u00eda del municipio Acevedo"},"content":{"rendered":"\t\t<div data-elementor-type=\"wp-post\" data-elementor-id=\"11215\" class=\"elementor elementor-11215\">\n\t\t\t\t\t\t<section class=\"elementor-section elementor-top-section elementor-element elementor-element-75099292 elementor-section-boxed elementor-section-height-default elementor-section-height-default\" data-id=\"75099292\" data-element_type=\"section\" data-e-type=\"section\">\n\t\t\t\t\t\t<div class=\"elementor-container elementor-column-gap-default\">\n\t\t\t\t\t<div class=\"elementor-column elementor-col-100 elementor-top-column elementor-element elementor-element-4c71911b\" data-id=\"4c71911b\" data-element_type=\"column\" data-e-type=\"column\">\n\t\t\t<div class=\"elementor-widget-wrap elementor-element-populated\">\n\t\t\t\t\t\t<div class=\"elementor-element elementor-element-12bc0bdf elementor-widget elementor-widget-text-editor\" data-id=\"12bc0bdf\" data-element_type=\"widget\" data-e-type=\"widget\" data-widget_type=\"text-editor.default\">\n\t\t\t\t<div class=\"elementor-widget-container\">\n\t\t\t\t\t\t\t\t\t<p><\/p>\n<p><strong>(Miranda\/12-Mar-25) <\/strong>Este mi\u00e9rcoles el Defensor del Pueblo, Alfredo Ruiz, continuando con las actividades en el mes de las mujeres, junto al Alcalde del municipio Acevedo, Jos\u00e9 Oliveros, la presidenta del Instituto Municipal de la Mujer y primera combatiente del municipio, Yeraldine Arellano de Oliveros y el Defensor Delegado del estado Miranda, Jos\u00e9 Guzm\u00e1n, entregaron 78 certificados de cuatro Diplomados ofertados por la Escuela Nacional de Derechos Humanos de la Defensor\u00eda del Pueblo, a funcionarios y funcionarias de las Alcald\u00eda del municipio Acevedo.<\/p>\n<p><\/p>\n<p>Esta entrega de certificados forma parte de las atribuciones constitucionales que tiene a su cargo la Defensor\u00eda del Pueblo en materia de promoci\u00f3n y divulgaci\u00f3n de los derechos humanos, en esta oportunidad los diplomados culminados fueron: Derechos Humanos de Campesinos y Campesinas, Derechos Humanos para el Poder Popular, Derechos Sexuales y Derechos Reproductivos, Derechos Humanos de las Mujeres y Equidad de G\u00e9nero.<\/p>\n<p><\/p>\n<figure class=\"wp-block-image size-full\"><img fetchpriority=\"high\" decoding=\"async\" width=\"902\" height=\"609\" class=\"wp-image-11216\" src=\"http:\/\/www.defensoria.gob.ve\/wp-content\/uploads\/2025\/03\/Screenshot_5.png\" alt=\"\" srcset=\"http:\/\/www.defensoria.gob.ve\/wp-content\/uploads\/2025\/03\/Screenshot_5.png 902w, http:\/\/www.defensoria.gob.ve\/wp-content\/uploads\/2025\/03\/Screenshot_5-300x203.png 300w, http:\/\/www.defensoria.gob.ve\/wp-content\/uploads\/2025\/03\/Screenshot_5-768x519.png 768w\" sizes=\"(max-width: 902px) 100vw, 902px\" \/><\/figure>\n<p><\/p>\n<p>Durante su discurso, el Defensor manifest\u00f3 sentirse complacido, cada d\u00eda m\u00e1s, por el inter\u00e9s que tienen las servidoras y los servidores p\u00fablicos en formarse para la defensa, protecci\u00f3n y promoci\u00f3n de los derechos humanos. Igualmente, agradeci\u00f3 al alcalde Jos\u00e9 Oliveros su entrega y disposici\u00f3n para la formaci\u00f3n integral de sus trabajadoras y trabajadores, a continuar fortaleciendo el Poder Popular, los consejos comunales, el parlamento comunal y ahora los Jueces y Juezas de Paz, para la profundizaci\u00f3n de la democracia y contribuir con m\u00e1s participaci\u00f3n activa de todas y todos, en todos los niveles de organizaci\u00f3n popular. Felicitando a las mujeres lideresas comunitarias y los hombres comprometidos y form\u00e1ndose en la defensa de los derechos de las mujeres.<\/p>\n<p><\/p>\n<p>Asimismo, indic\u00f3 que para la Defensor\u00eda del Pueblo siempre ser\u00e1 prioridad las l\u00edneas de actuaci\u00f3n en materia de promoci\u00f3n, divulgaci\u00f3n, defensa, vigilancia, mediaci\u00f3n y conciliaci\u00f3n de los derechos humanos, particularmente de los ni\u00f1os, ni\u00f1as, adolescentes, personas adultas mayores, personas con discapacidad y mujeres.<\/p>\n<p><\/p>\n<p>Ruiz le dio instrucciones al Defensor Delegado del estado Miranda, Jos\u00e9 Guzm\u00e1n, para que sus servidores y servidoras asistan y atiendan a todas las comunidades a lo largo y ancho de la entidad mirandina, la Defensor\u00eda del Pueblo debe estar cada d\u00eda m\u00e1s cerca de las comunidades, para que las personas puedan acceder, no s\u00f3lo a la formaci\u00f3n, sino tambi\u00e9n cuando tengan alguna denuncia, queja o petici\u00f3n o alguna situaci\u00f3n de presunta vulneraci\u00f3n de sus derechos humanos y junto a las autoridades presentes se comprometi\u00f3 en buscar recursos para crear una sede y un equipo de la Defensor\u00eda en el municipio Acevedo.<\/p>\n<p><\/p>\n<figure class=\"wp-block-image size-full\"><img decoding=\"async\" width=\"908\" height=\"594\" class=\"wp-image-11217\" src=\"http:\/\/www.defensoria.gob.ve\/wp-content\/uploads\/2025\/03\/Screenshot_7.png\" alt=\"\" srcset=\"http:\/\/www.defensoria.gob.ve\/wp-content\/uploads\/2025\/03\/Screenshot_7.png 908w, http:\/\/www.defensoria.gob.ve\/wp-content\/uploads\/2025\/03\/Screenshot_7-300x196.png 300w, http:\/\/www.defensoria.gob.ve\/wp-content\/uploads\/2025\/03\/Screenshot_7-768x502.png 768w\" sizes=\"(max-width: 908px) 100vw, 908px\" \/><\/figure>\n<p><\/p>\n<p>Tambi\u00e9n y en el marco del D\u00eda Internacional de la Mujer, enalteci\u00f3 el rol de las servidoras p\u00fablicas que laboran en las instituciones del Estado, y pidi\u00f3 se les respeten sus derechos constitucionales y legales, los cuales son para todas las mujeres sin distinci\u00f3n.<\/p>\n<p><\/p>\n<p>Adem\u00e1s, indic\u00f3 que \u201cnuestra Constituci\u00f3n dice que los pilares para el desarrollo de la naci\u00f3n son dos, educaci\u00f3n y trabajo, son los procesos fundamentales para alcanzar los fines de la Rep\u00fablica, los cuales son permanentes, es decir, la construcci\u00f3n, la creatividad, es un derecho de todos y todas, pero tambi\u00e9n es un deber para formarnos como buenos ciudadanos y ciudadanas, con responsabilidad y patriotismo\u201d.<\/p>\n<p><\/p>\n<p>Esta formaci\u00f3n se da luego de una reuni\u00f3n interinstitucional entre la Alcald\u00eda del municipio Acevedo, el Instituto de la Mujer y la Defensor\u00eda delegada del estado Bolivariano de Miranda, en su primera fase de formaci\u00f3n se realizaron, talleres, charlas y conferencias a los fines de fomentar la promoci\u00f3n y divulgaci\u00f3n de los DD.HH.<\/p>\n<p><\/p>\n<p>En una segunda fase, se desarrollaron los Diplomados antes expuestos, los cuales tuvieron una duraci\u00f3n de 120 horas acad\u00e9micas cada uno, con un equipo multidisciplinario de profesionales de larga trayectoria, quienes fueron los facilitadores y facilitadoras de estos diplomados. Se prev\u00e9 continuar con este tipo de formaci\u00f3n para m\u00e1s funcionarios y funcionarias de las distintas instituciones que hacen vida en esa entidad.&nbsp;<\/p>\n<p><\/p>\n<p>Dicha actividad fue realizada en el Complejo Cultural de Barlovento, en Caucagua, municipio Acevedo, estado Bolivariano de Miranda. <strong>FIN\/PRENSA Defensor\u00eda<\/strong><\/p>\n<p><\/p>\t\t\t\t\t\t\t\t<\/div>\n\t\t\t\t<\/div>\n\t\t\t\t\t<\/div>\n\t\t<\/div>\n\t\t\t\t\t<\/div>\n\t\t<\/section>\n\t\t\t\t<\/div>\n\t\t","protected":false},"excerpt":{"rendered":"<p>(Miranda\/12-Mar-25) Este mi\u00e9rcoles el Defensor del Pueblo, Alfredo Ruiz, continuando con las actividades en el mes de las mujeres, junto al Alcalde del municipio Acevedo, Jos\u00e9 Oliveros, la presidenta del&hellip; <\/p>\n","protected":false},"author":5,"featured_media":11218,"comment_status":"closed","ping_status":"open","sticky":false,"template":"","format":"standard","meta":{"footnotes":""},"categories":[3],"tags":[],"class_list":["post-11215","post","type-post","status-publish","format-standard","has-post-thumbnail","hentry","category-centrales"],"yoast_head":"<!-- This site is optimized with the Yoast SEO plugin v27.4 - https:\/\/yoast.com\/product\/yoast-seo-wordpress\/ -->\n<title>En el mes de las mujeres Defensor\u00eda del Pueblo certific\u00f3 a 78 personas en materia de DD.HH. pertenecientes a la Alcald\u00eda del municipio Acevedo -<\/title>\n<meta name=\"robots\" content=\"index, follow, max-snippet:-1, max-image-preview:large, max-video-preview:-1\" \/>\n<link rel=\"canonical\" href=\"http:\/\/www.defensoria.gob.ve\/?p=11215\" \/>\n<meta property=\"og:locale\" content=\"es_ES\" \/>\n<meta property=\"og:type\" content=\"article\" \/>\n<meta property=\"og:title\" content=\"En el mes de las mujeres Defensor\u00eda del Pueblo certific\u00f3 a 78 personas en materia de DD.HH. pertenecientes a la Alcald\u00eda del municipio Acevedo -\" \/>\n<meta property=\"og:description\" content=\"(Miranda\/12-Mar-25) Este mi\u00e9rcoles el Defensor del Pueblo, Alfredo Ruiz, continuando con las actividades en el mes de las mujeres, junto al Alcalde del municipio Acevedo, Jos\u00e9 Oliveros, la presidenta del&hellip;\" \/>\n<meta property=\"og:url\" content=\"http:\/\/www.defensoria.gob.ve\/?p=11215\" \/>\n<meta property=\"article:published_time\" content=\"2025-03-12T22:16:21+00:00\" \/>\n<meta property=\"article:modified_time\" content=\"2025-03-12T22:35:20+00:00\" \/>\n<meta property=\"og:image\" content=\"http:\/\/www.defensoria.gob.ve\/wp-content\/uploads\/2025\/03\/Screenshot_6.png\" \/>\n\t<meta property=\"og:image:width\" content=\"911\" \/>\n\t<meta property=\"og:image:height\" content=\"591\" \/>\n\t<meta property=\"og:image:type\" content=\"image\/png\" \/>\n<meta name=\"author\" content=\"JC.\" \/>\n<meta name=\"twitter:card\" content=\"summary_large_image\" \/>\n<meta name=\"twitter:label1\" content=\"Escrito por\" \/>\n\t<meta name=\"twitter:data1\" content=\"JC.\" \/>\n\t<meta name=\"twitter:label2\" content=\"Tiempo estimado de lectura\" \/>\n\t<meta name=\"twitter:data2\" content=\"4 minutos\" \/>\n<script type=\"application\/ld+json\" class=\"yoast-schema-graph\">{\"@context\":\"https:\\\/\\\/schema.org\",\"@graph\":[{\"@type\":\"Article\",\"@id\":\"http:\\\/\\\/www.defensoria.gob.ve\\\/?p=11215#article\",\"isPartOf\":{\"@id\":\"http:\\\/\\\/www.defensoria.gob.ve\\\/?p=11215\"},\"author\":{\"name\":\"JC.\",\"@id\":\"http:\\\/\\\/www.defensoria.gob.ve\\\/#\\\/schema\\\/person\\\/fba14293189d7b1933ac7fba9d89e24a\"},\"headline\":\"En el mes de las mujeres Defensor\u00eda del Pueblo certific\u00f3 a 78 personas en materia de DD.HH. pertenecientes a la Alcald\u00eda del municipio Acevedo\",\"datePublished\":\"2025-03-12T22:16:21+00:00\",\"dateModified\":\"2025-03-12T22:35:20+00:00\",\"mainEntityOfPage\":{\"@id\":\"http:\\\/\\\/www.defensoria.gob.ve\\\/?p=11215\"},\"wordCount\":741,\"image\":{\"@id\":\"http:\\\/\\\/www.defensoria.gob.ve\\\/?p=11215#primaryimage\"},\"thumbnailUrl\":\"http:\\\/\\\/www.defensoria.gob.ve\\\/wp-content\\\/uploads\\\/2025\\\/03\\\/Screenshot_6.png\",\"articleSection\":[\"CENTRALES\"],\"inLanguage\":\"es\"},{\"@type\":\"WebPage\",\"@id\":\"http:\\\/\\\/www.defensoria.gob.ve\\\/?p=11215\",\"url\":\"http:\\\/\\\/www.defensoria.gob.ve\\\/?p=11215\",\"name\":\"En el mes de las mujeres Defensor\u00eda del Pueblo certific\u00f3 a 78 personas en materia de DD.HH. pertenecientes a la Alcald\u00eda del municipio Acevedo -\",\"isPartOf\":{\"@id\":\"http:\\\/\\\/www.defensoria.gob.ve\\\/#website\"},\"primaryImageOfPage\":{\"@id\":\"http:\\\/\\\/www.defensoria.gob.ve\\\/?p=11215#primaryimage\"},\"image\":{\"@id\":\"http:\\\/\\\/www.defensoria.gob.ve\\\/?p=11215#primaryimage\"},\"thumbnailUrl\":\"http:\\\/\\\/www.defensoria.gob.ve\\\/wp-content\\\/uploads\\\/2025\\\/03\\\/Screenshot_6.png\",\"datePublished\":\"2025-03-12T22:16:21+00:00\",\"dateModified\":\"2025-03-12T22:35:20+00:00\",\"author\":{\"@id\":\"http:\\\/\\\/www.defensoria.gob.ve\\\/#\\\/schema\\\/person\\\/fba14293189d7b1933ac7fba9d89e24a\"},\"breadcrumb\":{\"@id\":\"http:\\\/\\\/www.defensoria.gob.ve\\\/?p=11215#breadcrumb\"},\"inLanguage\":\"es\",\"potentialAction\":[{\"@type\":\"ReadAction\",\"target\":[\"http:\\\/\\\/www.defensoria.gob.ve\\\/?p=11215\"]}]},{\"@type\":\"ImageObject\",\"inLanguage\":\"es\",\"@id\":\"http:\\\/\\\/www.defensoria.gob.ve\\\/?p=11215#primaryimage\",\"url\":\"http:\\\/\\\/www.defensoria.gob.ve\\\/wp-content\\\/uploads\\\/2025\\\/03\\\/Screenshot_6.png\",\"contentUrl\":\"http:\\\/\\\/www.defensoria.gob.ve\\\/wp-content\\\/uploads\\\/2025\\\/03\\\/Screenshot_6.png\",\"width\":911,\"height\":591},{\"@type\":\"BreadcrumbList\",\"@id\":\"http:\\\/\\\/www.defensoria.gob.ve\\\/?p=11215#breadcrumb\",\"itemListElement\":[{\"@type\":\"ListItem\",\"position\":1,\"name\":\"Portada\",\"item\":\"http:\\\/\\\/www.defensoria.gob.ve\\\/\"},{\"@type\":\"ListItem\",\"position\":2,\"name\":\"En el mes de las mujeres Defensor\u00eda del Pueblo certific\u00f3 a 78 personas en materia de DD.HH. pertenecientes a la Alcald\u00eda del municipio Acevedo\"}]},{\"@type\":\"WebSite\",\"@id\":\"http:\\\/\\\/www.defensoria.gob.ve\\\/#website\",\"url\":\"http:\\\/\\\/www.defensoria.gob.ve\\\/\",\"name\":\"\",\"description\":\"Instituci\u00f3n del Poder Ciudadano para la Promoci\u00f3n, Defensa y Vigilancia de los Derechos Humanos. \",\"potentialAction\":[{\"@type\":\"SearchAction\",\"target\":{\"@type\":\"EntryPoint\",\"urlTemplate\":\"http:\\\/\\\/www.defensoria.gob.ve\\\/?s={search_term_string}\"},\"query-input\":{\"@type\":\"PropertyValueSpecification\",\"valueRequired\":true,\"valueName\":\"search_term_string\"}}],\"inLanguage\":\"es\"},{\"@type\":\"Person\",\"@id\":\"http:\\\/\\\/www.defensoria.gob.ve\\\/#\\\/schema\\\/person\\\/fba14293189d7b1933ac7fba9d89e24a\",\"name\":\"JC.\",\"image\":{\"@type\":\"ImageObject\",\"inLanguage\":\"es\",\"@id\":\"https:\\\/\\\/secure.gravatar.com\\\/avatar\\\/f398a4de948606b38f0299d90ca738c674b648694bc725ed46503c240269dbf8?s=96&d=mm&r=g\",\"url\":\"https:\\\/\\\/secure.gravatar.com\\\/avatar\\\/f398a4de948606b38f0299d90ca738c674b648694bc725ed46503c240269dbf8?s=96&d=mm&r=g\",\"contentUrl\":\"https:\\\/\\\/secure.gravatar.com\\\/avatar\\\/f398a4de948606b38f0299d90ca738c674b648694bc725ed46503c240269dbf8?s=96&d=mm&r=g\",\"caption\":\"JC.\"},\"url\":\"http:\\\/\\\/www.defensoria.gob.ve\\\/?author=5\"}]}<\/script>\n<!-- \/ Yoast SEO plugin. -->","yoast_head_json":{"title":"En el mes de las mujeres Defensor\u00eda del Pueblo certific\u00f3 a 78 personas en materia de DD.HH. pertenecientes a la Alcald\u00eda del municipio Acevedo -","robots":{"index":"index","follow":"follow","max-snippet":"max-snippet:-1","max-image-preview":"max-image-preview:large","max-video-preview":"max-video-preview:-1"},"canonical":"http:\/\/www.defensoria.gob.ve\/?p=11215","og_locale":"es_ES","og_type":"article","og_title":"En el mes de las mujeres Defensor\u00eda del Pueblo certific\u00f3 a 78 personas en materia de DD.HH. pertenecientes a la Alcald\u00eda del municipio Acevedo -","og_description":"(Miranda\/12-Mar-25) Este mi\u00e9rcoles el Defensor del Pueblo, Alfredo Ruiz, continuando con las actividades en el mes de las mujeres, junto al Alcalde del municipio Acevedo, Jos\u00e9 Oliveros, la presidenta del&hellip;","og_url":"http:\/\/www.defensoria.gob.ve\/?p=11215","article_published_time":"2025-03-12T22:16:21+00:00","article_modified_time":"2025-03-12T22:35:20+00:00","og_image":[{"width":911,"height":591,"url":"http:\/\/www.defensoria.gob.ve\/wp-content\/uploads\/2025\/03\/Screenshot_6.png","type":"image\/png"}],"author":"JC.","twitter_card":"summary_large_image","twitter_misc":{"Escrito por":"JC.","Tiempo estimado de lectura":"4 minutos"},"schema":{"@context":"https:\/\/schema.org","@graph":[{"@type":"Article","@id":"http:\/\/www.defensoria.gob.ve\/?p=11215#article","isPartOf":{"@id":"http:\/\/www.defensoria.gob.ve\/?p=11215"},"author":{"name":"JC.","@id":"http:\/\/www.defensoria.gob.ve\/#\/schema\/person\/fba14293189d7b1933ac7fba9d89e24a"},"headline":"En el mes de las mujeres Defensor\u00eda del Pueblo certific\u00f3 a 78 personas en materia de DD.HH. pertenecientes a la Alcald\u00eda del municipio Acevedo","datePublished":"2025-03-12T22:16:21+00:00","dateModified":"2025-03-12T22:35:20+00:00","mainEntityOfPage":{"@id":"http:\/\/www.defensoria.gob.ve\/?p=11215"},"wordCount":741,"image":{"@id":"http:\/\/www.defensoria.gob.ve\/?p=11215#primaryimage"},"thumbnailUrl":"http:\/\/www.defensoria.gob.ve\/wp-content\/uploads\/2025\/03\/Screenshot_6.png","articleSection":["CENTRALES"],"inLanguage":"es"},{"@type":"WebPage","@id":"http:\/\/www.defensoria.gob.ve\/?p=11215","url":"http:\/\/www.defensoria.gob.ve\/?p=11215","name":"En el mes de las mujeres Defensor\u00eda del Pueblo certific\u00f3 a 78 personas en materia de DD.HH. pertenecientes a la Alcald\u00eda del municipio Acevedo -","isPartOf":{"@id":"http:\/\/www.defensoria.gob.ve\/#website"},"primaryImageOfPage":{"@id":"http:\/\/www.defensoria.gob.ve\/?p=11215#primaryimage"},"image":{"@id":"http:\/\/www.defensoria.gob.ve\/?p=11215#primaryimage"},"thumbnailUrl":"http:\/\/www.defensoria.gob.ve\/wp-content\/uploads\/2025\/03\/Screenshot_6.png","datePublished":"2025-03-12T22:16:21+00:00","dateModified":"2025-03-12T22:35:20+00:00","author":{"@id":"http:\/\/www.defensoria.gob.ve\/#\/schema\/person\/fba14293189d7b1933ac7fba9d89e24a"},"breadcrumb":{"@id":"http:\/\/www.defensoria.gob.ve\/?p=11215#breadcrumb"},"inLanguage":"es","potentialAction":[{"@type":"ReadAction","target":["http:\/\/www.defensoria.gob.ve\/?p=11215"]}]},{"@type":"ImageObject","inLanguage":"es","@id":"http:\/\/www.defensoria.gob.ve\/?p=11215#primaryimage","url":"http:\/\/www.defensoria.gob.ve\/wp-content\/uploads\/2025\/03\/Screenshot_6.png","contentUrl":"http:\/\/www.defensoria.gob.ve\/wp-content\/uploads\/2025\/03\/Screenshot_6.png","width":911,"height":591},{"@type":"BreadcrumbList","@id":"http:\/\/www.defensoria.gob.ve\/?p=11215#breadcrumb","itemListElement":[{"@type":"ListItem","position":1,"name":"Portada","item":"http:\/\/www.defensoria.gob.ve\/"},{"@type":"ListItem","position":2,"name":"En el mes de las mujeres Defensor\u00eda del Pueblo certific\u00f3 a 78 personas en materia de DD.HH. pertenecientes a la Alcald\u00eda del municipio Acevedo"}]},{"@type":"WebSite","@id":"http:\/\/www.defensoria.gob.ve\/#website","url":"http:\/\/www.defensoria.gob.ve\/","name":"","description":"Instituci\u00f3n del Poder Ciudadano para la Promoci\u00f3n, Defensa y Vigilancia de los Derechos Humanos. ","potentialAction":[{"@type":"SearchAction","target":{"@type":"EntryPoint","urlTemplate":"http:\/\/www.defensoria.gob.ve\/?s={search_term_string}"},"query-input":{"@type":"PropertyValueSpecification","valueRequired":true,"valueName":"search_term_string"}}],"inLanguage":"es"},{"@type":"Person","@id":"http:\/\/www.defensoria.gob.ve\/#\/schema\/person\/fba14293189d7b1933ac7fba9d89e24a","name":"JC.","image":{"@type":"ImageObject","inLanguage":"es","@id":"https:\/\/secure.gravatar.com\/avatar\/f398a4de948606b38f0299d90ca738c674b648694bc725ed46503c240269dbf8?s=96&d=mm&r=g","url":"https:\/\/secure.gravatar.com\/avatar\/f398a4de948606b38f0299d90ca738c674b648694bc725ed46503c240269dbf8?s=96&d=mm&r=g","contentUrl":"https:\/\/secure.gravatar.com\/avatar\/f398a4de948606b38f0299d90ca738c674b648694bc725ed46503c240269dbf8?s=96&d=mm&r=g","caption":"JC."},"url":"http:\/\/www.defensoria.gob.ve\/?author=5"}]}},"_links":{"self":[{"href":"http:\/\/www.defensoria.gob.ve\/index.php?rest_route=\/wp\/v2\/posts\/11215","targetHints":{"allow":["GET"]}}],"collection":[{"href":"http:\/\/www.defensoria.gob.ve\/index.php?rest_route=\/wp\/v2\/posts"}],"about":[{"href":"http:\/\/www.defensoria.gob.ve\/index.php?rest_route=\/wp\/v2\/types\/post"}],"author":[{"embeddable":true,"href":"http:\/\/www.defensoria.gob.ve\/index.php?rest_route=\/wp\/v2\/users\/5"}],"replies":[{"embeddable":true,"href":"http:\/\/www.defensoria.gob.ve\/index.php?rest_route=%2Fwp%2Fv2%2Fcomments&post=11215"}],"version-history":[{"count":7,"href":"http:\/\/www.defensoria.gob.ve\/index.php?rest_route=\/wp\/v2\/posts\/11215\/revisions"}],"predecessor-version":[{"id":11226,"href":"http:\/\/www.defensoria.gob.ve\/index.php?rest_route=\/wp\/v2\/posts\/11215\/revisions\/11226"}],"wp:featuredmedia":[{"embeddable":true,"href":"http:\/\/www.defensoria.gob.ve\/index.php?rest_route=\/wp\/v2\/media\/11218"}],"wp:attachment":[{"href":"http:\/\/www.defensoria.gob.ve\/index.php?rest_route=%2Fwp%2Fv2%2Fmedia&parent=11215"}],"wp:term":[{"taxonomy":"category","embeddable":true,"href":"http:\/\/www.defensoria.gob.ve\/index.php?rest_route=%2Fwp%2Fv2%2Fcategories&post=11215"},{"taxonomy":"post_tag","embeddable":true,"href":"http:\/\/www.defensoria.gob.ve\/index.php?rest_route=%2Fwp%2Fv2%2Ftags&post=11215"}],"curies":[{"name":"wp","href":"https:\/\/api.w.org\/{rel}","templated":true}]}}