 
{"id":11235,"date":"2025-03-13T14:41:14","date_gmt":"2025-03-13T18:41:14","guid":{"rendered":"http:\/\/www.defensoria.gob.ve\/?p=11235"},"modified":"2025-03-13T14:41:42","modified_gmt":"2025-03-13T18:41:42","slug":"delegada-de-falcon-realizo-labor-de-vigilancia-en-centros-penitenciarios","status":"publish","type":"post","link":"http:\/\/www.defensoria.gob.ve\/?p=11235","title":{"rendered":"Delegada de Falc\u00f3n realiz\u00f3 labor de vigilancia en centros penitenciarios"},"content":{"rendered":"\t\t<div data-elementor-type=\"wp-post\" data-elementor-id=\"11235\" class=\"elementor elementor-11235\">\n\t\t\t\t\t\t<section class=\"elementor-section elementor-top-section elementor-element elementor-element-1b20d95a elementor-section-boxed elementor-section-height-default elementor-section-height-default\" data-id=\"1b20d95a\" data-element_type=\"section\" data-e-type=\"section\">\n\t\t\t\t\t\t<div class=\"elementor-container elementor-column-gap-default\">\n\t\t\t\t\t<div class=\"elementor-column elementor-col-100 elementor-top-column elementor-element elementor-element-7feecc6\" data-id=\"7feecc6\" data-element_type=\"column\" data-e-type=\"column\">\n\t\t\t<div class=\"elementor-widget-wrap elementor-element-populated\">\n\t\t\t\t\t\t<div class=\"elementor-element elementor-element-3b1753d1 elementor-widget elementor-widget-text-editor\" data-id=\"3b1753d1\" data-element_type=\"widget\" data-e-type=\"widget\" data-widget_type=\"text-editor.default\">\n\t\t\t\t<div class=\"elementor-widget-container\">\n\t\t\t\t\t\t\t\t\t\n<p><strong>(Falc\u00f3n\/13-Mar-25) <\/strong>Cumpliendo con sus atribuciones constitucionales de vigilancia y acompa\u00f1amiento de los derechos humanos, la Defensor\u00eda Delegada del estado Falc\u00f3n visit\u00f3 varios centros de detenci\u00f3n preventivos de la entidad.<\/p>\n\n\n\n<p>En ese sentido, los servidores y las servidoras del ente defensorial se hicieron presentes al centro de detenci\u00f3n de Carirubana, as\u00ed como al departamento de la Polic\u00eda Nacional Bolivariana (PNB), ubicada en Punto Fijo.<\/p>\n\n\n\n<figure class=\"wp-block-image size-full\"><img fetchpriority=\"high\" decoding=\"async\" width=\"807\" height=\"594\" src=\"http:\/\/www.defensoria.gob.ve\/wp-content\/uploads\/2025\/03\/Screenshot_9.png\" alt=\"\" class=\"wp-image-11236\" srcset=\"http:\/\/www.defensoria.gob.ve\/wp-content\/uploads\/2025\/03\/Screenshot_9.png 807w, http:\/\/www.defensoria.gob.ve\/wp-content\/uploads\/2025\/03\/Screenshot_9-300x221.png 300w, http:\/\/www.defensoria.gob.ve\/wp-content\/uploads\/2025\/03\/Screenshot_9-768x565.png 768w\" sizes=\"(max-width: 807px) 100vw, 807px\" \/><\/figure>\n\n\n\n<p>Tambi\u00e9n visitaron el destacamento de la Guardia Nacional Bolivariana, donde se albergan 16 privados de libertad y en la PNB de Santa Paula, donde se encuentran otros 145 privados y privadas de libertad.<\/p>\n\n\n\n<p>En ese sentido, el Defensor Delegado, Edisoie Sandoval se reuni\u00f3 con el Comisario Jefe de la PNB, D\u00e1maso Amaya, a los fines de coordinar estrategias que permitan realizar jornadas de atenci\u00f3n integral y coadyuvar con los operadores de justicia y darle mayor celeridad procesal a aquellos casos que as\u00ed lo ameritan. <strong>FIN \/ PRENSA Defensor\u00eda<\/strong><\/p>\n\t\t\t\t\t\t\t\t<\/div>\n\t\t\t\t<\/div>\n\t\t\t\t\t<\/div>\n\t\t<\/div>\n\t\t\t\t\t<\/div>\n\t\t<\/section>\n\t\t\t\t<\/div>\n\t\t","protected":false},"excerpt":{"rendered":"<p>(Falc\u00f3n\/13-Mar-25) Cumpliendo con sus atribuciones constitucionales de vigilancia y acompa\u00f1amiento de los derechos humanos, la Defensor\u00eda Delegada del estado Falc\u00f3n visit\u00f3 varios centros de detenci\u00f3n preventivos de la entidad. En&hellip; <\/p>\n","protected":false},"author":5,"featured_media":11237,"comment_status":"closed","ping_status":"open","sticky":false,"template":"","format":"standard","meta":{"footnotes":""},"categories":[5],"tags":[],"class_list":["post-11235","post","type-post","status-publish","format-standard","has-post-thumbnail","hentry","category-regionales"],"yoast_head":"<!-- This site is optimized with the Yoast SEO plugin v27.4 - https:\/\/yoast.com\/product\/yoast-seo-wordpress\/ -->\n<title>Delegada de Falc\u00f3n realiz\u00f3 labor de vigilancia en centros penitenciarios -<\/title>\n<meta name=\"robots\" content=\"index, follow, max-snippet:-1, max-image-preview:large, max-video-preview:-1\" \/>\n<link rel=\"canonical\" href=\"http:\/\/www.defensoria.gob.ve\/?p=11235\" \/>\n<meta property=\"og:locale\" content=\"es_ES\" \/>\n<meta property=\"og:type\" content=\"article\" \/>\n<meta property=\"og:title\" content=\"Delegada de Falc\u00f3n realiz\u00f3 labor de vigilancia en centros penitenciarios -\" \/>\n<meta property=\"og:description\" content=\"(Falc\u00f3n\/13-Mar-25) Cumpliendo con sus atribuciones constitucionales de vigilancia y acompa\u00f1amiento de los derechos humanos, la Defensor\u00eda Delegada del estado Falc\u00f3n visit\u00f3 varios centros de detenci\u00f3n preventivos de la entidad. En&hellip;\" \/>\n<meta property=\"og:url\" content=\"http:\/\/www.defensoria.gob.ve\/?p=11235\" \/>\n<meta property=\"article:published_time\" content=\"2025-03-13T18:41:14+00:00\" \/>\n<meta property=\"article:modified_time\" content=\"2025-03-13T18:41:42+00:00\" \/>\n<meta property=\"og:image\" content=\"http:\/\/www.defensoria.gob.ve\/wp-content\/uploads\/2025\/03\/Screenshot_10.png\" \/>\n\t<meta property=\"og:image:width\" content=\"793\" \/>\n\t<meta property=\"og:image:height\" content=\"571\" \/>\n\t<meta property=\"og:image:type\" content=\"image\/png\" \/>\n<meta name=\"author\" content=\"JC.\" \/>\n<meta name=\"twitter:card\" content=\"summary_large_image\" \/>\n<meta name=\"twitter:label1\" content=\"Escrito por\" \/>\n\t<meta name=\"twitter:data1\" content=\"JC.\" \/>\n\t<meta name=\"twitter:label2\" content=\"Tiempo estimado de lectura\" \/>\n\t<meta name=\"twitter:data2\" content=\"1 minuto\" \/>\n<script type=\"application\/ld+json\" class=\"yoast-schema-graph\">{\"@context\":\"https:\\\/\\\/schema.org\",\"@graph\":[{\"@type\":\"Article\",\"@id\":\"http:\\\/\\\/www.defensoria.gob.ve\\\/?p=11235#article\",\"isPartOf\":{\"@id\":\"http:\\\/\\\/www.defensoria.gob.ve\\\/?p=11235\"},\"author\":{\"name\":\"JC.\",\"@id\":\"http:\\\/\\\/www.defensoria.gob.ve\\\/#\\\/schema\\\/person\\\/fba14293189d7b1933ac7fba9d89e24a\"},\"headline\":\"Delegada de Falc\u00f3n realiz\u00f3 labor de vigilancia en centros penitenciarios\",\"datePublished\":\"2025-03-13T18:41:14+00:00\",\"dateModified\":\"2025-03-13T18:41:42+00:00\",\"mainEntityOfPage\":{\"@id\":\"http:\\\/\\\/www.defensoria.gob.ve\\\/?p=11235\"},\"wordCount\":171,\"image\":{\"@id\":\"http:\\\/\\\/www.defensoria.gob.ve\\\/?p=11235#primaryimage\"},\"thumbnailUrl\":\"http:\\\/\\\/www.defensoria.gob.ve\\\/wp-content\\\/uploads\\\/2025\\\/03\\\/Screenshot_10.png\",\"articleSection\":[\"REGIONALES\"],\"inLanguage\":\"es\"},{\"@type\":\"WebPage\",\"@id\":\"http:\\\/\\\/www.defensoria.gob.ve\\\/?p=11235\",\"url\":\"http:\\\/\\\/www.defensoria.gob.ve\\\/?p=11235\",\"name\":\"Delegada de Falc\u00f3n realiz\u00f3 labor de vigilancia en centros penitenciarios -\",\"isPartOf\":{\"@id\":\"http:\\\/\\\/www.defensoria.gob.ve\\\/#website\"},\"primaryImageOfPage\":{\"@id\":\"http:\\\/\\\/www.defensoria.gob.ve\\\/?p=11235#primaryimage\"},\"image\":{\"@id\":\"http:\\\/\\\/www.defensoria.gob.ve\\\/?p=11235#primaryimage\"},\"thumbnailUrl\":\"http:\\\/\\\/www.defensoria.gob.ve\\\/wp-content\\\/uploads\\\/2025\\\/03\\\/Screenshot_10.png\",\"datePublished\":\"2025-03-13T18:41:14+00:00\",\"dateModified\":\"2025-03-13T18:41:42+00:00\",\"author\":{\"@id\":\"http:\\\/\\\/www.defensoria.gob.ve\\\/#\\\/schema\\\/person\\\/fba14293189d7b1933ac7fba9d89e24a\"},\"breadcrumb\":{\"@id\":\"http:\\\/\\\/www.defensoria.gob.ve\\\/?p=11235#breadcrumb\"},\"inLanguage\":\"es\",\"potentialAction\":[{\"@type\":\"ReadAction\",\"target\":[\"http:\\\/\\\/www.defensoria.gob.ve\\\/?p=11235\"]}]},{\"@type\":\"ImageObject\",\"inLanguage\":\"es\",\"@id\":\"http:\\\/\\\/www.defensoria.gob.ve\\\/?p=11235#primaryimage\",\"url\":\"http:\\\/\\\/www.defensoria.gob.ve\\\/wp-content\\\/uploads\\\/2025\\\/03\\\/Screenshot_10.png\",\"contentUrl\":\"http:\\\/\\\/www.defensoria.gob.ve\\\/wp-content\\\/uploads\\\/2025\\\/03\\\/Screenshot_10.png\",\"width\":793,\"height\":571},{\"@type\":\"BreadcrumbList\",\"@id\":\"http:\\\/\\\/www.defensoria.gob.ve\\\/?p=11235#breadcrumb\",\"itemListElement\":[{\"@type\":\"ListItem\",\"position\":1,\"name\":\"Portada\",\"item\":\"http:\\\/\\\/www.defensoria.gob.ve\\\/\"},{\"@type\":\"ListItem\",\"position\":2,\"name\":\"Delegada de Falc\u00f3n realiz\u00f3 labor de vigilancia en centros penitenciarios\"}]},{\"@type\":\"WebSite\",\"@id\":\"http:\\\/\\\/www.defensoria.gob.ve\\\/#website\",\"url\":\"http:\\\/\\\/www.defensoria.gob.ve\\\/\",\"name\":\"\",\"description\":\"Instituci\u00f3n del Poder Ciudadano para la Promoci\u00f3n, Defensa y Vigilancia de los Derechos Humanos. \",\"potentialAction\":[{\"@type\":\"SearchAction\",\"target\":{\"@type\":\"EntryPoint\",\"urlTemplate\":\"http:\\\/\\\/www.defensoria.gob.ve\\\/?s={search_term_string}\"},\"query-input\":{\"@type\":\"PropertyValueSpecification\",\"valueRequired\":true,\"valueName\":\"search_term_string\"}}],\"inLanguage\":\"es\"},{\"@type\":\"Person\",\"@id\":\"http:\\\/\\\/www.defensoria.gob.ve\\\/#\\\/schema\\\/person\\\/fba14293189d7b1933ac7fba9d89e24a\",\"name\":\"JC.\",\"image\":{\"@type\":\"ImageObject\",\"inLanguage\":\"es\",\"@id\":\"https:\\\/\\\/secure.gravatar.com\\\/avatar\\\/f398a4de948606b38f0299d90ca738c674b648694bc725ed46503c240269dbf8?s=96&d=mm&r=g\",\"url\":\"https:\\\/\\\/secure.gravatar.com\\\/avatar\\\/f398a4de948606b38f0299d90ca738c674b648694bc725ed46503c240269dbf8?s=96&d=mm&r=g\",\"contentUrl\":\"https:\\\/\\\/secure.gravatar.com\\\/avatar\\\/f398a4de948606b38f0299d90ca738c674b648694bc725ed46503c240269dbf8?s=96&d=mm&r=g\",\"caption\":\"JC.\"},\"url\":\"http:\\\/\\\/www.defensoria.gob.ve\\\/?author=5\"}]}<\/script>\n<!-- \/ Yoast SEO plugin. -->","yoast_head_json":{"title":"Delegada de Falc\u00f3n realiz\u00f3 labor de vigilancia en centros penitenciarios -","robots":{"index":"index","follow":"follow","max-snippet":"max-snippet:-1","max-image-preview":"max-image-preview:large","max-video-preview":"max-video-preview:-1"},"canonical":"http:\/\/www.defensoria.gob.ve\/?p=11235","og_locale":"es_ES","og_type":"article","og_title":"Delegada de Falc\u00f3n realiz\u00f3 labor de vigilancia en centros penitenciarios -","og_description":"(Falc\u00f3n\/13-Mar-25) Cumpliendo con sus atribuciones constitucionales de vigilancia y acompa\u00f1amiento de los derechos humanos, la Defensor\u00eda Delegada del estado Falc\u00f3n visit\u00f3 varios centros de detenci\u00f3n preventivos de la entidad. En&hellip;","og_url":"http:\/\/www.defensoria.gob.ve\/?p=11235","article_published_time":"2025-03-13T18:41:14+00:00","article_modified_time":"2025-03-13T18:41:42+00:00","og_image":[{"width":793,"height":571,"url":"http:\/\/www.defensoria.gob.ve\/wp-content\/uploads\/2025\/03\/Screenshot_10.png","type":"image\/png"}],"author":"JC.","twitter_card":"summary_large_image","twitter_misc":{"Escrito por":"JC.","Tiempo estimado de lectura":"1 minuto"},"schema":{"@context":"https:\/\/schema.org","@graph":[{"@type":"Article","@id":"http:\/\/www.defensoria.gob.ve\/?p=11235#article","isPartOf":{"@id":"http:\/\/www.defensoria.gob.ve\/?p=11235"},"author":{"name":"JC.","@id":"http:\/\/www.defensoria.gob.ve\/#\/schema\/person\/fba14293189d7b1933ac7fba9d89e24a"},"headline":"Delegada de Falc\u00f3n realiz\u00f3 labor de vigilancia en centros penitenciarios","datePublished":"2025-03-13T18:41:14+00:00","dateModified":"2025-03-13T18:41:42+00:00","mainEntityOfPage":{"@id":"http:\/\/www.defensoria.gob.ve\/?p=11235"},"wordCount":171,"image":{"@id":"http:\/\/www.defensoria.gob.ve\/?p=11235#primaryimage"},"thumbnailUrl":"http:\/\/www.defensoria.gob.ve\/wp-content\/uploads\/2025\/03\/Screenshot_10.png","articleSection":["REGIONALES"],"inLanguage":"es"},{"@type":"WebPage","@id":"http:\/\/www.defensoria.gob.ve\/?p=11235","url":"http:\/\/www.defensoria.gob.ve\/?p=11235","name":"Delegada de Falc\u00f3n realiz\u00f3 labor de vigilancia en centros penitenciarios -","isPartOf":{"@id":"http:\/\/www.defensoria.gob.ve\/#website"},"primaryImageOfPage":{"@id":"http:\/\/www.defensoria.gob.ve\/?p=11235#primaryimage"},"image":{"@id":"http:\/\/www.defensoria.gob.ve\/?p=11235#primaryimage"},"thumbnailUrl":"http:\/\/www.defensoria.gob.ve\/wp-content\/uploads\/2025\/03\/Screenshot_10.png","datePublished":"2025-03-13T18:41:14+00:00","dateModified":"2025-03-13T18:41:42+00:00","author":{"@id":"http:\/\/www.defensoria.gob.ve\/#\/schema\/person\/fba14293189d7b1933ac7fba9d89e24a"},"breadcrumb":{"@id":"http:\/\/www.defensoria.gob.ve\/?p=11235#breadcrumb"},"inLanguage":"es","potentialAction":[{"@type":"ReadAction","target":["http:\/\/www.defensoria.gob.ve\/?p=11235"]}]},{"@type":"ImageObject","inLanguage":"es","@id":"http:\/\/www.defensoria.gob.ve\/?p=11235#primaryimage","url":"http:\/\/www.defensoria.gob.ve\/wp-content\/uploads\/2025\/03\/Screenshot_10.png","contentUrl":"http:\/\/www.defensoria.gob.ve\/wp-content\/uploads\/2025\/03\/Screenshot_10.png","width":793,"height":571},{"@type":"BreadcrumbList","@id":"http:\/\/www.defensoria.gob.ve\/?p=11235#breadcrumb","itemListElement":[{"@type":"ListItem","position":1,"name":"Portada","item":"http:\/\/www.defensoria.gob.ve\/"},{"@type":"ListItem","position":2,"name":"Delegada de Falc\u00f3n realiz\u00f3 labor de vigilancia en centros penitenciarios"}]},{"@type":"WebSite","@id":"http:\/\/www.defensoria.gob.ve\/#website","url":"http:\/\/www.defensoria.gob.ve\/","name":"","description":"Instituci\u00f3n del Poder Ciudadano para la Promoci\u00f3n, Defensa y Vigilancia de los Derechos Humanos. ","potentialAction":[{"@type":"SearchAction","target":{"@type":"EntryPoint","urlTemplate":"http:\/\/www.defensoria.gob.ve\/?s={search_term_string}"},"query-input":{"@type":"PropertyValueSpecification","valueRequired":true,"valueName":"search_term_string"}}],"inLanguage":"es"},{"@type":"Person","@id":"http:\/\/www.defensoria.gob.ve\/#\/schema\/person\/fba14293189d7b1933ac7fba9d89e24a","name":"JC.","image":{"@type":"ImageObject","inLanguage":"es","@id":"https:\/\/secure.gravatar.com\/avatar\/f398a4de948606b38f0299d90ca738c674b648694bc725ed46503c240269dbf8?s=96&d=mm&r=g","url":"https:\/\/secure.gravatar.com\/avatar\/f398a4de948606b38f0299d90ca738c674b648694bc725ed46503c240269dbf8?s=96&d=mm&r=g","contentUrl":"https:\/\/secure.gravatar.com\/avatar\/f398a4de948606b38f0299d90ca738c674b648694bc725ed46503c240269dbf8?s=96&d=mm&r=g","caption":"JC."},"url":"http:\/\/www.defensoria.gob.ve\/?author=5"}]}},"_links":{"self":[{"href":"http:\/\/www.defensoria.gob.ve\/index.php?rest_route=\/wp\/v2\/posts\/11235","targetHints":{"allow":["GET"]}}],"collection":[{"href":"http:\/\/www.defensoria.gob.ve\/index.php?rest_route=\/wp\/v2\/posts"}],"about":[{"href":"http:\/\/www.defensoria.gob.ve\/index.php?rest_route=\/wp\/v2\/types\/post"}],"author":[{"embeddable":true,"href":"http:\/\/www.defensoria.gob.ve\/index.php?rest_route=\/wp\/v2\/users\/5"}],"replies":[{"embeddable":true,"href":"http:\/\/www.defensoria.gob.ve\/index.php?rest_route=%2Fwp%2Fv2%2Fcomments&post=11235"}],"version-history":[{"count":4,"href":"http:\/\/www.defensoria.gob.ve\/index.php?rest_route=\/wp\/v2\/posts\/11235\/revisions"}],"predecessor-version":[{"id":11241,"href":"http:\/\/www.defensoria.gob.ve\/index.php?rest_route=\/wp\/v2\/posts\/11235\/revisions\/11241"}],"wp:featuredmedia":[{"embeddable":true,"href":"http:\/\/www.defensoria.gob.ve\/index.php?rest_route=\/wp\/v2\/media\/11237"}],"wp:attachment":[{"href":"http:\/\/www.defensoria.gob.ve\/index.php?rest_route=%2Fwp%2Fv2%2Fmedia&parent=11235"}],"wp:term":[{"taxonomy":"category","embeddable":true,"href":"http:\/\/www.defensoria.gob.ve\/index.php?rest_route=%2Fwp%2Fv2%2Fcategories&post=11235"},{"taxonomy":"post_tag","embeddable":true,"href":"http:\/\/www.defensoria.gob.ve\/index.php?rest_route=%2Fwp%2Fv2%2Ftags&post=11235"}],"curies":[{"name":"wp","href":"https:\/\/api.w.org\/{rel}","templated":true}]}}