 
{"id":11844,"date":"2025-05-12T10:08:29","date_gmt":"2025-05-12T14:08:29","guid":{"rendered":"http:\/\/www.defensoria.gob.ve\/?p=11844"},"modified":"2025-05-12T10:10:07","modified_gmt":"2025-05-12T14:10:07","slug":"con-publicaciones-en-materia-de-dd-hh-defensoria-del-pueblo-participa-en-la-20-a-feria-del-libro-de-filven","status":"publish","type":"post","link":"http:\/\/www.defensoria.gob.ve\/?p=11844","title":{"rendered":"Con publicaciones en materia de DD.HH. Defensor\u00eda del Pueblo participa en la 20.\u00aa Feria del Libro de Filven"},"content":{"rendered":"\t\t<div data-elementor-type=\"wp-post\" data-elementor-id=\"11844\" class=\"elementor elementor-11844\">\n\t\t\t\t\t\t<section class=\"elementor-section elementor-top-section elementor-element elementor-element-63c32ea0 elementor-section-boxed elementor-section-height-default elementor-section-height-default\" data-id=\"63c32ea0\" data-element_type=\"section\" data-e-type=\"section\">\n\t\t\t\t\t\t<div class=\"elementor-container elementor-column-gap-default\">\n\t\t\t\t\t<div class=\"elementor-column elementor-col-100 elementor-top-column elementor-element elementor-element-62a5b8e6\" data-id=\"62a5b8e6\" data-element_type=\"column\" data-e-type=\"column\">\n\t\t\t<div class=\"elementor-widget-wrap elementor-element-populated\">\n\t\t\t\t\t\t<div class=\"elementor-element elementor-element-3c6a2411 elementor-widget elementor-widget-text-editor\" data-id=\"3c6a2411\" data-element_type=\"widget\" data-e-type=\"widget\" data-widget_type=\"text-editor.default\">\n\t\t\t\t<div class=\"elementor-widget-container\">\n\t\t\t\t\t\t\t\t\t\n<p><strong>(Carabobo\/08-May-25)<\/strong> Bajo el lema Leer transforma, fue inaugurada este jueves 8 de mayo, la 20.\u00aa Feria del Libro de Venezuela, capitulo Anzo\u00e1tegui en homenaje al reconocido escritor, investigador y promotor cultural anzoatiguense Benito Yrady.<\/p>\n\n\n\n<p>Durante esta fiesta literaria en el Stand de la Defensor\u00eda del Pueblo, los lectores y las lectoras pondr\u00e1n adquirir los textos literarios publicados por esta instituci\u00f3n, entre ellas: Guerra y Mill\u00e1n la masacre del liceo Sanz, Escritos de una combatiente de la guerrilla urbana en Caracas, Documentos del Golpe, Juan Vives Suri\u00e1 Defensor de la Vida, Remembranzas de un Guerrillero de los a\u00f1os 60, Memorias de un Desaparecido Luis Alberto Hern\u00e1ndez, El Nuevo Modelo Policial; Curso B\u00e1sico de Ni\u00f1os, Ni\u00f1as y Adolescentes, Compilaci\u00f3n Legal Electoral 2012, Manual de Oportunidades, Escuela de los Derechos Humanos, Mediaci\u00f3n y Conciliaci\u00f3n, Opini\u00f3n y Humor en Tiempos de C\u00f3lera, El Derecho de Petici\u00f3n, La Denuncia; El derecho al Sufragio, entre otros t\u00edtulos.<br><br><strong>Cap\u00edtulo Carabobo<\/strong><br><br>De forma simult\u00e1nea, tambi\u00e9n fue inaugurada la Filven 2025 Cap\u00edtulo Carabobo, teniendo como sede el Museo de la Cultura de Valencia.<br>En ese evento, la DdP tambi\u00e9n cont\u00f3 con un stand donde se exhibieron todas las obras literarias que se han publicado, y donde los y las visitantes podr\u00e1n comprar los mismos.<\/p>\n\n\n\n<p>Para la Defensor\u00eda del Pueblo promover la lectura es un derecho humano fundamental, es por ello, que permanentemente nuestra participaci\u00f3n es parte de cada evento organizado por el Centro Nacional del Libro del Ministerio del Poder Popular para la Cultura, y los Gabinetes Estadales de Cultura.<\/p>\n\n\n\n<p>Cabe destacar que este es un espacio propicio para promover los contenidos en materia de derechos humanos que tiene disponible la Defensor\u00eda del Pueblo, as\u00ed como proyectar la labor que realiza a favor de los DD.HH. <strong>FIN\/PRENSA Defensor\u00eda<\/strong><\/p>\n\t\t\t\t\t\t\t\t<\/div>\n\t\t\t\t<\/div>\n\t\t\t\t\t<\/div>\n\t\t<\/div>\n\t\t\t\t\t<\/div>\n\t\t<\/section>\n\t\t\t\t<\/div>\n\t\t","protected":false},"excerpt":{"rendered":"<p>(Carabobo\/08-May-25) Bajo el lema Leer transforma, fue inaugurada este jueves 8 de mayo, la 20.\u00aa Feria del Libro de Venezuela, capitulo Anzo\u00e1tegui en homenaje al reconocido escritor, investigador y promotor&hellip; <\/p>\n","protected":false},"author":5,"featured_media":11845,"comment_status":"closed","ping_status":"open","sticky":false,"template":"","format":"standard","meta":{"footnotes":""},"categories":[3],"tags":[],"class_list":["post-11844","post","type-post","status-publish","format-standard","has-post-thumbnail","hentry","category-centrales"],"yoast_head":"<!-- This site is optimized with the Yoast SEO plugin v27.4 - https:\/\/yoast.com\/product\/yoast-seo-wordpress\/ -->\n<title>Con publicaciones en materia de DD.HH. Defensor\u00eda del Pueblo participa en la 20.\u00aa Feria del Libro de Filven -<\/title>\n<meta name=\"robots\" content=\"index, follow, max-snippet:-1, max-image-preview:large, max-video-preview:-1\" \/>\n<link rel=\"canonical\" href=\"http:\/\/www.defensoria.gob.ve\/?p=11844\" \/>\n<meta property=\"og:locale\" content=\"es_ES\" \/>\n<meta property=\"og:type\" content=\"article\" \/>\n<meta property=\"og:title\" content=\"Con publicaciones en materia de DD.HH. Defensor\u00eda del Pueblo participa en la 20.\u00aa Feria del Libro de Filven -\" \/>\n<meta property=\"og:description\" content=\"(Carabobo\/08-May-25) Bajo el lema Leer transforma, fue inaugurada este jueves 8 de mayo, la 20.\u00aa Feria del Libro de Venezuela, capitulo Anzo\u00e1tegui en homenaje al reconocido escritor, investigador y promotor&hellip;\" \/>\n<meta property=\"og:url\" content=\"http:\/\/www.defensoria.gob.ve\/?p=11844\" \/>\n<meta property=\"article:published_time\" content=\"2025-05-12T14:08:29+00:00\" \/>\n<meta property=\"article:modified_time\" content=\"2025-05-12T14:10:07+00:00\" \/>\n<meta property=\"og:image\" content=\"http:\/\/www.defensoria.gob.ve\/wp-content\/uploads\/2025\/05\/60935371-d3e8-43f5-92d5-8076b12a6e66.jpg\" \/>\n\t<meta property=\"og:image:width\" content=\"1020\" \/>\n\t<meta property=\"og:image:height\" content=\"471\" \/>\n\t<meta property=\"og:image:type\" content=\"image\/jpeg\" \/>\n<meta name=\"author\" content=\"JC.\" \/>\n<meta name=\"twitter:card\" content=\"summary_large_image\" \/>\n<meta name=\"twitter:label1\" content=\"Escrito por\" \/>\n\t<meta name=\"twitter:data1\" content=\"JC.\" \/>\n\t<meta name=\"twitter:label2\" content=\"Tiempo estimado de lectura\" \/>\n\t<meta name=\"twitter:data2\" content=\"2 minutos\" \/>\n<script type=\"application\/ld+json\" class=\"yoast-schema-graph\">{\"@context\":\"https:\\\/\\\/schema.org\",\"@graph\":[{\"@type\":\"Article\",\"@id\":\"http:\\\/\\\/www.defensoria.gob.ve\\\/?p=11844#article\",\"isPartOf\":{\"@id\":\"http:\\\/\\\/www.defensoria.gob.ve\\\/?p=11844\"},\"author\":{\"name\":\"JC.\",\"@id\":\"http:\\\/\\\/www.defensoria.gob.ve\\\/#\\\/schema\\\/person\\\/fba14293189d7b1933ac7fba9d89e24a\"},\"headline\":\"Con publicaciones en materia de DD.HH. Defensor\u00eda del Pueblo participa en la 20.\u00aa Feria del Libro de Filven\",\"datePublished\":\"2025-05-12T14:08:29+00:00\",\"dateModified\":\"2025-05-12T14:10:07+00:00\",\"mainEntityOfPage\":{\"@id\":\"http:\\\/\\\/www.defensoria.gob.ve\\\/?p=11844\"},\"wordCount\":333,\"image\":{\"@id\":\"http:\\\/\\\/www.defensoria.gob.ve\\\/?p=11844#primaryimage\"},\"thumbnailUrl\":\"http:\\\/\\\/www.defensoria.gob.ve\\\/wp-content\\\/uploads\\\/2025\\\/05\\\/60935371-d3e8-43f5-92d5-8076b12a6e66.jpg\",\"articleSection\":[\"CENTRALES\"],\"inLanguage\":\"es\"},{\"@type\":\"WebPage\",\"@id\":\"http:\\\/\\\/www.defensoria.gob.ve\\\/?p=11844\",\"url\":\"http:\\\/\\\/www.defensoria.gob.ve\\\/?p=11844\",\"name\":\"Con publicaciones en materia de DD.HH. Defensor\u00eda del Pueblo participa en la 20.\u00aa Feria del Libro de Filven -\",\"isPartOf\":{\"@id\":\"http:\\\/\\\/www.defensoria.gob.ve\\\/#website\"},\"primaryImageOfPage\":{\"@id\":\"http:\\\/\\\/www.defensoria.gob.ve\\\/?p=11844#primaryimage\"},\"image\":{\"@id\":\"http:\\\/\\\/www.defensoria.gob.ve\\\/?p=11844#primaryimage\"},\"thumbnailUrl\":\"http:\\\/\\\/www.defensoria.gob.ve\\\/wp-content\\\/uploads\\\/2025\\\/05\\\/60935371-d3e8-43f5-92d5-8076b12a6e66.jpg\",\"datePublished\":\"2025-05-12T14:08:29+00:00\",\"dateModified\":\"2025-05-12T14:10:07+00:00\",\"author\":{\"@id\":\"http:\\\/\\\/www.defensoria.gob.ve\\\/#\\\/schema\\\/person\\\/fba14293189d7b1933ac7fba9d89e24a\"},\"breadcrumb\":{\"@id\":\"http:\\\/\\\/www.defensoria.gob.ve\\\/?p=11844#breadcrumb\"},\"inLanguage\":\"es\",\"potentialAction\":[{\"@type\":\"ReadAction\",\"target\":[\"http:\\\/\\\/www.defensoria.gob.ve\\\/?p=11844\"]}]},{\"@type\":\"ImageObject\",\"inLanguage\":\"es\",\"@id\":\"http:\\\/\\\/www.defensoria.gob.ve\\\/?p=11844#primaryimage\",\"url\":\"http:\\\/\\\/www.defensoria.gob.ve\\\/wp-content\\\/uploads\\\/2025\\\/05\\\/60935371-d3e8-43f5-92d5-8076b12a6e66.jpg\",\"contentUrl\":\"http:\\\/\\\/www.defensoria.gob.ve\\\/wp-content\\\/uploads\\\/2025\\\/05\\\/60935371-d3e8-43f5-92d5-8076b12a6e66.jpg\",\"width\":1020,\"height\":471},{\"@type\":\"BreadcrumbList\",\"@id\":\"http:\\\/\\\/www.defensoria.gob.ve\\\/?p=11844#breadcrumb\",\"itemListElement\":[{\"@type\":\"ListItem\",\"position\":1,\"name\":\"Portada\",\"item\":\"http:\\\/\\\/www.defensoria.gob.ve\\\/\"},{\"@type\":\"ListItem\",\"position\":2,\"name\":\"Con publicaciones en materia de DD.HH. Defensor\u00eda del Pueblo participa en la 20.\u00aa Feria del Libro de Filven\"}]},{\"@type\":\"WebSite\",\"@id\":\"http:\\\/\\\/www.defensoria.gob.ve\\\/#website\",\"url\":\"http:\\\/\\\/www.defensoria.gob.ve\\\/\",\"name\":\"\",\"description\":\"Instituci\u00f3n del Poder Ciudadano para la Promoci\u00f3n, Defensa y Vigilancia de los Derechos Humanos. \",\"potentialAction\":[{\"@type\":\"SearchAction\",\"target\":{\"@type\":\"EntryPoint\",\"urlTemplate\":\"http:\\\/\\\/www.defensoria.gob.ve\\\/?s={search_term_string}\"},\"query-input\":{\"@type\":\"PropertyValueSpecification\",\"valueRequired\":true,\"valueName\":\"search_term_string\"}}],\"inLanguage\":\"es\"},{\"@type\":\"Person\",\"@id\":\"http:\\\/\\\/www.defensoria.gob.ve\\\/#\\\/schema\\\/person\\\/fba14293189d7b1933ac7fba9d89e24a\",\"name\":\"JC.\",\"image\":{\"@type\":\"ImageObject\",\"inLanguage\":\"es\",\"@id\":\"https:\\\/\\\/secure.gravatar.com\\\/avatar\\\/f398a4de948606b38f0299d90ca738c674b648694bc725ed46503c240269dbf8?s=96&d=mm&r=g\",\"url\":\"https:\\\/\\\/secure.gravatar.com\\\/avatar\\\/f398a4de948606b38f0299d90ca738c674b648694bc725ed46503c240269dbf8?s=96&d=mm&r=g\",\"contentUrl\":\"https:\\\/\\\/secure.gravatar.com\\\/avatar\\\/f398a4de948606b38f0299d90ca738c674b648694bc725ed46503c240269dbf8?s=96&d=mm&r=g\",\"caption\":\"JC.\"},\"url\":\"http:\\\/\\\/www.defensoria.gob.ve\\\/?author=5\"}]}<\/script>\n<!-- \/ Yoast SEO plugin. -->","yoast_head_json":{"title":"Con publicaciones en materia de DD.HH. Defensor\u00eda del Pueblo participa en la 20.\u00aa Feria del Libro de Filven -","robots":{"index":"index","follow":"follow","max-snippet":"max-snippet:-1","max-image-preview":"max-image-preview:large","max-video-preview":"max-video-preview:-1"},"canonical":"http:\/\/www.defensoria.gob.ve\/?p=11844","og_locale":"es_ES","og_type":"article","og_title":"Con publicaciones en materia de DD.HH. Defensor\u00eda del Pueblo participa en la 20.\u00aa Feria del Libro de Filven -","og_description":"(Carabobo\/08-May-25) Bajo el lema Leer transforma, fue inaugurada este jueves 8 de mayo, la 20.\u00aa Feria del Libro de Venezuela, capitulo Anzo\u00e1tegui en homenaje al reconocido escritor, investigador y promotor&hellip;","og_url":"http:\/\/www.defensoria.gob.ve\/?p=11844","article_published_time":"2025-05-12T14:08:29+00:00","article_modified_time":"2025-05-12T14:10:07+00:00","og_image":[{"width":1020,"height":471,"url":"http:\/\/www.defensoria.gob.ve\/wp-content\/uploads\/2025\/05\/60935371-d3e8-43f5-92d5-8076b12a6e66.jpg","type":"image\/jpeg"}],"author":"JC.","twitter_card":"summary_large_image","twitter_misc":{"Escrito por":"JC.","Tiempo estimado de lectura":"2 minutos"},"schema":{"@context":"https:\/\/schema.org","@graph":[{"@type":"Article","@id":"http:\/\/www.defensoria.gob.ve\/?p=11844#article","isPartOf":{"@id":"http:\/\/www.defensoria.gob.ve\/?p=11844"},"author":{"name":"JC.","@id":"http:\/\/www.defensoria.gob.ve\/#\/schema\/person\/fba14293189d7b1933ac7fba9d89e24a"},"headline":"Con publicaciones en materia de DD.HH. Defensor\u00eda del Pueblo participa en la 20.\u00aa Feria del Libro de Filven","datePublished":"2025-05-12T14:08:29+00:00","dateModified":"2025-05-12T14:10:07+00:00","mainEntityOfPage":{"@id":"http:\/\/www.defensoria.gob.ve\/?p=11844"},"wordCount":333,"image":{"@id":"http:\/\/www.defensoria.gob.ve\/?p=11844#primaryimage"},"thumbnailUrl":"http:\/\/www.defensoria.gob.ve\/wp-content\/uploads\/2025\/05\/60935371-d3e8-43f5-92d5-8076b12a6e66.jpg","articleSection":["CENTRALES"],"inLanguage":"es"},{"@type":"WebPage","@id":"http:\/\/www.defensoria.gob.ve\/?p=11844","url":"http:\/\/www.defensoria.gob.ve\/?p=11844","name":"Con publicaciones en materia de DD.HH. Defensor\u00eda del Pueblo participa en la 20.\u00aa Feria del Libro de Filven -","isPartOf":{"@id":"http:\/\/www.defensoria.gob.ve\/#website"},"primaryImageOfPage":{"@id":"http:\/\/www.defensoria.gob.ve\/?p=11844#primaryimage"},"image":{"@id":"http:\/\/www.defensoria.gob.ve\/?p=11844#primaryimage"},"thumbnailUrl":"http:\/\/www.defensoria.gob.ve\/wp-content\/uploads\/2025\/05\/60935371-d3e8-43f5-92d5-8076b12a6e66.jpg","datePublished":"2025-05-12T14:08:29+00:00","dateModified":"2025-05-12T14:10:07+00:00","author":{"@id":"http:\/\/www.defensoria.gob.ve\/#\/schema\/person\/fba14293189d7b1933ac7fba9d89e24a"},"breadcrumb":{"@id":"http:\/\/www.defensoria.gob.ve\/?p=11844#breadcrumb"},"inLanguage":"es","potentialAction":[{"@type":"ReadAction","target":["http:\/\/www.defensoria.gob.ve\/?p=11844"]}]},{"@type":"ImageObject","inLanguage":"es","@id":"http:\/\/www.defensoria.gob.ve\/?p=11844#primaryimage","url":"http:\/\/www.defensoria.gob.ve\/wp-content\/uploads\/2025\/05\/60935371-d3e8-43f5-92d5-8076b12a6e66.jpg","contentUrl":"http:\/\/www.defensoria.gob.ve\/wp-content\/uploads\/2025\/05\/60935371-d3e8-43f5-92d5-8076b12a6e66.jpg","width":1020,"height":471},{"@type":"BreadcrumbList","@id":"http:\/\/www.defensoria.gob.ve\/?p=11844#breadcrumb","itemListElement":[{"@type":"ListItem","position":1,"name":"Portada","item":"http:\/\/www.defensoria.gob.ve\/"},{"@type":"ListItem","position":2,"name":"Con publicaciones en materia de DD.HH. Defensor\u00eda del Pueblo participa en la 20.\u00aa Feria del Libro de Filven"}]},{"@type":"WebSite","@id":"http:\/\/www.defensoria.gob.ve\/#website","url":"http:\/\/www.defensoria.gob.ve\/","name":"","description":"Instituci\u00f3n del Poder Ciudadano para la Promoci\u00f3n, Defensa y Vigilancia de los Derechos Humanos. ","potentialAction":[{"@type":"SearchAction","target":{"@type":"EntryPoint","urlTemplate":"http:\/\/www.defensoria.gob.ve\/?s={search_term_string}"},"query-input":{"@type":"PropertyValueSpecification","valueRequired":true,"valueName":"search_term_string"}}],"inLanguage":"es"},{"@type":"Person","@id":"http:\/\/www.defensoria.gob.ve\/#\/schema\/person\/fba14293189d7b1933ac7fba9d89e24a","name":"JC.","image":{"@type":"ImageObject","inLanguage":"es","@id":"https:\/\/secure.gravatar.com\/avatar\/f398a4de948606b38f0299d90ca738c674b648694bc725ed46503c240269dbf8?s=96&d=mm&r=g","url":"https:\/\/secure.gravatar.com\/avatar\/f398a4de948606b38f0299d90ca738c674b648694bc725ed46503c240269dbf8?s=96&d=mm&r=g","contentUrl":"https:\/\/secure.gravatar.com\/avatar\/f398a4de948606b38f0299d90ca738c674b648694bc725ed46503c240269dbf8?s=96&d=mm&r=g","caption":"JC."},"url":"http:\/\/www.defensoria.gob.ve\/?author=5"}]}},"_links":{"self":[{"href":"http:\/\/www.defensoria.gob.ve\/index.php?rest_route=\/wp\/v2\/posts\/11844","targetHints":{"allow":["GET"]}}],"collection":[{"href":"http:\/\/www.defensoria.gob.ve\/index.php?rest_route=\/wp\/v2\/posts"}],"about":[{"href":"http:\/\/www.defensoria.gob.ve\/index.php?rest_route=\/wp\/v2\/types\/post"}],"author":[{"embeddable":true,"href":"http:\/\/www.defensoria.gob.ve\/index.php?rest_route=\/wp\/v2\/users\/5"}],"replies":[{"embeddable":true,"href":"http:\/\/www.defensoria.gob.ve\/index.php?rest_route=%2Fwp%2Fv2%2Fcomments&post=11844"}],"version-history":[{"count":4,"href":"http:\/\/www.defensoria.gob.ve\/index.php?rest_route=\/wp\/v2\/posts\/11844\/revisions"}],"predecessor-version":[{"id":11850,"href":"http:\/\/www.defensoria.gob.ve\/index.php?rest_route=\/wp\/v2\/posts\/11844\/revisions\/11850"}],"wp:featuredmedia":[{"embeddable":true,"href":"http:\/\/www.defensoria.gob.ve\/index.php?rest_route=\/wp\/v2\/media\/11845"}],"wp:attachment":[{"href":"http:\/\/www.defensoria.gob.ve\/index.php?rest_route=%2Fwp%2Fv2%2Fmedia&parent=11844"}],"wp:term":[{"taxonomy":"category","embeddable":true,"href":"http:\/\/www.defensoria.gob.ve\/index.php?rest_route=%2Fwp%2Fv2%2Fcategories&post=11844"},{"taxonomy":"post_tag","embeddable":true,"href":"http:\/\/www.defensoria.gob.ve\/index.php?rest_route=%2Fwp%2Fv2%2Ftags&post=11844"}],"curies":[{"name":"wp","href":"https:\/\/api.w.org\/{rel}","templated":true}]}}