 
{"id":11852,"date":"2025-05-12T10:53:53","date_gmt":"2025-05-12T14:53:53","guid":{"rendered":"http:\/\/www.defensoria.gob.ve\/?p=11852"},"modified":"2025-05-12T10:54:20","modified_gmt":"2025-05-12T14:54:20","slug":"defensoria-del-pueblo-realizo-conversatorio-sobre-edicion-y-promocion-de-los-derechos-humanos-en-carabobo","status":"publish","type":"post","link":"http:\/\/www.defensoria.gob.ve\/?p=11852","title":{"rendered":"Defensor\u00eda del Pueblo realiz\u00f3 conversatorio sobre \u201cEdici\u00f3n y Promoci\u00f3n de los Derechos Humanos\u201d en Carabobo"},"content":{"rendered":"\t\t<div data-elementor-type=\"wp-post\" data-elementor-id=\"11852\" class=\"elementor elementor-11852\">\n\t\t\t\t\t\t<section class=\"elementor-section elementor-top-section elementor-element elementor-element-34998cf2 elementor-section-boxed elementor-section-height-default elementor-section-height-default\" data-id=\"34998cf2\" data-element_type=\"section\" data-e-type=\"section\">\n\t\t\t\t\t\t<div class=\"elementor-container elementor-column-gap-default\">\n\t\t\t\t\t<div class=\"elementor-column elementor-col-100 elementor-top-column elementor-element elementor-element-35fd9d2d\" data-id=\"35fd9d2d\" data-element_type=\"column\" data-e-type=\"column\">\n\t\t\t<div class=\"elementor-widget-wrap elementor-element-populated\">\n\t\t\t\t\t\t<div class=\"elementor-element elementor-element-4a3e78b8 elementor-widget elementor-widget-text-editor\" data-id=\"4a3e78b8\" data-element_type=\"widget\" data-e-type=\"widget\" data-widget_type=\"text-editor.default\">\n\t\t\t\t<div class=\"elementor-widget-container\">\n\t\t\t\t\t\t\t\t\t\n<p><strong>(Carabobo\/12-May-25)<\/strong> En el marco de la Feria Internacional del Libro de Venezuela (Filven) 2025 \u2013 Cap\u00edtulo Carabobo, los funcionarios y las funcionarias de la Defensor\u00eda del Pueblo, de Caracas y de la Delegada del estado Carabobo, realizaron el conversatorio sobre la \u201cEdici\u00f3n y Promoci\u00f3n de los Derechos Humanos\u201d, en el Museo de la Cultura en Valencia.<\/p>\n\n\n\n<p>En la actividad estuvieron presentes la Coordinadora de Publicaciones del ente defensorial, Carolina Brito, as\u00ed como la comunidad de personas sordas del estado Carabobo, los int\u00e9rpretes de lengua de se\u00f1as de la Defensoria del Pueblo y funcionarios del cuerpo de seguridad adscrito a los consejos comunales.<\/p>\n\n\n\n<p>En este evento se resalt\u00f3 la labor defensorial y sus atribuciones establecidas en la Constituci\u00f3n, al mismo tiempo que se present\u00f3 su l\u00ednea editorial, para la defensa y promoci\u00f3n de los derechos humanos. <strong>FIN \/ PRENSA Defensor\u00eda<\/strong><\/p>\n\t\t\t\t\t\t\t\t<\/div>\n\t\t\t\t<\/div>\n\t\t\t\t\t<\/div>\n\t\t<\/div>\n\t\t\t\t\t<\/div>\n\t\t<\/section>\n\t\t\t\t<\/div>\n\t\t","protected":false},"excerpt":{"rendered":"<p>(Carabobo\/12-May-25) En el marco de la Feria Internacional del Libro de Venezuela (Filven) 2025 \u2013 Cap\u00edtulo Carabobo, los funcionarios y las funcionarias de la Defensor\u00eda del Pueblo, de Caracas y&hellip; <\/p>\n","protected":false},"author":5,"featured_media":11854,"comment_status":"closed","ping_status":"open","sticky":false,"template":"","format":"standard","meta":{"footnotes":""},"categories":[5],"tags":[],"class_list":["post-11852","post","type-post","status-publish","format-standard","has-post-thumbnail","hentry","category-regionales"],"yoast_head":"<!-- This site is optimized with the Yoast SEO plugin v27.4 - https:\/\/yoast.com\/product\/yoast-seo-wordpress\/ -->\n<title>Defensor\u00eda del Pueblo realiz\u00f3 conversatorio sobre \u201cEdici\u00f3n y Promoci\u00f3n de los Derechos Humanos\u201d en Carabobo -<\/title>\n<meta name=\"robots\" content=\"index, follow, max-snippet:-1, max-image-preview:large, max-video-preview:-1\" \/>\n<link rel=\"canonical\" href=\"http:\/\/www.defensoria.gob.ve\/?p=11852\" \/>\n<meta property=\"og:locale\" content=\"es_ES\" \/>\n<meta property=\"og:type\" content=\"article\" \/>\n<meta property=\"og:title\" content=\"Defensor\u00eda del Pueblo realiz\u00f3 conversatorio sobre \u201cEdici\u00f3n y Promoci\u00f3n de los Derechos Humanos\u201d en Carabobo -\" \/>\n<meta property=\"og:description\" content=\"(Carabobo\/12-May-25) En el marco de la Feria Internacional del Libro de Venezuela (Filven) 2025 \u2013 Cap\u00edtulo Carabobo, los funcionarios y las funcionarias de la Defensor\u00eda del Pueblo, de Caracas y&hellip;\" \/>\n<meta property=\"og:url\" content=\"http:\/\/www.defensoria.gob.ve\/?p=11852\" \/>\n<meta property=\"article:published_time\" content=\"2025-05-12T14:53:53+00:00\" \/>\n<meta property=\"article:modified_time\" content=\"2025-05-12T14:54:20+00:00\" \/>\n<meta property=\"og:image\" content=\"http:\/\/www.defensoria.gob.ve\/wp-content\/uploads\/2025\/05\/73e976cd-2f79-4338-99f6-ffbc778177bf.jpg\" \/>\n\t<meta property=\"og:image:width\" content=\"1080\" \/>\n\t<meta property=\"og:image:height\" content=\"538\" \/>\n\t<meta property=\"og:image:type\" content=\"image\/jpeg\" \/>\n<meta name=\"author\" content=\"JC.\" \/>\n<meta name=\"twitter:card\" content=\"summary_large_image\" \/>\n<meta name=\"twitter:label1\" content=\"Escrito por\" \/>\n\t<meta name=\"twitter:data1\" content=\"JC.\" \/>\n\t<meta name=\"twitter:label2\" content=\"Tiempo estimado de lectura\" \/>\n\t<meta name=\"twitter:data2\" content=\"1 minuto\" \/>\n<script type=\"application\/ld+json\" class=\"yoast-schema-graph\">{\"@context\":\"https:\\\/\\\/schema.org\",\"@graph\":[{\"@type\":\"Article\",\"@id\":\"http:\\\/\\\/www.defensoria.gob.ve\\\/?p=11852#article\",\"isPartOf\":{\"@id\":\"http:\\\/\\\/www.defensoria.gob.ve\\\/?p=11852\"},\"author\":{\"name\":\"JC.\",\"@id\":\"http:\\\/\\\/www.defensoria.gob.ve\\\/#\\\/schema\\\/person\\\/fba14293189d7b1933ac7fba9d89e24a\"},\"headline\":\"Defensor\u00eda del Pueblo realiz\u00f3 conversatorio sobre \u201cEdici\u00f3n y Promoci\u00f3n de los Derechos Humanos\u201d en Carabobo\",\"datePublished\":\"2025-05-12T14:53:53+00:00\",\"dateModified\":\"2025-05-12T14:54:20+00:00\",\"mainEntityOfPage\":{\"@id\":\"http:\\\/\\\/www.defensoria.gob.ve\\\/?p=11852\"},\"wordCount\":165,\"image\":{\"@id\":\"http:\\\/\\\/www.defensoria.gob.ve\\\/?p=11852#primaryimage\"},\"thumbnailUrl\":\"http:\\\/\\\/www.defensoria.gob.ve\\\/wp-content\\\/uploads\\\/2025\\\/05\\\/73e976cd-2f79-4338-99f6-ffbc778177bf.jpg\",\"articleSection\":[\"REGIONALES\"],\"inLanguage\":\"es\"},{\"@type\":\"WebPage\",\"@id\":\"http:\\\/\\\/www.defensoria.gob.ve\\\/?p=11852\",\"url\":\"http:\\\/\\\/www.defensoria.gob.ve\\\/?p=11852\",\"name\":\"Defensor\u00eda del Pueblo realiz\u00f3 conversatorio sobre \u201cEdici\u00f3n y Promoci\u00f3n de los Derechos Humanos\u201d en Carabobo -\",\"isPartOf\":{\"@id\":\"http:\\\/\\\/www.defensoria.gob.ve\\\/#website\"},\"primaryImageOfPage\":{\"@id\":\"http:\\\/\\\/www.defensoria.gob.ve\\\/?p=11852#primaryimage\"},\"image\":{\"@id\":\"http:\\\/\\\/www.defensoria.gob.ve\\\/?p=11852#primaryimage\"},\"thumbnailUrl\":\"http:\\\/\\\/www.defensoria.gob.ve\\\/wp-content\\\/uploads\\\/2025\\\/05\\\/73e976cd-2f79-4338-99f6-ffbc778177bf.jpg\",\"datePublished\":\"2025-05-12T14:53:53+00:00\",\"dateModified\":\"2025-05-12T14:54:20+00:00\",\"author\":{\"@id\":\"http:\\\/\\\/www.defensoria.gob.ve\\\/#\\\/schema\\\/person\\\/fba14293189d7b1933ac7fba9d89e24a\"},\"breadcrumb\":{\"@id\":\"http:\\\/\\\/www.defensoria.gob.ve\\\/?p=11852#breadcrumb\"},\"inLanguage\":\"es\",\"potentialAction\":[{\"@type\":\"ReadAction\",\"target\":[\"http:\\\/\\\/www.defensoria.gob.ve\\\/?p=11852\"]}]},{\"@type\":\"ImageObject\",\"inLanguage\":\"es\",\"@id\":\"http:\\\/\\\/www.defensoria.gob.ve\\\/?p=11852#primaryimage\",\"url\":\"http:\\\/\\\/www.defensoria.gob.ve\\\/wp-content\\\/uploads\\\/2025\\\/05\\\/73e976cd-2f79-4338-99f6-ffbc778177bf.jpg\",\"contentUrl\":\"http:\\\/\\\/www.defensoria.gob.ve\\\/wp-content\\\/uploads\\\/2025\\\/05\\\/73e976cd-2f79-4338-99f6-ffbc778177bf.jpg\",\"width\":1080,\"height\":538},{\"@type\":\"BreadcrumbList\",\"@id\":\"http:\\\/\\\/www.defensoria.gob.ve\\\/?p=11852#breadcrumb\",\"itemListElement\":[{\"@type\":\"ListItem\",\"position\":1,\"name\":\"Portada\",\"item\":\"http:\\\/\\\/www.defensoria.gob.ve\\\/\"},{\"@type\":\"ListItem\",\"position\":2,\"name\":\"Defensor\u00eda del Pueblo realiz\u00f3 conversatorio sobre \u201cEdici\u00f3n y Promoci\u00f3n de los Derechos Humanos\u201d en Carabobo\"}]},{\"@type\":\"WebSite\",\"@id\":\"http:\\\/\\\/www.defensoria.gob.ve\\\/#website\",\"url\":\"http:\\\/\\\/www.defensoria.gob.ve\\\/\",\"name\":\"\",\"description\":\"Instituci\u00f3n del Poder Ciudadano para la Promoci\u00f3n, Defensa y Vigilancia de los Derechos Humanos. \",\"potentialAction\":[{\"@type\":\"SearchAction\",\"target\":{\"@type\":\"EntryPoint\",\"urlTemplate\":\"http:\\\/\\\/www.defensoria.gob.ve\\\/?s={search_term_string}\"},\"query-input\":{\"@type\":\"PropertyValueSpecification\",\"valueRequired\":true,\"valueName\":\"search_term_string\"}}],\"inLanguage\":\"es\"},{\"@type\":\"Person\",\"@id\":\"http:\\\/\\\/www.defensoria.gob.ve\\\/#\\\/schema\\\/person\\\/fba14293189d7b1933ac7fba9d89e24a\",\"name\":\"JC.\",\"image\":{\"@type\":\"ImageObject\",\"inLanguage\":\"es\",\"@id\":\"https:\\\/\\\/secure.gravatar.com\\\/avatar\\\/f398a4de948606b38f0299d90ca738c674b648694bc725ed46503c240269dbf8?s=96&d=mm&r=g\",\"url\":\"https:\\\/\\\/secure.gravatar.com\\\/avatar\\\/f398a4de948606b38f0299d90ca738c674b648694bc725ed46503c240269dbf8?s=96&d=mm&r=g\",\"contentUrl\":\"https:\\\/\\\/secure.gravatar.com\\\/avatar\\\/f398a4de948606b38f0299d90ca738c674b648694bc725ed46503c240269dbf8?s=96&d=mm&r=g\",\"caption\":\"JC.\"},\"url\":\"http:\\\/\\\/www.defensoria.gob.ve\\\/?author=5\"}]}<\/script>\n<!-- \/ Yoast SEO plugin. -->","yoast_head_json":{"title":"Defensor\u00eda del Pueblo realiz\u00f3 conversatorio sobre \u201cEdici\u00f3n y Promoci\u00f3n de los Derechos Humanos\u201d en Carabobo -","robots":{"index":"index","follow":"follow","max-snippet":"max-snippet:-1","max-image-preview":"max-image-preview:large","max-video-preview":"max-video-preview:-1"},"canonical":"http:\/\/www.defensoria.gob.ve\/?p=11852","og_locale":"es_ES","og_type":"article","og_title":"Defensor\u00eda del Pueblo realiz\u00f3 conversatorio sobre \u201cEdici\u00f3n y Promoci\u00f3n de los Derechos Humanos\u201d en Carabobo -","og_description":"(Carabobo\/12-May-25) En el marco de la Feria Internacional del Libro de Venezuela (Filven) 2025 \u2013 Cap\u00edtulo Carabobo, los funcionarios y las funcionarias de la Defensor\u00eda del Pueblo, de Caracas y&hellip;","og_url":"http:\/\/www.defensoria.gob.ve\/?p=11852","article_published_time":"2025-05-12T14:53:53+00:00","article_modified_time":"2025-05-12T14:54:20+00:00","og_image":[{"width":1080,"height":538,"url":"http:\/\/www.defensoria.gob.ve\/wp-content\/uploads\/2025\/05\/73e976cd-2f79-4338-99f6-ffbc778177bf.jpg","type":"image\/jpeg"}],"author":"JC.","twitter_card":"summary_large_image","twitter_misc":{"Escrito por":"JC.","Tiempo estimado de lectura":"1 minuto"},"schema":{"@context":"https:\/\/schema.org","@graph":[{"@type":"Article","@id":"http:\/\/www.defensoria.gob.ve\/?p=11852#article","isPartOf":{"@id":"http:\/\/www.defensoria.gob.ve\/?p=11852"},"author":{"name":"JC.","@id":"http:\/\/www.defensoria.gob.ve\/#\/schema\/person\/fba14293189d7b1933ac7fba9d89e24a"},"headline":"Defensor\u00eda del Pueblo realiz\u00f3 conversatorio sobre \u201cEdici\u00f3n y Promoci\u00f3n de los Derechos Humanos\u201d en Carabobo","datePublished":"2025-05-12T14:53:53+00:00","dateModified":"2025-05-12T14:54:20+00:00","mainEntityOfPage":{"@id":"http:\/\/www.defensoria.gob.ve\/?p=11852"},"wordCount":165,"image":{"@id":"http:\/\/www.defensoria.gob.ve\/?p=11852#primaryimage"},"thumbnailUrl":"http:\/\/www.defensoria.gob.ve\/wp-content\/uploads\/2025\/05\/73e976cd-2f79-4338-99f6-ffbc778177bf.jpg","articleSection":["REGIONALES"],"inLanguage":"es"},{"@type":"WebPage","@id":"http:\/\/www.defensoria.gob.ve\/?p=11852","url":"http:\/\/www.defensoria.gob.ve\/?p=11852","name":"Defensor\u00eda del Pueblo realiz\u00f3 conversatorio sobre \u201cEdici\u00f3n y Promoci\u00f3n de los Derechos Humanos\u201d en Carabobo -","isPartOf":{"@id":"http:\/\/www.defensoria.gob.ve\/#website"},"primaryImageOfPage":{"@id":"http:\/\/www.defensoria.gob.ve\/?p=11852#primaryimage"},"image":{"@id":"http:\/\/www.defensoria.gob.ve\/?p=11852#primaryimage"},"thumbnailUrl":"http:\/\/www.defensoria.gob.ve\/wp-content\/uploads\/2025\/05\/73e976cd-2f79-4338-99f6-ffbc778177bf.jpg","datePublished":"2025-05-12T14:53:53+00:00","dateModified":"2025-05-12T14:54:20+00:00","author":{"@id":"http:\/\/www.defensoria.gob.ve\/#\/schema\/person\/fba14293189d7b1933ac7fba9d89e24a"},"breadcrumb":{"@id":"http:\/\/www.defensoria.gob.ve\/?p=11852#breadcrumb"},"inLanguage":"es","potentialAction":[{"@type":"ReadAction","target":["http:\/\/www.defensoria.gob.ve\/?p=11852"]}]},{"@type":"ImageObject","inLanguage":"es","@id":"http:\/\/www.defensoria.gob.ve\/?p=11852#primaryimage","url":"http:\/\/www.defensoria.gob.ve\/wp-content\/uploads\/2025\/05\/73e976cd-2f79-4338-99f6-ffbc778177bf.jpg","contentUrl":"http:\/\/www.defensoria.gob.ve\/wp-content\/uploads\/2025\/05\/73e976cd-2f79-4338-99f6-ffbc778177bf.jpg","width":1080,"height":538},{"@type":"BreadcrumbList","@id":"http:\/\/www.defensoria.gob.ve\/?p=11852#breadcrumb","itemListElement":[{"@type":"ListItem","position":1,"name":"Portada","item":"http:\/\/www.defensoria.gob.ve\/"},{"@type":"ListItem","position":2,"name":"Defensor\u00eda del Pueblo realiz\u00f3 conversatorio sobre \u201cEdici\u00f3n y Promoci\u00f3n de los Derechos Humanos\u201d en Carabobo"}]},{"@type":"WebSite","@id":"http:\/\/www.defensoria.gob.ve\/#website","url":"http:\/\/www.defensoria.gob.ve\/","name":"","description":"Instituci\u00f3n del Poder Ciudadano para la Promoci\u00f3n, Defensa y Vigilancia de los Derechos Humanos. ","potentialAction":[{"@type":"SearchAction","target":{"@type":"EntryPoint","urlTemplate":"http:\/\/www.defensoria.gob.ve\/?s={search_term_string}"},"query-input":{"@type":"PropertyValueSpecification","valueRequired":true,"valueName":"search_term_string"}}],"inLanguage":"es"},{"@type":"Person","@id":"http:\/\/www.defensoria.gob.ve\/#\/schema\/person\/fba14293189d7b1933ac7fba9d89e24a","name":"JC.","image":{"@type":"ImageObject","inLanguage":"es","@id":"https:\/\/secure.gravatar.com\/avatar\/f398a4de948606b38f0299d90ca738c674b648694bc725ed46503c240269dbf8?s=96&d=mm&r=g","url":"https:\/\/secure.gravatar.com\/avatar\/f398a4de948606b38f0299d90ca738c674b648694bc725ed46503c240269dbf8?s=96&d=mm&r=g","contentUrl":"https:\/\/secure.gravatar.com\/avatar\/f398a4de948606b38f0299d90ca738c674b648694bc725ed46503c240269dbf8?s=96&d=mm&r=g","caption":"JC."},"url":"http:\/\/www.defensoria.gob.ve\/?author=5"}]}},"_links":{"self":[{"href":"http:\/\/www.defensoria.gob.ve\/index.php?rest_route=\/wp\/v2\/posts\/11852","targetHints":{"allow":["GET"]}}],"collection":[{"href":"http:\/\/www.defensoria.gob.ve\/index.php?rest_route=\/wp\/v2\/posts"}],"about":[{"href":"http:\/\/www.defensoria.gob.ve\/index.php?rest_route=\/wp\/v2\/types\/post"}],"author":[{"embeddable":true,"href":"http:\/\/www.defensoria.gob.ve\/index.php?rest_route=\/wp\/v2\/users\/5"}],"replies":[{"embeddable":true,"href":"http:\/\/www.defensoria.gob.ve\/index.php?rest_route=%2Fwp%2Fv2%2Fcomments&post=11852"}],"version-history":[{"count":4,"href":"http:\/\/www.defensoria.gob.ve\/index.php?rest_route=\/wp\/v2\/posts\/11852\/revisions"}],"predecessor-version":[{"id":11858,"href":"http:\/\/www.defensoria.gob.ve\/index.php?rest_route=\/wp\/v2\/posts\/11852\/revisions\/11858"}],"wp:featuredmedia":[{"embeddable":true,"href":"http:\/\/www.defensoria.gob.ve\/index.php?rest_route=\/wp\/v2\/media\/11854"}],"wp:attachment":[{"href":"http:\/\/www.defensoria.gob.ve\/index.php?rest_route=%2Fwp%2Fv2%2Fmedia&parent=11852"}],"wp:term":[{"taxonomy":"category","embeddable":true,"href":"http:\/\/www.defensoria.gob.ve\/index.php?rest_route=%2Fwp%2Fv2%2Fcategories&post=11852"},{"taxonomy":"post_tag","embeddable":true,"href":"http:\/\/www.defensoria.gob.ve\/index.php?rest_route=%2Fwp%2Fv2%2Ftags&post=11852"}],"curies":[{"name":"wp","href":"https:\/\/api.w.org\/{rel}","templated":true}]}}