 
{"id":11894,"date":"2025-05-14T10:46:06","date_gmt":"2025-05-14T14:46:06","guid":{"rendered":"http:\/\/www.defensoria.gob.ve\/?p=11894"},"modified":"2025-05-15T09:45:56","modified_gmt":"2025-05-15T13:45:56","slug":"delegada-de-aragua-realizo-jornada-de-divulgacion-sobre-prevencion-de-la-violencia-contra-la-mujer-2","status":"publish","type":"post","link":"http:\/\/www.defensoria.gob.ve\/?p=11894","title":{"rendered":"Delegada de Aragua realiz\u00f3 jornada de divulgaci\u00f3n sobre Prevenci\u00f3n de la Violencia contra la Mujer"},"content":{"rendered":"\t\t<div data-elementor-type=\"wp-post\" data-elementor-id=\"11894\" class=\"elementor elementor-11894\">\n\t\t\t\t\t\t<section class=\"elementor-section elementor-top-section elementor-element elementor-element-6d80658b elementor-section-boxed elementor-section-height-default elementor-section-height-default\" data-id=\"6d80658b\" data-element_type=\"section\" data-e-type=\"section\">\n\t\t\t\t\t\t<div class=\"elementor-container elementor-column-gap-default\">\n\t\t\t\t\t<div class=\"elementor-column elementor-col-100 elementor-top-column elementor-element elementor-element-3b90c2dc\" data-id=\"3b90c2dc\" data-element_type=\"column\" data-e-type=\"column\">\n\t\t\t<div class=\"elementor-widget-wrap elementor-element-populated\">\n\t\t\t\t\t\t<div class=\"elementor-element elementor-element-1b00db35 elementor-widget elementor-widget-text-editor\" data-id=\"1b00db35\" data-element_type=\"widget\" data-e-type=\"widget\" data-widget_type=\"text-editor.default\">\n\t\t\t\t<div class=\"elementor-widget-container\">\n\t\t\t\t\t\t\t\t\t<p><\/p>\n<p><strong>(Aragua\/14-May-25)<\/strong> La Defensor\u00eda Delegada del estado Aragua realiz\u00f3 una jornada de sensibilizaci\u00f3n y divulgaci\u00f3n sobre la Prevenci\u00f3n de la Violencia contra la Mujer, utilizando como herramienta Pedag\u00f3gica el Violent\u00f3metro.<\/p>\n<p><\/p>\n<p>Esta iniciativa fue dirigida a los funcionarios y las funcionarias de la sede de la Coordinaci\u00f3n Regional de los Cuadrantes de Paz del municipio Girardot. Actividad que responde al compromiso Institucional de la Defensor\u00eda del Pueblo (DdP) en la Promoci\u00f3n y Protecci\u00f3n de los derechos humanos, con especial \u00e9nfasis en la erradicaci\u00f3n de la violencia de g\u00e9nero en todas sus manifestaciones.<\/p>\n<p><\/p>\n<p>Con este acto, el ente defensor\u00edal se mantiene cumpliendo sus competencias y atribuciones reflejadas en la Constituci\u00f3n de la Rep\u00fablica Bolivariana de Venezuela. FIN \/ PRENSA Defensor\u00eda<\/p>\n<p><\/p>\t\t\t\t\t\t\t\t<\/div>\n\t\t\t\t<\/div>\n\t\t\t\t\t<\/div>\n\t\t<\/div>\n\t\t\t\t\t<\/div>\n\t\t<\/section>\n\t\t\t\t<\/div>\n\t\t","protected":false},"excerpt":{"rendered":"<p>(Aragua\/14-May-25) La Defensor\u00eda Delegada del estado Aragua realiz\u00f3 una jornada de sensibilizaci\u00f3n y divulgaci\u00f3n sobre la Prevenci\u00f3n de la Violencia contra la Mujer, utilizando como herramienta Pedag\u00f3gica el Violent\u00f3metro. Esta&hellip; <\/p>\n","protected":false},"author":5,"featured_media":11911,"comment_status":"closed","ping_status":"open","sticky":false,"template":"","format":"standard","meta":{"footnotes":""},"categories":[5],"tags":[],"class_list":["post-11894","post","type-post","status-publish","format-standard","has-post-thumbnail","hentry","category-regionales"],"yoast_head":"<!-- This site is optimized with the Yoast SEO plugin v27.4 - https:\/\/yoast.com\/product\/yoast-seo-wordpress\/ -->\n<title>Delegada de Aragua realiz\u00f3 jornada de divulgaci\u00f3n sobre Prevenci\u00f3n de la Violencia contra la Mujer -<\/title>\n<meta name=\"robots\" content=\"index, follow, max-snippet:-1, max-image-preview:large, max-video-preview:-1\" \/>\n<link rel=\"canonical\" href=\"http:\/\/www.defensoria.gob.ve\/?p=11894\" \/>\n<meta property=\"og:locale\" content=\"es_ES\" \/>\n<meta property=\"og:type\" content=\"article\" \/>\n<meta property=\"og:title\" content=\"Delegada de Aragua realiz\u00f3 jornada de divulgaci\u00f3n sobre Prevenci\u00f3n de la Violencia contra la Mujer -\" \/>\n<meta property=\"og:description\" content=\"(Aragua\/14-May-25) La Defensor\u00eda Delegada del estado Aragua realiz\u00f3 una jornada de sensibilizaci\u00f3n y divulgaci\u00f3n sobre la Prevenci\u00f3n de la Violencia contra la Mujer, utilizando como herramienta Pedag\u00f3gica el Violent\u00f3metro. Esta&hellip;\" \/>\n<meta property=\"og:url\" content=\"http:\/\/www.defensoria.gob.ve\/?p=11894\" \/>\n<meta property=\"article:published_time\" content=\"2025-05-14T14:46:06+00:00\" \/>\n<meta property=\"article:modified_time\" content=\"2025-05-15T13:45:56+00:00\" \/>\n<meta property=\"og:image\" content=\"http:\/\/www.defensoria.gob.ve\/wp-content\/uploads\/2025\/05\/Screenshot_75.png\" \/>\n\t<meta property=\"og:image:width\" content=\"1215\" \/>\n\t<meta property=\"og:image:height\" content=\"550\" \/>\n\t<meta property=\"og:image:type\" content=\"image\/png\" \/>\n<meta name=\"author\" content=\"JC.\" \/>\n<meta name=\"twitter:card\" content=\"summary_large_image\" \/>\n<meta name=\"twitter:label1\" content=\"Escrito por\" \/>\n\t<meta name=\"twitter:data1\" content=\"JC.\" \/>\n\t<meta name=\"twitter:label2\" content=\"Tiempo estimado de lectura\" \/>\n\t<meta name=\"twitter:data2\" content=\"1 minuto\" \/>\n<script type=\"application\/ld+json\" class=\"yoast-schema-graph\">{\"@context\":\"https:\\\/\\\/schema.org\",\"@graph\":[{\"@type\":\"Article\",\"@id\":\"http:\\\/\\\/www.defensoria.gob.ve\\\/?p=11894#article\",\"isPartOf\":{\"@id\":\"http:\\\/\\\/www.defensoria.gob.ve\\\/?p=11894\"},\"author\":{\"name\":\"JC.\",\"@id\":\"http:\\\/\\\/www.defensoria.gob.ve\\\/#\\\/schema\\\/person\\\/fba14293189d7b1933ac7fba9d89e24a\"},\"headline\":\"Delegada de Aragua realiz\u00f3 jornada de divulgaci\u00f3n sobre Prevenci\u00f3n de la Violencia contra la Mujer\",\"datePublished\":\"2025-05-14T14:46:06+00:00\",\"dateModified\":\"2025-05-15T13:45:56+00:00\",\"mainEntityOfPage\":{\"@id\":\"http:\\\/\\\/www.defensoria.gob.ve\\\/?p=11894\"},\"wordCount\":150,\"image\":{\"@id\":\"http:\\\/\\\/www.defensoria.gob.ve\\\/?p=11894#primaryimage\"},\"thumbnailUrl\":\"http:\\\/\\\/www.defensoria.gob.ve\\\/wp-content\\\/uploads\\\/2025\\\/05\\\/Screenshot_75.png\",\"articleSection\":[\"REGIONALES\"],\"inLanguage\":\"es\"},{\"@type\":\"WebPage\",\"@id\":\"http:\\\/\\\/www.defensoria.gob.ve\\\/?p=11894\",\"url\":\"http:\\\/\\\/www.defensoria.gob.ve\\\/?p=11894\",\"name\":\"Delegada de Aragua realiz\u00f3 jornada de divulgaci\u00f3n sobre Prevenci\u00f3n de la Violencia contra la Mujer -\",\"isPartOf\":{\"@id\":\"http:\\\/\\\/www.defensoria.gob.ve\\\/#website\"},\"primaryImageOfPage\":{\"@id\":\"http:\\\/\\\/www.defensoria.gob.ve\\\/?p=11894#primaryimage\"},\"image\":{\"@id\":\"http:\\\/\\\/www.defensoria.gob.ve\\\/?p=11894#primaryimage\"},\"thumbnailUrl\":\"http:\\\/\\\/www.defensoria.gob.ve\\\/wp-content\\\/uploads\\\/2025\\\/05\\\/Screenshot_75.png\",\"datePublished\":\"2025-05-14T14:46:06+00:00\",\"dateModified\":\"2025-05-15T13:45:56+00:00\",\"author\":{\"@id\":\"http:\\\/\\\/www.defensoria.gob.ve\\\/#\\\/schema\\\/person\\\/fba14293189d7b1933ac7fba9d89e24a\"},\"breadcrumb\":{\"@id\":\"http:\\\/\\\/www.defensoria.gob.ve\\\/?p=11894#breadcrumb\"},\"inLanguage\":\"es\",\"potentialAction\":[{\"@type\":\"ReadAction\",\"target\":[\"http:\\\/\\\/www.defensoria.gob.ve\\\/?p=11894\"]}]},{\"@type\":\"ImageObject\",\"inLanguage\":\"es\",\"@id\":\"http:\\\/\\\/www.defensoria.gob.ve\\\/?p=11894#primaryimage\",\"url\":\"http:\\\/\\\/www.defensoria.gob.ve\\\/wp-content\\\/uploads\\\/2025\\\/05\\\/Screenshot_75.png\",\"contentUrl\":\"http:\\\/\\\/www.defensoria.gob.ve\\\/wp-content\\\/uploads\\\/2025\\\/05\\\/Screenshot_75.png\",\"width\":1215,\"height\":550},{\"@type\":\"BreadcrumbList\",\"@id\":\"http:\\\/\\\/www.defensoria.gob.ve\\\/?p=11894#breadcrumb\",\"itemListElement\":[{\"@type\":\"ListItem\",\"position\":1,\"name\":\"Portada\",\"item\":\"http:\\\/\\\/www.defensoria.gob.ve\\\/\"},{\"@type\":\"ListItem\",\"position\":2,\"name\":\"Delegada de Aragua realiz\u00f3 jornada de divulgaci\u00f3n sobre Prevenci\u00f3n de la Violencia contra la Mujer\"}]},{\"@type\":\"WebSite\",\"@id\":\"http:\\\/\\\/www.defensoria.gob.ve\\\/#website\",\"url\":\"http:\\\/\\\/www.defensoria.gob.ve\\\/\",\"name\":\"\",\"description\":\"Instituci\u00f3n del Poder Ciudadano para la Promoci\u00f3n, Defensa y Vigilancia de los Derechos Humanos. \",\"potentialAction\":[{\"@type\":\"SearchAction\",\"target\":{\"@type\":\"EntryPoint\",\"urlTemplate\":\"http:\\\/\\\/www.defensoria.gob.ve\\\/?s={search_term_string}\"},\"query-input\":{\"@type\":\"PropertyValueSpecification\",\"valueRequired\":true,\"valueName\":\"search_term_string\"}}],\"inLanguage\":\"es\"},{\"@type\":\"Person\",\"@id\":\"http:\\\/\\\/www.defensoria.gob.ve\\\/#\\\/schema\\\/person\\\/fba14293189d7b1933ac7fba9d89e24a\",\"name\":\"JC.\",\"image\":{\"@type\":\"ImageObject\",\"inLanguage\":\"es\",\"@id\":\"https:\\\/\\\/secure.gravatar.com\\\/avatar\\\/f398a4de948606b38f0299d90ca738c674b648694bc725ed46503c240269dbf8?s=96&d=mm&r=g\",\"url\":\"https:\\\/\\\/secure.gravatar.com\\\/avatar\\\/f398a4de948606b38f0299d90ca738c674b648694bc725ed46503c240269dbf8?s=96&d=mm&r=g\",\"contentUrl\":\"https:\\\/\\\/secure.gravatar.com\\\/avatar\\\/f398a4de948606b38f0299d90ca738c674b648694bc725ed46503c240269dbf8?s=96&d=mm&r=g\",\"caption\":\"JC.\"},\"url\":\"http:\\\/\\\/www.defensoria.gob.ve\\\/?author=5\"}]}<\/script>\n<!-- \/ Yoast SEO plugin. -->","yoast_head_json":{"title":"Delegada de Aragua realiz\u00f3 jornada de divulgaci\u00f3n sobre Prevenci\u00f3n de la Violencia contra la Mujer -","robots":{"index":"index","follow":"follow","max-snippet":"max-snippet:-1","max-image-preview":"max-image-preview:large","max-video-preview":"max-video-preview:-1"},"canonical":"http:\/\/www.defensoria.gob.ve\/?p=11894","og_locale":"es_ES","og_type":"article","og_title":"Delegada de Aragua realiz\u00f3 jornada de divulgaci\u00f3n sobre Prevenci\u00f3n de la Violencia contra la Mujer -","og_description":"(Aragua\/14-May-25) La Defensor\u00eda Delegada del estado Aragua realiz\u00f3 una jornada de sensibilizaci\u00f3n y divulgaci\u00f3n sobre la Prevenci\u00f3n de la Violencia contra la Mujer, utilizando como herramienta Pedag\u00f3gica el Violent\u00f3metro. Esta&hellip;","og_url":"http:\/\/www.defensoria.gob.ve\/?p=11894","article_published_time":"2025-05-14T14:46:06+00:00","article_modified_time":"2025-05-15T13:45:56+00:00","og_image":[{"width":1215,"height":550,"url":"http:\/\/www.defensoria.gob.ve\/wp-content\/uploads\/2025\/05\/Screenshot_75.png","type":"image\/png"}],"author":"JC.","twitter_card":"summary_large_image","twitter_misc":{"Escrito por":"JC.","Tiempo estimado de lectura":"1 minuto"},"schema":{"@context":"https:\/\/schema.org","@graph":[{"@type":"Article","@id":"http:\/\/www.defensoria.gob.ve\/?p=11894#article","isPartOf":{"@id":"http:\/\/www.defensoria.gob.ve\/?p=11894"},"author":{"name":"JC.","@id":"http:\/\/www.defensoria.gob.ve\/#\/schema\/person\/fba14293189d7b1933ac7fba9d89e24a"},"headline":"Delegada de Aragua realiz\u00f3 jornada de divulgaci\u00f3n sobre Prevenci\u00f3n de la Violencia contra la Mujer","datePublished":"2025-05-14T14:46:06+00:00","dateModified":"2025-05-15T13:45:56+00:00","mainEntityOfPage":{"@id":"http:\/\/www.defensoria.gob.ve\/?p=11894"},"wordCount":150,"image":{"@id":"http:\/\/www.defensoria.gob.ve\/?p=11894#primaryimage"},"thumbnailUrl":"http:\/\/www.defensoria.gob.ve\/wp-content\/uploads\/2025\/05\/Screenshot_75.png","articleSection":["REGIONALES"],"inLanguage":"es"},{"@type":"WebPage","@id":"http:\/\/www.defensoria.gob.ve\/?p=11894","url":"http:\/\/www.defensoria.gob.ve\/?p=11894","name":"Delegada de Aragua realiz\u00f3 jornada de divulgaci\u00f3n sobre Prevenci\u00f3n de la Violencia contra la Mujer -","isPartOf":{"@id":"http:\/\/www.defensoria.gob.ve\/#website"},"primaryImageOfPage":{"@id":"http:\/\/www.defensoria.gob.ve\/?p=11894#primaryimage"},"image":{"@id":"http:\/\/www.defensoria.gob.ve\/?p=11894#primaryimage"},"thumbnailUrl":"http:\/\/www.defensoria.gob.ve\/wp-content\/uploads\/2025\/05\/Screenshot_75.png","datePublished":"2025-05-14T14:46:06+00:00","dateModified":"2025-05-15T13:45:56+00:00","author":{"@id":"http:\/\/www.defensoria.gob.ve\/#\/schema\/person\/fba14293189d7b1933ac7fba9d89e24a"},"breadcrumb":{"@id":"http:\/\/www.defensoria.gob.ve\/?p=11894#breadcrumb"},"inLanguage":"es","potentialAction":[{"@type":"ReadAction","target":["http:\/\/www.defensoria.gob.ve\/?p=11894"]}]},{"@type":"ImageObject","inLanguage":"es","@id":"http:\/\/www.defensoria.gob.ve\/?p=11894#primaryimage","url":"http:\/\/www.defensoria.gob.ve\/wp-content\/uploads\/2025\/05\/Screenshot_75.png","contentUrl":"http:\/\/www.defensoria.gob.ve\/wp-content\/uploads\/2025\/05\/Screenshot_75.png","width":1215,"height":550},{"@type":"BreadcrumbList","@id":"http:\/\/www.defensoria.gob.ve\/?p=11894#breadcrumb","itemListElement":[{"@type":"ListItem","position":1,"name":"Portada","item":"http:\/\/www.defensoria.gob.ve\/"},{"@type":"ListItem","position":2,"name":"Delegada de Aragua realiz\u00f3 jornada de divulgaci\u00f3n sobre Prevenci\u00f3n de la Violencia contra la Mujer"}]},{"@type":"WebSite","@id":"http:\/\/www.defensoria.gob.ve\/#website","url":"http:\/\/www.defensoria.gob.ve\/","name":"","description":"Instituci\u00f3n del Poder Ciudadano para la Promoci\u00f3n, Defensa y Vigilancia de los Derechos Humanos. ","potentialAction":[{"@type":"SearchAction","target":{"@type":"EntryPoint","urlTemplate":"http:\/\/www.defensoria.gob.ve\/?s={search_term_string}"},"query-input":{"@type":"PropertyValueSpecification","valueRequired":true,"valueName":"search_term_string"}}],"inLanguage":"es"},{"@type":"Person","@id":"http:\/\/www.defensoria.gob.ve\/#\/schema\/person\/fba14293189d7b1933ac7fba9d89e24a","name":"JC.","image":{"@type":"ImageObject","inLanguage":"es","@id":"https:\/\/secure.gravatar.com\/avatar\/f398a4de948606b38f0299d90ca738c674b648694bc725ed46503c240269dbf8?s=96&d=mm&r=g","url":"https:\/\/secure.gravatar.com\/avatar\/f398a4de948606b38f0299d90ca738c674b648694bc725ed46503c240269dbf8?s=96&d=mm&r=g","contentUrl":"https:\/\/secure.gravatar.com\/avatar\/f398a4de948606b38f0299d90ca738c674b648694bc725ed46503c240269dbf8?s=96&d=mm&r=g","caption":"JC."},"url":"http:\/\/www.defensoria.gob.ve\/?author=5"}]}},"_links":{"self":[{"href":"http:\/\/www.defensoria.gob.ve\/index.php?rest_route=\/wp\/v2\/posts\/11894","targetHints":{"allow":["GET"]}}],"collection":[{"href":"http:\/\/www.defensoria.gob.ve\/index.php?rest_route=\/wp\/v2\/posts"}],"about":[{"href":"http:\/\/www.defensoria.gob.ve\/index.php?rest_route=\/wp\/v2\/types\/post"}],"author":[{"embeddable":true,"href":"http:\/\/www.defensoria.gob.ve\/index.php?rest_route=\/wp\/v2\/users\/5"}],"replies":[{"embeddable":true,"href":"http:\/\/www.defensoria.gob.ve\/index.php?rest_route=%2Fwp%2Fv2%2Fcomments&post=11894"}],"version-history":[{"count":8,"href":"http:\/\/www.defensoria.gob.ve\/index.php?rest_route=\/wp\/v2\/posts\/11894\/revisions"}],"predecessor-version":[{"id":11913,"href":"http:\/\/www.defensoria.gob.ve\/index.php?rest_route=\/wp\/v2\/posts\/11894\/revisions\/11913"}],"wp:featuredmedia":[{"embeddable":true,"href":"http:\/\/www.defensoria.gob.ve\/index.php?rest_route=\/wp\/v2\/media\/11911"}],"wp:attachment":[{"href":"http:\/\/www.defensoria.gob.ve\/index.php?rest_route=%2Fwp%2Fv2%2Fmedia&parent=11894"}],"wp:term":[{"taxonomy":"category","embeddable":true,"href":"http:\/\/www.defensoria.gob.ve\/index.php?rest_route=%2Fwp%2Fv2%2Fcategories&post=11894"},{"taxonomy":"post_tag","embeddable":true,"href":"http:\/\/www.defensoria.gob.ve\/index.php?rest_route=%2Fwp%2Fv2%2Ftags&post=11894"}],"curies":[{"name":"wp","href":"https:\/\/api.w.org\/{rel}","templated":true}]}}