 
{"id":11914,"date":"2025-05-15T10:40:04","date_gmt":"2025-05-15T14:40:04","guid":{"rendered":"http:\/\/www.defensoria.gob.ve\/?p=11914"},"modified":"2025-05-15T12:18:36","modified_gmt":"2025-05-15T16:18:36","slug":"defensor-del-pueblo-participo-como-ponente-en-coloquio-sobre-las-ciencias-sociales-el-poder-popular-y-el-poder-comunal-en-venezuela-en-la-unesr","status":"publish","type":"post","link":"http:\/\/www.defensoria.gob.ve\/?p=11914","title":{"rendered":"Defensor del Pueblo particip\u00f3 como ponente en Coloquio sobre las \u00abCiencias Sociales, el Poder Popular y el Poder Comunal en Venezuela\u00bb en la Unesr"},"content":{"rendered":"\t\t<div data-elementor-type=\"wp-post\" data-elementor-id=\"11914\" class=\"elementor elementor-11914\">\n\t\t\t\t\t\t<section class=\"elementor-section elementor-top-section elementor-element elementor-element-1e7c910c elementor-section-boxed elementor-section-height-default elementor-section-height-default\" data-id=\"1e7c910c\" data-element_type=\"section\" data-e-type=\"section\">\n\t\t\t\t\t\t<div class=\"elementor-container elementor-column-gap-default\">\n\t\t\t\t\t<div class=\"elementor-column elementor-col-100 elementor-top-column elementor-element elementor-element-427ba34a\" data-id=\"427ba34a\" data-element_type=\"column\" data-e-type=\"column\">\n\t\t\t<div class=\"elementor-widget-wrap elementor-element-populated\">\n\t\t\t\t\t\t<div class=\"elementor-element elementor-element-79e76b00 elementor-widget elementor-widget-text-editor\" data-id=\"79e76b00\" data-element_type=\"widget\" data-e-type=\"widget\" data-widget_type=\"text-editor.default\">\n\t\t\t\t<div class=\"elementor-widget-container\">\n\t\t\t\t\t\t\t\t\t\n<p><strong>(15-May-25) <\/strong>Con motivo del 100\u00ba Aniversario del nacimiento del soci\u00f3logo, investigador y escritor colombiano Orlando Fals Borda, el Defensor del Pueblo, Alfredo Ruiz Angulo, particip\u00f3 como ponente en el Coloquio denominado \u201cLas Ciencias Sociales, el Poder Popular y el Poder Comunal en Venezuela\u201d, realizado en la sede del Rectorado de la Universidad Nacional Experimental Sim\u00f3n Rodr\u00edguez (UNESR) de Caracas.<\/p>\n\n\n\n<figure class=\"wp-block-image size-full\"><img fetchpriority=\"high\" decoding=\"async\" width=\"2560\" height=\"1443\" src=\"http:\/\/www.defensoria.gob.ve\/wp-content\/uploads\/2025\/05\/b99a7c98-306f-4ef6-8240-cc89f6314542.jpg\" alt=\"\" class=\"wp-image-11916\" srcset=\"http:\/\/www.defensoria.gob.ve\/wp-content\/uploads\/2025\/05\/b99a7c98-306f-4ef6-8240-cc89f6314542.jpg 2560w, http:\/\/www.defensoria.gob.ve\/wp-content\/uploads\/2025\/05\/b99a7c98-306f-4ef6-8240-cc89f6314542-768x433.jpg 768w, http:\/\/www.defensoria.gob.ve\/wp-content\/uploads\/2025\/05\/b99a7c98-306f-4ef6-8240-cc89f6314542-1536x866.jpg 1536w, http:\/\/www.defensoria.gob.ve\/wp-content\/uploads\/2025\/05\/b99a7c98-306f-4ef6-8240-cc89f6314542-2048x1154.jpg 2048w\" sizes=\"(max-width: 2560px) 100vw, 2560px\" \/><\/figure>\n\n\n\n<p>Las tem\u00e1ticas que se trataron en el evento fueron: Rol de las Ciencias Sociales en la construcci\u00f3n del Poder Popular, Experiencias de autogobierno y comunas en Venezuela, Di\u00e1logos entre teor\u00eda y pr\u00e1ctica en la construcci\u00f3n de alternativas, investigaci\u00f3n y acci\u00f3n participativa e Inteligencia y Ciencia Popular.<\/p>\n\n\n\n<p>Al momento de su ponencia, el Defensor del Pueblo indic\u00f3 que para lograr la consolidaci\u00f3n de un modelo alternativo que profundice en la construcci\u00f3n del poder popular es necesario desarrollar investigaciones con un car\u00e1cter y metodolog\u00eda decolonial, antiimperialista y con ello, desmontar todo ese aprendizaje rutinario que viene de la colonia y los centros de poder colonizadores.<\/p>\n\n\n\n<figure class=\"wp-block-image size-full\"><img decoding=\"async\" width=\"2560\" height=\"1443\" src=\"http:\/\/www.defensoria.gob.ve\/wp-content\/uploads\/2025\/05\/94a2ccc3-8949-4074-9e41-b1b73b7df2a1.jpg\" alt=\"\" class=\"wp-image-11917\" srcset=\"http:\/\/www.defensoria.gob.ve\/wp-content\/uploads\/2025\/05\/94a2ccc3-8949-4074-9e41-b1b73b7df2a1.jpg 2560w, http:\/\/www.defensoria.gob.ve\/wp-content\/uploads\/2025\/05\/94a2ccc3-8949-4074-9e41-b1b73b7df2a1-768x433.jpg 768w, http:\/\/www.defensoria.gob.ve\/wp-content\/uploads\/2025\/05\/94a2ccc3-8949-4074-9e41-b1b73b7df2a1-1536x866.jpg 1536w, http:\/\/www.defensoria.gob.ve\/wp-content\/uploads\/2025\/05\/94a2ccc3-8949-4074-9e41-b1b73b7df2a1-2048x1154.jpg 2048w\" sizes=\"(max-width: 2560px) 100vw, 2560px\" \/><\/figure>\n\n\n\n<p>En ese sentido, el titular del ente defensorial hizo un llamado a los ciudadanos y las ciudadanas a investigar y leer mucho, \u201ccon la oportunidad de aprender cada d\u00eda y con ellos implementar un m\u00e9todo donde se incremente la investigaci\u00f3n y la educaci\u00f3n, aplicando el m\u00e9todo dial\u00e9ctico y participativo en pro de la resoluci\u00f3n de problemas\u201d.<\/p>\n\n\n\n<p>Asimismo, Ruiz explic\u00f3 que la comunicaci\u00f3n existente en la consolidaci\u00f3n del conocimiento entre los y las integrantes del poder popular no es direccional y bidireccional, sino multidireccional, por lo que esta acci\u00f3n se transforma en \u201cun proceso cr\u00edtico, dial\u00e9ctico, permanente e integral, transformando radical y positivamente a las personas, las relaciones sociales y el contexto\u201d.<\/p>\n\n\n\n<figure class=\"wp-block-image size-full\"><img decoding=\"async\" width=\"2560\" height=\"1443\" src=\"http:\/\/www.defensoria.gob.ve\/wp-content\/uploads\/2025\/05\/2373f6a1-a27f-48c6-9017-9af38fbcd835.jpg\" alt=\"\" class=\"wp-image-11918\" srcset=\"http:\/\/www.defensoria.gob.ve\/wp-content\/uploads\/2025\/05\/2373f6a1-a27f-48c6-9017-9af38fbcd835.jpg 2560w, http:\/\/www.defensoria.gob.ve\/wp-content\/uploads\/2025\/05\/2373f6a1-a27f-48c6-9017-9af38fbcd835-768x433.jpg 768w, http:\/\/www.defensoria.gob.ve\/wp-content\/uploads\/2025\/05\/2373f6a1-a27f-48c6-9017-9af38fbcd835-1536x866.jpg 1536w, http:\/\/www.defensoria.gob.ve\/wp-content\/uploads\/2025\/05\/2373f6a1-a27f-48c6-9017-9af38fbcd835-2048x1154.jpg 2048w\" sizes=\"(max-width: 2560px) 100vw, 2560px\" \/><\/figure>\n\n\n\n<p>Para finalizar, el Defensor del Pueblo llam\u00f3 a realizar investigaciones con la gente, buscando la transformaci\u00f3n real de la comunidad a trav\u00e9s del respeto a los derechos humanos de todos y todas las venezolanas. <strong>FIN \/ PRENSA Defensor\u00eda<\/strong><\/p>\n\t\t\t\t\t\t\t\t<\/div>\n\t\t\t\t<\/div>\n\t\t\t\t\t<\/div>\n\t\t<\/div>\n\t\t\t\t\t<\/div>\n\t\t<\/section>\n\t\t\t\t<\/div>\n\t\t","protected":false},"excerpt":{"rendered":"<p>(15-May-25) Con motivo del 100\u00ba Aniversario del nacimiento del soci\u00f3logo, investigador y escritor colombiano Orlando Fals Borda, el Defensor del Pueblo, Alfredo Ruiz Angulo, particip\u00f3 como ponente en el Coloquio&hellip; <\/p>\n","protected":false},"author":5,"featured_media":11915,"comment_status":"closed","ping_status":"open","sticky":false,"template":"","format":"standard","meta":{"footnotes":""},"categories":[3],"tags":[],"class_list":["post-11914","post","type-post","status-publish","format-standard","has-post-thumbnail","hentry","category-centrales"],"yoast_head":"<!-- This site is optimized with the Yoast SEO plugin v27.4 - https:\/\/yoast.com\/product\/yoast-seo-wordpress\/ -->\n<title>Defensor del Pueblo particip\u00f3 como ponente en Coloquio sobre las &quot;Ciencias Sociales, el Poder Popular y el Poder Comunal en Venezuela&quot; en la Unesr -<\/title>\n<meta name=\"robots\" content=\"index, follow, max-snippet:-1, max-image-preview:large, max-video-preview:-1\" \/>\n<link rel=\"canonical\" href=\"http:\/\/www.defensoria.gob.ve\/?p=11914\" \/>\n<meta property=\"og:locale\" content=\"es_ES\" \/>\n<meta property=\"og:type\" content=\"article\" \/>\n<meta property=\"og:title\" content=\"Defensor del Pueblo particip\u00f3 como ponente en Coloquio sobre las &quot;Ciencias Sociales, el Poder Popular y el Poder Comunal en Venezuela&quot; en la Unesr -\" \/>\n<meta property=\"og:description\" content=\"(15-May-25) Con motivo del 100\u00ba Aniversario del nacimiento del soci\u00f3logo, investigador y escritor colombiano Orlando Fals Borda, el Defensor del Pueblo, Alfredo Ruiz Angulo, particip\u00f3 como ponente en el Coloquio&hellip;\" \/>\n<meta property=\"og:url\" content=\"http:\/\/www.defensoria.gob.ve\/?p=11914\" \/>\n<meta property=\"article:published_time\" content=\"2025-05-15T14:40:04+00:00\" \/>\n<meta property=\"article:modified_time\" content=\"2025-05-15T16:18:36+00:00\" \/>\n<meta property=\"og:image\" content=\"http:\/\/www.defensoria.gob.ve\/wp-content\/uploads\/2025\/05\/72fe6800-1ee1-4d05-9007-6420c97ecebc.jpg\" \/>\n\t<meta property=\"og:image:width\" content=\"2560\" \/>\n\t<meta property=\"og:image:height\" content=\"1443\" \/>\n\t<meta property=\"og:image:type\" content=\"image\/jpeg\" \/>\n<meta name=\"author\" content=\"JC.\" \/>\n<meta name=\"twitter:card\" content=\"summary_large_image\" \/>\n<meta name=\"twitter:label1\" content=\"Escrito por\" \/>\n\t<meta name=\"twitter:data1\" content=\"JC.\" \/>\n\t<meta name=\"twitter:label2\" content=\"Tiempo estimado de lectura\" \/>\n\t<meta name=\"twitter:data2\" content=\"3 minutos\" \/>\n<script type=\"application\/ld+json\" class=\"yoast-schema-graph\">{\"@context\":\"https:\\\/\\\/schema.org\",\"@graph\":[{\"@type\":\"Article\",\"@id\":\"http:\\\/\\\/www.defensoria.gob.ve\\\/?p=11914#article\",\"isPartOf\":{\"@id\":\"http:\\\/\\\/www.defensoria.gob.ve\\\/?p=11914\"},\"author\":{\"name\":\"JC.\",\"@id\":\"http:\\\/\\\/www.defensoria.gob.ve\\\/#\\\/schema\\\/person\\\/fba14293189d7b1933ac7fba9d89e24a\"},\"headline\":\"Defensor del Pueblo particip\u00f3 como ponente en Coloquio sobre las \u00abCiencias Sociales, el Poder Popular y el Poder Comunal en Venezuela\u00bb en la Unesr\",\"datePublished\":\"2025-05-15T14:40:04+00:00\",\"dateModified\":\"2025-05-15T16:18:36+00:00\",\"mainEntityOfPage\":{\"@id\":\"http:\\\/\\\/www.defensoria.gob.ve\\\/?p=11914\"},\"wordCount\":363,\"image\":{\"@id\":\"http:\\\/\\\/www.defensoria.gob.ve\\\/?p=11914#primaryimage\"},\"thumbnailUrl\":\"http:\\\/\\\/www.defensoria.gob.ve\\\/wp-content\\\/uploads\\\/2025\\\/05\\\/72fe6800-1ee1-4d05-9007-6420c97ecebc.jpg\",\"articleSection\":[\"CENTRALES\"],\"inLanguage\":\"es\"},{\"@type\":\"WebPage\",\"@id\":\"http:\\\/\\\/www.defensoria.gob.ve\\\/?p=11914\",\"url\":\"http:\\\/\\\/www.defensoria.gob.ve\\\/?p=11914\",\"name\":\"Defensor del Pueblo particip\u00f3 como ponente en Coloquio sobre las \\\"Ciencias Sociales, el Poder Popular y el Poder Comunal en Venezuela\\\" en la Unesr -\",\"isPartOf\":{\"@id\":\"http:\\\/\\\/www.defensoria.gob.ve\\\/#website\"},\"primaryImageOfPage\":{\"@id\":\"http:\\\/\\\/www.defensoria.gob.ve\\\/?p=11914#primaryimage\"},\"image\":{\"@id\":\"http:\\\/\\\/www.defensoria.gob.ve\\\/?p=11914#primaryimage\"},\"thumbnailUrl\":\"http:\\\/\\\/www.defensoria.gob.ve\\\/wp-content\\\/uploads\\\/2025\\\/05\\\/72fe6800-1ee1-4d05-9007-6420c97ecebc.jpg\",\"datePublished\":\"2025-05-15T14:40:04+00:00\",\"dateModified\":\"2025-05-15T16:18:36+00:00\",\"author\":{\"@id\":\"http:\\\/\\\/www.defensoria.gob.ve\\\/#\\\/schema\\\/person\\\/fba14293189d7b1933ac7fba9d89e24a\"},\"breadcrumb\":{\"@id\":\"http:\\\/\\\/www.defensoria.gob.ve\\\/?p=11914#breadcrumb\"},\"inLanguage\":\"es\",\"potentialAction\":[{\"@type\":\"ReadAction\",\"target\":[\"http:\\\/\\\/www.defensoria.gob.ve\\\/?p=11914\"]}]},{\"@type\":\"ImageObject\",\"inLanguage\":\"es\",\"@id\":\"http:\\\/\\\/www.defensoria.gob.ve\\\/?p=11914#primaryimage\",\"url\":\"http:\\\/\\\/www.defensoria.gob.ve\\\/wp-content\\\/uploads\\\/2025\\\/05\\\/72fe6800-1ee1-4d05-9007-6420c97ecebc.jpg\",\"contentUrl\":\"http:\\\/\\\/www.defensoria.gob.ve\\\/wp-content\\\/uploads\\\/2025\\\/05\\\/72fe6800-1ee1-4d05-9007-6420c97ecebc.jpg\",\"width\":2560,\"height\":1443},{\"@type\":\"BreadcrumbList\",\"@id\":\"http:\\\/\\\/www.defensoria.gob.ve\\\/?p=11914#breadcrumb\",\"itemListElement\":[{\"@type\":\"ListItem\",\"position\":1,\"name\":\"Portada\",\"item\":\"http:\\\/\\\/www.defensoria.gob.ve\\\/\"},{\"@type\":\"ListItem\",\"position\":2,\"name\":\"Defensor del Pueblo particip\u00f3 como ponente en Coloquio sobre las \u00abCiencias Sociales, el Poder Popular y el Poder Comunal en Venezuela\u00bb en la Unesr\"}]},{\"@type\":\"WebSite\",\"@id\":\"http:\\\/\\\/www.defensoria.gob.ve\\\/#website\",\"url\":\"http:\\\/\\\/www.defensoria.gob.ve\\\/\",\"name\":\"\",\"description\":\"Instituci\u00f3n del Poder Ciudadano para la Promoci\u00f3n, Defensa y Vigilancia de los Derechos Humanos. \",\"potentialAction\":[{\"@type\":\"SearchAction\",\"target\":{\"@type\":\"EntryPoint\",\"urlTemplate\":\"http:\\\/\\\/www.defensoria.gob.ve\\\/?s={search_term_string}\"},\"query-input\":{\"@type\":\"PropertyValueSpecification\",\"valueRequired\":true,\"valueName\":\"search_term_string\"}}],\"inLanguage\":\"es\"},{\"@type\":\"Person\",\"@id\":\"http:\\\/\\\/www.defensoria.gob.ve\\\/#\\\/schema\\\/person\\\/fba14293189d7b1933ac7fba9d89e24a\",\"name\":\"JC.\",\"image\":{\"@type\":\"ImageObject\",\"inLanguage\":\"es\",\"@id\":\"https:\\\/\\\/secure.gravatar.com\\\/avatar\\\/f398a4de948606b38f0299d90ca738c674b648694bc725ed46503c240269dbf8?s=96&d=mm&r=g\",\"url\":\"https:\\\/\\\/secure.gravatar.com\\\/avatar\\\/f398a4de948606b38f0299d90ca738c674b648694bc725ed46503c240269dbf8?s=96&d=mm&r=g\",\"contentUrl\":\"https:\\\/\\\/secure.gravatar.com\\\/avatar\\\/f398a4de948606b38f0299d90ca738c674b648694bc725ed46503c240269dbf8?s=96&d=mm&r=g\",\"caption\":\"JC.\"},\"url\":\"http:\\\/\\\/www.defensoria.gob.ve\\\/?author=5\"}]}<\/script>\n<!-- \/ Yoast SEO plugin. -->","yoast_head_json":{"title":"Defensor del Pueblo particip\u00f3 como ponente en Coloquio sobre las \"Ciencias Sociales, el Poder Popular y el Poder Comunal en Venezuela\" en la Unesr -","robots":{"index":"index","follow":"follow","max-snippet":"max-snippet:-1","max-image-preview":"max-image-preview:large","max-video-preview":"max-video-preview:-1"},"canonical":"http:\/\/www.defensoria.gob.ve\/?p=11914","og_locale":"es_ES","og_type":"article","og_title":"Defensor del Pueblo particip\u00f3 como ponente en Coloquio sobre las \"Ciencias Sociales, el Poder Popular y el Poder Comunal en Venezuela\" en la Unesr -","og_description":"(15-May-25) Con motivo del 100\u00ba Aniversario del nacimiento del soci\u00f3logo, investigador y escritor colombiano Orlando Fals Borda, el Defensor del Pueblo, Alfredo Ruiz Angulo, particip\u00f3 como ponente en el Coloquio&hellip;","og_url":"http:\/\/www.defensoria.gob.ve\/?p=11914","article_published_time":"2025-05-15T14:40:04+00:00","article_modified_time":"2025-05-15T16:18:36+00:00","og_image":[{"width":2560,"height":1443,"url":"http:\/\/www.defensoria.gob.ve\/wp-content\/uploads\/2025\/05\/72fe6800-1ee1-4d05-9007-6420c97ecebc.jpg","type":"image\/jpeg"}],"author":"JC.","twitter_card":"summary_large_image","twitter_misc":{"Escrito por":"JC.","Tiempo estimado de lectura":"3 minutos"},"schema":{"@context":"https:\/\/schema.org","@graph":[{"@type":"Article","@id":"http:\/\/www.defensoria.gob.ve\/?p=11914#article","isPartOf":{"@id":"http:\/\/www.defensoria.gob.ve\/?p=11914"},"author":{"name":"JC.","@id":"http:\/\/www.defensoria.gob.ve\/#\/schema\/person\/fba14293189d7b1933ac7fba9d89e24a"},"headline":"Defensor del Pueblo particip\u00f3 como ponente en Coloquio sobre las \u00abCiencias Sociales, el Poder Popular y el Poder Comunal en Venezuela\u00bb en la Unesr","datePublished":"2025-05-15T14:40:04+00:00","dateModified":"2025-05-15T16:18:36+00:00","mainEntityOfPage":{"@id":"http:\/\/www.defensoria.gob.ve\/?p=11914"},"wordCount":363,"image":{"@id":"http:\/\/www.defensoria.gob.ve\/?p=11914#primaryimage"},"thumbnailUrl":"http:\/\/www.defensoria.gob.ve\/wp-content\/uploads\/2025\/05\/72fe6800-1ee1-4d05-9007-6420c97ecebc.jpg","articleSection":["CENTRALES"],"inLanguage":"es"},{"@type":"WebPage","@id":"http:\/\/www.defensoria.gob.ve\/?p=11914","url":"http:\/\/www.defensoria.gob.ve\/?p=11914","name":"Defensor del Pueblo particip\u00f3 como ponente en Coloquio sobre las \"Ciencias Sociales, el Poder Popular y el Poder Comunal en Venezuela\" en la Unesr -","isPartOf":{"@id":"http:\/\/www.defensoria.gob.ve\/#website"},"primaryImageOfPage":{"@id":"http:\/\/www.defensoria.gob.ve\/?p=11914#primaryimage"},"image":{"@id":"http:\/\/www.defensoria.gob.ve\/?p=11914#primaryimage"},"thumbnailUrl":"http:\/\/www.defensoria.gob.ve\/wp-content\/uploads\/2025\/05\/72fe6800-1ee1-4d05-9007-6420c97ecebc.jpg","datePublished":"2025-05-15T14:40:04+00:00","dateModified":"2025-05-15T16:18:36+00:00","author":{"@id":"http:\/\/www.defensoria.gob.ve\/#\/schema\/person\/fba14293189d7b1933ac7fba9d89e24a"},"breadcrumb":{"@id":"http:\/\/www.defensoria.gob.ve\/?p=11914#breadcrumb"},"inLanguage":"es","potentialAction":[{"@type":"ReadAction","target":["http:\/\/www.defensoria.gob.ve\/?p=11914"]}]},{"@type":"ImageObject","inLanguage":"es","@id":"http:\/\/www.defensoria.gob.ve\/?p=11914#primaryimage","url":"http:\/\/www.defensoria.gob.ve\/wp-content\/uploads\/2025\/05\/72fe6800-1ee1-4d05-9007-6420c97ecebc.jpg","contentUrl":"http:\/\/www.defensoria.gob.ve\/wp-content\/uploads\/2025\/05\/72fe6800-1ee1-4d05-9007-6420c97ecebc.jpg","width":2560,"height":1443},{"@type":"BreadcrumbList","@id":"http:\/\/www.defensoria.gob.ve\/?p=11914#breadcrumb","itemListElement":[{"@type":"ListItem","position":1,"name":"Portada","item":"http:\/\/www.defensoria.gob.ve\/"},{"@type":"ListItem","position":2,"name":"Defensor del Pueblo particip\u00f3 como ponente en Coloquio sobre las \u00abCiencias Sociales, el Poder Popular y el Poder Comunal en Venezuela\u00bb en la Unesr"}]},{"@type":"WebSite","@id":"http:\/\/www.defensoria.gob.ve\/#website","url":"http:\/\/www.defensoria.gob.ve\/","name":"","description":"Instituci\u00f3n del Poder Ciudadano para la Promoci\u00f3n, Defensa y Vigilancia de los Derechos Humanos. ","potentialAction":[{"@type":"SearchAction","target":{"@type":"EntryPoint","urlTemplate":"http:\/\/www.defensoria.gob.ve\/?s={search_term_string}"},"query-input":{"@type":"PropertyValueSpecification","valueRequired":true,"valueName":"search_term_string"}}],"inLanguage":"es"},{"@type":"Person","@id":"http:\/\/www.defensoria.gob.ve\/#\/schema\/person\/fba14293189d7b1933ac7fba9d89e24a","name":"JC.","image":{"@type":"ImageObject","inLanguage":"es","@id":"https:\/\/secure.gravatar.com\/avatar\/f398a4de948606b38f0299d90ca738c674b648694bc725ed46503c240269dbf8?s=96&d=mm&r=g","url":"https:\/\/secure.gravatar.com\/avatar\/f398a4de948606b38f0299d90ca738c674b648694bc725ed46503c240269dbf8?s=96&d=mm&r=g","contentUrl":"https:\/\/secure.gravatar.com\/avatar\/f398a4de948606b38f0299d90ca738c674b648694bc725ed46503c240269dbf8?s=96&d=mm&r=g","caption":"JC."},"url":"http:\/\/www.defensoria.gob.ve\/?author=5"}]}},"_links":{"self":[{"href":"http:\/\/www.defensoria.gob.ve\/index.php?rest_route=\/wp\/v2\/posts\/11914","targetHints":{"allow":["GET"]}}],"collection":[{"href":"http:\/\/www.defensoria.gob.ve\/index.php?rest_route=\/wp\/v2\/posts"}],"about":[{"href":"http:\/\/www.defensoria.gob.ve\/index.php?rest_route=\/wp\/v2\/types\/post"}],"author":[{"embeddable":true,"href":"http:\/\/www.defensoria.gob.ve\/index.php?rest_route=\/wp\/v2\/users\/5"}],"replies":[{"embeddable":true,"href":"http:\/\/www.defensoria.gob.ve\/index.php?rest_route=%2Fwp%2Fv2%2Fcomments&post=11914"}],"version-history":[{"count":6,"href":"http:\/\/www.defensoria.gob.ve\/index.php?rest_route=\/wp\/v2\/posts\/11914\/revisions"}],"predecessor-version":[{"id":11931,"href":"http:\/\/www.defensoria.gob.ve\/index.php?rest_route=\/wp\/v2\/posts\/11914\/revisions\/11931"}],"wp:featuredmedia":[{"embeddable":true,"href":"http:\/\/www.defensoria.gob.ve\/index.php?rest_route=\/wp\/v2\/media\/11915"}],"wp:attachment":[{"href":"http:\/\/www.defensoria.gob.ve\/index.php?rest_route=%2Fwp%2Fv2%2Fmedia&parent=11914"}],"wp:term":[{"taxonomy":"category","embeddable":true,"href":"http:\/\/www.defensoria.gob.ve\/index.php?rest_route=%2Fwp%2Fv2%2Fcategories&post=11914"},{"taxonomy":"post_tag","embeddable":true,"href":"http:\/\/www.defensoria.gob.ve\/index.php?rest_route=%2Fwp%2Fv2%2Ftags&post=11914"}],"curies":[{"name":"wp","href":"https:\/\/api.w.org\/{rel}","templated":true}]}}