 
{"id":11932,"date":"2025-05-15T12:26:36","date_gmt":"2025-05-15T16:26:36","guid":{"rendered":"http:\/\/www.defensoria.gob.ve\/?p=11932"},"modified":"2025-05-15T12:27:05","modified_gmt":"2025-05-15T16:27:05","slug":"delegada-de-tachira-ministerio-publico-y-cne-dictaron-charlas-sobre-derecho-al-voto-a-funcionarios-del-plan-republica","status":"publish","type":"post","link":"http:\/\/www.defensoria.gob.ve\/?p=11932","title":{"rendered":"Delegada de T\u00e1chira, Ministerio P\u00fablico y CNE dictaron charlas sobre Derecho al Voto a funcionarios del Plan Rep\u00fablica"},"content":{"rendered":"\t\t<div data-elementor-type=\"wp-post\" data-elementor-id=\"11932\" class=\"elementor elementor-11932\">\n\t\t\t\t\t\t<section class=\"elementor-section elementor-top-section elementor-element elementor-element-2efd77c6 elementor-section-boxed elementor-section-height-default elementor-section-height-default\" data-id=\"2efd77c6\" data-element_type=\"section\" data-e-type=\"section\">\n\t\t\t\t\t\t<div class=\"elementor-container elementor-column-gap-default\">\n\t\t\t\t\t<div class=\"elementor-column elementor-col-100 elementor-top-column elementor-element elementor-element-1ae06191\" data-id=\"1ae06191\" data-element_type=\"column\" data-e-type=\"column\">\n\t\t\t<div class=\"elementor-widget-wrap elementor-element-populated\">\n\t\t\t\t\t\t<div class=\"elementor-element elementor-element-427ed289 elementor-widget elementor-widget-text-editor\" data-id=\"427ed289\" data-element_type=\"widget\" data-e-type=\"widget\" data-widget_type=\"text-editor.default\">\n\t\t\t\t<div class=\"elementor-widget-container\">\n\t\t\t\t\t\t\t\t\t\n<p><strong>(T\u00e1chira\/15-May-25) <\/strong>La Defensor\u00eda Delegada del estado T\u00e1chira, junto con representantes del Ministerio P\u00fablico (MP) y El Consejo Nacional Electoral (CNE) realizaron un ciclo de ponencias sobre el Derecho al voto, Il\u00edcitos electorales y funciones del Plan Rep\u00fablica a los funcionarios y funcionarias castrenses y \u00f3rganos de seguridad ciudadana en el marco de las Elecciones Regionales 2025.<\/p>\n\n\n\n<p>La primera actividad se llev\u00f3 a cabo en las instalaciones del Destacamento 212 de la Guardia Nacional Bolivariana del Municipio Bol\u00edvar, donde se explic\u00f3 a los y las integrantes de las Unidades de Comando de la Fuerza Armada, Polic\u00eda Nacional Bolivariana, Estadal y Plan Rep\u00fablica sobre la metodolog\u00eda a usar el d\u00eda de los comicios pautados para el 25 de mayo.<\/p>\n\n\n<div class=\"wp-block-image\">\n<figure class=\"aligncenter size-full\"><img fetchpriority=\"high\" decoding=\"async\" width=\"500\" height=\"284\" src=\"http:\/\/www.defensoria.gob.ve\/wp-content\/uploads\/2025\/05\/Screenshot_73-2.png\" alt=\"\" class=\"wp-image-11933\"\/><\/figure><\/div>\n\n\n<p>Asimismo, servidores y servidores del ente defensorial, CNE y MP asistieron a las instalaciones del comando Zonal 21 de la Guardia Nacional Bolivariana de la ciudad de San Crist\u00f3bal, donde se dictaron charlas sobre los siguientes t\u00f3picos: Actuaci\u00f3n del Plan Rep\u00fablica a cargo del Consejo Nacional Electoral, Delitos Electorales a cargo del Ministerio P\u00fablico, Delitos de la Jurisdicci\u00f3n militar a cargo de la Fiscal\u00eda Militar, Derecho al Voto y Rol de la Defensor\u00eda del Pueblo.<\/p>\n\n\n\n<p>Cabe destacar que en nuestro pa\u00eds el derecho al voto est\u00e1 consagrado en el art\u00edculo 63 de la Constituci\u00f3n y es un deber ciudadano participar en esta fiesta electoral. <strong>FIN \/ PRENSA Defensor\u00eda<\/strong><\/p>\n\t\t\t\t\t\t\t\t<\/div>\n\t\t\t\t<\/div>\n\t\t\t\t\t<\/div>\n\t\t<\/div>\n\t\t\t\t\t<\/div>\n\t\t<\/section>\n\t\t\t\t<\/div>\n\t\t","protected":false},"excerpt":{"rendered":"<p>(T\u00e1chira\/15-May-25) La Defensor\u00eda Delegada del estado T\u00e1chira, junto con representantes del Ministerio P\u00fablico (MP) y El Consejo Nacional Electoral (CNE) realizaron un ciclo de ponencias sobre el Derecho al voto,&hellip; <\/p>\n","protected":false},"author":5,"featured_media":11934,"comment_status":"closed","ping_status":"open","sticky":false,"template":"","format":"standard","meta":{"footnotes":""},"categories":[5],"tags":[],"class_list":["post-11932","post","type-post","status-publish","format-standard","has-post-thumbnail","hentry","category-regionales"],"yoast_head":"<!-- This site is optimized with the Yoast SEO plugin v27.4 - https:\/\/yoast.com\/product\/yoast-seo-wordpress\/ -->\n<title>Delegada de T\u00e1chira, Ministerio P\u00fablico y CNE dictaron charlas sobre Derecho al Voto a funcionarios del Plan Rep\u00fablica -<\/title>\n<meta name=\"robots\" content=\"index, follow, max-snippet:-1, max-image-preview:large, max-video-preview:-1\" \/>\n<link rel=\"canonical\" href=\"http:\/\/www.defensoria.gob.ve\/?p=11932\" \/>\n<meta property=\"og:locale\" content=\"es_ES\" \/>\n<meta property=\"og:type\" content=\"article\" \/>\n<meta property=\"og:title\" content=\"Delegada de T\u00e1chira, Ministerio P\u00fablico y CNE dictaron charlas sobre Derecho al Voto a funcionarios del Plan Rep\u00fablica -\" \/>\n<meta property=\"og:description\" content=\"(T\u00e1chira\/15-May-25) La Defensor\u00eda Delegada del estado T\u00e1chira, junto con representantes del Ministerio P\u00fablico (MP) y El Consejo Nacional Electoral (CNE) realizaron un ciclo de ponencias sobre el Derecho al voto,&hellip;\" \/>\n<meta property=\"og:url\" content=\"http:\/\/www.defensoria.gob.ve\/?p=11932\" \/>\n<meta property=\"article:published_time\" content=\"2025-05-15T16:26:36+00:00\" \/>\n<meta property=\"article:modified_time\" content=\"2025-05-15T16:27:05+00:00\" \/>\n<meta property=\"og:image\" content=\"http:\/\/www.defensoria.gob.ve\/wp-content\/uploads\/2025\/05\/Screenshot_79.png\" \/>\n\t<meta property=\"og:image:width\" content=\"970\" \/>\n\t<meta property=\"og:image:height\" content=\"524\" \/>\n\t<meta property=\"og:image:type\" content=\"image\/png\" \/>\n<meta name=\"author\" content=\"JC.\" \/>\n<meta name=\"twitter:card\" content=\"summary_large_image\" \/>\n<meta name=\"twitter:label1\" content=\"Escrito por\" \/>\n\t<meta name=\"twitter:data1\" content=\"JC.\" \/>\n\t<meta name=\"twitter:label2\" content=\"Tiempo estimado de lectura\" \/>\n\t<meta name=\"twitter:data2\" content=\"2 minutos\" \/>\n<script type=\"application\/ld+json\" class=\"yoast-schema-graph\">{\"@context\":\"https:\\\/\\\/schema.org\",\"@graph\":[{\"@type\":\"Article\",\"@id\":\"http:\\\/\\\/www.defensoria.gob.ve\\\/?p=11932#article\",\"isPartOf\":{\"@id\":\"http:\\\/\\\/www.defensoria.gob.ve\\\/?p=11932\"},\"author\":{\"name\":\"JC.\",\"@id\":\"http:\\\/\\\/www.defensoria.gob.ve\\\/#\\\/schema\\\/person\\\/fba14293189d7b1933ac7fba9d89e24a\"},\"headline\":\"Delegada de T\u00e1chira, Ministerio P\u00fablico y CNE dictaron charlas sobre Derecho al Voto a funcionarios del Plan Rep\u00fablica\",\"datePublished\":\"2025-05-15T16:26:36+00:00\",\"dateModified\":\"2025-05-15T16:27:05+00:00\",\"mainEntityOfPage\":{\"@id\":\"http:\\\/\\\/www.defensoria.gob.ve\\\/?p=11932\"},\"wordCount\":264,\"image\":{\"@id\":\"http:\\\/\\\/www.defensoria.gob.ve\\\/?p=11932#primaryimage\"},\"thumbnailUrl\":\"http:\\\/\\\/www.defensoria.gob.ve\\\/wp-content\\\/uploads\\\/2025\\\/05\\\/Screenshot_79.png\",\"articleSection\":[\"REGIONALES\"],\"inLanguage\":\"es\"},{\"@type\":\"WebPage\",\"@id\":\"http:\\\/\\\/www.defensoria.gob.ve\\\/?p=11932\",\"url\":\"http:\\\/\\\/www.defensoria.gob.ve\\\/?p=11932\",\"name\":\"Delegada de T\u00e1chira, Ministerio P\u00fablico y CNE dictaron charlas sobre Derecho al Voto a funcionarios del Plan Rep\u00fablica -\",\"isPartOf\":{\"@id\":\"http:\\\/\\\/www.defensoria.gob.ve\\\/#website\"},\"primaryImageOfPage\":{\"@id\":\"http:\\\/\\\/www.defensoria.gob.ve\\\/?p=11932#primaryimage\"},\"image\":{\"@id\":\"http:\\\/\\\/www.defensoria.gob.ve\\\/?p=11932#primaryimage\"},\"thumbnailUrl\":\"http:\\\/\\\/www.defensoria.gob.ve\\\/wp-content\\\/uploads\\\/2025\\\/05\\\/Screenshot_79.png\",\"datePublished\":\"2025-05-15T16:26:36+00:00\",\"dateModified\":\"2025-05-15T16:27:05+00:00\",\"author\":{\"@id\":\"http:\\\/\\\/www.defensoria.gob.ve\\\/#\\\/schema\\\/person\\\/fba14293189d7b1933ac7fba9d89e24a\"},\"breadcrumb\":{\"@id\":\"http:\\\/\\\/www.defensoria.gob.ve\\\/?p=11932#breadcrumb\"},\"inLanguage\":\"es\",\"potentialAction\":[{\"@type\":\"ReadAction\",\"target\":[\"http:\\\/\\\/www.defensoria.gob.ve\\\/?p=11932\"]}]},{\"@type\":\"ImageObject\",\"inLanguage\":\"es\",\"@id\":\"http:\\\/\\\/www.defensoria.gob.ve\\\/?p=11932#primaryimage\",\"url\":\"http:\\\/\\\/www.defensoria.gob.ve\\\/wp-content\\\/uploads\\\/2025\\\/05\\\/Screenshot_79.png\",\"contentUrl\":\"http:\\\/\\\/www.defensoria.gob.ve\\\/wp-content\\\/uploads\\\/2025\\\/05\\\/Screenshot_79.png\",\"width\":970,\"height\":524},{\"@type\":\"BreadcrumbList\",\"@id\":\"http:\\\/\\\/www.defensoria.gob.ve\\\/?p=11932#breadcrumb\",\"itemListElement\":[{\"@type\":\"ListItem\",\"position\":1,\"name\":\"Portada\",\"item\":\"http:\\\/\\\/www.defensoria.gob.ve\\\/\"},{\"@type\":\"ListItem\",\"position\":2,\"name\":\"Delegada de T\u00e1chira, Ministerio P\u00fablico y CNE dictaron charlas sobre Derecho al Voto a funcionarios del Plan Rep\u00fablica\"}]},{\"@type\":\"WebSite\",\"@id\":\"http:\\\/\\\/www.defensoria.gob.ve\\\/#website\",\"url\":\"http:\\\/\\\/www.defensoria.gob.ve\\\/\",\"name\":\"\",\"description\":\"Instituci\u00f3n del Poder Ciudadano para la Promoci\u00f3n, Defensa y Vigilancia de los Derechos Humanos. \",\"potentialAction\":[{\"@type\":\"SearchAction\",\"target\":{\"@type\":\"EntryPoint\",\"urlTemplate\":\"http:\\\/\\\/www.defensoria.gob.ve\\\/?s={search_term_string}\"},\"query-input\":{\"@type\":\"PropertyValueSpecification\",\"valueRequired\":true,\"valueName\":\"search_term_string\"}}],\"inLanguage\":\"es\"},{\"@type\":\"Person\",\"@id\":\"http:\\\/\\\/www.defensoria.gob.ve\\\/#\\\/schema\\\/person\\\/fba14293189d7b1933ac7fba9d89e24a\",\"name\":\"JC.\",\"image\":{\"@type\":\"ImageObject\",\"inLanguage\":\"es\",\"@id\":\"https:\\\/\\\/secure.gravatar.com\\\/avatar\\\/f398a4de948606b38f0299d90ca738c674b648694bc725ed46503c240269dbf8?s=96&d=mm&r=g\",\"url\":\"https:\\\/\\\/secure.gravatar.com\\\/avatar\\\/f398a4de948606b38f0299d90ca738c674b648694bc725ed46503c240269dbf8?s=96&d=mm&r=g\",\"contentUrl\":\"https:\\\/\\\/secure.gravatar.com\\\/avatar\\\/f398a4de948606b38f0299d90ca738c674b648694bc725ed46503c240269dbf8?s=96&d=mm&r=g\",\"caption\":\"JC.\"},\"url\":\"http:\\\/\\\/www.defensoria.gob.ve\\\/?author=5\"}]}<\/script>\n<!-- \/ Yoast SEO plugin. -->","yoast_head_json":{"title":"Delegada de T\u00e1chira, Ministerio P\u00fablico y CNE dictaron charlas sobre Derecho al Voto a funcionarios del Plan Rep\u00fablica -","robots":{"index":"index","follow":"follow","max-snippet":"max-snippet:-1","max-image-preview":"max-image-preview:large","max-video-preview":"max-video-preview:-1"},"canonical":"http:\/\/www.defensoria.gob.ve\/?p=11932","og_locale":"es_ES","og_type":"article","og_title":"Delegada de T\u00e1chira, Ministerio P\u00fablico y CNE dictaron charlas sobre Derecho al Voto a funcionarios del Plan Rep\u00fablica -","og_description":"(T\u00e1chira\/15-May-25) La Defensor\u00eda Delegada del estado T\u00e1chira, junto con representantes del Ministerio P\u00fablico (MP) y El Consejo Nacional Electoral (CNE) realizaron un ciclo de ponencias sobre el Derecho al voto,&hellip;","og_url":"http:\/\/www.defensoria.gob.ve\/?p=11932","article_published_time":"2025-05-15T16:26:36+00:00","article_modified_time":"2025-05-15T16:27:05+00:00","og_image":[{"width":970,"height":524,"url":"http:\/\/www.defensoria.gob.ve\/wp-content\/uploads\/2025\/05\/Screenshot_79.png","type":"image\/png"}],"author":"JC.","twitter_card":"summary_large_image","twitter_misc":{"Escrito por":"JC.","Tiempo estimado de lectura":"2 minutos"},"schema":{"@context":"https:\/\/schema.org","@graph":[{"@type":"Article","@id":"http:\/\/www.defensoria.gob.ve\/?p=11932#article","isPartOf":{"@id":"http:\/\/www.defensoria.gob.ve\/?p=11932"},"author":{"name":"JC.","@id":"http:\/\/www.defensoria.gob.ve\/#\/schema\/person\/fba14293189d7b1933ac7fba9d89e24a"},"headline":"Delegada de T\u00e1chira, Ministerio P\u00fablico y CNE dictaron charlas sobre Derecho al Voto a funcionarios del Plan Rep\u00fablica","datePublished":"2025-05-15T16:26:36+00:00","dateModified":"2025-05-15T16:27:05+00:00","mainEntityOfPage":{"@id":"http:\/\/www.defensoria.gob.ve\/?p=11932"},"wordCount":264,"image":{"@id":"http:\/\/www.defensoria.gob.ve\/?p=11932#primaryimage"},"thumbnailUrl":"http:\/\/www.defensoria.gob.ve\/wp-content\/uploads\/2025\/05\/Screenshot_79.png","articleSection":["REGIONALES"],"inLanguage":"es"},{"@type":"WebPage","@id":"http:\/\/www.defensoria.gob.ve\/?p=11932","url":"http:\/\/www.defensoria.gob.ve\/?p=11932","name":"Delegada de T\u00e1chira, Ministerio P\u00fablico y CNE dictaron charlas sobre Derecho al Voto a funcionarios del Plan Rep\u00fablica -","isPartOf":{"@id":"http:\/\/www.defensoria.gob.ve\/#website"},"primaryImageOfPage":{"@id":"http:\/\/www.defensoria.gob.ve\/?p=11932#primaryimage"},"image":{"@id":"http:\/\/www.defensoria.gob.ve\/?p=11932#primaryimage"},"thumbnailUrl":"http:\/\/www.defensoria.gob.ve\/wp-content\/uploads\/2025\/05\/Screenshot_79.png","datePublished":"2025-05-15T16:26:36+00:00","dateModified":"2025-05-15T16:27:05+00:00","author":{"@id":"http:\/\/www.defensoria.gob.ve\/#\/schema\/person\/fba14293189d7b1933ac7fba9d89e24a"},"breadcrumb":{"@id":"http:\/\/www.defensoria.gob.ve\/?p=11932#breadcrumb"},"inLanguage":"es","potentialAction":[{"@type":"ReadAction","target":["http:\/\/www.defensoria.gob.ve\/?p=11932"]}]},{"@type":"ImageObject","inLanguage":"es","@id":"http:\/\/www.defensoria.gob.ve\/?p=11932#primaryimage","url":"http:\/\/www.defensoria.gob.ve\/wp-content\/uploads\/2025\/05\/Screenshot_79.png","contentUrl":"http:\/\/www.defensoria.gob.ve\/wp-content\/uploads\/2025\/05\/Screenshot_79.png","width":970,"height":524},{"@type":"BreadcrumbList","@id":"http:\/\/www.defensoria.gob.ve\/?p=11932#breadcrumb","itemListElement":[{"@type":"ListItem","position":1,"name":"Portada","item":"http:\/\/www.defensoria.gob.ve\/"},{"@type":"ListItem","position":2,"name":"Delegada de T\u00e1chira, Ministerio P\u00fablico y CNE dictaron charlas sobre Derecho al Voto a funcionarios del Plan Rep\u00fablica"}]},{"@type":"WebSite","@id":"http:\/\/www.defensoria.gob.ve\/#website","url":"http:\/\/www.defensoria.gob.ve\/","name":"","description":"Instituci\u00f3n del Poder Ciudadano para la Promoci\u00f3n, Defensa y Vigilancia de los Derechos Humanos. ","potentialAction":[{"@type":"SearchAction","target":{"@type":"EntryPoint","urlTemplate":"http:\/\/www.defensoria.gob.ve\/?s={search_term_string}"},"query-input":{"@type":"PropertyValueSpecification","valueRequired":true,"valueName":"search_term_string"}}],"inLanguage":"es"},{"@type":"Person","@id":"http:\/\/www.defensoria.gob.ve\/#\/schema\/person\/fba14293189d7b1933ac7fba9d89e24a","name":"JC.","image":{"@type":"ImageObject","inLanguage":"es","@id":"https:\/\/secure.gravatar.com\/avatar\/f398a4de948606b38f0299d90ca738c674b648694bc725ed46503c240269dbf8?s=96&d=mm&r=g","url":"https:\/\/secure.gravatar.com\/avatar\/f398a4de948606b38f0299d90ca738c674b648694bc725ed46503c240269dbf8?s=96&d=mm&r=g","contentUrl":"https:\/\/secure.gravatar.com\/avatar\/f398a4de948606b38f0299d90ca738c674b648694bc725ed46503c240269dbf8?s=96&d=mm&r=g","caption":"JC."},"url":"http:\/\/www.defensoria.gob.ve\/?author=5"}]}},"_links":{"self":[{"href":"http:\/\/www.defensoria.gob.ve\/index.php?rest_route=\/wp\/v2\/posts\/11932","targetHints":{"allow":["GET"]}}],"collection":[{"href":"http:\/\/www.defensoria.gob.ve\/index.php?rest_route=\/wp\/v2\/posts"}],"about":[{"href":"http:\/\/www.defensoria.gob.ve\/index.php?rest_route=\/wp\/v2\/types\/post"}],"author":[{"embeddable":true,"href":"http:\/\/www.defensoria.gob.ve\/index.php?rest_route=\/wp\/v2\/users\/5"}],"replies":[{"embeddable":true,"href":"http:\/\/www.defensoria.gob.ve\/index.php?rest_route=%2Fwp%2Fv2%2Fcomments&post=11932"}],"version-history":[{"count":4,"href":"http:\/\/www.defensoria.gob.ve\/index.php?rest_route=\/wp\/v2\/posts\/11932\/revisions"}],"predecessor-version":[{"id":11938,"href":"http:\/\/www.defensoria.gob.ve\/index.php?rest_route=\/wp\/v2\/posts\/11932\/revisions\/11938"}],"wp:featuredmedia":[{"embeddable":true,"href":"http:\/\/www.defensoria.gob.ve\/index.php?rest_route=\/wp\/v2\/media\/11934"}],"wp:attachment":[{"href":"http:\/\/www.defensoria.gob.ve\/index.php?rest_route=%2Fwp%2Fv2%2Fmedia&parent=11932"}],"wp:term":[{"taxonomy":"category","embeddable":true,"href":"http:\/\/www.defensoria.gob.ve\/index.php?rest_route=%2Fwp%2Fv2%2Fcategories&post=11932"},{"taxonomy":"post_tag","embeddable":true,"href":"http:\/\/www.defensoria.gob.ve\/index.php?rest_route=%2Fwp%2Fv2%2Ftags&post=11932"}],"curies":[{"name":"wp","href":"https:\/\/api.w.org\/{rel}","templated":true}]}}