 
{"id":11976,"date":"2025-05-21T10:15:27","date_gmt":"2025-05-21T14:15:27","guid":{"rendered":"http:\/\/www.defensoria.gob.ve\/?p=11976"},"modified":"2025-05-21T10:49:13","modified_gmt":"2025-05-21T14:49:13","slug":"defensor-del-pueblo-migrar-y-retornar-es-un-derecho-humano-no-un-delito","status":"publish","type":"post","link":"http:\/\/www.defensoria.gob.ve\/?p=11976","title":{"rendered":"Defensor del Pueblo: Migrar y retornar es un derecho humano no un delito"},"content":{"rendered":"\t\t<div data-elementor-type=\"wp-post\" data-elementor-id=\"11976\" class=\"elementor elementor-11976\">\n\t\t\t\t\t\t<section class=\"elementor-section elementor-top-section elementor-element elementor-element-14e4c483 elementor-section-boxed elementor-section-height-default elementor-section-height-default\" data-id=\"14e4c483\" data-element_type=\"section\" data-e-type=\"section\">\n\t\t\t\t\t\t<div class=\"elementor-container elementor-column-gap-default\">\n\t\t\t\t\t<div class=\"elementor-column elementor-col-100 elementor-top-column elementor-element elementor-element-326b7d3b\" data-id=\"326b7d3b\" data-element_type=\"column\" data-e-type=\"column\">\n\t\t\t<div class=\"elementor-widget-wrap elementor-element-populated\">\n\t\t\t\t\t\t<div class=\"elementor-element elementor-element-2cf378a elementor-widget elementor-widget-text-editor\" data-id=\"2cf378a\" data-element_type=\"widget\" data-e-type=\"widget\" data-widget_type=\"text-editor.default\">\n\t\t\t\t<div class=\"elementor-widget-container\">\n\t\t\t\t\t\t\t\t\t\n<p><strong>(20-May-25)<\/strong> El Defensor del Pueblo, Alfredo Ruiz, asisti\u00f3 como ponente al Seminario Internacional sobre el \u201cEstudio de las causas estructurales del Fen\u00f3meno Migratorio y las Buenas Pr\u00e1cticas de atenci\u00f3n integral a los migrantes. Caso Cuba-Venezuela\u201d, llevado a cabo en el Sal\u00f3n Sucre de la Casa Amarilla, sede de la Canciller\u00eda de la Rep\u00fablica Bolivariana de Venezuela.<\/p>\n\n\n\n<figure class=\"wp-block-image size-full\"><img fetchpriority=\"high\" decoding=\"async\" width=\"2560\" height=\"1443\" src=\"http:\/\/www.defensoria.gob.ve\/wp-content\/uploads\/2025\/05\/8e7b6a32-7300-4c6d-a357-17057389432a.jpg\" alt=\"\" class=\"wp-image-11977\" srcset=\"http:\/\/www.defensoria.gob.ve\/wp-content\/uploads\/2025\/05\/8e7b6a32-7300-4c6d-a357-17057389432a.jpg 2560w, http:\/\/www.defensoria.gob.ve\/wp-content\/uploads\/2025\/05\/8e7b6a32-7300-4c6d-a357-17057389432a-768x433.jpg 768w, http:\/\/www.defensoria.gob.ve\/wp-content\/uploads\/2025\/05\/8e7b6a32-7300-4c6d-a357-17057389432a-1536x866.jpg 1536w, http:\/\/www.defensoria.gob.ve\/wp-content\/uploads\/2025\/05\/8e7b6a32-7300-4c6d-a357-17057389432a-2048x1154.jpg 2048w\" sizes=\"(max-width: 2560px) 100vw, 2560px\" \/><\/figure>\n\n\n\n<p>El objetivo de este evento formativo es intercambiar diversos enfoques y an\u00e1lisis del fen\u00f3meno migratorio a partir de sus causas estructurales, para comparar y unificar enfoques que conduzca al intercambio de buenas pr\u00e1cticas en atenci\u00f3n integral a los migrantes, en un di\u00e1logo participativo de especialistas, orientado al fortalecimiento de la cooperaci\u00f3n y el desarrollo de planes de inter\u00e9s com\u00fan.<\/p>\n\n\n\n<p>En su ponencia, el Defensor se centr\u00f3 en el enfoque de los derechos humanos en defensa de la vida, integridad y dignidad de las personas migrantes, donde explic\u00f3 que la migraci\u00f3n tiene muchas causas, que van desde aspectos econ\u00f3micos, situaciones culturales, por violencia o en busca de mejorar las condiciones de vida, as\u00ed como huir de las peores consecuencias de las medidas coercitivas ilegales.<\/p>\n\n\n\n<figure class=\"wp-block-image size-full\"><img decoding=\"async\" width=\"2560\" height=\"1443\" src=\"http:\/\/www.defensoria.gob.ve\/wp-content\/uploads\/2025\/05\/536f4419-639e-4462-b3d5-3cd91fc495f5.jpg\" alt=\"\" class=\"wp-image-11978\" srcset=\"http:\/\/www.defensoria.gob.ve\/wp-content\/uploads\/2025\/05\/536f4419-639e-4462-b3d5-3cd91fc495f5.jpg 2560w, http:\/\/www.defensoria.gob.ve\/wp-content\/uploads\/2025\/05\/536f4419-639e-4462-b3d5-3cd91fc495f5-768x433.jpg 768w, http:\/\/www.defensoria.gob.ve\/wp-content\/uploads\/2025\/05\/536f4419-639e-4462-b3d5-3cd91fc495f5-1536x866.jpg 1536w, http:\/\/www.defensoria.gob.ve\/wp-content\/uploads\/2025\/05\/536f4419-639e-4462-b3d5-3cd91fc495f5-2048x1154.jpg 2048w\" sizes=\"(max-width: 2560px) 100vw, 2560px\" \/><\/figure>\n\n\n\n<p>Indic\u00f3 tambi\u00e9n que, ante el fen\u00f3meno de migraci\u00f3n ning\u00fan pa\u00eds esta ajeno, es por ello, que se debe trabajar todos los d\u00edas para que esta situaci\u00f3n se lleve a cabo de manera segura, ordenada, regular y estable, respetando los derechos humanos de todas las personas, sin importar su nacionalidad, raza o creencias, dejando claro que migrar es un derecho no un delito y deben evitarse las invitaciones enga\u00f1osas que conllevan a la explotaci\u00f3n de trata de seres humanos o esclavitud moderna.<\/p>\n\n\n\n<p>Destac\u00f3 adem\u00e1s que es necesario enfatizar que la migraci\u00f3n tiene consecuencia positivas para los pa\u00edses receptores, estos se nutren de nuevas culturas, mano de obra especializada y talentos que ayudan al desarrollo de estas naciones, m\u00e1s sin embargo ven al migrante como una amenaza, donde algunos medios de comunicaci\u00f3n dibuja esta figura como la causante de los males que ya ten\u00eda la naci\u00f3n, pero que no asumen responsablemente como es el supuesto aumento de desempleo o la inseguridad.<\/p>\n\n\n\n<p>Asimismo, Ruiz hizo un repaso hist\u00f3rico sobre el reconocimiento de los derechos de los migrantes y las migrantes, desde la creaci\u00f3n de la figura del Alto Comisionado de Naciones Unidas para los Refugiados (Acnur) en 1950, resoluciones a favor de los trabajadores migrantes de la Organizaci\u00f3n Internacional del Trabajo (OIT), lo que permiti\u00f3 un trabajo coordinado entre naciones para gestionar el tema, fortaleciendo m\u00e1s este aspecto con la creaci\u00f3n de la Organizaci\u00f3n Internacional para las Migraciones (OIM) en 1951, entidad que coordina asistencia humanitaria y protecci\u00f3n a los migrantes y las migrantes en situaciones de emergencia, incluyendo a los desplazados o desarraigados.<\/p>\n\n\n\n<figure class=\"wp-block-image size-full\"><img decoding=\"async\" width=\"2560\" height=\"1443\" src=\"http:\/\/www.defensoria.gob.ve\/wp-content\/uploads\/2025\/05\/74002c74-0a14-47a0-b439-f6fd2e273c9d.jpg\" alt=\"\" class=\"wp-image-11979\" srcset=\"http:\/\/www.defensoria.gob.ve\/wp-content\/uploads\/2025\/05\/74002c74-0a14-47a0-b439-f6fd2e273c9d.jpg 2560w, http:\/\/www.defensoria.gob.ve\/wp-content\/uploads\/2025\/05\/74002c74-0a14-47a0-b439-f6fd2e273c9d-768x433.jpg 768w, http:\/\/www.defensoria.gob.ve\/wp-content\/uploads\/2025\/05\/74002c74-0a14-47a0-b439-f6fd2e273c9d-1536x866.jpg 1536w, http:\/\/www.defensoria.gob.ve\/wp-content\/uploads\/2025\/05\/74002c74-0a14-47a0-b439-f6fd2e273c9d-2048x1154.jpg 2048w\" sizes=\"(max-width: 2560px) 100vw, 2560px\" \/><\/figure>\n\n\n\n<p>Tambi\u00e9n refiri\u00f3 que en los \u00faltimos a\u00f1os se ha creado un negocio internacional de trata de personas, donde prometen mejoras r\u00e1pidas de vida, \u201cy es entonces donde caen en redes de traficantes de personas, quienes se enriquecen con nuevas formas de esclavitud, explotaci\u00f3n laboral, explotaci\u00f3n sexual, entre otras actividades, enga\u00f1ando a esta poblaci\u00f3n vulnerada con promesas falsas\u201d.<\/p>\n\n\n\n<p>Por su parte, la Directora de la Oficina de Relaciones Consulares del Ministerio del Poder Popular para las Relaciones Exteriores, Mar\u00eda Su\u00e1rez, indic\u00f3 que la migraci\u00f3n en Venezuela se dio por efecto de las medidas coercitivas unilaterales, generando carencias en las familias y a su vez fue aupada por la guerra psicol\u00f3gica dise\u00f1ada en los medios de comunicaci\u00f3n y redes sociales, \u201clo que incidi\u00f3 en que muchas personas pr\u00e1cticamente huyeran del pa\u00eds, por esa guerra tan sistem\u00e1tica y violenta que estamos viviendo\u201d.<\/p>\n\n\n\n<p>Al momento de sus palabras, la presidenta de la Gran Misi\u00f3n Vuelta a la Patria, Anah\u00ed Arizmendi, denunci\u00f3 que el gobierno de Estados Unidos invoc\u00f3 la Ley contra los Enemigos Extranjeros, que data de 1798, que justifica que sin ninguna defensa, sin ning\u00fan previo aviso, sin ning\u00fan derecho, se pueda detener a cualquier persona, en este caso migrante, deportarlos y encarcelarlos arbitrariamente, llegando al caso de la deportaci\u00f3n de ni\u00f1os, ni\u00f1as y adolescentes, violando la Convenci\u00f3n Internacional de los Derechos de los Ni\u00f1os.<\/p>\n\n\n\n<p>Este evento cont\u00f3 con la asistencia de Pedro Sassone, Viceministro de Atenci\u00f3n Integral para la Migraci\u00f3n Venezolana del Ministerio del Poder Popular para las Relaciones Exteriores (MPPRE), Mar\u00eda Su\u00e1rez, Directora de la Oficina de Relaciones Consulares del MPPRE y Anah\u00ed Arizmendi, Presidenta de la Gran Misi\u00f3n Vuelta a la Patria, personal de la canciller\u00eda, expertos de la embajada de la Rep\u00fablica de Cuba, entre otras personas <strong>FIN \/ PRENSA Defensor\u00eda<\/strong><\/p>\n\t\t\t\t\t\t\t\t<\/div>\n\t\t\t\t<\/div>\n\t\t\t\t\t<\/div>\n\t\t<\/div>\n\t\t\t\t\t<\/div>\n\t\t<\/section>\n\t\t\t\t<\/div>\n\t\t","protected":false},"excerpt":{"rendered":"<p>(20-May-25) El Defensor del Pueblo, Alfredo Ruiz, asisti\u00f3 como ponente al Seminario Internacional sobre el \u201cEstudio de las causas estructurales del Fen\u00f3meno Migratorio y las Buenas Pr\u00e1cticas de atenci\u00f3n integral&hellip; <\/p>\n","protected":false},"author":5,"featured_media":11980,"comment_status":"closed","ping_status":"open","sticky":false,"template":"","format":"standard","meta":{"footnotes":""},"categories":[3],"tags":[],"class_list":["post-11976","post","type-post","status-publish","format-standard","has-post-thumbnail","hentry","category-centrales"],"yoast_head":"<!-- This site is optimized with the Yoast SEO plugin v27.4 - https:\/\/yoast.com\/product\/yoast-seo-wordpress\/ -->\n<title>Defensor del Pueblo: Migrar y retornar es un derecho humano no un delito -<\/title>\n<meta name=\"robots\" content=\"index, follow, max-snippet:-1, max-image-preview:large, max-video-preview:-1\" \/>\n<link rel=\"canonical\" href=\"http:\/\/www.defensoria.gob.ve\/?p=11976\" \/>\n<meta property=\"og:locale\" content=\"es_ES\" \/>\n<meta property=\"og:type\" content=\"article\" \/>\n<meta property=\"og:title\" content=\"Defensor del Pueblo: Migrar y retornar es un derecho humano no un delito -\" \/>\n<meta property=\"og:description\" content=\"(20-May-25) El Defensor del Pueblo, Alfredo Ruiz, asisti\u00f3 como ponente al Seminario Internacional sobre el \u201cEstudio de las causas estructurales del Fen\u00f3meno Migratorio y las Buenas Pr\u00e1cticas de atenci\u00f3n integral&hellip;\" \/>\n<meta property=\"og:url\" content=\"http:\/\/www.defensoria.gob.ve\/?p=11976\" \/>\n<meta property=\"article:published_time\" content=\"2025-05-21T14:15:27+00:00\" \/>\n<meta property=\"article:modified_time\" content=\"2025-05-21T14:49:13+00:00\" \/>\n<meta property=\"og:image\" content=\"http:\/\/www.defensoria.gob.ve\/wp-content\/uploads\/2025\/05\/fcfe78b5-1e91-4f67-b297-76b1d076ce60.jpg\" \/>\n\t<meta property=\"og:image:width\" content=\"2560\" \/>\n\t<meta property=\"og:image:height\" content=\"1443\" \/>\n\t<meta property=\"og:image:type\" content=\"image\/jpeg\" \/>\n<meta name=\"author\" content=\"JC.\" \/>\n<meta name=\"twitter:card\" content=\"summary_large_image\" \/>\n<meta name=\"twitter:label1\" content=\"Escrito por\" \/>\n\t<meta name=\"twitter:data1\" content=\"JC.\" \/>\n\t<meta name=\"twitter:label2\" content=\"Tiempo estimado de lectura\" \/>\n\t<meta name=\"twitter:data2\" content=\"5 minutos\" \/>\n<script type=\"application\/ld+json\" class=\"yoast-schema-graph\">{\"@context\":\"https:\\\/\\\/schema.org\",\"@graph\":[{\"@type\":\"Article\",\"@id\":\"http:\\\/\\\/www.defensoria.gob.ve\\\/?p=11976#article\",\"isPartOf\":{\"@id\":\"http:\\\/\\\/www.defensoria.gob.ve\\\/?p=11976\"},\"author\":{\"name\":\"JC.\",\"@id\":\"http:\\\/\\\/www.defensoria.gob.ve\\\/#\\\/schema\\\/person\\\/fba14293189d7b1933ac7fba9d89e24a\"},\"headline\":\"Defensor del Pueblo: Migrar y retornar es un derecho humano no un delito\",\"datePublished\":\"2025-05-21T14:15:27+00:00\",\"dateModified\":\"2025-05-21T14:49:13+00:00\",\"mainEntityOfPage\":{\"@id\":\"http:\\\/\\\/www.defensoria.gob.ve\\\/?p=11976\"},\"wordCount\":812,\"image\":{\"@id\":\"http:\\\/\\\/www.defensoria.gob.ve\\\/?p=11976#primaryimage\"},\"thumbnailUrl\":\"http:\\\/\\\/www.defensoria.gob.ve\\\/wp-content\\\/uploads\\\/2025\\\/05\\\/fcfe78b5-1e91-4f67-b297-76b1d076ce60.jpg\",\"articleSection\":[\"CENTRALES\"],\"inLanguage\":\"es\"},{\"@type\":\"WebPage\",\"@id\":\"http:\\\/\\\/www.defensoria.gob.ve\\\/?p=11976\",\"url\":\"http:\\\/\\\/www.defensoria.gob.ve\\\/?p=11976\",\"name\":\"Defensor del Pueblo: Migrar y retornar es un derecho humano no un delito -\",\"isPartOf\":{\"@id\":\"http:\\\/\\\/www.defensoria.gob.ve\\\/#website\"},\"primaryImageOfPage\":{\"@id\":\"http:\\\/\\\/www.defensoria.gob.ve\\\/?p=11976#primaryimage\"},\"image\":{\"@id\":\"http:\\\/\\\/www.defensoria.gob.ve\\\/?p=11976#primaryimage\"},\"thumbnailUrl\":\"http:\\\/\\\/www.defensoria.gob.ve\\\/wp-content\\\/uploads\\\/2025\\\/05\\\/fcfe78b5-1e91-4f67-b297-76b1d076ce60.jpg\",\"datePublished\":\"2025-05-21T14:15:27+00:00\",\"dateModified\":\"2025-05-21T14:49:13+00:00\",\"author\":{\"@id\":\"http:\\\/\\\/www.defensoria.gob.ve\\\/#\\\/schema\\\/person\\\/fba14293189d7b1933ac7fba9d89e24a\"},\"breadcrumb\":{\"@id\":\"http:\\\/\\\/www.defensoria.gob.ve\\\/?p=11976#breadcrumb\"},\"inLanguage\":\"es\",\"potentialAction\":[{\"@type\":\"ReadAction\",\"target\":[\"http:\\\/\\\/www.defensoria.gob.ve\\\/?p=11976\"]}]},{\"@type\":\"ImageObject\",\"inLanguage\":\"es\",\"@id\":\"http:\\\/\\\/www.defensoria.gob.ve\\\/?p=11976#primaryimage\",\"url\":\"http:\\\/\\\/www.defensoria.gob.ve\\\/wp-content\\\/uploads\\\/2025\\\/05\\\/fcfe78b5-1e91-4f67-b297-76b1d076ce60.jpg\",\"contentUrl\":\"http:\\\/\\\/www.defensoria.gob.ve\\\/wp-content\\\/uploads\\\/2025\\\/05\\\/fcfe78b5-1e91-4f67-b297-76b1d076ce60.jpg\",\"width\":2560,\"height\":1443},{\"@type\":\"BreadcrumbList\",\"@id\":\"http:\\\/\\\/www.defensoria.gob.ve\\\/?p=11976#breadcrumb\",\"itemListElement\":[{\"@type\":\"ListItem\",\"position\":1,\"name\":\"Portada\",\"item\":\"http:\\\/\\\/www.defensoria.gob.ve\\\/\"},{\"@type\":\"ListItem\",\"position\":2,\"name\":\"Defensor del Pueblo: Migrar y retornar es un derecho humano no un delito\"}]},{\"@type\":\"WebSite\",\"@id\":\"http:\\\/\\\/www.defensoria.gob.ve\\\/#website\",\"url\":\"http:\\\/\\\/www.defensoria.gob.ve\\\/\",\"name\":\"\",\"description\":\"Instituci\u00f3n del Poder Ciudadano para la Promoci\u00f3n, Defensa y Vigilancia de los Derechos Humanos. \",\"potentialAction\":[{\"@type\":\"SearchAction\",\"target\":{\"@type\":\"EntryPoint\",\"urlTemplate\":\"http:\\\/\\\/www.defensoria.gob.ve\\\/?s={search_term_string}\"},\"query-input\":{\"@type\":\"PropertyValueSpecification\",\"valueRequired\":true,\"valueName\":\"search_term_string\"}}],\"inLanguage\":\"es\"},{\"@type\":\"Person\",\"@id\":\"http:\\\/\\\/www.defensoria.gob.ve\\\/#\\\/schema\\\/person\\\/fba14293189d7b1933ac7fba9d89e24a\",\"name\":\"JC.\",\"image\":{\"@type\":\"ImageObject\",\"inLanguage\":\"es\",\"@id\":\"https:\\\/\\\/secure.gravatar.com\\\/avatar\\\/f398a4de948606b38f0299d90ca738c674b648694bc725ed46503c240269dbf8?s=96&d=mm&r=g\",\"url\":\"https:\\\/\\\/secure.gravatar.com\\\/avatar\\\/f398a4de948606b38f0299d90ca738c674b648694bc725ed46503c240269dbf8?s=96&d=mm&r=g\",\"contentUrl\":\"https:\\\/\\\/secure.gravatar.com\\\/avatar\\\/f398a4de948606b38f0299d90ca738c674b648694bc725ed46503c240269dbf8?s=96&d=mm&r=g\",\"caption\":\"JC.\"},\"url\":\"http:\\\/\\\/www.defensoria.gob.ve\\\/?author=5\"}]}<\/script>\n<!-- \/ Yoast SEO plugin. -->","yoast_head_json":{"title":"Defensor del Pueblo: Migrar y retornar es un derecho humano no un delito -","robots":{"index":"index","follow":"follow","max-snippet":"max-snippet:-1","max-image-preview":"max-image-preview:large","max-video-preview":"max-video-preview:-1"},"canonical":"http:\/\/www.defensoria.gob.ve\/?p=11976","og_locale":"es_ES","og_type":"article","og_title":"Defensor del Pueblo: Migrar y retornar es un derecho humano no un delito -","og_description":"(20-May-25) El Defensor del Pueblo, Alfredo Ruiz, asisti\u00f3 como ponente al Seminario Internacional sobre el \u201cEstudio de las causas estructurales del Fen\u00f3meno Migratorio y las Buenas Pr\u00e1cticas de atenci\u00f3n integral&hellip;","og_url":"http:\/\/www.defensoria.gob.ve\/?p=11976","article_published_time":"2025-05-21T14:15:27+00:00","article_modified_time":"2025-05-21T14:49:13+00:00","og_image":[{"width":2560,"height":1443,"url":"http:\/\/www.defensoria.gob.ve\/wp-content\/uploads\/2025\/05\/fcfe78b5-1e91-4f67-b297-76b1d076ce60.jpg","type":"image\/jpeg"}],"author":"JC.","twitter_card":"summary_large_image","twitter_misc":{"Escrito por":"JC.","Tiempo estimado de lectura":"5 minutos"},"schema":{"@context":"https:\/\/schema.org","@graph":[{"@type":"Article","@id":"http:\/\/www.defensoria.gob.ve\/?p=11976#article","isPartOf":{"@id":"http:\/\/www.defensoria.gob.ve\/?p=11976"},"author":{"name":"JC.","@id":"http:\/\/www.defensoria.gob.ve\/#\/schema\/person\/fba14293189d7b1933ac7fba9d89e24a"},"headline":"Defensor del Pueblo: Migrar y retornar es un derecho humano no un delito","datePublished":"2025-05-21T14:15:27+00:00","dateModified":"2025-05-21T14:49:13+00:00","mainEntityOfPage":{"@id":"http:\/\/www.defensoria.gob.ve\/?p=11976"},"wordCount":812,"image":{"@id":"http:\/\/www.defensoria.gob.ve\/?p=11976#primaryimage"},"thumbnailUrl":"http:\/\/www.defensoria.gob.ve\/wp-content\/uploads\/2025\/05\/fcfe78b5-1e91-4f67-b297-76b1d076ce60.jpg","articleSection":["CENTRALES"],"inLanguage":"es"},{"@type":"WebPage","@id":"http:\/\/www.defensoria.gob.ve\/?p=11976","url":"http:\/\/www.defensoria.gob.ve\/?p=11976","name":"Defensor del Pueblo: Migrar y retornar es un derecho humano no un delito -","isPartOf":{"@id":"http:\/\/www.defensoria.gob.ve\/#website"},"primaryImageOfPage":{"@id":"http:\/\/www.defensoria.gob.ve\/?p=11976#primaryimage"},"image":{"@id":"http:\/\/www.defensoria.gob.ve\/?p=11976#primaryimage"},"thumbnailUrl":"http:\/\/www.defensoria.gob.ve\/wp-content\/uploads\/2025\/05\/fcfe78b5-1e91-4f67-b297-76b1d076ce60.jpg","datePublished":"2025-05-21T14:15:27+00:00","dateModified":"2025-05-21T14:49:13+00:00","author":{"@id":"http:\/\/www.defensoria.gob.ve\/#\/schema\/person\/fba14293189d7b1933ac7fba9d89e24a"},"breadcrumb":{"@id":"http:\/\/www.defensoria.gob.ve\/?p=11976#breadcrumb"},"inLanguage":"es","potentialAction":[{"@type":"ReadAction","target":["http:\/\/www.defensoria.gob.ve\/?p=11976"]}]},{"@type":"ImageObject","inLanguage":"es","@id":"http:\/\/www.defensoria.gob.ve\/?p=11976#primaryimage","url":"http:\/\/www.defensoria.gob.ve\/wp-content\/uploads\/2025\/05\/fcfe78b5-1e91-4f67-b297-76b1d076ce60.jpg","contentUrl":"http:\/\/www.defensoria.gob.ve\/wp-content\/uploads\/2025\/05\/fcfe78b5-1e91-4f67-b297-76b1d076ce60.jpg","width":2560,"height":1443},{"@type":"BreadcrumbList","@id":"http:\/\/www.defensoria.gob.ve\/?p=11976#breadcrumb","itemListElement":[{"@type":"ListItem","position":1,"name":"Portada","item":"http:\/\/www.defensoria.gob.ve\/"},{"@type":"ListItem","position":2,"name":"Defensor del Pueblo: Migrar y retornar es un derecho humano no un delito"}]},{"@type":"WebSite","@id":"http:\/\/www.defensoria.gob.ve\/#website","url":"http:\/\/www.defensoria.gob.ve\/","name":"","description":"Instituci\u00f3n del Poder Ciudadano para la Promoci\u00f3n, Defensa y Vigilancia de los Derechos Humanos. ","potentialAction":[{"@type":"SearchAction","target":{"@type":"EntryPoint","urlTemplate":"http:\/\/www.defensoria.gob.ve\/?s={search_term_string}"},"query-input":{"@type":"PropertyValueSpecification","valueRequired":true,"valueName":"search_term_string"}}],"inLanguage":"es"},{"@type":"Person","@id":"http:\/\/www.defensoria.gob.ve\/#\/schema\/person\/fba14293189d7b1933ac7fba9d89e24a","name":"JC.","image":{"@type":"ImageObject","inLanguage":"es","@id":"https:\/\/secure.gravatar.com\/avatar\/f398a4de948606b38f0299d90ca738c674b648694bc725ed46503c240269dbf8?s=96&d=mm&r=g","url":"https:\/\/secure.gravatar.com\/avatar\/f398a4de948606b38f0299d90ca738c674b648694bc725ed46503c240269dbf8?s=96&d=mm&r=g","contentUrl":"https:\/\/secure.gravatar.com\/avatar\/f398a4de948606b38f0299d90ca738c674b648694bc725ed46503c240269dbf8?s=96&d=mm&r=g","caption":"JC."},"url":"http:\/\/www.defensoria.gob.ve\/?author=5"}]}},"_links":{"self":[{"href":"http:\/\/www.defensoria.gob.ve\/index.php?rest_route=\/wp\/v2\/posts\/11976","targetHints":{"allow":["GET"]}}],"collection":[{"href":"http:\/\/www.defensoria.gob.ve\/index.php?rest_route=\/wp\/v2\/posts"}],"about":[{"href":"http:\/\/www.defensoria.gob.ve\/index.php?rest_route=\/wp\/v2\/types\/post"}],"author":[{"embeddable":true,"href":"http:\/\/www.defensoria.gob.ve\/index.php?rest_route=\/wp\/v2\/users\/5"}],"replies":[{"embeddable":true,"href":"http:\/\/www.defensoria.gob.ve\/index.php?rest_route=%2Fwp%2Fv2%2Fcomments&post=11976"}],"version-history":[{"count":4,"href":"http:\/\/www.defensoria.gob.ve\/index.php?rest_route=\/wp\/v2\/posts\/11976\/revisions"}],"predecessor-version":[{"id":11984,"href":"http:\/\/www.defensoria.gob.ve\/index.php?rest_route=\/wp\/v2\/posts\/11976\/revisions\/11984"}],"wp:featuredmedia":[{"embeddable":true,"href":"http:\/\/www.defensoria.gob.ve\/index.php?rest_route=\/wp\/v2\/media\/11980"}],"wp:attachment":[{"href":"http:\/\/www.defensoria.gob.ve\/index.php?rest_route=%2Fwp%2Fv2%2Fmedia&parent=11976"}],"wp:term":[{"taxonomy":"category","embeddable":true,"href":"http:\/\/www.defensoria.gob.ve\/index.php?rest_route=%2Fwp%2Fv2%2Fcategories&post=11976"},{"taxonomy":"post_tag","embeddable":true,"href":"http:\/\/www.defensoria.gob.ve\/index.php?rest_route=%2Fwp%2Fv2%2Ftags&post=11976"}],"curies":[{"name":"wp","href":"https:\/\/api.w.org\/{rel}","templated":true}]}}