 
{"id":11997,"date":"2025-05-21T14:03:13","date_gmt":"2025-05-21T18:03:13","guid":{"rendered":"http:\/\/www.defensoria.gob.ve\/?p=11997"},"modified":"2025-05-22T14:08:46","modified_gmt":"2025-05-22T18:08:46","slug":"defensor-del-pueblo-asistio-al-inicio-del-despliegue-de-la-operacion-republica-de-cara-a-comicios-del-25-de-mayo","status":"publish","type":"post","link":"http:\/\/www.defensoria.gob.ve\/?p=11997","title":{"rendered":"Defensor del Pueblo asisti\u00f3 al inicio del Despliegue de la Operaci\u00f3n Rep\u00fablica de cara a comicios del 25 de mayo"},"content":{"rendered":"\t\t<div data-elementor-type=\"wp-post\" data-elementor-id=\"11997\" class=\"elementor elementor-11997\">\n\t\t\t\t\t\t<section class=\"elementor-section elementor-top-section elementor-element elementor-element-31d90ac3 elementor-section-boxed elementor-section-height-default elementor-section-height-default\" data-id=\"31d90ac3\" data-element_type=\"section\" data-e-type=\"section\">\n\t\t\t\t\t\t<div class=\"elementor-container elementor-column-gap-default\">\n\t\t\t\t\t<div class=\"elementor-column elementor-col-100 elementor-top-column elementor-element elementor-element-7855694f\" data-id=\"7855694f\" data-element_type=\"column\" data-e-type=\"column\">\n\t\t\t<div class=\"elementor-widget-wrap elementor-element-populated\">\n\t\t\t\t\t\t<div class=\"elementor-element elementor-element-214fbe77 elementor-widget elementor-widget-text-editor\" data-id=\"214fbe77\" data-element_type=\"widget\" data-e-type=\"widget\" data-widget_type=\"text-editor.default\">\n\t\t\t\t<div class=\"elementor-widget-container\">\n\t\t\t\t\t\t\t\t\t\n<p><strong>(21-May-25)<\/strong> El Defensor del Pueblo, Alfredo Ruiz, asisti\u00f3 al Despliegue de la Operaci\u00f3n Rep\u00fablica de cara a los comicios electorales a realizarse este domingo 25 de mayo, donde alrededor de 490 mil funcionarias y funcionarios de la Fuerza Armada Nacional Bolivariana (FANB) y otras instituciones trabajar\u00e1n para garantizar el normal desarrollo de las Elecciones Regionales y a la Asamblea Nacional del pr\u00f3ximo 25 de mayo.<\/p>\n\n\n\n<p>El acto se llev\u00f3 a cabo desde el paseo Los Pr\u00f3ceres en Caracas, donde el titular de la Defensor\u00eda del Pueblo (DdP) acompa\u00f1\u00f3 al vicepresidente del Consejo Nacional Electoral (CNE), Carlos Quintero; al Fiscal General de la Rep\u00fablica, Tarek William Saab; al Ministro del Poder Popular para la Defensa, General en Jefe, Vladimir Padrino L\u00f3pez; al Contralor General de la Rep\u00fablica, Gustavo Vizca\u00edno, entre otras altas autoridades.<\/p>\n\n\n\n<figure class=\"wp-block-image size-full\"><img fetchpriority=\"high\" decoding=\"async\" width=\"960\" height=\"640\" src=\"http:\/\/www.defensoria.gob.ve\/wp-content\/uploads\/2025\/05\/34546f65-c0cc-4508-8841-ae246d64757c-1.jpg\" alt=\"\" class=\"wp-image-12004\" srcset=\"http:\/\/www.defensoria.gob.ve\/wp-content\/uploads\/2025\/05\/34546f65-c0cc-4508-8841-ae246d64757c-1.jpg 960w, http:\/\/www.defensoria.gob.ve\/wp-content\/uploads\/2025\/05\/34546f65-c0cc-4508-8841-ae246d64757c-1-768x512.jpg 768w\" sizes=\"(max-width: 960px) 100vw, 960px\" \/><\/figure>\n\n\n\n<p>Al momento de tomar la palabra, el Defensor del Pueblo refiri\u00f3 que \u201cdespu\u00e9s de varios meses de preparaci\u00f3n bajo la rector\u00eda del Consejo Nacional Electoral (CNE), estamos preparados para la fiesta electoral donde todos los venezolanos y las venezolanas elegir\u00e1n a gobernadores y gobernadoras de todos los estados del pa\u00eds, incluyendo del nuevo estado Guayana Esequiba, pero tambi\u00e9n se escoger\u00e1n a los legisladores y las legisladoras estadales, y a los diputados y diputadas de la Asamblea Nacional que van a crear las leyes para el desarrollo social y econ\u00f3mico, as\u00ed como la defensa de la familia venezolana\u201d.<\/p>\n\n\n\n<p>Ruiz Inform\u00f3 que la Defensor\u00eda del Pueblo ha realizado talleres sobre el derecho al voto en los 24 estados, donde se explica acerca de la importancia de la participaci\u00f3n activa en cada uno de los circuitos comunales, promoviendo la democracia. \u201cParticipamos tambi\u00e9n en el simulacro que organiz\u00f3 el Poder Electoral para difundir las normas en este proceso en concreto. Se visitaron m\u00e1s de 400 centros de votaci\u00f3n y este 25 de mayo vamos a acompa\u00f1ar al pueblo por cualquier situaci\u00f3n que se pueda presentar para que el proceso transcurra tranquilamente\u201d, coment\u00f3.<\/p>\n\n\n\n<figure class=\"wp-block-image size-full\"><img decoding=\"async\" width=\"960\" height=\"640\" src=\"http:\/\/www.defensoria.gob.ve\/wp-content\/uploads\/2025\/05\/98115bbd-1c45-44ec-87c4-64087424f884.jpg\" alt=\"\" class=\"wp-image-12010\" srcset=\"http:\/\/www.defensoria.gob.ve\/wp-content\/uploads\/2025\/05\/98115bbd-1c45-44ec-87c4-64087424f884.jpg 960w, http:\/\/www.defensoria.gob.ve\/wp-content\/uploads\/2025\/05\/98115bbd-1c45-44ec-87c4-64087424f884-768x512.jpg 768w\" sizes=\"(max-width: 960px) 100vw, 960px\" \/><\/figure>\n\n\n\n<p>Asimismo, el titular de la Instituci\u00f3n Nacional de los Derechos Humanos hizo un llamado \u201ca los servidores y las servidoras p\u00fablicas para que se atiendan a todos los votantes, se fortalezca nuestra cultura participativa de respeto a la opini\u00f3n de cada persona, por lo cual es necesario explicar en cada centro educativo, escuela y liceo sobre la importancia del respeto a la otra persona, as\u00ed como participar activamente en todos los asuntos p\u00fablicos y en la construcci\u00f3n de una democracia protag\u00f3nica y participativa\u201d.<\/p>\n\n\n\n<p>En ese sentido, el Fiscal General de la Rep\u00fablica, Tarek William Saab, dijo que el ente que dirige desplegar\u00e1 24 fiscales superiores con sus respectivas salas situacionales regionales, 15 fiscales nacionales, 516 funcionarios en las diferentes Sala Situacionales y 864 fiscales regionales, para un total de 1.419 funcionarios y funcionarias en todo el pa\u00eds para garantizar la buena marcha de esta elecci\u00f3n.<\/p>\n\n\n\n<figure class=\"wp-block-image size-full\"><img decoding=\"async\" width=\"960\" height=\"640\" src=\"http:\/\/www.defensoria.gob.ve\/wp-content\/uploads\/2025\/05\/4a39232c-2a11-41ad-ad88-7e03ba1b11f7.jpg\" alt=\"\" class=\"wp-image-12011\" srcset=\"http:\/\/www.defensoria.gob.ve\/wp-content\/uploads\/2025\/05\/4a39232c-2a11-41ad-ad88-7e03ba1b11f7.jpg 960w, http:\/\/www.defensoria.gob.ve\/wp-content\/uploads\/2025\/05\/4a39232c-2a11-41ad-ad88-7e03ba1b11f7-768x512.jpg 768w\" sizes=\"(max-width: 960px) 100vw, 960px\" \/><\/figure>\n\n\n\n<p>Por su parte, el Ministro del Poder Popular para la Defensa, Vladimir Padrino L\u00f3pez, destac\u00f3 que \u00abeste es una acto de Estado, de todos los poderes, por la profundidad de lo que significa lo que vamos a hacer a continuaci\u00f3n y lo que hemos venido haciendo estos d\u00edas est\u00e1 siempre en funci\u00f3n de garantizar la soberan\u00eda popular y garantizar el proceso electoral que va a reforzar y&nbsp;fortalecer nuestra democracia participativa, protag\u00f3nica, revolucionaria y directa que estamos construyendo desde las bases del Poder Popular\u00bb.<\/p>\n\n\n\n<p>Para finalizar, el vicepresidente del Consejo Nacional Electoral (CNE), Carlos Quintero coment\u00f3 que en los comicios del pr\u00f3ximo domingo se elegir\u00e1n 569 cargos en Venezuela, incluidos 285 diputados y diputadas para el periodo 2026-2031, 260 legisladores y legisladoras a los Concejos Legislativos Regionales y 24 gobernadores. <strong>FIN \/ PRENSA Defensor\u00eda<\/strong><\/p>\n\t\t\t\t\t\t\t\t<\/div>\n\t\t\t\t<\/div>\n\t\t\t\t\t<\/div>\n\t\t<\/div>\n\t\t\t\t\t<\/div>\n\t\t<\/section>\n\t\t\t\t<\/div>\n\t\t","protected":false},"excerpt":{"rendered":"<p>(21-May-25) El Defensor del Pueblo, Alfredo Ruiz, asisti\u00f3 al Despliegue de la Operaci\u00f3n Rep\u00fablica de cara a los comicios electorales a realizarse este domingo 25 de mayo, donde alrededor de&hellip; <\/p>\n","protected":false},"author":5,"featured_media":12005,"comment_status":"closed","ping_status":"open","sticky":false,"template":"","format":"standard","meta":{"footnotes":""},"categories":[3],"tags":[],"class_list":["post-11997","post","type-post","status-publish","format-standard","has-post-thumbnail","hentry","category-centrales"],"yoast_head":"<!-- This site is optimized with the Yoast SEO plugin v27.4 - https:\/\/yoast.com\/product\/yoast-seo-wordpress\/ -->\n<title>Defensor del Pueblo asisti\u00f3 al inicio del Despliegue de la Operaci\u00f3n Rep\u00fablica de cara a comicios del 25 de mayo -<\/title>\n<meta name=\"robots\" content=\"index, follow, max-snippet:-1, max-image-preview:large, max-video-preview:-1\" \/>\n<link rel=\"canonical\" href=\"http:\/\/www.defensoria.gob.ve\/?p=11997\" \/>\n<meta property=\"og:locale\" content=\"es_ES\" \/>\n<meta property=\"og:type\" content=\"article\" \/>\n<meta property=\"og:title\" content=\"Defensor del Pueblo asisti\u00f3 al inicio del Despliegue de la Operaci\u00f3n Rep\u00fablica de cara a comicios del 25 de mayo -\" \/>\n<meta property=\"og:description\" content=\"(21-May-25) El Defensor del Pueblo, Alfredo Ruiz, asisti\u00f3 al Despliegue de la Operaci\u00f3n Rep\u00fablica de cara a los comicios electorales a realizarse este domingo 25 de mayo, donde alrededor de&hellip;\" \/>\n<meta property=\"og:url\" content=\"http:\/\/www.defensoria.gob.ve\/?p=11997\" \/>\n<meta property=\"article:published_time\" content=\"2025-05-21T18:03:13+00:00\" \/>\n<meta property=\"article:modified_time\" content=\"2025-05-22T18:08:46+00:00\" \/>\n<meta property=\"og:image\" content=\"http:\/\/www.defensoria.gob.ve\/wp-content\/uploads\/2025\/05\/0dfb6c3a-dab4-4109-a9b0-87cf7d0ee792.jpg\" \/>\n\t<meta property=\"og:image:width\" content=\"960\" \/>\n\t<meta property=\"og:image:height\" content=\"640\" \/>\n\t<meta property=\"og:image:type\" content=\"image\/jpeg\" \/>\n<meta name=\"author\" content=\"JC.\" \/>\n<meta name=\"twitter:card\" content=\"summary_large_image\" \/>\n<meta name=\"twitter:label1\" content=\"Escrito por\" \/>\n\t<meta name=\"twitter:data1\" content=\"JC.\" \/>\n\t<meta name=\"twitter:label2\" content=\"Tiempo estimado de lectura\" \/>\n\t<meta name=\"twitter:data2\" content=\"4 minutos\" \/>\n<script type=\"application\/ld+json\" class=\"yoast-schema-graph\">{\"@context\":\"https:\\\/\\\/schema.org\",\"@graph\":[{\"@type\":\"Article\",\"@id\":\"http:\\\/\\\/www.defensoria.gob.ve\\\/?p=11997#article\",\"isPartOf\":{\"@id\":\"http:\\\/\\\/www.defensoria.gob.ve\\\/?p=11997\"},\"author\":{\"name\":\"JC.\",\"@id\":\"http:\\\/\\\/www.defensoria.gob.ve\\\/#\\\/schema\\\/person\\\/fba14293189d7b1933ac7fba9d89e24a\"},\"headline\":\"Defensor del Pueblo asisti\u00f3 al inicio del Despliegue de la Operaci\u00f3n Rep\u00fablica de cara a comicios del 25 de mayo\",\"datePublished\":\"2025-05-21T18:03:13+00:00\",\"dateModified\":\"2025-05-22T18:08:46+00:00\",\"mainEntityOfPage\":{\"@id\":\"http:\\\/\\\/www.defensoria.gob.ve\\\/?p=11997\"},\"wordCount\":648,\"image\":{\"@id\":\"http:\\\/\\\/www.defensoria.gob.ve\\\/?p=11997#primaryimage\"},\"thumbnailUrl\":\"http:\\\/\\\/www.defensoria.gob.ve\\\/wp-content\\\/uploads\\\/2025\\\/05\\\/0dfb6c3a-dab4-4109-a9b0-87cf7d0ee792.jpg\",\"articleSection\":[\"CENTRALES\"],\"inLanguage\":\"es\"},{\"@type\":\"WebPage\",\"@id\":\"http:\\\/\\\/www.defensoria.gob.ve\\\/?p=11997\",\"url\":\"http:\\\/\\\/www.defensoria.gob.ve\\\/?p=11997\",\"name\":\"Defensor del Pueblo asisti\u00f3 al inicio del Despliegue de la Operaci\u00f3n Rep\u00fablica de cara a comicios del 25 de mayo -\",\"isPartOf\":{\"@id\":\"http:\\\/\\\/www.defensoria.gob.ve\\\/#website\"},\"primaryImageOfPage\":{\"@id\":\"http:\\\/\\\/www.defensoria.gob.ve\\\/?p=11997#primaryimage\"},\"image\":{\"@id\":\"http:\\\/\\\/www.defensoria.gob.ve\\\/?p=11997#primaryimage\"},\"thumbnailUrl\":\"http:\\\/\\\/www.defensoria.gob.ve\\\/wp-content\\\/uploads\\\/2025\\\/05\\\/0dfb6c3a-dab4-4109-a9b0-87cf7d0ee792.jpg\",\"datePublished\":\"2025-05-21T18:03:13+00:00\",\"dateModified\":\"2025-05-22T18:08:46+00:00\",\"author\":{\"@id\":\"http:\\\/\\\/www.defensoria.gob.ve\\\/#\\\/schema\\\/person\\\/fba14293189d7b1933ac7fba9d89e24a\"},\"breadcrumb\":{\"@id\":\"http:\\\/\\\/www.defensoria.gob.ve\\\/?p=11997#breadcrumb\"},\"inLanguage\":\"es\",\"potentialAction\":[{\"@type\":\"ReadAction\",\"target\":[\"http:\\\/\\\/www.defensoria.gob.ve\\\/?p=11997\"]}]},{\"@type\":\"ImageObject\",\"inLanguage\":\"es\",\"@id\":\"http:\\\/\\\/www.defensoria.gob.ve\\\/?p=11997#primaryimage\",\"url\":\"http:\\\/\\\/www.defensoria.gob.ve\\\/wp-content\\\/uploads\\\/2025\\\/05\\\/0dfb6c3a-dab4-4109-a9b0-87cf7d0ee792.jpg\",\"contentUrl\":\"http:\\\/\\\/www.defensoria.gob.ve\\\/wp-content\\\/uploads\\\/2025\\\/05\\\/0dfb6c3a-dab4-4109-a9b0-87cf7d0ee792.jpg\",\"width\":960,\"height\":640},{\"@type\":\"BreadcrumbList\",\"@id\":\"http:\\\/\\\/www.defensoria.gob.ve\\\/?p=11997#breadcrumb\",\"itemListElement\":[{\"@type\":\"ListItem\",\"position\":1,\"name\":\"Portada\",\"item\":\"http:\\\/\\\/www.defensoria.gob.ve\\\/\"},{\"@type\":\"ListItem\",\"position\":2,\"name\":\"Defensor del Pueblo asisti\u00f3 al inicio del Despliegue de la Operaci\u00f3n Rep\u00fablica de cara a comicios del 25 de mayo\"}]},{\"@type\":\"WebSite\",\"@id\":\"http:\\\/\\\/www.defensoria.gob.ve\\\/#website\",\"url\":\"http:\\\/\\\/www.defensoria.gob.ve\\\/\",\"name\":\"\",\"description\":\"Instituci\u00f3n del Poder Ciudadano para la Promoci\u00f3n, Defensa y Vigilancia de los Derechos Humanos. \",\"potentialAction\":[{\"@type\":\"SearchAction\",\"target\":{\"@type\":\"EntryPoint\",\"urlTemplate\":\"http:\\\/\\\/www.defensoria.gob.ve\\\/?s={search_term_string}\"},\"query-input\":{\"@type\":\"PropertyValueSpecification\",\"valueRequired\":true,\"valueName\":\"search_term_string\"}}],\"inLanguage\":\"es\"},{\"@type\":\"Person\",\"@id\":\"http:\\\/\\\/www.defensoria.gob.ve\\\/#\\\/schema\\\/person\\\/fba14293189d7b1933ac7fba9d89e24a\",\"name\":\"JC.\",\"image\":{\"@type\":\"ImageObject\",\"inLanguage\":\"es\",\"@id\":\"https:\\\/\\\/secure.gravatar.com\\\/avatar\\\/f398a4de948606b38f0299d90ca738c674b648694bc725ed46503c240269dbf8?s=96&d=mm&r=g\",\"url\":\"https:\\\/\\\/secure.gravatar.com\\\/avatar\\\/f398a4de948606b38f0299d90ca738c674b648694bc725ed46503c240269dbf8?s=96&d=mm&r=g\",\"contentUrl\":\"https:\\\/\\\/secure.gravatar.com\\\/avatar\\\/f398a4de948606b38f0299d90ca738c674b648694bc725ed46503c240269dbf8?s=96&d=mm&r=g\",\"caption\":\"JC.\"},\"url\":\"http:\\\/\\\/www.defensoria.gob.ve\\\/?author=5\"}]}<\/script>\n<!-- \/ Yoast SEO plugin. -->","yoast_head_json":{"title":"Defensor del Pueblo asisti\u00f3 al inicio del Despliegue de la Operaci\u00f3n Rep\u00fablica de cara a comicios del 25 de mayo -","robots":{"index":"index","follow":"follow","max-snippet":"max-snippet:-1","max-image-preview":"max-image-preview:large","max-video-preview":"max-video-preview:-1"},"canonical":"http:\/\/www.defensoria.gob.ve\/?p=11997","og_locale":"es_ES","og_type":"article","og_title":"Defensor del Pueblo asisti\u00f3 al inicio del Despliegue de la Operaci\u00f3n Rep\u00fablica de cara a comicios del 25 de mayo -","og_description":"(21-May-25) El Defensor del Pueblo, Alfredo Ruiz, asisti\u00f3 al Despliegue de la Operaci\u00f3n Rep\u00fablica de cara a los comicios electorales a realizarse este domingo 25 de mayo, donde alrededor de&hellip;","og_url":"http:\/\/www.defensoria.gob.ve\/?p=11997","article_published_time":"2025-05-21T18:03:13+00:00","article_modified_time":"2025-05-22T18:08:46+00:00","og_image":[{"width":960,"height":640,"url":"http:\/\/www.defensoria.gob.ve\/wp-content\/uploads\/2025\/05\/0dfb6c3a-dab4-4109-a9b0-87cf7d0ee792.jpg","type":"image\/jpeg"}],"author":"JC.","twitter_card":"summary_large_image","twitter_misc":{"Escrito por":"JC.","Tiempo estimado de lectura":"4 minutos"},"schema":{"@context":"https:\/\/schema.org","@graph":[{"@type":"Article","@id":"http:\/\/www.defensoria.gob.ve\/?p=11997#article","isPartOf":{"@id":"http:\/\/www.defensoria.gob.ve\/?p=11997"},"author":{"name":"JC.","@id":"http:\/\/www.defensoria.gob.ve\/#\/schema\/person\/fba14293189d7b1933ac7fba9d89e24a"},"headline":"Defensor del Pueblo asisti\u00f3 al inicio del Despliegue de la Operaci\u00f3n Rep\u00fablica de cara a comicios del 25 de mayo","datePublished":"2025-05-21T18:03:13+00:00","dateModified":"2025-05-22T18:08:46+00:00","mainEntityOfPage":{"@id":"http:\/\/www.defensoria.gob.ve\/?p=11997"},"wordCount":648,"image":{"@id":"http:\/\/www.defensoria.gob.ve\/?p=11997#primaryimage"},"thumbnailUrl":"http:\/\/www.defensoria.gob.ve\/wp-content\/uploads\/2025\/05\/0dfb6c3a-dab4-4109-a9b0-87cf7d0ee792.jpg","articleSection":["CENTRALES"],"inLanguage":"es"},{"@type":"WebPage","@id":"http:\/\/www.defensoria.gob.ve\/?p=11997","url":"http:\/\/www.defensoria.gob.ve\/?p=11997","name":"Defensor del Pueblo asisti\u00f3 al inicio del Despliegue de la Operaci\u00f3n Rep\u00fablica de cara a comicios del 25 de mayo -","isPartOf":{"@id":"http:\/\/www.defensoria.gob.ve\/#website"},"primaryImageOfPage":{"@id":"http:\/\/www.defensoria.gob.ve\/?p=11997#primaryimage"},"image":{"@id":"http:\/\/www.defensoria.gob.ve\/?p=11997#primaryimage"},"thumbnailUrl":"http:\/\/www.defensoria.gob.ve\/wp-content\/uploads\/2025\/05\/0dfb6c3a-dab4-4109-a9b0-87cf7d0ee792.jpg","datePublished":"2025-05-21T18:03:13+00:00","dateModified":"2025-05-22T18:08:46+00:00","author":{"@id":"http:\/\/www.defensoria.gob.ve\/#\/schema\/person\/fba14293189d7b1933ac7fba9d89e24a"},"breadcrumb":{"@id":"http:\/\/www.defensoria.gob.ve\/?p=11997#breadcrumb"},"inLanguage":"es","potentialAction":[{"@type":"ReadAction","target":["http:\/\/www.defensoria.gob.ve\/?p=11997"]}]},{"@type":"ImageObject","inLanguage":"es","@id":"http:\/\/www.defensoria.gob.ve\/?p=11997#primaryimage","url":"http:\/\/www.defensoria.gob.ve\/wp-content\/uploads\/2025\/05\/0dfb6c3a-dab4-4109-a9b0-87cf7d0ee792.jpg","contentUrl":"http:\/\/www.defensoria.gob.ve\/wp-content\/uploads\/2025\/05\/0dfb6c3a-dab4-4109-a9b0-87cf7d0ee792.jpg","width":960,"height":640},{"@type":"BreadcrumbList","@id":"http:\/\/www.defensoria.gob.ve\/?p=11997#breadcrumb","itemListElement":[{"@type":"ListItem","position":1,"name":"Portada","item":"http:\/\/www.defensoria.gob.ve\/"},{"@type":"ListItem","position":2,"name":"Defensor del Pueblo asisti\u00f3 al inicio del Despliegue de la Operaci\u00f3n Rep\u00fablica de cara a comicios del 25 de mayo"}]},{"@type":"WebSite","@id":"http:\/\/www.defensoria.gob.ve\/#website","url":"http:\/\/www.defensoria.gob.ve\/","name":"","description":"Instituci\u00f3n del Poder Ciudadano para la Promoci\u00f3n, Defensa y Vigilancia de los Derechos Humanos. ","potentialAction":[{"@type":"SearchAction","target":{"@type":"EntryPoint","urlTemplate":"http:\/\/www.defensoria.gob.ve\/?s={search_term_string}"},"query-input":{"@type":"PropertyValueSpecification","valueRequired":true,"valueName":"search_term_string"}}],"inLanguage":"es"},{"@type":"Person","@id":"http:\/\/www.defensoria.gob.ve\/#\/schema\/person\/fba14293189d7b1933ac7fba9d89e24a","name":"JC.","image":{"@type":"ImageObject","inLanguage":"es","@id":"https:\/\/secure.gravatar.com\/avatar\/f398a4de948606b38f0299d90ca738c674b648694bc725ed46503c240269dbf8?s=96&d=mm&r=g","url":"https:\/\/secure.gravatar.com\/avatar\/f398a4de948606b38f0299d90ca738c674b648694bc725ed46503c240269dbf8?s=96&d=mm&r=g","contentUrl":"https:\/\/secure.gravatar.com\/avatar\/f398a4de948606b38f0299d90ca738c674b648694bc725ed46503c240269dbf8?s=96&d=mm&r=g","caption":"JC."},"url":"http:\/\/www.defensoria.gob.ve\/?author=5"}]}},"_links":{"self":[{"href":"http:\/\/www.defensoria.gob.ve\/index.php?rest_route=\/wp\/v2\/posts\/11997","targetHints":{"allow":["GET"]}}],"collection":[{"href":"http:\/\/www.defensoria.gob.ve\/index.php?rest_route=\/wp\/v2\/posts"}],"about":[{"href":"http:\/\/www.defensoria.gob.ve\/index.php?rest_route=\/wp\/v2\/types\/post"}],"author":[{"embeddable":true,"href":"http:\/\/www.defensoria.gob.ve\/index.php?rest_route=\/wp\/v2\/users\/5"}],"replies":[{"embeddable":true,"href":"http:\/\/www.defensoria.gob.ve\/index.php?rest_route=%2Fwp%2Fv2%2Fcomments&post=11997"}],"version-history":[{"count":5,"href":"http:\/\/www.defensoria.gob.ve\/index.php?rest_route=\/wp\/v2\/posts\/11997\/revisions"}],"predecessor-version":[{"id":12015,"href":"http:\/\/www.defensoria.gob.ve\/index.php?rest_route=\/wp\/v2\/posts\/11997\/revisions\/12015"}],"wp:featuredmedia":[{"embeddable":true,"href":"http:\/\/www.defensoria.gob.ve\/index.php?rest_route=\/wp\/v2\/media\/12005"}],"wp:attachment":[{"href":"http:\/\/www.defensoria.gob.ve\/index.php?rest_route=%2Fwp%2Fv2%2Fmedia&parent=11997"}],"wp:term":[{"taxonomy":"category","embeddable":true,"href":"http:\/\/www.defensoria.gob.ve\/index.php?rest_route=%2Fwp%2Fv2%2Fcategories&post=11997"},{"taxonomy":"post_tag","embeddable":true,"href":"http:\/\/www.defensoria.gob.ve\/index.php?rest_route=%2Fwp%2Fv2%2Ftags&post=11997"}],"curies":[{"name":"wp","href":"https:\/\/api.w.org\/{rel}","templated":true}]}}