 
{"id":12023,"date":"2025-05-22T15:09:14","date_gmt":"2025-05-22T19:09:14","guid":{"rendered":"http:\/\/www.defensoria.gob.ve\/?p=12023"},"modified":"2025-05-22T15:09:57","modified_gmt":"2025-05-22T19:09:57","slug":"defensoria-delegada-del-estado-carabobo-asistio-a-entrega-de-certificados-sobre-formacion-de-defensores-y-defensoras-de-los-ninos-ninas-y-adolescentes","status":"publish","type":"post","link":"http:\/\/www.defensoria.gob.ve\/?p=12023","title":{"rendered":"Defensor\u00eda Delegada del estado Carabobo asisti\u00f3 a entrega de certificados sobre Formaci\u00f3n de Defensores y Defensoras de los Ni\u00f1os, Ni\u00f1as y Adolescentes"},"content":{"rendered":"\t\t<div data-elementor-type=\"wp-post\" data-elementor-id=\"12023\" class=\"elementor elementor-12023\">\n\t\t\t\t\t\t<section class=\"elementor-section elementor-top-section elementor-element elementor-element-699bd1d4 elementor-section-boxed elementor-section-height-default elementor-section-height-default\" data-id=\"699bd1d4\" data-element_type=\"section\" data-e-type=\"section\">\n\t\t\t\t\t\t<div class=\"elementor-container elementor-column-gap-default\">\n\t\t\t\t\t<div class=\"elementor-column elementor-col-100 elementor-top-column elementor-element elementor-element-20017fe0\" data-id=\"20017fe0\" data-element_type=\"column\" data-e-type=\"column\">\n\t\t\t<div class=\"elementor-widget-wrap elementor-element-populated\">\n\t\t\t\t\t\t<div class=\"elementor-element elementor-element-a8a9117 elementor-widget elementor-widget-text-editor\" data-id=\"a8a9117\" data-element_type=\"widget\" data-e-type=\"widget\" data-widget_type=\"text-editor.default\">\n\t\t\t\t<div class=\"elementor-widget-container\">\n\t\t\t\t\t\t\t\t\t<p><\/p>\n<p><strong>(Carabobo\/22-May-25)<\/strong> Servidores y servidoras de la Defensor\u00eda Delegada del estado Carabobo asistieron a la entrega de certificados correspondiente a la Formaci\u00f3n de Defensores y Defensoras de los Ni\u00f1os, Ni\u00f1as y Adolescentes, Prevenci\u00f3n y Atenci\u00f3n del Abuso Sexual Infantil, y Escuela para Docentes, actividad organizada por el Consejo Municipal de Derechos de Ni\u00f1os, Ni\u00f1as y Adolescentes del Municipio Valencia.<\/p>\n<p><\/p>\n<figure class=\"wp-block-image aligncenter size-full\"><img fetchpriority=\"high\" decoding=\"async\" width=\"540\" height=\"430\" class=\"wp-image-12024\" src=\"http:\/\/www.defensoria.gob.ve\/wp-content\/uploads\/2025\/05\/Foto-2-Carabobo.png\" alt=\"\" \/><\/figure>\n<p><\/p>\n<p>Es as\u00ed como el Defensor Delegado, Mois\u00e9s Rodr\u00edguez y el Defensor III, \u00c1ngel Torres, recibieron el Bot\u00f3n de Honor gracias a la labor que, desde el ente defensorial, han hecho por la defensa de los derechos de los ni\u00f1os, ni\u00f1as y adolescentes.<\/p>\n<p><\/p>\n<p>Con este acto se sigue mostrando el reconocimiento que tiene el ente defensorial en su compromiso por la formaci\u00f3n permanente, la prevenci\u00f3n y la atenci\u00f3n integral del abuso sexual infantil, as\u00ed como el fortalecimiento de la red de protecci\u00f3n de los derechos de la infancia y adolescencia en el municipio. <strong>FIN \/ PRENSA Defensor\u00eda<\/strong><\/p>\n<p><\/p>\t\t\t\t\t\t\t\t<\/div>\n\t\t\t\t<\/div>\n\t\t\t\t\t<\/div>\n\t\t<\/div>\n\t\t\t\t\t<\/div>\n\t\t<\/section>\n\t\t\t\t<\/div>\n\t\t","protected":false},"excerpt":{"rendered":"<p>(Carabobo\/22-May-25) Servidores y servidoras de la Defensor\u00eda Delegada del estado Carabobo asistieron a la entrega de certificados correspondiente a la Formaci\u00f3n de Defensores y Defensoras de los Ni\u00f1os, Ni\u00f1as y&hellip; <\/p>\n","protected":false},"author":5,"featured_media":12025,"comment_status":"closed","ping_status":"open","sticky":false,"template":"","format":"standard","meta":{"footnotes":""},"categories":[5],"tags":[],"class_list":["post-12023","post","type-post","status-publish","format-standard","has-post-thumbnail","hentry","category-regionales"],"yoast_head":"<!-- This site is optimized with the Yoast SEO plugin v27.4 - https:\/\/yoast.com\/product\/yoast-seo-wordpress\/ -->\n<title>Defensor\u00eda Delegada del estado Carabobo asisti\u00f3 a entrega de certificados sobre Formaci\u00f3n de Defensores y Defensoras de los Ni\u00f1os, Ni\u00f1as y Adolescentes -<\/title>\n<meta name=\"robots\" content=\"index, follow, max-snippet:-1, max-image-preview:large, max-video-preview:-1\" \/>\n<link rel=\"canonical\" href=\"http:\/\/www.defensoria.gob.ve\/?p=12023\" \/>\n<meta property=\"og:locale\" content=\"es_ES\" \/>\n<meta property=\"og:type\" content=\"article\" \/>\n<meta property=\"og:title\" content=\"Defensor\u00eda Delegada del estado Carabobo asisti\u00f3 a entrega de certificados sobre Formaci\u00f3n de Defensores y Defensoras de los Ni\u00f1os, Ni\u00f1as y Adolescentes -\" \/>\n<meta property=\"og:description\" content=\"(Carabobo\/22-May-25) Servidores y servidoras de la Defensor\u00eda Delegada del estado Carabobo asistieron a la entrega de certificados correspondiente a la Formaci\u00f3n de Defensores y Defensoras de los Ni\u00f1os, Ni\u00f1as y&hellip;\" \/>\n<meta property=\"og:url\" content=\"http:\/\/www.defensoria.gob.ve\/?p=12023\" \/>\n<meta property=\"article:published_time\" content=\"2025-05-22T19:09:14+00:00\" \/>\n<meta property=\"article:modified_time\" content=\"2025-05-22T19:09:57+00:00\" \/>\n<meta property=\"og:image\" content=\"http:\/\/www.defensoria.gob.ve\/wp-content\/uploads\/2025\/05\/Foto-1-Carabobo.png\" \/>\n\t<meta property=\"og:image:width\" content=\"560\" \/>\n\t<meta property=\"og:image:height\" content=\"456\" \/>\n\t<meta property=\"og:image:type\" content=\"image\/png\" \/>\n<meta name=\"author\" content=\"JC.\" \/>\n<meta name=\"twitter:card\" content=\"summary_large_image\" \/>\n<meta name=\"twitter:label1\" content=\"Escrito por\" \/>\n\t<meta name=\"twitter:data1\" content=\"JC.\" \/>\n\t<meta name=\"twitter:label2\" content=\"Tiempo estimado de lectura\" \/>\n\t<meta name=\"twitter:data2\" content=\"1 minuto\" \/>\n<script type=\"application\/ld+json\" class=\"yoast-schema-graph\">{\"@context\":\"https:\\\/\\\/schema.org\",\"@graph\":[{\"@type\":\"Article\",\"@id\":\"http:\\\/\\\/www.defensoria.gob.ve\\\/?p=12023#article\",\"isPartOf\":{\"@id\":\"http:\\\/\\\/www.defensoria.gob.ve\\\/?p=12023\"},\"author\":{\"name\":\"JC.\",\"@id\":\"http:\\\/\\\/www.defensoria.gob.ve\\\/#\\\/schema\\\/person\\\/fba14293189d7b1933ac7fba9d89e24a\"},\"headline\":\"Defensor\u00eda Delegada del estado Carabobo asisti\u00f3 a entrega de certificados sobre Formaci\u00f3n de Defensores y Defensoras de los Ni\u00f1os, Ni\u00f1as y Adolescentes\",\"datePublished\":\"2025-05-22T19:09:14+00:00\",\"dateModified\":\"2025-05-22T19:09:57+00:00\",\"mainEntityOfPage\":{\"@id\":\"http:\\\/\\\/www.defensoria.gob.ve\\\/?p=12023\"},\"wordCount\":198,\"image\":{\"@id\":\"http:\\\/\\\/www.defensoria.gob.ve\\\/?p=12023#primaryimage\"},\"thumbnailUrl\":\"http:\\\/\\\/www.defensoria.gob.ve\\\/wp-content\\\/uploads\\\/2025\\\/05\\\/Foto-1-Carabobo.png\",\"articleSection\":[\"REGIONALES\"],\"inLanguage\":\"es\"},{\"@type\":\"WebPage\",\"@id\":\"http:\\\/\\\/www.defensoria.gob.ve\\\/?p=12023\",\"url\":\"http:\\\/\\\/www.defensoria.gob.ve\\\/?p=12023\",\"name\":\"Defensor\u00eda Delegada del estado Carabobo asisti\u00f3 a entrega de certificados sobre Formaci\u00f3n de Defensores y Defensoras de los Ni\u00f1os, Ni\u00f1as y Adolescentes -\",\"isPartOf\":{\"@id\":\"http:\\\/\\\/www.defensoria.gob.ve\\\/#website\"},\"primaryImageOfPage\":{\"@id\":\"http:\\\/\\\/www.defensoria.gob.ve\\\/?p=12023#primaryimage\"},\"image\":{\"@id\":\"http:\\\/\\\/www.defensoria.gob.ve\\\/?p=12023#primaryimage\"},\"thumbnailUrl\":\"http:\\\/\\\/www.defensoria.gob.ve\\\/wp-content\\\/uploads\\\/2025\\\/05\\\/Foto-1-Carabobo.png\",\"datePublished\":\"2025-05-22T19:09:14+00:00\",\"dateModified\":\"2025-05-22T19:09:57+00:00\",\"author\":{\"@id\":\"http:\\\/\\\/www.defensoria.gob.ve\\\/#\\\/schema\\\/person\\\/fba14293189d7b1933ac7fba9d89e24a\"},\"breadcrumb\":{\"@id\":\"http:\\\/\\\/www.defensoria.gob.ve\\\/?p=12023#breadcrumb\"},\"inLanguage\":\"es\",\"potentialAction\":[{\"@type\":\"ReadAction\",\"target\":[\"http:\\\/\\\/www.defensoria.gob.ve\\\/?p=12023\"]}]},{\"@type\":\"ImageObject\",\"inLanguage\":\"es\",\"@id\":\"http:\\\/\\\/www.defensoria.gob.ve\\\/?p=12023#primaryimage\",\"url\":\"http:\\\/\\\/www.defensoria.gob.ve\\\/wp-content\\\/uploads\\\/2025\\\/05\\\/Foto-1-Carabobo.png\",\"contentUrl\":\"http:\\\/\\\/www.defensoria.gob.ve\\\/wp-content\\\/uploads\\\/2025\\\/05\\\/Foto-1-Carabobo.png\",\"width\":560,\"height\":456},{\"@type\":\"BreadcrumbList\",\"@id\":\"http:\\\/\\\/www.defensoria.gob.ve\\\/?p=12023#breadcrumb\",\"itemListElement\":[{\"@type\":\"ListItem\",\"position\":1,\"name\":\"Portada\",\"item\":\"http:\\\/\\\/www.defensoria.gob.ve\\\/\"},{\"@type\":\"ListItem\",\"position\":2,\"name\":\"Defensor\u00eda Delegada del estado Carabobo asisti\u00f3 a entrega de certificados sobre Formaci\u00f3n de Defensores y Defensoras de los Ni\u00f1os, Ni\u00f1as y Adolescentes\"}]},{\"@type\":\"WebSite\",\"@id\":\"http:\\\/\\\/www.defensoria.gob.ve\\\/#website\",\"url\":\"http:\\\/\\\/www.defensoria.gob.ve\\\/\",\"name\":\"\",\"description\":\"Instituci\u00f3n del Poder Ciudadano para la Promoci\u00f3n, Defensa y Vigilancia de los Derechos Humanos. \",\"potentialAction\":[{\"@type\":\"SearchAction\",\"target\":{\"@type\":\"EntryPoint\",\"urlTemplate\":\"http:\\\/\\\/www.defensoria.gob.ve\\\/?s={search_term_string}\"},\"query-input\":{\"@type\":\"PropertyValueSpecification\",\"valueRequired\":true,\"valueName\":\"search_term_string\"}}],\"inLanguage\":\"es\"},{\"@type\":\"Person\",\"@id\":\"http:\\\/\\\/www.defensoria.gob.ve\\\/#\\\/schema\\\/person\\\/fba14293189d7b1933ac7fba9d89e24a\",\"name\":\"JC.\",\"image\":{\"@type\":\"ImageObject\",\"inLanguage\":\"es\",\"@id\":\"https:\\\/\\\/secure.gravatar.com\\\/avatar\\\/f398a4de948606b38f0299d90ca738c674b648694bc725ed46503c240269dbf8?s=96&d=mm&r=g\",\"url\":\"https:\\\/\\\/secure.gravatar.com\\\/avatar\\\/f398a4de948606b38f0299d90ca738c674b648694bc725ed46503c240269dbf8?s=96&d=mm&r=g\",\"contentUrl\":\"https:\\\/\\\/secure.gravatar.com\\\/avatar\\\/f398a4de948606b38f0299d90ca738c674b648694bc725ed46503c240269dbf8?s=96&d=mm&r=g\",\"caption\":\"JC.\"},\"url\":\"http:\\\/\\\/www.defensoria.gob.ve\\\/?author=5\"}]}<\/script>\n<!-- \/ Yoast SEO plugin. -->","yoast_head_json":{"title":"Defensor\u00eda Delegada del estado Carabobo asisti\u00f3 a entrega de certificados sobre Formaci\u00f3n de Defensores y Defensoras de los Ni\u00f1os, Ni\u00f1as y Adolescentes -","robots":{"index":"index","follow":"follow","max-snippet":"max-snippet:-1","max-image-preview":"max-image-preview:large","max-video-preview":"max-video-preview:-1"},"canonical":"http:\/\/www.defensoria.gob.ve\/?p=12023","og_locale":"es_ES","og_type":"article","og_title":"Defensor\u00eda Delegada del estado Carabobo asisti\u00f3 a entrega de certificados sobre Formaci\u00f3n de Defensores y Defensoras de los Ni\u00f1os, Ni\u00f1as y Adolescentes -","og_description":"(Carabobo\/22-May-25) Servidores y servidoras de la Defensor\u00eda Delegada del estado Carabobo asistieron a la entrega de certificados correspondiente a la Formaci\u00f3n de Defensores y Defensoras de los Ni\u00f1os, Ni\u00f1as y&hellip;","og_url":"http:\/\/www.defensoria.gob.ve\/?p=12023","article_published_time":"2025-05-22T19:09:14+00:00","article_modified_time":"2025-05-22T19:09:57+00:00","og_image":[{"width":560,"height":456,"url":"http:\/\/www.defensoria.gob.ve\/wp-content\/uploads\/2025\/05\/Foto-1-Carabobo.png","type":"image\/png"}],"author":"JC.","twitter_card":"summary_large_image","twitter_misc":{"Escrito por":"JC.","Tiempo estimado de lectura":"1 minuto"},"schema":{"@context":"https:\/\/schema.org","@graph":[{"@type":"Article","@id":"http:\/\/www.defensoria.gob.ve\/?p=12023#article","isPartOf":{"@id":"http:\/\/www.defensoria.gob.ve\/?p=12023"},"author":{"name":"JC.","@id":"http:\/\/www.defensoria.gob.ve\/#\/schema\/person\/fba14293189d7b1933ac7fba9d89e24a"},"headline":"Defensor\u00eda Delegada del estado Carabobo asisti\u00f3 a entrega de certificados sobre Formaci\u00f3n de Defensores y Defensoras de los Ni\u00f1os, Ni\u00f1as y Adolescentes","datePublished":"2025-05-22T19:09:14+00:00","dateModified":"2025-05-22T19:09:57+00:00","mainEntityOfPage":{"@id":"http:\/\/www.defensoria.gob.ve\/?p=12023"},"wordCount":198,"image":{"@id":"http:\/\/www.defensoria.gob.ve\/?p=12023#primaryimage"},"thumbnailUrl":"http:\/\/www.defensoria.gob.ve\/wp-content\/uploads\/2025\/05\/Foto-1-Carabobo.png","articleSection":["REGIONALES"],"inLanguage":"es"},{"@type":"WebPage","@id":"http:\/\/www.defensoria.gob.ve\/?p=12023","url":"http:\/\/www.defensoria.gob.ve\/?p=12023","name":"Defensor\u00eda Delegada del estado Carabobo asisti\u00f3 a entrega de certificados sobre Formaci\u00f3n de Defensores y Defensoras de los Ni\u00f1os, Ni\u00f1as y Adolescentes -","isPartOf":{"@id":"http:\/\/www.defensoria.gob.ve\/#website"},"primaryImageOfPage":{"@id":"http:\/\/www.defensoria.gob.ve\/?p=12023#primaryimage"},"image":{"@id":"http:\/\/www.defensoria.gob.ve\/?p=12023#primaryimage"},"thumbnailUrl":"http:\/\/www.defensoria.gob.ve\/wp-content\/uploads\/2025\/05\/Foto-1-Carabobo.png","datePublished":"2025-05-22T19:09:14+00:00","dateModified":"2025-05-22T19:09:57+00:00","author":{"@id":"http:\/\/www.defensoria.gob.ve\/#\/schema\/person\/fba14293189d7b1933ac7fba9d89e24a"},"breadcrumb":{"@id":"http:\/\/www.defensoria.gob.ve\/?p=12023#breadcrumb"},"inLanguage":"es","potentialAction":[{"@type":"ReadAction","target":["http:\/\/www.defensoria.gob.ve\/?p=12023"]}]},{"@type":"ImageObject","inLanguage":"es","@id":"http:\/\/www.defensoria.gob.ve\/?p=12023#primaryimage","url":"http:\/\/www.defensoria.gob.ve\/wp-content\/uploads\/2025\/05\/Foto-1-Carabobo.png","contentUrl":"http:\/\/www.defensoria.gob.ve\/wp-content\/uploads\/2025\/05\/Foto-1-Carabobo.png","width":560,"height":456},{"@type":"BreadcrumbList","@id":"http:\/\/www.defensoria.gob.ve\/?p=12023#breadcrumb","itemListElement":[{"@type":"ListItem","position":1,"name":"Portada","item":"http:\/\/www.defensoria.gob.ve\/"},{"@type":"ListItem","position":2,"name":"Defensor\u00eda Delegada del estado Carabobo asisti\u00f3 a entrega de certificados sobre Formaci\u00f3n de Defensores y Defensoras de los Ni\u00f1os, Ni\u00f1as y Adolescentes"}]},{"@type":"WebSite","@id":"http:\/\/www.defensoria.gob.ve\/#website","url":"http:\/\/www.defensoria.gob.ve\/","name":"","description":"Instituci\u00f3n del Poder Ciudadano para la Promoci\u00f3n, Defensa y Vigilancia de los Derechos Humanos. ","potentialAction":[{"@type":"SearchAction","target":{"@type":"EntryPoint","urlTemplate":"http:\/\/www.defensoria.gob.ve\/?s={search_term_string}"},"query-input":{"@type":"PropertyValueSpecification","valueRequired":true,"valueName":"search_term_string"}}],"inLanguage":"es"},{"@type":"Person","@id":"http:\/\/www.defensoria.gob.ve\/#\/schema\/person\/fba14293189d7b1933ac7fba9d89e24a","name":"JC.","image":{"@type":"ImageObject","inLanguage":"es","@id":"https:\/\/secure.gravatar.com\/avatar\/f398a4de948606b38f0299d90ca738c674b648694bc725ed46503c240269dbf8?s=96&d=mm&r=g","url":"https:\/\/secure.gravatar.com\/avatar\/f398a4de948606b38f0299d90ca738c674b648694bc725ed46503c240269dbf8?s=96&d=mm&r=g","contentUrl":"https:\/\/secure.gravatar.com\/avatar\/f398a4de948606b38f0299d90ca738c674b648694bc725ed46503c240269dbf8?s=96&d=mm&r=g","caption":"JC."},"url":"http:\/\/www.defensoria.gob.ve\/?author=5"}]}},"_links":{"self":[{"href":"http:\/\/www.defensoria.gob.ve\/index.php?rest_route=\/wp\/v2\/posts\/12023","targetHints":{"allow":["GET"]}}],"collection":[{"href":"http:\/\/www.defensoria.gob.ve\/index.php?rest_route=\/wp\/v2\/posts"}],"about":[{"href":"http:\/\/www.defensoria.gob.ve\/index.php?rest_route=\/wp\/v2\/types\/post"}],"author":[{"embeddable":true,"href":"http:\/\/www.defensoria.gob.ve\/index.php?rest_route=\/wp\/v2\/users\/5"}],"replies":[{"embeddable":true,"href":"http:\/\/www.defensoria.gob.ve\/index.php?rest_route=%2Fwp%2Fv2%2Fcomments&post=12023"}],"version-history":[{"count":4,"href":"http:\/\/www.defensoria.gob.ve\/index.php?rest_route=\/wp\/v2\/posts\/12023\/revisions"}],"predecessor-version":[{"id":12029,"href":"http:\/\/www.defensoria.gob.ve\/index.php?rest_route=\/wp\/v2\/posts\/12023\/revisions\/12029"}],"wp:featuredmedia":[{"embeddable":true,"href":"http:\/\/www.defensoria.gob.ve\/index.php?rest_route=\/wp\/v2\/media\/12025"}],"wp:attachment":[{"href":"http:\/\/www.defensoria.gob.ve\/index.php?rest_route=%2Fwp%2Fv2%2Fmedia&parent=12023"}],"wp:term":[{"taxonomy":"category","embeddable":true,"href":"http:\/\/www.defensoria.gob.ve\/index.php?rest_route=%2Fwp%2Fv2%2Fcategories&post=12023"},{"taxonomy":"post_tag","embeddable":true,"href":"http:\/\/www.defensoria.gob.ve\/index.php?rest_route=%2Fwp%2Fv2%2Ftags&post=12023"}],"curies":[{"name":"wp","href":"https:\/\/api.w.org\/{rel}","templated":true}]}}