 
{"id":12078,"date":"2025-05-25T16:51:05","date_gmt":"2025-05-25T20:51:05","guid":{"rendered":"http:\/\/www.defensoria.gob.ve\/?p=12078"},"modified":"2025-05-25T16:51:49","modified_gmt":"2025-05-25T20:51:49","slug":"tu-voto-tu-derecho-una-fiesta-electoral-asi-catalogo-el-defensor-del-pueblo-estas-elecciones-mayo-2025","status":"publish","type":"post","link":"http:\/\/www.defensoria.gob.ve\/?p=12078","title":{"rendered":"\u201cTu voto, tu derecho: una fiesta electoral\u201d as\u00ed catalog\u00f3 el Defensor del Pueblo estas elecciones Mayo 2025"},"content":{"rendered":"\t\t<div data-elementor-type=\"wp-post\" data-elementor-id=\"12078\" class=\"elementor elementor-12078\">\n\t\t\t\t\t\t<section class=\"elementor-section elementor-top-section elementor-element elementor-element-120e6a90 elementor-section-boxed elementor-section-height-default elementor-section-height-default\" data-id=\"120e6a90\" data-element_type=\"section\" data-e-type=\"section\">\n\t\t\t\t\t\t<div class=\"elementor-container elementor-column-gap-default\">\n\t\t\t\t\t<div class=\"elementor-column elementor-col-100 elementor-top-column elementor-element elementor-element-351d6d5f\" data-id=\"351d6d5f\" data-element_type=\"column\" data-e-type=\"column\">\n\t\t\t<div class=\"elementor-widget-wrap elementor-element-populated\">\n\t\t\t\t\t\t<div class=\"elementor-element elementor-element-42380b45 elementor-widget elementor-widget-text-editor\" data-id=\"42380b45\" data-element_type=\"widget\" data-e-type=\"widget\" data-widget_type=\"text-editor.default\">\n\t\t\t\t<div class=\"elementor-widget-container\">\n\t\t\t\t\t\t\t\t\t\n<p>(25-May-25) Este domingo, 25 de mayo, reafirmando su compromiso con la democracia y el ejercicio pleno de los derechos ciudadanos, el Defensor del Pueblo, Alfredo Ruiz Angulo, cumpli\u00f3 con su deber c\u00edvico al sufragar en las elecciones regionales y legislativas 2025. Su participaci\u00f3n se llev\u00f3 a cabo en las instalaciones del desarrollo urban\u00edstico La Vega III, ubicado en la parroquia La Vega, en Caracas.<\/p>\n\n<p>En declaraciones a los medios de comunicaci\u00f3n, Ruiz enfatiz\u00f3 que m\u00e1s de 700 funcionarios y funcionarias de la Defensor\u00eda del Pueblo se encuentran desplegados en todo el territorio nacional participando en las 66 distintas salas situacionales, visitando m\u00e1s de 1.400 centros de votaci\u00f3n, a los fines de verificar y constatar que el proceso electoral se realice con total normalidad.<\/p>\n\n<figure class=\"wp-block-image size-full\"><img fetchpriority=\"high\" decoding=\"async\" width=\"2560\" height=\"1437\" class=\"wp-image-12066\" src=\"http:\/\/www.defensoria.gob.ve\/wp-content\/uploads\/2025\/05\/WhatsApp-Image-2025-05-25-at-4.06.54-PM.jpeg\" alt=\"\" srcset=\"http:\/\/www.defensoria.gob.ve\/wp-content\/uploads\/2025\/05\/WhatsApp-Image-2025-05-25-at-4.06.54-PM.jpeg 2560w, http:\/\/www.defensoria.gob.ve\/wp-content\/uploads\/2025\/05\/WhatsApp-Image-2025-05-25-at-4.06.54-PM-768x431.jpeg 768w, http:\/\/www.defensoria.gob.ve\/wp-content\/uploads\/2025\/05\/WhatsApp-Image-2025-05-25-at-4.06.54-PM-1536x862.jpeg 1536w, http:\/\/www.defensoria.gob.ve\/wp-content\/uploads\/2025\/05\/WhatsApp-Image-2025-05-25-at-4.06.54-PM-2048x1150.jpeg 2048w\" sizes=\"(max-width: 2560px) 100vw, 2560px\" \/><\/figure>\n\n<p>Asimismo, catalog\u00f3 estas elecciones Regionales y Legislativas como una fiesta electoral, fiesta comunitaria y fiesta familiar, donde votar es un derecho y un deber ciudadano, el derecho a participar activa y solitariamente en la vida pol\u00edtica, civil y comunitaria del pa\u00eds.<\/p>\n\n<p>Asegur\u00f3 que durante la jornada electoral las personas con alguna discapacidad, personas adultas mayores y mujeres embarazadas han recibido el trato diferenciado que requieren para ejercer su derecho al sufragio con mayor comodidad. Este proceso ha sido muy r\u00e1pido con la eficiente direcci\u00f3n del Consejo Nacional Electoral (CNE) y la protecci\u00f3n y amable atenci\u00f3n del operativo \u201cPlan Republica\u201d coordinado por la Fuerza Armada Nacional Bolivariana.<\/p>\n\n<figure class=\"wp-block-image size-full\"><img decoding=\"async\" width=\"1600\" height=\"898\" class=\"wp-image-12067\" src=\"http:\/\/www.defensoria.gob.ve\/wp-content\/uploads\/2025\/05\/WhatsApp-Image-2025-05-25-at-4.06.52-PM.jpeg\" alt=\"\" srcset=\"http:\/\/www.defensoria.gob.ve\/wp-content\/uploads\/2025\/05\/WhatsApp-Image-2025-05-25-at-4.06.52-PM.jpeg 1600w, http:\/\/www.defensoria.gob.ve\/wp-content\/uploads\/2025\/05\/WhatsApp-Image-2025-05-25-at-4.06.52-PM-768x431.jpeg 768w, http:\/\/www.defensoria.gob.ve\/wp-content\/uploads\/2025\/05\/WhatsApp-Image-2025-05-25-at-4.06.52-PM-1536x862.jpeg 1536w\" sizes=\"(max-width: 1600px) 100vw, 1600px\" \/><\/figure>\n\n<p>Por \u00faltimo, exhorto a la poblaci\u00f3n venezolana a ejercer su derecho al voto, indicando que es una herramienta poderosa que dispone la ciudadan\u00eda para moldear el futuro de sus estados y de la naci\u00f3n en su conjunto. La participaci\u00f3n activa en estos comicios es la expresi\u00f3n m\u00e1s pura de la participaci\u00f3n popular y protag\u00f3nica, es un pilar insustituible para la consolidaci\u00f3n y el fortalecimiento de nuestra democracia.<\/p>\n\n<figure class=\"wp-block-image size-full\"><img decoding=\"async\" width=\"1600\" height=\"898\" class=\"wp-image-12068\" src=\"http:\/\/www.defensoria.gob.ve\/wp-content\/uploads\/2025\/05\/WhatsApp-Image-2025-05-25-at-4.06.51-PM.jpeg\" alt=\"\" srcset=\"http:\/\/www.defensoria.gob.ve\/wp-content\/uploads\/2025\/05\/WhatsApp-Image-2025-05-25-at-4.06.51-PM.jpeg 1600w, http:\/\/www.defensoria.gob.ve\/wp-content\/uploads\/2025\/05\/WhatsApp-Image-2025-05-25-at-4.06.51-PM-768x431.jpeg 768w, http:\/\/www.defensoria.gob.ve\/wp-content\/uploads\/2025\/05\/WhatsApp-Image-2025-05-25-at-4.06.51-PM-1536x862.jpeg 1536w\" sizes=\"(max-width: 1600px) 100vw, 1600px\" \/><\/figure>\n\n<p>Esta jornada de despliegue defensorial se realiza como parte de las atribuciones y competencias que tiene a su cargo la Defensor\u00eda del Pueblo enmarcadas en la Constituci\u00f3n de la Rep\u00fablica Bolivariana de Venezuela, la cual establece como parte del mandato de la Defensor\u00eda velar por el correcto funcionamiento de los servicios p\u00fablicos, orientar a la ciudadan\u00eda, mediar para buscar soluciones cuando sea pertinente, as\u00ed como amparar los derechos humanos de los ciudadanos y las ciudadanas para que puedan ejercer sus derechos pol\u00edticos a trav\u00e9s del derecho al voto.<\/p>\n\n<figure class=\"wp-block-image size-full\"><img loading=\"lazy\" decoding=\"async\" width=\"1600\" height=\"898\" class=\"wp-image-12065\" src=\"http:\/\/www.defensoria.gob.ve\/wp-content\/uploads\/2025\/05\/WhatsApp-Image-2025-05-25-at-4.06.47-PM.jpeg\" alt=\"\" srcset=\"http:\/\/www.defensoria.gob.ve\/wp-content\/uploads\/2025\/05\/WhatsApp-Image-2025-05-25-at-4.06.47-PM.jpeg 1600w, http:\/\/www.defensoria.gob.ve\/wp-content\/uploads\/2025\/05\/WhatsApp-Image-2025-05-25-at-4.06.47-PM-768x431.jpeg 768w, http:\/\/www.defensoria.gob.ve\/wp-content\/uploads\/2025\/05\/WhatsApp-Image-2025-05-25-at-4.06.47-PM-1536x862.jpeg 1536w\" sizes=\"(max-width: 1600px) 100vw, 1600px\" \/><\/figure>\n\n<p>La Defensor\u00eda del Pueblo estar\u00e1 activa en el operativo defensorial \u201cElecciones a la Asamblea Nacional y Regionales 2025\u201d en las 24 sedes, 9 sub sedes y 28 municipales, en todo el territorio nacional; adem\u00e1s de contar con los distintos canales de denuncia u orientaci\u00f3n que tiene a su disposici\u00f3n a trav\u00e9s de la l\u00ednea telef\u00f3nica gratuita 08000 Pueblo (783256) y atenci\u00f3n personalizada y de manera oportuna por WhatsApp (0424)138-4164 \/ (0424) 138-4168, de igual forma pueden gestionar cualquier denuncia u orientaci\u00f3n por las redes oficiales de la instituci\u00f3n, identificadas en el sitio web www.defensoria.gob.ve o directamente en cada una de la redes sociales de los estados. FIN\/ PRENSA Defensor\u00eda<\/p>\n\t\t\t\t\t\t\t\t<\/div>\n\t\t\t\t<\/div>\n\t\t\t\t\t<\/div>\n\t\t<\/div>\n\t\t\t\t\t<\/div>\n\t\t<\/section>\n\t\t\t\t<\/div>\n\t\t","protected":false},"excerpt":{"rendered":"<p>(25-May-25) Este domingo, 25 de mayo, reafirmando su compromiso con la democracia y el ejercicio pleno de los derechos ciudadanos, el Defensor del Pueblo, Alfredo Ruiz Angulo, cumpli\u00f3 con su&hellip; <\/p>\n","protected":false},"author":14,"featured_media":12069,"comment_status":"closed","ping_status":"open","sticky":false,"template":"","format":"standard","meta":{"footnotes":""},"categories":[3],"tags":[],"class_list":["post-12078","post","type-post","status-publish","format-standard","has-post-thumbnail","hentry","category-centrales"],"yoast_head":"<!-- This site is optimized with the Yoast SEO plugin v27.4 - https:\/\/yoast.com\/product\/yoast-seo-wordpress\/ -->\n<title>\u201cTu voto, tu derecho: una fiesta electoral\u201d as\u00ed catalog\u00f3 el Defensor del Pueblo estas elecciones Mayo 2025 -<\/title>\n<meta name=\"robots\" content=\"index, follow, max-snippet:-1, max-image-preview:large, max-video-preview:-1\" \/>\n<link rel=\"canonical\" href=\"http:\/\/www.defensoria.gob.ve\/?p=12078\" \/>\n<meta property=\"og:locale\" content=\"es_ES\" \/>\n<meta property=\"og:type\" content=\"article\" \/>\n<meta property=\"og:title\" content=\"\u201cTu voto, tu derecho: una fiesta electoral\u201d as\u00ed catalog\u00f3 el Defensor del Pueblo estas elecciones Mayo 2025 -\" \/>\n<meta property=\"og:description\" content=\"(25-May-25) Este domingo, 25 de mayo, reafirmando su compromiso con la democracia y el ejercicio pleno de los derechos ciudadanos, el Defensor del Pueblo, Alfredo Ruiz Angulo, cumpli\u00f3 con su&hellip;\" \/>\n<meta property=\"og:url\" content=\"http:\/\/www.defensoria.gob.ve\/?p=12078\" \/>\n<meta property=\"article:published_time\" content=\"2025-05-25T20:51:05+00:00\" \/>\n<meta property=\"article:modified_time\" content=\"2025-05-25T20:51:49+00:00\" \/>\n<meta property=\"og:image\" content=\"http:\/\/www.defensoria.gob.ve\/wp-content\/uploads\/2025\/05\/WhatsApp-Image-2025-05-25-at-4.06.46-PM.jpeg\" \/>\n\t<meta property=\"og:image:width\" content=\"2560\" \/>\n\t<meta property=\"og:image:height\" content=\"1437\" \/>\n\t<meta property=\"og:image:type\" content=\"image\/jpeg\" \/>\n<meta name=\"author\" content=\"KF.\" \/>\n<meta name=\"twitter:card\" content=\"summary_large_image\" \/>\n<meta name=\"twitter:label1\" content=\"Escrito por\" \/>\n\t<meta name=\"twitter:data1\" content=\"KF.\" \/>\n\t<meta name=\"twitter:label2\" content=\"Tiempo estimado de lectura\" \/>\n\t<meta name=\"twitter:data2\" content=\"4 minutos\" \/>\n<script type=\"application\/ld+json\" class=\"yoast-schema-graph\">{\"@context\":\"https:\\\/\\\/schema.org\",\"@graph\":[{\"@type\":\"Article\",\"@id\":\"http:\\\/\\\/www.defensoria.gob.ve\\\/?p=12078#article\",\"isPartOf\":{\"@id\":\"http:\\\/\\\/www.defensoria.gob.ve\\\/?p=12078\"},\"author\":{\"name\":\"KF.\",\"@id\":\"http:\\\/\\\/www.defensoria.gob.ve\\\/#\\\/schema\\\/person\\\/0fcc680c550d91982c4c009f5b19b8ec\"},\"headline\":\"\u201cTu voto, tu derecho: una fiesta electoral\u201d as\u00ed catalog\u00f3 el Defensor del Pueblo estas elecciones Mayo 2025\",\"datePublished\":\"2025-05-25T20:51:05+00:00\",\"dateModified\":\"2025-05-25T20:51:49+00:00\",\"mainEntityOfPage\":{\"@id\":\"http:\\\/\\\/www.defensoria.gob.ve\\\/?p=12078\"},\"wordCount\":541,\"image\":{\"@id\":\"http:\\\/\\\/www.defensoria.gob.ve\\\/?p=12078#primaryimage\"},\"thumbnailUrl\":\"http:\\\/\\\/www.defensoria.gob.ve\\\/wp-content\\\/uploads\\\/2025\\\/05\\\/WhatsApp-Image-2025-05-25-at-4.06.46-PM.jpeg\",\"articleSection\":[\"CENTRALES\"],\"inLanguage\":\"es\"},{\"@type\":\"WebPage\",\"@id\":\"http:\\\/\\\/www.defensoria.gob.ve\\\/?p=12078\",\"url\":\"http:\\\/\\\/www.defensoria.gob.ve\\\/?p=12078\",\"name\":\"\u201cTu voto, tu derecho: una fiesta electoral\u201d as\u00ed catalog\u00f3 el Defensor del Pueblo estas elecciones Mayo 2025 -\",\"isPartOf\":{\"@id\":\"http:\\\/\\\/www.defensoria.gob.ve\\\/#website\"},\"primaryImageOfPage\":{\"@id\":\"http:\\\/\\\/www.defensoria.gob.ve\\\/?p=12078#primaryimage\"},\"image\":{\"@id\":\"http:\\\/\\\/www.defensoria.gob.ve\\\/?p=12078#primaryimage\"},\"thumbnailUrl\":\"http:\\\/\\\/www.defensoria.gob.ve\\\/wp-content\\\/uploads\\\/2025\\\/05\\\/WhatsApp-Image-2025-05-25-at-4.06.46-PM.jpeg\",\"datePublished\":\"2025-05-25T20:51:05+00:00\",\"dateModified\":\"2025-05-25T20:51:49+00:00\",\"author\":{\"@id\":\"http:\\\/\\\/www.defensoria.gob.ve\\\/#\\\/schema\\\/person\\\/0fcc680c550d91982c4c009f5b19b8ec\"},\"breadcrumb\":{\"@id\":\"http:\\\/\\\/www.defensoria.gob.ve\\\/?p=12078#breadcrumb\"},\"inLanguage\":\"es\",\"potentialAction\":[{\"@type\":\"ReadAction\",\"target\":[\"http:\\\/\\\/www.defensoria.gob.ve\\\/?p=12078\"]}]},{\"@type\":\"ImageObject\",\"inLanguage\":\"es\",\"@id\":\"http:\\\/\\\/www.defensoria.gob.ve\\\/?p=12078#primaryimage\",\"url\":\"http:\\\/\\\/www.defensoria.gob.ve\\\/wp-content\\\/uploads\\\/2025\\\/05\\\/WhatsApp-Image-2025-05-25-at-4.06.46-PM.jpeg\",\"contentUrl\":\"http:\\\/\\\/www.defensoria.gob.ve\\\/wp-content\\\/uploads\\\/2025\\\/05\\\/WhatsApp-Image-2025-05-25-at-4.06.46-PM.jpeg\",\"width\":2560,\"height\":1437},{\"@type\":\"BreadcrumbList\",\"@id\":\"http:\\\/\\\/www.defensoria.gob.ve\\\/?p=12078#breadcrumb\",\"itemListElement\":[{\"@type\":\"ListItem\",\"position\":1,\"name\":\"Portada\",\"item\":\"http:\\\/\\\/www.defensoria.gob.ve\\\/\"},{\"@type\":\"ListItem\",\"position\":2,\"name\":\"\u201cTu voto, tu derecho: una fiesta electoral\u201d as\u00ed catalog\u00f3 el Defensor del Pueblo estas elecciones Mayo 2025\"}]},{\"@type\":\"WebSite\",\"@id\":\"http:\\\/\\\/www.defensoria.gob.ve\\\/#website\",\"url\":\"http:\\\/\\\/www.defensoria.gob.ve\\\/\",\"name\":\"\",\"description\":\"Instituci\u00f3n del Poder Ciudadano para la Promoci\u00f3n, Defensa y Vigilancia de los Derechos Humanos. \",\"potentialAction\":[{\"@type\":\"SearchAction\",\"target\":{\"@type\":\"EntryPoint\",\"urlTemplate\":\"http:\\\/\\\/www.defensoria.gob.ve\\\/?s={search_term_string}\"},\"query-input\":{\"@type\":\"PropertyValueSpecification\",\"valueRequired\":true,\"valueName\":\"search_term_string\"}}],\"inLanguage\":\"es\"},{\"@type\":\"Person\",\"@id\":\"http:\\\/\\\/www.defensoria.gob.ve\\\/#\\\/schema\\\/person\\\/0fcc680c550d91982c4c009f5b19b8ec\",\"name\":\"KF.\",\"image\":{\"@type\":\"ImageObject\",\"inLanguage\":\"es\",\"@id\":\"https:\\\/\\\/secure.gravatar.com\\\/avatar\\\/d7d0d6b70133abf46e0bf5e7f5f63f5ae46353601f9ad9a981c38691d4b186b0?s=96&d=mm&r=g\",\"url\":\"https:\\\/\\\/secure.gravatar.com\\\/avatar\\\/d7d0d6b70133abf46e0bf5e7f5f63f5ae46353601f9ad9a981c38691d4b186b0?s=96&d=mm&r=g\",\"contentUrl\":\"https:\\\/\\\/secure.gravatar.com\\\/avatar\\\/d7d0d6b70133abf46e0bf5e7f5f63f5ae46353601f9ad9a981c38691d4b186b0?s=96&d=mm&r=g\",\"caption\":\"KF.\"},\"url\":\"http:\\\/\\\/www.defensoria.gob.ve\\\/?author=14\"}]}<\/script>\n<!-- \/ Yoast SEO plugin. -->","yoast_head_json":{"title":"\u201cTu voto, tu derecho: una fiesta electoral\u201d as\u00ed catalog\u00f3 el Defensor del Pueblo estas elecciones Mayo 2025 -","robots":{"index":"index","follow":"follow","max-snippet":"max-snippet:-1","max-image-preview":"max-image-preview:large","max-video-preview":"max-video-preview:-1"},"canonical":"http:\/\/www.defensoria.gob.ve\/?p=12078","og_locale":"es_ES","og_type":"article","og_title":"\u201cTu voto, tu derecho: una fiesta electoral\u201d as\u00ed catalog\u00f3 el Defensor del Pueblo estas elecciones Mayo 2025 -","og_description":"(25-May-25) Este domingo, 25 de mayo, reafirmando su compromiso con la democracia y el ejercicio pleno de los derechos ciudadanos, el Defensor del Pueblo, Alfredo Ruiz Angulo, cumpli\u00f3 con su&hellip;","og_url":"http:\/\/www.defensoria.gob.ve\/?p=12078","article_published_time":"2025-05-25T20:51:05+00:00","article_modified_time":"2025-05-25T20:51:49+00:00","og_image":[{"width":2560,"height":1437,"url":"http:\/\/www.defensoria.gob.ve\/wp-content\/uploads\/2025\/05\/WhatsApp-Image-2025-05-25-at-4.06.46-PM.jpeg","type":"image\/jpeg"}],"author":"KF.","twitter_card":"summary_large_image","twitter_misc":{"Escrito por":"KF.","Tiempo estimado de lectura":"4 minutos"},"schema":{"@context":"https:\/\/schema.org","@graph":[{"@type":"Article","@id":"http:\/\/www.defensoria.gob.ve\/?p=12078#article","isPartOf":{"@id":"http:\/\/www.defensoria.gob.ve\/?p=12078"},"author":{"name":"KF.","@id":"http:\/\/www.defensoria.gob.ve\/#\/schema\/person\/0fcc680c550d91982c4c009f5b19b8ec"},"headline":"\u201cTu voto, tu derecho: una fiesta electoral\u201d as\u00ed catalog\u00f3 el Defensor del Pueblo estas elecciones Mayo 2025","datePublished":"2025-05-25T20:51:05+00:00","dateModified":"2025-05-25T20:51:49+00:00","mainEntityOfPage":{"@id":"http:\/\/www.defensoria.gob.ve\/?p=12078"},"wordCount":541,"image":{"@id":"http:\/\/www.defensoria.gob.ve\/?p=12078#primaryimage"},"thumbnailUrl":"http:\/\/www.defensoria.gob.ve\/wp-content\/uploads\/2025\/05\/WhatsApp-Image-2025-05-25-at-4.06.46-PM.jpeg","articleSection":["CENTRALES"],"inLanguage":"es"},{"@type":"WebPage","@id":"http:\/\/www.defensoria.gob.ve\/?p=12078","url":"http:\/\/www.defensoria.gob.ve\/?p=12078","name":"\u201cTu voto, tu derecho: una fiesta electoral\u201d as\u00ed catalog\u00f3 el Defensor del Pueblo estas elecciones Mayo 2025 -","isPartOf":{"@id":"http:\/\/www.defensoria.gob.ve\/#website"},"primaryImageOfPage":{"@id":"http:\/\/www.defensoria.gob.ve\/?p=12078#primaryimage"},"image":{"@id":"http:\/\/www.defensoria.gob.ve\/?p=12078#primaryimage"},"thumbnailUrl":"http:\/\/www.defensoria.gob.ve\/wp-content\/uploads\/2025\/05\/WhatsApp-Image-2025-05-25-at-4.06.46-PM.jpeg","datePublished":"2025-05-25T20:51:05+00:00","dateModified":"2025-05-25T20:51:49+00:00","author":{"@id":"http:\/\/www.defensoria.gob.ve\/#\/schema\/person\/0fcc680c550d91982c4c009f5b19b8ec"},"breadcrumb":{"@id":"http:\/\/www.defensoria.gob.ve\/?p=12078#breadcrumb"},"inLanguage":"es","potentialAction":[{"@type":"ReadAction","target":["http:\/\/www.defensoria.gob.ve\/?p=12078"]}]},{"@type":"ImageObject","inLanguage":"es","@id":"http:\/\/www.defensoria.gob.ve\/?p=12078#primaryimage","url":"http:\/\/www.defensoria.gob.ve\/wp-content\/uploads\/2025\/05\/WhatsApp-Image-2025-05-25-at-4.06.46-PM.jpeg","contentUrl":"http:\/\/www.defensoria.gob.ve\/wp-content\/uploads\/2025\/05\/WhatsApp-Image-2025-05-25-at-4.06.46-PM.jpeg","width":2560,"height":1437},{"@type":"BreadcrumbList","@id":"http:\/\/www.defensoria.gob.ve\/?p=12078#breadcrumb","itemListElement":[{"@type":"ListItem","position":1,"name":"Portada","item":"http:\/\/www.defensoria.gob.ve\/"},{"@type":"ListItem","position":2,"name":"\u201cTu voto, tu derecho: una fiesta electoral\u201d as\u00ed catalog\u00f3 el Defensor del Pueblo estas elecciones Mayo 2025"}]},{"@type":"WebSite","@id":"http:\/\/www.defensoria.gob.ve\/#website","url":"http:\/\/www.defensoria.gob.ve\/","name":"","description":"Instituci\u00f3n del Poder Ciudadano para la Promoci\u00f3n, Defensa y Vigilancia de los Derechos Humanos. ","potentialAction":[{"@type":"SearchAction","target":{"@type":"EntryPoint","urlTemplate":"http:\/\/www.defensoria.gob.ve\/?s={search_term_string}"},"query-input":{"@type":"PropertyValueSpecification","valueRequired":true,"valueName":"search_term_string"}}],"inLanguage":"es"},{"@type":"Person","@id":"http:\/\/www.defensoria.gob.ve\/#\/schema\/person\/0fcc680c550d91982c4c009f5b19b8ec","name":"KF.","image":{"@type":"ImageObject","inLanguage":"es","@id":"https:\/\/secure.gravatar.com\/avatar\/d7d0d6b70133abf46e0bf5e7f5f63f5ae46353601f9ad9a981c38691d4b186b0?s=96&d=mm&r=g","url":"https:\/\/secure.gravatar.com\/avatar\/d7d0d6b70133abf46e0bf5e7f5f63f5ae46353601f9ad9a981c38691d4b186b0?s=96&d=mm&r=g","contentUrl":"https:\/\/secure.gravatar.com\/avatar\/d7d0d6b70133abf46e0bf5e7f5f63f5ae46353601f9ad9a981c38691d4b186b0?s=96&d=mm&r=g","caption":"KF."},"url":"http:\/\/www.defensoria.gob.ve\/?author=14"}]}},"_links":{"self":[{"href":"http:\/\/www.defensoria.gob.ve\/index.php?rest_route=\/wp\/v2\/posts\/12078","targetHints":{"allow":["GET"]}}],"collection":[{"href":"http:\/\/www.defensoria.gob.ve\/index.php?rest_route=\/wp\/v2\/posts"}],"about":[{"href":"http:\/\/www.defensoria.gob.ve\/index.php?rest_route=\/wp\/v2\/types\/post"}],"author":[{"embeddable":true,"href":"http:\/\/www.defensoria.gob.ve\/index.php?rest_route=\/wp\/v2\/users\/14"}],"replies":[{"embeddable":true,"href":"http:\/\/www.defensoria.gob.ve\/index.php?rest_route=%2Fwp%2Fv2%2Fcomments&post=12078"}],"version-history":[{"count":4,"href":"http:\/\/www.defensoria.gob.ve\/index.php?rest_route=\/wp\/v2\/posts\/12078\/revisions"}],"predecessor-version":[{"id":12082,"href":"http:\/\/www.defensoria.gob.ve\/index.php?rest_route=\/wp\/v2\/posts\/12078\/revisions\/12082"}],"wp:featuredmedia":[{"embeddable":true,"href":"http:\/\/www.defensoria.gob.ve\/index.php?rest_route=\/wp\/v2\/media\/12069"}],"wp:attachment":[{"href":"http:\/\/www.defensoria.gob.ve\/index.php?rest_route=%2Fwp%2Fv2%2Fmedia&parent=12078"}],"wp:term":[{"taxonomy":"category","embeddable":true,"href":"http:\/\/www.defensoria.gob.ve\/index.php?rest_route=%2Fwp%2Fv2%2Fcategories&post=12078"},{"taxonomy":"post_tag","embeddable":true,"href":"http:\/\/www.defensoria.gob.ve\/index.php?rest_route=%2Fwp%2Fv2%2Ftags&post=12078"}],"curies":[{"name":"wp","href":"https:\/\/api.w.org\/{rel}","templated":true}]}}