 
{"id":12087,"date":"2025-05-26T12:50:23","date_gmt":"2025-05-26T16:50:23","guid":{"rendered":"http:\/\/www.defensoria.gob.ve\/?p=12087"},"modified":"2025-05-26T12:51:00","modified_gmt":"2025-05-26T16:51:00","slug":"personal-de-la-delegada-de-aragua-y-ven911-dictaron-taller-sobre-derechos-de-los-animales-sintientes","status":"publish","type":"post","link":"http:\/\/www.defensoria.gob.ve\/?p=12087","title":{"rendered":"Personal de la Delegada de Aragua y VEN911 dictaron taller sobre \u201cDerechos de los Animales Sintientes\u201d"},"content":{"rendered":"\t\t<div data-elementor-type=\"wp-post\" data-elementor-id=\"12087\" class=\"elementor elementor-12087\">\n\t\t\t\t\t\t<section class=\"elementor-section elementor-top-section elementor-element elementor-element-3ae0cfa3 elementor-section-boxed elementor-section-height-default elementor-section-height-default\" data-id=\"3ae0cfa3\" data-element_type=\"section\" data-e-type=\"section\">\n\t\t\t\t\t\t<div class=\"elementor-container elementor-column-gap-default\">\n\t\t\t\t\t<div class=\"elementor-column elementor-col-100 elementor-top-column elementor-element elementor-element-129a90ed\" data-id=\"129a90ed\" data-element_type=\"column\" data-e-type=\"column\">\n\t\t\t<div class=\"elementor-widget-wrap elementor-element-populated\">\n\t\t\t\t\t\t<div class=\"elementor-element elementor-element-50a2a782 elementor-widget elementor-widget-text-editor\" data-id=\"50a2a782\" data-element_type=\"widget\" data-e-type=\"widget\" data-widget_type=\"text-editor.default\">\n\t\t\t\t<div class=\"elementor-widget-container\">\n\t\t\t\t\t\t\t\t\t\n<p><strong>(Aragua\/26-May-25)<\/strong> Funcionarios y funcionarias de la Defensor\u00eda Delegada del estado Aragua, en labor de promoci\u00f3n, realiz\u00f3 junto al personal de VEN911 un taller sobre el \u201cDerechos de los Animales Sintientes\u201d, dirigido a los servidores y las servidoras del Sistema de Respuesta R\u00e1pida VEN911, adscrito al Ministerio del Poder Popular para Relaciones Interiores, Justicia y Paz.<\/p>\n\n\n<div class=\"wp-block-image\">\n<figure class=\"aligncenter size-full\"><img fetchpriority=\"high\" decoding=\"async\" width=\"620\" height=\"458\" src=\"http:\/\/www.defensoria.gob.ve\/wp-content\/uploads\/2025\/05\/Foto-1-Aragua.png\" alt=\"\" class=\"wp-image-12088\"\/><\/figure><\/div>\n\n\n<p>Las facilitadoras del evento formativo fueron G\u00e9nesis Aponte, Coordinadora de la VEN911 en la entidad y Madeleine Sojo, Defensora II de la Instituci\u00f3n Nacional de los Derechos Humanos, quienes, con sus disertaciones, buscan contribuir a la formaci\u00f3n del personal en la comprensi\u00f3n y defensa de los derechos de los animales y la construcci\u00f3n de una sociedad m\u00e1s consciente y emp\u00e1tica.<\/p>\n\n\n\n<p>El evento se llev\u00f3 a cabo en el auditorio de la VEN911 en Maracay, capital de Aragua.<\/p>\n\n\n\n<p>Con este acto, el ente defensorial se mantiene cumpliendo sus competencias y atribuciones reflejadas en la Constituci\u00f3n de la Rep\u00fablica Bolivariana de Venezuela. <strong>FIN \/ PRENSA Defensor\u00eda<\/strong><\/p>\n\t\t\t\t\t\t\t\t<\/div>\n\t\t\t\t<\/div>\n\t\t\t\t\t<\/div>\n\t\t<\/div>\n\t\t\t\t\t<\/div>\n\t\t<\/section>\n\t\t\t\t<\/div>\n\t\t","protected":false},"excerpt":{"rendered":"<p>(Aragua\/26-May-25) Funcionarios y funcionarias de la Defensor\u00eda Delegada del estado Aragua, en labor de promoci\u00f3n, realiz\u00f3 junto al personal de VEN911 un taller sobre el \u201cDerechos de los Animales Sintientes\u201d,&hellip; <\/p>\n","protected":false},"author":5,"featured_media":12089,"comment_status":"closed","ping_status":"open","sticky":false,"template":"","format":"standard","meta":{"footnotes":""},"categories":[5],"tags":[],"class_list":["post-12087","post","type-post","status-publish","format-standard","has-post-thumbnail","hentry","category-regionales"],"yoast_head":"<!-- This site is optimized with the Yoast SEO plugin v27.4 - https:\/\/yoast.com\/product\/yoast-seo-wordpress\/ -->\n<title>Personal de la Delegada de Aragua y VEN911 dictaron taller sobre \u201cDerechos de los Animales Sintientes\u201d -<\/title>\n<meta name=\"robots\" content=\"index, follow, max-snippet:-1, max-image-preview:large, max-video-preview:-1\" \/>\n<link rel=\"canonical\" href=\"http:\/\/www.defensoria.gob.ve\/?p=12087\" \/>\n<meta property=\"og:locale\" content=\"es_ES\" \/>\n<meta property=\"og:type\" content=\"article\" \/>\n<meta property=\"og:title\" content=\"Personal de la Delegada de Aragua y VEN911 dictaron taller sobre \u201cDerechos de los Animales Sintientes\u201d -\" \/>\n<meta property=\"og:description\" content=\"(Aragua\/26-May-25) Funcionarios y funcionarias de la Defensor\u00eda Delegada del estado Aragua, en labor de promoci\u00f3n, realiz\u00f3 junto al personal de VEN911 un taller sobre el \u201cDerechos de los Animales Sintientes\u201d,&hellip;\" \/>\n<meta property=\"og:url\" content=\"http:\/\/www.defensoria.gob.ve\/?p=12087\" \/>\n<meta property=\"article:published_time\" content=\"2025-05-26T16:50:23+00:00\" \/>\n<meta property=\"article:modified_time\" content=\"2025-05-26T16:51:00+00:00\" \/>\n<meta property=\"og:image\" content=\"http:\/\/www.defensoria.gob.ve\/wp-content\/uploads\/2025\/05\/Foto-2-Aragua.png\" \/>\n\t<meta property=\"og:image:width\" content=\"831\" \/>\n\t<meta property=\"og:image:height\" content=\"487\" \/>\n\t<meta property=\"og:image:type\" content=\"image\/png\" \/>\n<meta name=\"author\" content=\"JC.\" \/>\n<meta name=\"twitter:card\" content=\"summary_large_image\" \/>\n<meta name=\"twitter:label1\" content=\"Escrito por\" \/>\n\t<meta name=\"twitter:data1\" content=\"JC.\" \/>\n\t<meta name=\"twitter:label2\" content=\"Tiempo estimado de lectura\" \/>\n\t<meta name=\"twitter:data2\" content=\"1 minuto\" \/>\n<script type=\"application\/ld+json\" class=\"yoast-schema-graph\">{\"@context\":\"https:\\\/\\\/schema.org\",\"@graph\":[{\"@type\":\"Article\",\"@id\":\"http:\\\/\\\/www.defensoria.gob.ve\\\/?p=12087#article\",\"isPartOf\":{\"@id\":\"http:\\\/\\\/www.defensoria.gob.ve\\\/?p=12087\"},\"author\":{\"name\":\"JC.\",\"@id\":\"http:\\\/\\\/www.defensoria.gob.ve\\\/#\\\/schema\\\/person\\\/fba14293189d7b1933ac7fba9d89e24a\"},\"headline\":\"Personal de la Delegada de Aragua y VEN911 dictaron taller sobre \u201cDerechos de los Animales Sintientes\u201d\",\"datePublished\":\"2025-05-26T16:50:23+00:00\",\"dateModified\":\"2025-05-26T16:51:00+00:00\",\"mainEntityOfPage\":{\"@id\":\"http:\\\/\\\/www.defensoria.gob.ve\\\/?p=12087\"},\"wordCount\":188,\"image\":{\"@id\":\"http:\\\/\\\/www.defensoria.gob.ve\\\/?p=12087#primaryimage\"},\"thumbnailUrl\":\"http:\\\/\\\/www.defensoria.gob.ve\\\/wp-content\\\/uploads\\\/2025\\\/05\\\/Foto-2-Aragua.png\",\"articleSection\":[\"REGIONALES\"],\"inLanguage\":\"es\"},{\"@type\":\"WebPage\",\"@id\":\"http:\\\/\\\/www.defensoria.gob.ve\\\/?p=12087\",\"url\":\"http:\\\/\\\/www.defensoria.gob.ve\\\/?p=12087\",\"name\":\"Personal de la Delegada de Aragua y VEN911 dictaron taller sobre \u201cDerechos de los Animales Sintientes\u201d -\",\"isPartOf\":{\"@id\":\"http:\\\/\\\/www.defensoria.gob.ve\\\/#website\"},\"primaryImageOfPage\":{\"@id\":\"http:\\\/\\\/www.defensoria.gob.ve\\\/?p=12087#primaryimage\"},\"image\":{\"@id\":\"http:\\\/\\\/www.defensoria.gob.ve\\\/?p=12087#primaryimage\"},\"thumbnailUrl\":\"http:\\\/\\\/www.defensoria.gob.ve\\\/wp-content\\\/uploads\\\/2025\\\/05\\\/Foto-2-Aragua.png\",\"datePublished\":\"2025-05-26T16:50:23+00:00\",\"dateModified\":\"2025-05-26T16:51:00+00:00\",\"author\":{\"@id\":\"http:\\\/\\\/www.defensoria.gob.ve\\\/#\\\/schema\\\/person\\\/fba14293189d7b1933ac7fba9d89e24a\"},\"breadcrumb\":{\"@id\":\"http:\\\/\\\/www.defensoria.gob.ve\\\/?p=12087#breadcrumb\"},\"inLanguage\":\"es\",\"potentialAction\":[{\"@type\":\"ReadAction\",\"target\":[\"http:\\\/\\\/www.defensoria.gob.ve\\\/?p=12087\"]}]},{\"@type\":\"ImageObject\",\"inLanguage\":\"es\",\"@id\":\"http:\\\/\\\/www.defensoria.gob.ve\\\/?p=12087#primaryimage\",\"url\":\"http:\\\/\\\/www.defensoria.gob.ve\\\/wp-content\\\/uploads\\\/2025\\\/05\\\/Foto-2-Aragua.png\",\"contentUrl\":\"http:\\\/\\\/www.defensoria.gob.ve\\\/wp-content\\\/uploads\\\/2025\\\/05\\\/Foto-2-Aragua.png\",\"width\":831,\"height\":487},{\"@type\":\"BreadcrumbList\",\"@id\":\"http:\\\/\\\/www.defensoria.gob.ve\\\/?p=12087#breadcrumb\",\"itemListElement\":[{\"@type\":\"ListItem\",\"position\":1,\"name\":\"Portada\",\"item\":\"http:\\\/\\\/www.defensoria.gob.ve\\\/\"},{\"@type\":\"ListItem\",\"position\":2,\"name\":\"Personal de la Delegada de Aragua y VEN911 dictaron taller sobre \u201cDerechos de los Animales Sintientes\u201d\"}]},{\"@type\":\"WebSite\",\"@id\":\"http:\\\/\\\/www.defensoria.gob.ve\\\/#website\",\"url\":\"http:\\\/\\\/www.defensoria.gob.ve\\\/\",\"name\":\"\",\"description\":\"Instituci\u00f3n del Poder Ciudadano para la Promoci\u00f3n, Defensa y Vigilancia de los Derechos Humanos. \",\"potentialAction\":[{\"@type\":\"SearchAction\",\"target\":{\"@type\":\"EntryPoint\",\"urlTemplate\":\"http:\\\/\\\/www.defensoria.gob.ve\\\/?s={search_term_string}\"},\"query-input\":{\"@type\":\"PropertyValueSpecification\",\"valueRequired\":true,\"valueName\":\"search_term_string\"}}],\"inLanguage\":\"es\"},{\"@type\":\"Person\",\"@id\":\"http:\\\/\\\/www.defensoria.gob.ve\\\/#\\\/schema\\\/person\\\/fba14293189d7b1933ac7fba9d89e24a\",\"name\":\"JC.\",\"image\":{\"@type\":\"ImageObject\",\"inLanguage\":\"es\",\"@id\":\"https:\\\/\\\/secure.gravatar.com\\\/avatar\\\/f398a4de948606b38f0299d90ca738c674b648694bc725ed46503c240269dbf8?s=96&d=mm&r=g\",\"url\":\"https:\\\/\\\/secure.gravatar.com\\\/avatar\\\/f398a4de948606b38f0299d90ca738c674b648694bc725ed46503c240269dbf8?s=96&d=mm&r=g\",\"contentUrl\":\"https:\\\/\\\/secure.gravatar.com\\\/avatar\\\/f398a4de948606b38f0299d90ca738c674b648694bc725ed46503c240269dbf8?s=96&d=mm&r=g\",\"caption\":\"JC.\"},\"url\":\"http:\\\/\\\/www.defensoria.gob.ve\\\/?author=5\"}]}<\/script>\n<!-- \/ Yoast SEO plugin. -->","yoast_head_json":{"title":"Personal de la Delegada de Aragua y VEN911 dictaron taller sobre \u201cDerechos de los Animales Sintientes\u201d -","robots":{"index":"index","follow":"follow","max-snippet":"max-snippet:-1","max-image-preview":"max-image-preview:large","max-video-preview":"max-video-preview:-1"},"canonical":"http:\/\/www.defensoria.gob.ve\/?p=12087","og_locale":"es_ES","og_type":"article","og_title":"Personal de la Delegada de Aragua y VEN911 dictaron taller sobre \u201cDerechos de los Animales Sintientes\u201d -","og_description":"(Aragua\/26-May-25) Funcionarios y funcionarias de la Defensor\u00eda Delegada del estado Aragua, en labor de promoci\u00f3n, realiz\u00f3 junto al personal de VEN911 un taller sobre el \u201cDerechos de los Animales Sintientes\u201d,&hellip;","og_url":"http:\/\/www.defensoria.gob.ve\/?p=12087","article_published_time":"2025-05-26T16:50:23+00:00","article_modified_time":"2025-05-26T16:51:00+00:00","og_image":[{"width":831,"height":487,"url":"http:\/\/www.defensoria.gob.ve\/wp-content\/uploads\/2025\/05\/Foto-2-Aragua.png","type":"image\/png"}],"author":"JC.","twitter_card":"summary_large_image","twitter_misc":{"Escrito por":"JC.","Tiempo estimado de lectura":"1 minuto"},"schema":{"@context":"https:\/\/schema.org","@graph":[{"@type":"Article","@id":"http:\/\/www.defensoria.gob.ve\/?p=12087#article","isPartOf":{"@id":"http:\/\/www.defensoria.gob.ve\/?p=12087"},"author":{"name":"JC.","@id":"http:\/\/www.defensoria.gob.ve\/#\/schema\/person\/fba14293189d7b1933ac7fba9d89e24a"},"headline":"Personal de la Delegada de Aragua y VEN911 dictaron taller sobre \u201cDerechos de los Animales Sintientes\u201d","datePublished":"2025-05-26T16:50:23+00:00","dateModified":"2025-05-26T16:51:00+00:00","mainEntityOfPage":{"@id":"http:\/\/www.defensoria.gob.ve\/?p=12087"},"wordCount":188,"image":{"@id":"http:\/\/www.defensoria.gob.ve\/?p=12087#primaryimage"},"thumbnailUrl":"http:\/\/www.defensoria.gob.ve\/wp-content\/uploads\/2025\/05\/Foto-2-Aragua.png","articleSection":["REGIONALES"],"inLanguage":"es"},{"@type":"WebPage","@id":"http:\/\/www.defensoria.gob.ve\/?p=12087","url":"http:\/\/www.defensoria.gob.ve\/?p=12087","name":"Personal de la Delegada de Aragua y VEN911 dictaron taller sobre \u201cDerechos de los Animales Sintientes\u201d -","isPartOf":{"@id":"http:\/\/www.defensoria.gob.ve\/#website"},"primaryImageOfPage":{"@id":"http:\/\/www.defensoria.gob.ve\/?p=12087#primaryimage"},"image":{"@id":"http:\/\/www.defensoria.gob.ve\/?p=12087#primaryimage"},"thumbnailUrl":"http:\/\/www.defensoria.gob.ve\/wp-content\/uploads\/2025\/05\/Foto-2-Aragua.png","datePublished":"2025-05-26T16:50:23+00:00","dateModified":"2025-05-26T16:51:00+00:00","author":{"@id":"http:\/\/www.defensoria.gob.ve\/#\/schema\/person\/fba14293189d7b1933ac7fba9d89e24a"},"breadcrumb":{"@id":"http:\/\/www.defensoria.gob.ve\/?p=12087#breadcrumb"},"inLanguage":"es","potentialAction":[{"@type":"ReadAction","target":["http:\/\/www.defensoria.gob.ve\/?p=12087"]}]},{"@type":"ImageObject","inLanguage":"es","@id":"http:\/\/www.defensoria.gob.ve\/?p=12087#primaryimage","url":"http:\/\/www.defensoria.gob.ve\/wp-content\/uploads\/2025\/05\/Foto-2-Aragua.png","contentUrl":"http:\/\/www.defensoria.gob.ve\/wp-content\/uploads\/2025\/05\/Foto-2-Aragua.png","width":831,"height":487},{"@type":"BreadcrumbList","@id":"http:\/\/www.defensoria.gob.ve\/?p=12087#breadcrumb","itemListElement":[{"@type":"ListItem","position":1,"name":"Portada","item":"http:\/\/www.defensoria.gob.ve\/"},{"@type":"ListItem","position":2,"name":"Personal de la Delegada de Aragua y VEN911 dictaron taller sobre \u201cDerechos de los Animales Sintientes\u201d"}]},{"@type":"WebSite","@id":"http:\/\/www.defensoria.gob.ve\/#website","url":"http:\/\/www.defensoria.gob.ve\/","name":"","description":"Instituci\u00f3n del Poder Ciudadano para la Promoci\u00f3n, Defensa y Vigilancia de los Derechos Humanos. ","potentialAction":[{"@type":"SearchAction","target":{"@type":"EntryPoint","urlTemplate":"http:\/\/www.defensoria.gob.ve\/?s={search_term_string}"},"query-input":{"@type":"PropertyValueSpecification","valueRequired":true,"valueName":"search_term_string"}}],"inLanguage":"es"},{"@type":"Person","@id":"http:\/\/www.defensoria.gob.ve\/#\/schema\/person\/fba14293189d7b1933ac7fba9d89e24a","name":"JC.","image":{"@type":"ImageObject","inLanguage":"es","@id":"https:\/\/secure.gravatar.com\/avatar\/f398a4de948606b38f0299d90ca738c674b648694bc725ed46503c240269dbf8?s=96&d=mm&r=g","url":"https:\/\/secure.gravatar.com\/avatar\/f398a4de948606b38f0299d90ca738c674b648694bc725ed46503c240269dbf8?s=96&d=mm&r=g","contentUrl":"https:\/\/secure.gravatar.com\/avatar\/f398a4de948606b38f0299d90ca738c674b648694bc725ed46503c240269dbf8?s=96&d=mm&r=g","caption":"JC."},"url":"http:\/\/www.defensoria.gob.ve\/?author=5"}]}},"_links":{"self":[{"href":"http:\/\/www.defensoria.gob.ve\/index.php?rest_route=\/wp\/v2\/posts\/12087","targetHints":{"allow":["GET"]}}],"collection":[{"href":"http:\/\/www.defensoria.gob.ve\/index.php?rest_route=\/wp\/v2\/posts"}],"about":[{"href":"http:\/\/www.defensoria.gob.ve\/index.php?rest_route=\/wp\/v2\/types\/post"}],"author":[{"embeddable":true,"href":"http:\/\/www.defensoria.gob.ve\/index.php?rest_route=\/wp\/v2\/users\/5"}],"replies":[{"embeddable":true,"href":"http:\/\/www.defensoria.gob.ve\/index.php?rest_route=%2Fwp%2Fv2%2Fcomments&post=12087"}],"version-history":[{"count":4,"href":"http:\/\/www.defensoria.gob.ve\/index.php?rest_route=\/wp\/v2\/posts\/12087\/revisions"}],"predecessor-version":[{"id":12093,"href":"http:\/\/www.defensoria.gob.ve\/index.php?rest_route=\/wp\/v2\/posts\/12087\/revisions\/12093"}],"wp:featuredmedia":[{"embeddable":true,"href":"http:\/\/www.defensoria.gob.ve\/index.php?rest_route=\/wp\/v2\/media\/12089"}],"wp:attachment":[{"href":"http:\/\/www.defensoria.gob.ve\/index.php?rest_route=%2Fwp%2Fv2%2Fmedia&parent=12087"}],"wp:term":[{"taxonomy":"category","embeddable":true,"href":"http:\/\/www.defensoria.gob.ve\/index.php?rest_route=%2Fwp%2Fv2%2Fcategories&post=12087"},{"taxonomy":"post_tag","embeddable":true,"href":"http:\/\/www.defensoria.gob.ve\/index.php?rest_route=%2Fwp%2Fv2%2Ftags&post=12087"}],"curies":[{"name":"wp","href":"https:\/\/api.w.org\/{rel}","templated":true}]}}