 
{"id":12727,"date":"2025-07-02T12:51:23","date_gmt":"2025-07-02T16:51:23","guid":{"rendered":"http:\/\/www.defensoria.gob.ve\/?p=12727"},"modified":"2025-07-02T12:51:46","modified_gmt":"2025-07-02T16:51:46","slug":"defensor-del-pueblo-certifico-la-formacion-de-600-funcionarias-y-funcionarios-de-mercal-en-derechos-humanos","status":"publish","type":"post","link":"http:\/\/www.defensoria.gob.ve\/?p=12727","title":{"rendered":"Defensor del Pueblo certific\u00f3 la formaci\u00f3n de 600 funcionarias y funcionarios de Mercal en derechos humanos"},"content":{"rendered":"\t\t<div data-elementor-type=\"wp-post\" data-elementor-id=\"12727\" class=\"elementor elementor-12727\">\n\t\t\t\t\t\t<section class=\"elementor-section elementor-top-section elementor-element elementor-element-77b5c69b elementor-section-boxed elementor-section-height-default elementor-section-height-default\" data-id=\"77b5c69b\" data-element_type=\"section\" data-e-type=\"section\">\n\t\t\t\t\t\t<div class=\"elementor-container elementor-column-gap-default\">\n\t\t\t\t\t<div class=\"elementor-column elementor-col-100 elementor-top-column elementor-element elementor-element-3c45fc47\" data-id=\"3c45fc47\" data-element_type=\"column\" data-e-type=\"column\">\n\t\t\t<div class=\"elementor-widget-wrap elementor-element-populated\">\n\t\t\t\t\t\t<div class=\"elementor-element elementor-element-26862e5b elementor-widget elementor-widget-text-editor\" data-id=\"26862e5b\" data-element_type=\"widget\" data-e-type=\"widget\" data-widget_type=\"text-editor.default\">\n\t\t\t\t<div class=\"elementor-widget-container\">\n\t\t\t\t\t\t\t\t\t\n<p><strong>(02-Jul-2025)<\/strong> Luego de la alianza entre la Escuela Nacional de Derechos Humanos (ENDDHH) de la Defensor\u00eda del Pueblo y la Escuela de Formaci\u00f3n para el Trabajo \u201cJos\u00e9 Luis Zambrano\u201d, ente adscrito a Mercados de Alimentos \u201cMercal\u201d, C.A. El Defensor del Pueblo, Alfredo Ruiz; el vicepresidente Ejecutivo de Mercal, Nelson S\u00e1nchez y la directora general del Despacho de Mercal, Andreina Pacheco certificaron, la ma\u00f1ana de este martes, a 600 funcionarios y funcionarias que participaron en distintos cursos y talleres ofertados por la ENDDHH.<\/p>\n\n<figure class=\"wp-block-image size-full\"><img fetchpriority=\"high\" decoding=\"async\" width=\"1280\" height=\"720\" class=\"wp-image-12728\" src=\"http:\/\/www.defensoria.gob.ve\/wp-content\/uploads\/2025\/07\/01-07-25-ENTREGA-CERTIFICADOS-MERCAL-6.jpg\" alt=\"\" srcset=\"http:\/\/www.defensoria.gob.ve\/wp-content\/uploads\/2025\/07\/01-07-25-ENTREGA-CERTIFICADOS-MERCAL-6.jpg 1280w, http:\/\/www.defensoria.gob.ve\/wp-content\/uploads\/2025\/07\/01-07-25-ENTREGA-CERTIFICADOS-MERCAL-6-768x432.jpg 768w\" sizes=\"(max-width: 1280px) 100vw, 1280px\" \/><\/figure>\n\n<p>Adem\u00e1s de la formaci\u00f3n con enfoque cr\u00edtico e integral de derechos humanos, \u00c9tica del Servidor P\u00fablico, Ley Constitucional Contra el Odio por una Convivencia Pac\u00edfica y Tolerante, Ortograf\u00eda y Redacci\u00f3n, Gesti\u00f3n de Estr\u00e9s Laboral, Resoluci\u00f3n de Conflictos, Comunicaci\u00f3n Asertiva y Efectiva, Derechos de la Mujer y Equidad de G\u00e9nero, Oratoria y Liderazgo, fueron los temas trabajados durante el proceso de ejecuci\u00f3n del programa acad\u00e9mico establecido por ambas instituciones.<\/p>\n\n<figure class=\"wp-block-image size-full\"><img decoding=\"async\" width=\"1280\" height=\"720\" class=\"wp-image-12729\" src=\"http:\/\/www.defensoria.gob.ve\/wp-content\/uploads\/2025\/07\/01-07-25-ENTREGA-CERTIFICADOS-MERCAL-11.jpg\" alt=\"\" srcset=\"http:\/\/www.defensoria.gob.ve\/wp-content\/uploads\/2025\/07\/01-07-25-ENTREGA-CERTIFICADOS-MERCAL-11.jpg 1280w, http:\/\/www.defensoria.gob.ve\/wp-content\/uploads\/2025\/07\/01-07-25-ENTREGA-CERTIFICADOS-MERCAL-11-768x432.jpg 768w\" sizes=\"(max-width: 1280px) 100vw, 1280px\" \/><\/figure>\n\n<p>Es importante destacar que, en el marco de esta jornada de formaci\u00f3n, 34 hijos e hijas de funcionarios y funcionarias de la Red Mercal tambi\u00e9n fueron formados en diversos temas como: La Sexualidad y la Adolescencia; cosas de chicos y chicas, con el fin de fomentar en ellos y ellas una educaci\u00f3n responsable sobre la sexualidad, los aciertos, riesgos y consecuencias de las relaciones sexuales, a los fines de prevenir embarazos no deseados o enfermedades de transmisi\u00f3n sexual, como cultura preventiva, promoviendo la responsabilidad, el respeto mutuo y la equidad de g\u00e9nero.<\/p>\n\n<p>El Defensor del Pueblo expres\u00f3 que este acto representa un reconocimiento al esfuerzo, compromiso y dedicaci\u00f3n de quienes han participado activamente en estas jornadas de aprendizaje y fortalecimiento de las capacidades productivas trabajadoras y trabajadores comprometidos con el pa\u00eds y con su formaci\u00f3n integral.<\/p>\n\n<figure class=\"wp-block-image size-full\"><img decoding=\"async\" width=\"1280\" height=\"720\" class=\"wp-image-12730\" src=\"http:\/\/www.defensoria.gob.ve\/wp-content\/uploads\/2025\/07\/01-07-25-ENTREGA-CERTIFICADOS-MERCAL-1.jpg\" alt=\"\" srcset=\"http:\/\/www.defensoria.gob.ve\/wp-content\/uploads\/2025\/07\/01-07-25-ENTREGA-CERTIFICADOS-MERCAL-1.jpg 1280w, http:\/\/www.defensoria.gob.ve\/wp-content\/uploads\/2025\/07\/01-07-25-ENTREGA-CERTIFICADOS-MERCAL-1-768x432.jpg 768w\" sizes=\"(max-width: 1280px) 100vw, 1280px\" \/><\/figure>\n\n<p>\u201cLo aprendido en estos meses de formaci\u00f3n es bien importante, no solo como experiencia de formaci\u00f3n permanente sino de aprendizaje para el progreso de la instituci\u00f3n y de la naci\u00f3n. Lo que ustedes pueden ofrecer no solo a los dem\u00e1s trabajadores y trabajadoras sino al pa\u00eds, ejemplo a nivel internacional a nivel mundial\u201d.<\/p>\n\n<p>Igualmente, Ruiz destac\u00f3 lo relevante de este proceso de formaci\u00f3n para los servidores y servidoras p\u00fablicas de Mercados de Alimentos \u201cMercal\u201d y que se extienda a todos los rincones, y por ello resalt\u00f3 entre otros proyectos como fundamental el programa \u201cMercal Renace\u00bb y el apoyo alimentario a comunidades afectadas por los eventos naturales como vaguadas y derrumbes.<\/p>\n\n<figure class=\"wp-block-image size-full\"><img loading=\"lazy\" decoding=\"async\" width=\"1280\" height=\"720\" class=\"wp-image-12731\" src=\"http:\/\/www.defensoria.gob.ve\/wp-content\/uploads\/2025\/07\/01-07-25-ENTREGA-CERTIFICADOS-MERCAL-3.jpg\" alt=\"\" srcset=\"http:\/\/www.defensoria.gob.ve\/wp-content\/uploads\/2025\/07\/01-07-25-ENTREGA-CERTIFICADOS-MERCAL-3.jpg 1280w, http:\/\/www.defensoria.gob.ve\/wp-content\/uploads\/2025\/07\/01-07-25-ENTREGA-CERTIFICADOS-MERCAL-3-768x432.jpg 768w\" sizes=\"(max-width: 1280px) 100vw, 1280px\" \/><\/figure>\n\n<p>Dicha actividad fue realizada en la sede central de Mercal, ubicada en la esquina de Socarr\u00e1s, puente de las Fuerzas Armadas en Caracas. La cual adem\u00e1s cont\u00f3 con la presencia del Consultor Jur\u00eddico de Mercados y Alimentos Mercal, Luis Acevedo; la Directora de la Escuela de Formaci\u00f3n de Mercados y Alimentos Mercal, Roc\u00edo Carrillo, y la gerente general de Articulaci\u00f3n con el Sistema de Gobierno Popular y Comunal de Mercal, Massari Martinez.\u00a0 <strong>FIN \/ PRENSA Defensor\u00eda<\/strong><\/p>\n\t\t\t\t\t\t\t\t<\/div>\n\t\t\t\t<\/div>\n\t\t\t\t\t<\/div>\n\t\t<\/div>\n\t\t\t\t\t<\/div>\n\t\t<\/section>\n\t\t\t\t<\/div>\n\t\t","protected":false},"excerpt":{"rendered":"<p>(02-Jul-2025) Luego de la alianza entre la Escuela Nacional de Derechos Humanos (ENDDHH) de la Defensor\u00eda del Pueblo y la Escuela de Formaci\u00f3n para el Trabajo \u201cJos\u00e9 Luis Zambrano\u201d, ente&hellip; <\/p>\n","protected":false},"author":5,"featured_media":12725,"comment_status":"closed","ping_status":"open","sticky":false,"template":"","format":"standard","meta":{"footnotes":""},"categories":[3],"tags":[],"class_list":["post-12727","post","type-post","status-publish","format-standard","has-post-thumbnail","hentry","category-centrales"],"yoast_head":"<!-- This site is optimized with the Yoast SEO plugin v27.4 - https:\/\/yoast.com\/product\/yoast-seo-wordpress\/ -->\n<title>Defensor del Pueblo certific\u00f3 la formaci\u00f3n de 600 funcionarias y funcionarios de Mercal en derechos humanos -<\/title>\n<meta name=\"robots\" content=\"index, follow, max-snippet:-1, max-image-preview:large, max-video-preview:-1\" \/>\n<link rel=\"canonical\" href=\"http:\/\/www.defensoria.gob.ve\/?p=12727\" \/>\n<meta property=\"og:locale\" content=\"es_ES\" \/>\n<meta property=\"og:type\" content=\"article\" \/>\n<meta property=\"og:title\" content=\"Defensor del Pueblo certific\u00f3 la formaci\u00f3n de 600 funcionarias y funcionarios de Mercal en derechos humanos -\" \/>\n<meta property=\"og:description\" content=\"(02-Jul-2025) Luego de la alianza entre la Escuela Nacional de Derechos Humanos (ENDDHH) de la Defensor\u00eda del Pueblo y la Escuela de Formaci\u00f3n para el Trabajo \u201cJos\u00e9 Luis Zambrano\u201d, ente&hellip;\" \/>\n<meta property=\"og:url\" content=\"http:\/\/www.defensoria.gob.ve\/?p=12727\" \/>\n<meta property=\"article:published_time\" content=\"2025-07-02T16:51:23+00:00\" \/>\n<meta property=\"article:modified_time\" content=\"2025-07-02T16:51:46+00:00\" \/>\n<meta property=\"og:image\" content=\"http:\/\/www.defensoria.gob.ve\/wp-content\/uploads\/2025\/07\/01-07-25-ENTREGA-CERTIFICADOS-MERCAL-2.jpg\" \/>\n\t<meta property=\"og:image:width\" content=\"1280\" \/>\n\t<meta property=\"og:image:height\" content=\"720\" \/>\n\t<meta property=\"og:image:type\" content=\"image\/jpeg\" \/>\n<meta name=\"author\" content=\"JC.\" \/>\n<meta name=\"twitter:card\" content=\"summary_large_image\" \/>\n<meta name=\"twitter:label1\" content=\"Escrito por\" \/>\n\t<meta name=\"twitter:data1\" content=\"JC.\" \/>\n\t<meta name=\"twitter:label2\" content=\"Tiempo estimado de lectura\" \/>\n\t<meta name=\"twitter:data2\" content=\"3 minutos\" \/>\n<script type=\"application\/ld+json\" class=\"yoast-schema-graph\">{\"@context\":\"https:\\\/\\\/schema.org\",\"@graph\":[{\"@type\":\"Article\",\"@id\":\"http:\\\/\\\/www.defensoria.gob.ve\\\/?p=12727#article\",\"isPartOf\":{\"@id\":\"http:\\\/\\\/www.defensoria.gob.ve\\\/?p=12727\"},\"author\":{\"name\":\"JC.\",\"@id\":\"http:\\\/\\\/www.defensoria.gob.ve\\\/#\\\/schema\\\/person\\\/fba14293189d7b1933ac7fba9d89e24a\"},\"headline\":\"Defensor del Pueblo certific\u00f3 la formaci\u00f3n de 600 funcionarias y funcionarios de Mercal en derechos humanos\",\"datePublished\":\"2025-07-02T16:51:23+00:00\",\"dateModified\":\"2025-07-02T16:51:46+00:00\",\"mainEntityOfPage\":{\"@id\":\"http:\\\/\\\/www.defensoria.gob.ve\\\/?p=12727\"},\"wordCount\":527,\"image\":{\"@id\":\"http:\\\/\\\/www.defensoria.gob.ve\\\/?p=12727#primaryimage\"},\"thumbnailUrl\":\"http:\\\/\\\/www.defensoria.gob.ve\\\/wp-content\\\/uploads\\\/2025\\\/07\\\/01-07-25-ENTREGA-CERTIFICADOS-MERCAL-2.jpg\",\"articleSection\":[\"CENTRALES\"],\"inLanguage\":\"es\"},{\"@type\":\"WebPage\",\"@id\":\"http:\\\/\\\/www.defensoria.gob.ve\\\/?p=12727\",\"url\":\"http:\\\/\\\/www.defensoria.gob.ve\\\/?p=12727\",\"name\":\"Defensor del Pueblo certific\u00f3 la formaci\u00f3n de 600 funcionarias y funcionarios de Mercal en derechos humanos -\",\"isPartOf\":{\"@id\":\"http:\\\/\\\/www.defensoria.gob.ve\\\/#website\"},\"primaryImageOfPage\":{\"@id\":\"http:\\\/\\\/www.defensoria.gob.ve\\\/?p=12727#primaryimage\"},\"image\":{\"@id\":\"http:\\\/\\\/www.defensoria.gob.ve\\\/?p=12727#primaryimage\"},\"thumbnailUrl\":\"http:\\\/\\\/www.defensoria.gob.ve\\\/wp-content\\\/uploads\\\/2025\\\/07\\\/01-07-25-ENTREGA-CERTIFICADOS-MERCAL-2.jpg\",\"datePublished\":\"2025-07-02T16:51:23+00:00\",\"dateModified\":\"2025-07-02T16:51:46+00:00\",\"author\":{\"@id\":\"http:\\\/\\\/www.defensoria.gob.ve\\\/#\\\/schema\\\/person\\\/fba14293189d7b1933ac7fba9d89e24a\"},\"breadcrumb\":{\"@id\":\"http:\\\/\\\/www.defensoria.gob.ve\\\/?p=12727#breadcrumb\"},\"inLanguage\":\"es\",\"potentialAction\":[{\"@type\":\"ReadAction\",\"target\":[\"http:\\\/\\\/www.defensoria.gob.ve\\\/?p=12727\"]}]},{\"@type\":\"ImageObject\",\"inLanguage\":\"es\",\"@id\":\"http:\\\/\\\/www.defensoria.gob.ve\\\/?p=12727#primaryimage\",\"url\":\"http:\\\/\\\/www.defensoria.gob.ve\\\/wp-content\\\/uploads\\\/2025\\\/07\\\/01-07-25-ENTREGA-CERTIFICADOS-MERCAL-2.jpg\",\"contentUrl\":\"http:\\\/\\\/www.defensoria.gob.ve\\\/wp-content\\\/uploads\\\/2025\\\/07\\\/01-07-25-ENTREGA-CERTIFICADOS-MERCAL-2.jpg\",\"width\":1280,\"height\":720},{\"@type\":\"BreadcrumbList\",\"@id\":\"http:\\\/\\\/www.defensoria.gob.ve\\\/?p=12727#breadcrumb\",\"itemListElement\":[{\"@type\":\"ListItem\",\"position\":1,\"name\":\"Portada\",\"item\":\"http:\\\/\\\/www.defensoria.gob.ve\\\/\"},{\"@type\":\"ListItem\",\"position\":2,\"name\":\"Defensor del Pueblo certific\u00f3 la formaci\u00f3n de 600 funcionarias y funcionarios de Mercal en derechos humanos\"}]},{\"@type\":\"WebSite\",\"@id\":\"http:\\\/\\\/www.defensoria.gob.ve\\\/#website\",\"url\":\"http:\\\/\\\/www.defensoria.gob.ve\\\/\",\"name\":\"\",\"description\":\"Instituci\u00f3n del Poder Ciudadano para la Promoci\u00f3n, Defensa y Vigilancia de los Derechos Humanos. \",\"potentialAction\":[{\"@type\":\"SearchAction\",\"target\":{\"@type\":\"EntryPoint\",\"urlTemplate\":\"http:\\\/\\\/www.defensoria.gob.ve\\\/?s={search_term_string}\"},\"query-input\":{\"@type\":\"PropertyValueSpecification\",\"valueRequired\":true,\"valueName\":\"search_term_string\"}}],\"inLanguage\":\"es\"},{\"@type\":\"Person\",\"@id\":\"http:\\\/\\\/www.defensoria.gob.ve\\\/#\\\/schema\\\/person\\\/fba14293189d7b1933ac7fba9d89e24a\",\"name\":\"JC.\",\"image\":{\"@type\":\"ImageObject\",\"inLanguage\":\"es\",\"@id\":\"https:\\\/\\\/secure.gravatar.com\\\/avatar\\\/f398a4de948606b38f0299d90ca738c674b648694bc725ed46503c240269dbf8?s=96&d=mm&r=g\",\"url\":\"https:\\\/\\\/secure.gravatar.com\\\/avatar\\\/f398a4de948606b38f0299d90ca738c674b648694bc725ed46503c240269dbf8?s=96&d=mm&r=g\",\"contentUrl\":\"https:\\\/\\\/secure.gravatar.com\\\/avatar\\\/f398a4de948606b38f0299d90ca738c674b648694bc725ed46503c240269dbf8?s=96&d=mm&r=g\",\"caption\":\"JC.\"},\"url\":\"http:\\\/\\\/www.defensoria.gob.ve\\\/?author=5\"}]}<\/script>\n<!-- \/ Yoast SEO plugin. -->","yoast_head_json":{"title":"Defensor del Pueblo certific\u00f3 la formaci\u00f3n de 600 funcionarias y funcionarios de Mercal en derechos humanos -","robots":{"index":"index","follow":"follow","max-snippet":"max-snippet:-1","max-image-preview":"max-image-preview:large","max-video-preview":"max-video-preview:-1"},"canonical":"http:\/\/www.defensoria.gob.ve\/?p=12727","og_locale":"es_ES","og_type":"article","og_title":"Defensor del Pueblo certific\u00f3 la formaci\u00f3n de 600 funcionarias y funcionarios de Mercal en derechos humanos -","og_description":"(02-Jul-2025) Luego de la alianza entre la Escuela Nacional de Derechos Humanos (ENDDHH) de la Defensor\u00eda del Pueblo y la Escuela de Formaci\u00f3n para el Trabajo \u201cJos\u00e9 Luis Zambrano\u201d, ente&hellip;","og_url":"http:\/\/www.defensoria.gob.ve\/?p=12727","article_published_time":"2025-07-02T16:51:23+00:00","article_modified_time":"2025-07-02T16:51:46+00:00","og_image":[{"width":1280,"height":720,"url":"http:\/\/www.defensoria.gob.ve\/wp-content\/uploads\/2025\/07\/01-07-25-ENTREGA-CERTIFICADOS-MERCAL-2.jpg","type":"image\/jpeg"}],"author":"JC.","twitter_card":"summary_large_image","twitter_misc":{"Escrito por":"JC.","Tiempo estimado de lectura":"3 minutos"},"schema":{"@context":"https:\/\/schema.org","@graph":[{"@type":"Article","@id":"http:\/\/www.defensoria.gob.ve\/?p=12727#article","isPartOf":{"@id":"http:\/\/www.defensoria.gob.ve\/?p=12727"},"author":{"name":"JC.","@id":"http:\/\/www.defensoria.gob.ve\/#\/schema\/person\/fba14293189d7b1933ac7fba9d89e24a"},"headline":"Defensor del Pueblo certific\u00f3 la formaci\u00f3n de 600 funcionarias y funcionarios de Mercal en derechos humanos","datePublished":"2025-07-02T16:51:23+00:00","dateModified":"2025-07-02T16:51:46+00:00","mainEntityOfPage":{"@id":"http:\/\/www.defensoria.gob.ve\/?p=12727"},"wordCount":527,"image":{"@id":"http:\/\/www.defensoria.gob.ve\/?p=12727#primaryimage"},"thumbnailUrl":"http:\/\/www.defensoria.gob.ve\/wp-content\/uploads\/2025\/07\/01-07-25-ENTREGA-CERTIFICADOS-MERCAL-2.jpg","articleSection":["CENTRALES"],"inLanguage":"es"},{"@type":"WebPage","@id":"http:\/\/www.defensoria.gob.ve\/?p=12727","url":"http:\/\/www.defensoria.gob.ve\/?p=12727","name":"Defensor del Pueblo certific\u00f3 la formaci\u00f3n de 600 funcionarias y funcionarios de Mercal en derechos humanos -","isPartOf":{"@id":"http:\/\/www.defensoria.gob.ve\/#website"},"primaryImageOfPage":{"@id":"http:\/\/www.defensoria.gob.ve\/?p=12727#primaryimage"},"image":{"@id":"http:\/\/www.defensoria.gob.ve\/?p=12727#primaryimage"},"thumbnailUrl":"http:\/\/www.defensoria.gob.ve\/wp-content\/uploads\/2025\/07\/01-07-25-ENTREGA-CERTIFICADOS-MERCAL-2.jpg","datePublished":"2025-07-02T16:51:23+00:00","dateModified":"2025-07-02T16:51:46+00:00","author":{"@id":"http:\/\/www.defensoria.gob.ve\/#\/schema\/person\/fba14293189d7b1933ac7fba9d89e24a"},"breadcrumb":{"@id":"http:\/\/www.defensoria.gob.ve\/?p=12727#breadcrumb"},"inLanguage":"es","potentialAction":[{"@type":"ReadAction","target":["http:\/\/www.defensoria.gob.ve\/?p=12727"]}]},{"@type":"ImageObject","inLanguage":"es","@id":"http:\/\/www.defensoria.gob.ve\/?p=12727#primaryimage","url":"http:\/\/www.defensoria.gob.ve\/wp-content\/uploads\/2025\/07\/01-07-25-ENTREGA-CERTIFICADOS-MERCAL-2.jpg","contentUrl":"http:\/\/www.defensoria.gob.ve\/wp-content\/uploads\/2025\/07\/01-07-25-ENTREGA-CERTIFICADOS-MERCAL-2.jpg","width":1280,"height":720},{"@type":"BreadcrumbList","@id":"http:\/\/www.defensoria.gob.ve\/?p=12727#breadcrumb","itemListElement":[{"@type":"ListItem","position":1,"name":"Portada","item":"http:\/\/www.defensoria.gob.ve\/"},{"@type":"ListItem","position":2,"name":"Defensor del Pueblo certific\u00f3 la formaci\u00f3n de 600 funcionarias y funcionarios de Mercal en derechos humanos"}]},{"@type":"WebSite","@id":"http:\/\/www.defensoria.gob.ve\/#website","url":"http:\/\/www.defensoria.gob.ve\/","name":"","description":"Instituci\u00f3n del Poder Ciudadano para la Promoci\u00f3n, Defensa y Vigilancia de los Derechos Humanos. ","potentialAction":[{"@type":"SearchAction","target":{"@type":"EntryPoint","urlTemplate":"http:\/\/www.defensoria.gob.ve\/?s={search_term_string}"},"query-input":{"@type":"PropertyValueSpecification","valueRequired":true,"valueName":"search_term_string"}}],"inLanguage":"es"},{"@type":"Person","@id":"http:\/\/www.defensoria.gob.ve\/#\/schema\/person\/fba14293189d7b1933ac7fba9d89e24a","name":"JC.","image":{"@type":"ImageObject","inLanguage":"es","@id":"https:\/\/secure.gravatar.com\/avatar\/f398a4de948606b38f0299d90ca738c674b648694bc725ed46503c240269dbf8?s=96&d=mm&r=g","url":"https:\/\/secure.gravatar.com\/avatar\/f398a4de948606b38f0299d90ca738c674b648694bc725ed46503c240269dbf8?s=96&d=mm&r=g","contentUrl":"https:\/\/secure.gravatar.com\/avatar\/f398a4de948606b38f0299d90ca738c674b648694bc725ed46503c240269dbf8?s=96&d=mm&r=g","caption":"JC."},"url":"http:\/\/www.defensoria.gob.ve\/?author=5"}]}},"_links":{"self":[{"href":"http:\/\/www.defensoria.gob.ve\/index.php?rest_route=\/wp\/v2\/posts\/12727","targetHints":{"allow":["GET"]}}],"collection":[{"href":"http:\/\/www.defensoria.gob.ve\/index.php?rest_route=\/wp\/v2\/posts"}],"about":[{"href":"http:\/\/www.defensoria.gob.ve\/index.php?rest_route=\/wp\/v2\/types\/post"}],"author":[{"embeddable":true,"href":"http:\/\/www.defensoria.gob.ve\/index.php?rest_route=\/wp\/v2\/users\/5"}],"replies":[{"embeddable":true,"href":"http:\/\/www.defensoria.gob.ve\/index.php?rest_route=%2Fwp%2Fv2%2Fcomments&post=12727"}],"version-history":[{"count":4,"href":"http:\/\/www.defensoria.gob.ve\/index.php?rest_route=\/wp\/v2\/posts\/12727\/revisions"}],"predecessor-version":[{"id":12735,"href":"http:\/\/www.defensoria.gob.ve\/index.php?rest_route=\/wp\/v2\/posts\/12727\/revisions\/12735"}],"wp:featuredmedia":[{"embeddable":true,"href":"http:\/\/www.defensoria.gob.ve\/index.php?rest_route=\/wp\/v2\/media\/12725"}],"wp:attachment":[{"href":"http:\/\/www.defensoria.gob.ve\/index.php?rest_route=%2Fwp%2Fv2%2Fmedia&parent=12727"}],"wp:term":[{"taxonomy":"category","embeddable":true,"href":"http:\/\/www.defensoria.gob.ve\/index.php?rest_route=%2Fwp%2Fv2%2Fcategories&post=12727"},{"taxonomy":"post_tag","embeddable":true,"href":"http:\/\/www.defensoria.gob.ve\/index.php?rest_route=%2Fwp%2Fv2%2Ftags&post=12727"}],"curies":[{"name":"wp","href":"https:\/\/api.w.org\/{rel}","templated":true}]}}