 
{"id":12739,"date":"2025-07-03T14:52:42","date_gmt":"2025-07-03T18:52:42","guid":{"rendered":"http:\/\/www.defensoria.gob.ve\/?p=12739"},"modified":"2025-07-03T14:53:06","modified_gmt":"2025-07-03T18:53:06","slug":"defensoria-del-pueblo-una-vez-mas-en-la-filven-2025-promoviendo-los-ddhh","status":"publish","type":"post","link":"http:\/\/www.defensoria.gob.ve\/?p=12739","title":{"rendered":"Defensor\u00eda del Pueblo una vez m\u00e1s en la FILVEN 2025 promoviendo los DDHH"},"content":{"rendered":"\t\t<div data-elementor-type=\"wp-post\" data-elementor-id=\"12739\" class=\"elementor elementor-12739\">\n\t\t\t\t\t\t<section class=\"elementor-section elementor-top-section elementor-element elementor-element-3e9d38bb elementor-section-boxed elementor-section-height-default elementor-section-height-default\" data-id=\"3e9d38bb\" data-element_type=\"section\" data-e-type=\"section\">\n\t\t\t\t\t\t<div class=\"elementor-container elementor-column-gap-default\">\n\t\t\t\t\t<div class=\"elementor-column elementor-col-100 elementor-top-column elementor-element elementor-element-11d62d9d\" data-id=\"11d62d9d\" data-element_type=\"column\" data-e-type=\"column\">\n\t\t\t<div class=\"elementor-widget-wrap elementor-element-populated\">\n\t\t\t\t\t\t<div class=\"elementor-element elementor-element-60d0e972 elementor-widget elementor-widget-text-editor\" data-id=\"60d0e972\" data-element_type=\"widget\" data-e-type=\"widget\" data-widget_type=\"text-editor.default\">\n\t\t\t\t<div class=\"elementor-widget-container\">\n\t\t\t\t\t\t\t\t\t\n<p>(03-Jul-25) En aras de impulsar y promocionar el derecho a la informaci\u00f3n y a la lectura como derechos humanos, la Defensor\u00eda del Pueblo participa en la vig\u00e9sima quinta edici\u00f3n de la Feria Internacional del Libro de Venezuela (Filven), bajo el lema &#8216;Leer humaniza&#8217;. Esta feria se estar\u00e1 realizando del 03 al 13 de julio en los espacios de la Galer\u00eda de Arte Nacional (GAN) y en la Plaza de la Juventud. Su programaci\u00f3n literaria y cultural est\u00e1 proyectada en la cultura milenaria de la Rep\u00fablica \u00e1rabe de Egipto, pa\u00eds invitado de honor con el cual Venezuela celebra 75 a\u00f1os de relaciones diplom\u00e1ticas. En el cronograma de actividades establecidas para los amantes de la lectura contempla presentaciones de libros, foros y conversatorios de diversos temas de inter\u00e9s nacional e internacional; adem\u00e1s, de los pabellones tem\u00e1ticos dedicados a la literatura infantil y juvenil entre otras actividades. \u00a0<\/p>\n\n\n\n<figure class=\"wp-block-image size-full\"><img fetchpriority=\"high\" decoding=\"async\" width=\"1280\" height=\"853\" src=\"http:\/\/www.defensoria.gob.ve\/wp-content\/uploads\/2025\/07\/photo_5129790925982248502_y.jpg\" alt=\"\" class=\"wp-image-12740\" srcset=\"http:\/\/www.defensoria.gob.ve\/wp-content\/uploads\/2025\/07\/photo_5129790925982248502_y.jpg 1280w, http:\/\/www.defensoria.gob.ve\/wp-content\/uploads\/2025\/07\/photo_5129790925982248502_y-768x512.jpg 768w\" sizes=\"(max-width: 1280px) 100vw, 1280px\" \/><\/figure>\n\n\n\n<p> Durante esta fiesta literaria la Defensor\u00eda del Pueblo les brindar\u00e1 a los lectores y las lectoras los textos literarios publicados por esta instituci\u00f3n en materia de DD.HH.\u00a0 entre ellas: Guerra y Mill\u00e1n la masacre del Liceo Sanz, Escritos de una combatiente de la guerrilla urbana en Caracas, Documentos del Golpe, Juan Vives Suri\u00e1 Defensor de la Vida, Remembranzas de un Guerrillero de los a\u00f1os 60, Memorias de un Desaparecido Luis Alberto Hern\u00e1ndez, El Nuevo Modelo Policial; Curso B\u00e1sico de Derechos de Ni\u00f1os, Ni\u00f1as y Adolescentes, Compilaci\u00f3n Legal Electoral, Manual de Oportunidades, Escuela de los Derechos Humanos, Mediaci\u00f3n y Conciliaci\u00f3n, Opini\u00f3n y Humor en Tiempos de C\u00f3lera, El Derecho de Petici\u00f3n, La Denuncia; El derecho al Sufragio, entre otros t\u00edtulos. El stand de Defensor\u00eda del Pueblo tambi\u00e9n contar\u00e1 con la presencia de personal calificado para brindar orientaci\u00f3n, mediaci\u00f3n, y atender quejas, denuncias y accesorias a las personas que as\u00ed lo requieran.\u00a0 Es importante mencionar que en esta oportunidad los autores homenajeados son Esteban Emilio Mosonyi Sz\u00e1sz, Judith Valencia, Jean Marc Sellier de Civrieux, Juan Calzadilla y Gonzalo Fragui. FIN\/ PRENSA Defensor\u00eda<\/p>\n\n\n\n<p><\/p>\n\n\n\n<hr class=\"wp-block-separator has-alpha-channel-opacity\"\/>\n\n\n\n<hr class=\"wp-block-separator has-alpha-channel-opacity\"\/>\n\n\n\n<hr class=\"wp-block-separator has-alpha-channel-opacity\"\/>\n\n\n\n<hr class=\"wp-block-separator has-alpha-channel-opacity\"\/>\n\n\n\n<p>\uea2b<\/p>\n\n\n\n<p><\/p>\n\t\t\t\t\t\t\t\t<\/div>\n\t\t\t\t<\/div>\n\t\t\t\t\t<\/div>\n\t\t<\/div>\n\t\t\t\t\t<\/div>\n\t\t<\/section>\n\t\t\t\t<\/div>\n\t\t","protected":false},"excerpt":{"rendered":"<p>(03-Jul-25) En aras de impulsar y promocionar el derecho a la informaci\u00f3n y a la lectura como derechos humanos, la Defensor\u00eda del Pueblo participa en la vig\u00e9sima quinta edici\u00f3n de&hellip; <\/p>\n","protected":false},"author":14,"featured_media":12741,"comment_status":"closed","ping_status":"open","sticky":false,"template":"","format":"standard","meta":{"footnotes":""},"categories":[3],"tags":[],"class_list":["post-12739","post","type-post","status-publish","format-standard","has-post-thumbnail","hentry","category-centrales"],"yoast_head":"<!-- This site is optimized with the Yoast SEO plugin v27.4 - https:\/\/yoast.com\/product\/yoast-seo-wordpress\/ -->\n<title>Defensor\u00eda del Pueblo una vez m\u00e1s en la FILVEN 2025 promoviendo los DDHH -<\/title>\n<meta name=\"robots\" content=\"index, follow, max-snippet:-1, max-image-preview:large, max-video-preview:-1\" \/>\n<link rel=\"canonical\" href=\"http:\/\/www.defensoria.gob.ve\/?p=12739\" \/>\n<meta property=\"og:locale\" content=\"es_ES\" \/>\n<meta property=\"og:type\" content=\"article\" \/>\n<meta property=\"og:title\" content=\"Defensor\u00eda del Pueblo una vez m\u00e1s en la FILVEN 2025 promoviendo los DDHH -\" \/>\n<meta property=\"og:description\" content=\"(03-Jul-25) En aras de impulsar y promocionar el derecho a la informaci\u00f3n y a la lectura como derechos humanos, la Defensor\u00eda del Pueblo participa en la vig\u00e9sima quinta edici\u00f3n de&hellip;\" \/>\n<meta property=\"og:url\" content=\"http:\/\/www.defensoria.gob.ve\/?p=12739\" \/>\n<meta property=\"article:published_time\" content=\"2025-07-03T18:52:42+00:00\" \/>\n<meta property=\"article:modified_time\" content=\"2025-07-03T18:53:06+00:00\" \/>\n<meta property=\"og:image\" content=\"http:\/\/www.defensoria.gob.ve\/wp-content\/uploads\/2025\/07\/photo_5129790925982248504_y.jpg\" \/>\n\t<meta property=\"og:image:width\" content=\"1280\" \/>\n\t<meta property=\"og:image:height\" content=\"853\" \/>\n\t<meta property=\"og:image:type\" content=\"image\/jpeg\" \/>\n<meta name=\"author\" content=\"KF.\" \/>\n<meta name=\"twitter:card\" content=\"summary_large_image\" \/>\n<meta name=\"twitter:label1\" content=\"Escrito por\" \/>\n\t<meta name=\"twitter:data1\" content=\"KF.\" \/>\n\t<meta name=\"twitter:label2\" content=\"Tiempo estimado de lectura\" \/>\n\t<meta name=\"twitter:data2\" content=\"2 minutos\" \/>\n<script type=\"application\/ld+json\" class=\"yoast-schema-graph\">{\"@context\":\"https:\\\/\\\/schema.org\",\"@graph\":[{\"@type\":\"Article\",\"@id\":\"http:\\\/\\\/www.defensoria.gob.ve\\\/?p=12739#article\",\"isPartOf\":{\"@id\":\"http:\\\/\\\/www.defensoria.gob.ve\\\/?p=12739\"},\"author\":{\"name\":\"KF.\",\"@id\":\"http:\\\/\\\/www.defensoria.gob.ve\\\/#\\\/schema\\\/person\\\/0fcc680c550d91982c4c009f5b19b8ec\"},\"headline\":\"Defensor\u00eda del Pueblo una vez m\u00e1s en la FILVEN 2025 promoviendo los DDHH\",\"datePublished\":\"2025-07-03T18:52:42+00:00\",\"dateModified\":\"2025-07-03T18:53:06+00:00\",\"mainEntityOfPage\":{\"@id\":\"http:\\\/\\\/www.defensoria.gob.ve\\\/?p=12739\"},\"wordCount\":369,\"image\":{\"@id\":\"http:\\\/\\\/www.defensoria.gob.ve\\\/?p=12739#primaryimage\"},\"thumbnailUrl\":\"http:\\\/\\\/www.defensoria.gob.ve\\\/wp-content\\\/uploads\\\/2025\\\/07\\\/photo_5129790925982248504_y.jpg\",\"articleSection\":[\"CENTRALES\"],\"inLanguage\":\"es\"},{\"@type\":\"WebPage\",\"@id\":\"http:\\\/\\\/www.defensoria.gob.ve\\\/?p=12739\",\"url\":\"http:\\\/\\\/www.defensoria.gob.ve\\\/?p=12739\",\"name\":\"Defensor\u00eda del Pueblo una vez m\u00e1s en la FILVEN 2025 promoviendo los DDHH -\",\"isPartOf\":{\"@id\":\"http:\\\/\\\/www.defensoria.gob.ve\\\/#website\"},\"primaryImageOfPage\":{\"@id\":\"http:\\\/\\\/www.defensoria.gob.ve\\\/?p=12739#primaryimage\"},\"image\":{\"@id\":\"http:\\\/\\\/www.defensoria.gob.ve\\\/?p=12739#primaryimage\"},\"thumbnailUrl\":\"http:\\\/\\\/www.defensoria.gob.ve\\\/wp-content\\\/uploads\\\/2025\\\/07\\\/photo_5129790925982248504_y.jpg\",\"datePublished\":\"2025-07-03T18:52:42+00:00\",\"dateModified\":\"2025-07-03T18:53:06+00:00\",\"author\":{\"@id\":\"http:\\\/\\\/www.defensoria.gob.ve\\\/#\\\/schema\\\/person\\\/0fcc680c550d91982c4c009f5b19b8ec\"},\"breadcrumb\":{\"@id\":\"http:\\\/\\\/www.defensoria.gob.ve\\\/?p=12739#breadcrumb\"},\"inLanguage\":\"es\",\"potentialAction\":[{\"@type\":\"ReadAction\",\"target\":[\"http:\\\/\\\/www.defensoria.gob.ve\\\/?p=12739\"]}]},{\"@type\":\"ImageObject\",\"inLanguage\":\"es\",\"@id\":\"http:\\\/\\\/www.defensoria.gob.ve\\\/?p=12739#primaryimage\",\"url\":\"http:\\\/\\\/www.defensoria.gob.ve\\\/wp-content\\\/uploads\\\/2025\\\/07\\\/photo_5129790925982248504_y.jpg\",\"contentUrl\":\"http:\\\/\\\/www.defensoria.gob.ve\\\/wp-content\\\/uploads\\\/2025\\\/07\\\/photo_5129790925982248504_y.jpg\",\"width\":1280,\"height\":853},{\"@type\":\"BreadcrumbList\",\"@id\":\"http:\\\/\\\/www.defensoria.gob.ve\\\/?p=12739#breadcrumb\",\"itemListElement\":[{\"@type\":\"ListItem\",\"position\":1,\"name\":\"Portada\",\"item\":\"http:\\\/\\\/www.defensoria.gob.ve\\\/\"},{\"@type\":\"ListItem\",\"position\":2,\"name\":\"Defensor\u00eda del Pueblo una vez m\u00e1s en la FILVEN 2025 promoviendo los DDHH\"}]},{\"@type\":\"WebSite\",\"@id\":\"http:\\\/\\\/www.defensoria.gob.ve\\\/#website\",\"url\":\"http:\\\/\\\/www.defensoria.gob.ve\\\/\",\"name\":\"\",\"description\":\"Instituci\u00f3n del Poder Ciudadano para la Promoci\u00f3n, Defensa y Vigilancia de los Derechos Humanos. \",\"potentialAction\":[{\"@type\":\"SearchAction\",\"target\":{\"@type\":\"EntryPoint\",\"urlTemplate\":\"http:\\\/\\\/www.defensoria.gob.ve\\\/?s={search_term_string}\"},\"query-input\":{\"@type\":\"PropertyValueSpecification\",\"valueRequired\":true,\"valueName\":\"search_term_string\"}}],\"inLanguage\":\"es\"},{\"@type\":\"Person\",\"@id\":\"http:\\\/\\\/www.defensoria.gob.ve\\\/#\\\/schema\\\/person\\\/0fcc680c550d91982c4c009f5b19b8ec\",\"name\":\"KF.\",\"image\":{\"@type\":\"ImageObject\",\"inLanguage\":\"es\",\"@id\":\"https:\\\/\\\/secure.gravatar.com\\\/avatar\\\/d7d0d6b70133abf46e0bf5e7f5f63f5ae46353601f9ad9a981c38691d4b186b0?s=96&d=mm&r=g\",\"url\":\"https:\\\/\\\/secure.gravatar.com\\\/avatar\\\/d7d0d6b70133abf46e0bf5e7f5f63f5ae46353601f9ad9a981c38691d4b186b0?s=96&d=mm&r=g\",\"contentUrl\":\"https:\\\/\\\/secure.gravatar.com\\\/avatar\\\/d7d0d6b70133abf46e0bf5e7f5f63f5ae46353601f9ad9a981c38691d4b186b0?s=96&d=mm&r=g\",\"caption\":\"KF.\"},\"url\":\"http:\\\/\\\/www.defensoria.gob.ve\\\/?author=14\"}]}<\/script>\n<!-- \/ Yoast SEO plugin. -->","yoast_head_json":{"title":"Defensor\u00eda del Pueblo una vez m\u00e1s en la FILVEN 2025 promoviendo los DDHH -","robots":{"index":"index","follow":"follow","max-snippet":"max-snippet:-1","max-image-preview":"max-image-preview:large","max-video-preview":"max-video-preview:-1"},"canonical":"http:\/\/www.defensoria.gob.ve\/?p=12739","og_locale":"es_ES","og_type":"article","og_title":"Defensor\u00eda del Pueblo una vez m\u00e1s en la FILVEN 2025 promoviendo los DDHH -","og_description":"(03-Jul-25) En aras de impulsar y promocionar el derecho a la informaci\u00f3n y a la lectura como derechos humanos, la Defensor\u00eda del Pueblo participa en la vig\u00e9sima quinta edici\u00f3n de&hellip;","og_url":"http:\/\/www.defensoria.gob.ve\/?p=12739","article_published_time":"2025-07-03T18:52:42+00:00","article_modified_time":"2025-07-03T18:53:06+00:00","og_image":[{"width":1280,"height":853,"url":"http:\/\/www.defensoria.gob.ve\/wp-content\/uploads\/2025\/07\/photo_5129790925982248504_y.jpg","type":"image\/jpeg"}],"author":"KF.","twitter_card":"summary_large_image","twitter_misc":{"Escrito por":"KF.","Tiempo estimado de lectura":"2 minutos"},"schema":{"@context":"https:\/\/schema.org","@graph":[{"@type":"Article","@id":"http:\/\/www.defensoria.gob.ve\/?p=12739#article","isPartOf":{"@id":"http:\/\/www.defensoria.gob.ve\/?p=12739"},"author":{"name":"KF.","@id":"http:\/\/www.defensoria.gob.ve\/#\/schema\/person\/0fcc680c550d91982c4c009f5b19b8ec"},"headline":"Defensor\u00eda del Pueblo una vez m\u00e1s en la FILVEN 2025 promoviendo los DDHH","datePublished":"2025-07-03T18:52:42+00:00","dateModified":"2025-07-03T18:53:06+00:00","mainEntityOfPage":{"@id":"http:\/\/www.defensoria.gob.ve\/?p=12739"},"wordCount":369,"image":{"@id":"http:\/\/www.defensoria.gob.ve\/?p=12739#primaryimage"},"thumbnailUrl":"http:\/\/www.defensoria.gob.ve\/wp-content\/uploads\/2025\/07\/photo_5129790925982248504_y.jpg","articleSection":["CENTRALES"],"inLanguage":"es"},{"@type":"WebPage","@id":"http:\/\/www.defensoria.gob.ve\/?p=12739","url":"http:\/\/www.defensoria.gob.ve\/?p=12739","name":"Defensor\u00eda del Pueblo una vez m\u00e1s en la FILVEN 2025 promoviendo los DDHH -","isPartOf":{"@id":"http:\/\/www.defensoria.gob.ve\/#website"},"primaryImageOfPage":{"@id":"http:\/\/www.defensoria.gob.ve\/?p=12739#primaryimage"},"image":{"@id":"http:\/\/www.defensoria.gob.ve\/?p=12739#primaryimage"},"thumbnailUrl":"http:\/\/www.defensoria.gob.ve\/wp-content\/uploads\/2025\/07\/photo_5129790925982248504_y.jpg","datePublished":"2025-07-03T18:52:42+00:00","dateModified":"2025-07-03T18:53:06+00:00","author":{"@id":"http:\/\/www.defensoria.gob.ve\/#\/schema\/person\/0fcc680c550d91982c4c009f5b19b8ec"},"breadcrumb":{"@id":"http:\/\/www.defensoria.gob.ve\/?p=12739#breadcrumb"},"inLanguage":"es","potentialAction":[{"@type":"ReadAction","target":["http:\/\/www.defensoria.gob.ve\/?p=12739"]}]},{"@type":"ImageObject","inLanguage":"es","@id":"http:\/\/www.defensoria.gob.ve\/?p=12739#primaryimage","url":"http:\/\/www.defensoria.gob.ve\/wp-content\/uploads\/2025\/07\/photo_5129790925982248504_y.jpg","contentUrl":"http:\/\/www.defensoria.gob.ve\/wp-content\/uploads\/2025\/07\/photo_5129790925982248504_y.jpg","width":1280,"height":853},{"@type":"BreadcrumbList","@id":"http:\/\/www.defensoria.gob.ve\/?p=12739#breadcrumb","itemListElement":[{"@type":"ListItem","position":1,"name":"Portada","item":"http:\/\/www.defensoria.gob.ve\/"},{"@type":"ListItem","position":2,"name":"Defensor\u00eda del Pueblo una vez m\u00e1s en la FILVEN 2025 promoviendo los DDHH"}]},{"@type":"WebSite","@id":"http:\/\/www.defensoria.gob.ve\/#website","url":"http:\/\/www.defensoria.gob.ve\/","name":"","description":"Instituci\u00f3n del Poder Ciudadano para la Promoci\u00f3n, Defensa y Vigilancia de los Derechos Humanos. ","potentialAction":[{"@type":"SearchAction","target":{"@type":"EntryPoint","urlTemplate":"http:\/\/www.defensoria.gob.ve\/?s={search_term_string}"},"query-input":{"@type":"PropertyValueSpecification","valueRequired":true,"valueName":"search_term_string"}}],"inLanguage":"es"},{"@type":"Person","@id":"http:\/\/www.defensoria.gob.ve\/#\/schema\/person\/0fcc680c550d91982c4c009f5b19b8ec","name":"KF.","image":{"@type":"ImageObject","inLanguage":"es","@id":"https:\/\/secure.gravatar.com\/avatar\/d7d0d6b70133abf46e0bf5e7f5f63f5ae46353601f9ad9a981c38691d4b186b0?s=96&d=mm&r=g","url":"https:\/\/secure.gravatar.com\/avatar\/d7d0d6b70133abf46e0bf5e7f5f63f5ae46353601f9ad9a981c38691d4b186b0?s=96&d=mm&r=g","contentUrl":"https:\/\/secure.gravatar.com\/avatar\/d7d0d6b70133abf46e0bf5e7f5f63f5ae46353601f9ad9a981c38691d4b186b0?s=96&d=mm&r=g","caption":"KF."},"url":"http:\/\/www.defensoria.gob.ve\/?author=14"}]}},"_links":{"self":[{"href":"http:\/\/www.defensoria.gob.ve\/index.php?rest_route=\/wp\/v2\/posts\/12739","targetHints":{"allow":["GET"]}}],"collection":[{"href":"http:\/\/www.defensoria.gob.ve\/index.php?rest_route=\/wp\/v2\/posts"}],"about":[{"href":"http:\/\/www.defensoria.gob.ve\/index.php?rest_route=\/wp\/v2\/types\/post"}],"author":[{"embeddable":true,"href":"http:\/\/www.defensoria.gob.ve\/index.php?rest_route=\/wp\/v2\/users\/14"}],"replies":[{"embeddable":true,"href":"http:\/\/www.defensoria.gob.ve\/index.php?rest_route=%2Fwp%2Fv2%2Fcomments&post=12739"}],"version-history":[{"count":4,"href":"http:\/\/www.defensoria.gob.ve\/index.php?rest_route=\/wp\/v2\/posts\/12739\/revisions"}],"predecessor-version":[{"id":12745,"href":"http:\/\/www.defensoria.gob.ve\/index.php?rest_route=\/wp\/v2\/posts\/12739\/revisions\/12745"}],"wp:featuredmedia":[{"embeddable":true,"href":"http:\/\/www.defensoria.gob.ve\/index.php?rest_route=\/wp\/v2\/media\/12741"}],"wp:attachment":[{"href":"http:\/\/www.defensoria.gob.ve\/index.php?rest_route=%2Fwp%2Fv2%2Fmedia&parent=12739"}],"wp:term":[{"taxonomy":"category","embeddable":true,"href":"http:\/\/www.defensoria.gob.ve\/index.php?rest_route=%2Fwp%2Fv2%2Fcategories&post=12739"},{"taxonomy":"post_tag","embeddable":true,"href":"http:\/\/www.defensoria.gob.ve\/index.php?rest_route=%2Fwp%2Fv2%2Ftags&post=12739"}],"curies":[{"name":"wp","href":"https:\/\/api.w.org\/{rel}","templated":true}]}}