 
{"id":12767,"date":"2025-07-04T17:50:16","date_gmt":"2025-07-04T21:50:16","guid":{"rendered":"http:\/\/www.defensoria.gob.ve\/?p=12767"},"modified":"2025-07-04T17:50:35","modified_gmt":"2025-07-04T21:50:35","slug":"delegada-de-la-guaira-realiza-labor-de-vigilancia-en-centros-de-detencion","status":"publish","type":"post","link":"http:\/\/www.defensoria.gob.ve\/?p=12767","title":{"rendered":"Delegada de La Guaira realiza labor de vigilancia en Centros de Detenci\u00f3n"},"content":{"rendered":"\t\t<div data-elementor-type=\"wp-post\" data-elementor-id=\"12767\" class=\"elementor elementor-12767\">\n\t\t\t\t\t\t<section class=\"elementor-section elementor-top-section elementor-element elementor-element-6d31b18d elementor-section-boxed elementor-section-height-default elementor-section-height-default\" data-id=\"6d31b18d\" data-element_type=\"section\" data-e-type=\"section\">\n\t\t\t\t\t\t<div class=\"elementor-container elementor-column-gap-default\">\n\t\t\t\t\t<div class=\"elementor-column elementor-col-100 elementor-top-column elementor-element elementor-element-30573370\" data-id=\"30573370\" data-element_type=\"column\" data-e-type=\"column\">\n\t\t\t<div class=\"elementor-widget-wrap elementor-element-populated\">\n\t\t\t\t\t\t<div class=\"elementor-element elementor-element-3e96a960 elementor-widget elementor-widget-text-editor\" data-id=\"3e96a960\" data-element_type=\"widget\" data-e-type=\"widget\" data-widget_type=\"text-editor.default\">\n\t\t\t\t<div class=\"elementor-widget-container\">\n\t\t\t\t\t\t\t\t\t\n<p>(La Guaira \/ 04-Jul-2025) La Defensor\u00eda del Pueblo delegada del estado La Guaira realiz\u00f3 una inspecci\u00f3n en el Centro de Detenci\u00f3n de la Polic\u00eda regional, ubicado en la parroquia Macuto. Esta acci\u00f3n subraya la labor activa y permanente de la instituci\u00f3n en la supervisi\u00f3n de las condiciones de reclusi\u00f3n de las privadas y privados de libertad.<\/p>\n\n<p>Durante la jornada, el equipo de la Defensor\u00eda verific\u00f3 las condiciones en las que se encuentran los detenidos, prestando especial atenci\u00f3n al acceso a servicios b\u00e1sicos como la alimentaci\u00f3n, atenci\u00f3n m\u00e9dica y el trato digno.<br \/>\u00abNuestro compromiso es velar incansablemente por la dignidad y los derechos de cada ciudadano y ciudadana, sin importar su situaci\u00f3n legal. Estas inspecciones son vitales para mantener la transparencia, la supervisi\u00f3n constante y para garantizar que se cumplan los est\u00e1ndares establecidos en nuestra Constituci\u00f3n y en los tratados internacionales de derechos humanos\u00bb, afirm\u00f3 Dianorka Malav\u00e9 Defensora delegada del estado.<\/p>\n\n<figure class=\"wp-block-image size-full\"><img fetchpriority=\"high\" decoding=\"async\" width=\"2560\" height=\"1920\" class=\"wp-image-12768\" src=\"http:\/\/www.defensoria.gob.ve\/wp-content\/uploads\/2025\/07\/1001168567.jpg\" alt=\"\" srcset=\"http:\/\/www.defensoria.gob.ve\/wp-content\/uploads\/2025\/07\/1001168567.jpg 2560w, http:\/\/www.defensoria.gob.ve\/wp-content\/uploads\/2025\/07\/1001168567-768x576.jpg 768w, http:\/\/www.defensoria.gob.ve\/wp-content\/uploads\/2025\/07\/1001168567-1536x1152.jpg 1536w, http:\/\/www.defensoria.gob.ve\/wp-content\/uploads\/2025\/07\/1001168567-2048x1536.jpg 2048w\" sizes=\"(max-width: 2560px) 100vw, 2560px\" \/><\/figure>\n\n<p>La visita, forma parte de las acciones constantes de la Defensor\u00eda que tuvo como prop\u00f3sito primordial asegurar el respeto irrestricto de los derechos humanos de las personas privadas de libertad.<\/p>\n\n<p>El ente defensorial reitera su misi\u00f3n de promover y proteger los derechos humanos de todos los habitantes del estado, asegurando que los centros de detenci\u00f3n operen bajo los principios de legalidad y respeto a la integridad de las personas. Estas acciones continuar\u00e1n de manera sistem\u00e1tica en todos los centros de detenci\u00f3n para salvaguardar la dignidad humana en toda la regi\u00f3n. FIN\/ PRENSA Defensor\u00eda<\/p>\n\t\t\t\t\t\t\t\t<\/div>\n\t\t\t\t<\/div>\n\t\t\t\t\t<\/div>\n\t\t<\/div>\n\t\t\t\t\t<\/div>\n\t\t<\/section>\n\t\t\t\t<\/div>\n\t\t","protected":false},"excerpt":{"rendered":"<p>(La Guaira \/ 04-Jul-2025) La Defensor\u00eda del Pueblo delegada del estado La Guaira realiz\u00f3 una inspecci\u00f3n en el Centro de Detenci\u00f3n de la Polic\u00eda regional, ubicado en la parroquia Macuto.&hellip; <\/p>\n","protected":false},"author":14,"featured_media":12769,"comment_status":"closed","ping_status":"open","sticky":false,"template":"","format":"standard","meta":{"footnotes":""},"categories":[5],"tags":[],"class_list":["post-12767","post","type-post","status-publish","format-standard","has-post-thumbnail","hentry","category-regionales"],"yoast_head":"<!-- This site is optimized with the Yoast SEO plugin v27.4 - https:\/\/yoast.com\/product\/yoast-seo-wordpress\/ -->\n<title>Delegada de La Guaira realiza labor de vigilancia en Centros de Detenci\u00f3n -<\/title>\n<meta name=\"robots\" content=\"index, follow, max-snippet:-1, max-image-preview:large, max-video-preview:-1\" \/>\n<link rel=\"canonical\" href=\"http:\/\/www.defensoria.gob.ve\/?p=12767\" \/>\n<meta property=\"og:locale\" content=\"es_ES\" \/>\n<meta property=\"og:type\" content=\"article\" \/>\n<meta property=\"og:title\" content=\"Delegada de La Guaira realiza labor de vigilancia en Centros de Detenci\u00f3n -\" \/>\n<meta property=\"og:description\" content=\"(La Guaira \/ 04-Jul-2025) La Defensor\u00eda del Pueblo delegada del estado La Guaira realiz\u00f3 una inspecci\u00f3n en el Centro de Detenci\u00f3n de la Polic\u00eda regional, ubicado en la parroquia Macuto.&hellip;\" \/>\n<meta property=\"og:url\" content=\"http:\/\/www.defensoria.gob.ve\/?p=12767\" \/>\n<meta property=\"article:published_time\" content=\"2025-07-04T21:50:16+00:00\" \/>\n<meta property=\"article:modified_time\" content=\"2025-07-04T21:50:35+00:00\" \/>\n<meta property=\"og:image\" content=\"http:\/\/www.defensoria.gob.ve\/wp-content\/uploads\/2025\/07\/1001168567-1.jpg\" \/>\n\t<meta property=\"og:image:width\" content=\"2560\" \/>\n\t<meta property=\"og:image:height\" content=\"1920\" \/>\n\t<meta property=\"og:image:type\" content=\"image\/jpeg\" \/>\n<meta name=\"author\" content=\"KF.\" \/>\n<meta name=\"twitter:card\" content=\"summary_large_image\" \/>\n<meta name=\"twitter:label1\" content=\"Escrito por\" \/>\n\t<meta name=\"twitter:data1\" content=\"KF.\" \/>\n\t<meta name=\"twitter:label2\" content=\"Tiempo estimado de lectura\" \/>\n\t<meta name=\"twitter:data2\" content=\"2 minutos\" \/>\n<script type=\"application\/ld+json\" class=\"yoast-schema-graph\">{\"@context\":\"https:\\\/\\\/schema.org\",\"@graph\":[{\"@type\":\"Article\",\"@id\":\"http:\\\/\\\/www.defensoria.gob.ve\\\/?p=12767#article\",\"isPartOf\":{\"@id\":\"http:\\\/\\\/www.defensoria.gob.ve\\\/?p=12767\"},\"author\":{\"name\":\"KF.\",\"@id\":\"http:\\\/\\\/www.defensoria.gob.ve\\\/#\\\/schema\\\/person\\\/0fcc680c550d91982c4c009f5b19b8ec\"},\"headline\":\"Delegada de La Guaira realiza labor de vigilancia en Centros de Detenci\u00f3n\",\"datePublished\":\"2025-07-04T21:50:16+00:00\",\"dateModified\":\"2025-07-04T21:50:35+00:00\",\"mainEntityOfPage\":{\"@id\":\"http:\\\/\\\/www.defensoria.gob.ve\\\/?p=12767\"},\"wordCount\":282,\"image\":{\"@id\":\"http:\\\/\\\/www.defensoria.gob.ve\\\/?p=12767#primaryimage\"},\"thumbnailUrl\":\"http:\\\/\\\/www.defensoria.gob.ve\\\/wp-content\\\/uploads\\\/2025\\\/07\\\/1001168567-1.jpg\",\"articleSection\":[\"REGIONALES\"],\"inLanguage\":\"es\"},{\"@type\":\"WebPage\",\"@id\":\"http:\\\/\\\/www.defensoria.gob.ve\\\/?p=12767\",\"url\":\"http:\\\/\\\/www.defensoria.gob.ve\\\/?p=12767\",\"name\":\"Delegada de La Guaira realiza labor de vigilancia en Centros de Detenci\u00f3n -\",\"isPartOf\":{\"@id\":\"http:\\\/\\\/www.defensoria.gob.ve\\\/#website\"},\"primaryImageOfPage\":{\"@id\":\"http:\\\/\\\/www.defensoria.gob.ve\\\/?p=12767#primaryimage\"},\"image\":{\"@id\":\"http:\\\/\\\/www.defensoria.gob.ve\\\/?p=12767#primaryimage\"},\"thumbnailUrl\":\"http:\\\/\\\/www.defensoria.gob.ve\\\/wp-content\\\/uploads\\\/2025\\\/07\\\/1001168567-1.jpg\",\"datePublished\":\"2025-07-04T21:50:16+00:00\",\"dateModified\":\"2025-07-04T21:50:35+00:00\",\"author\":{\"@id\":\"http:\\\/\\\/www.defensoria.gob.ve\\\/#\\\/schema\\\/person\\\/0fcc680c550d91982c4c009f5b19b8ec\"},\"breadcrumb\":{\"@id\":\"http:\\\/\\\/www.defensoria.gob.ve\\\/?p=12767#breadcrumb\"},\"inLanguage\":\"es\",\"potentialAction\":[{\"@type\":\"ReadAction\",\"target\":[\"http:\\\/\\\/www.defensoria.gob.ve\\\/?p=12767\"]}]},{\"@type\":\"ImageObject\",\"inLanguage\":\"es\",\"@id\":\"http:\\\/\\\/www.defensoria.gob.ve\\\/?p=12767#primaryimage\",\"url\":\"http:\\\/\\\/www.defensoria.gob.ve\\\/wp-content\\\/uploads\\\/2025\\\/07\\\/1001168567-1.jpg\",\"contentUrl\":\"http:\\\/\\\/www.defensoria.gob.ve\\\/wp-content\\\/uploads\\\/2025\\\/07\\\/1001168567-1.jpg\",\"width\":2560,\"height\":1920},{\"@type\":\"BreadcrumbList\",\"@id\":\"http:\\\/\\\/www.defensoria.gob.ve\\\/?p=12767#breadcrumb\",\"itemListElement\":[{\"@type\":\"ListItem\",\"position\":1,\"name\":\"Portada\",\"item\":\"http:\\\/\\\/www.defensoria.gob.ve\\\/\"},{\"@type\":\"ListItem\",\"position\":2,\"name\":\"Delegada de La Guaira realiza labor de vigilancia en Centros de Detenci\u00f3n\"}]},{\"@type\":\"WebSite\",\"@id\":\"http:\\\/\\\/www.defensoria.gob.ve\\\/#website\",\"url\":\"http:\\\/\\\/www.defensoria.gob.ve\\\/\",\"name\":\"\",\"description\":\"Instituci\u00f3n del Poder Ciudadano para la Promoci\u00f3n, Defensa y Vigilancia de los Derechos Humanos. \",\"potentialAction\":[{\"@type\":\"SearchAction\",\"target\":{\"@type\":\"EntryPoint\",\"urlTemplate\":\"http:\\\/\\\/www.defensoria.gob.ve\\\/?s={search_term_string}\"},\"query-input\":{\"@type\":\"PropertyValueSpecification\",\"valueRequired\":true,\"valueName\":\"search_term_string\"}}],\"inLanguage\":\"es\"},{\"@type\":\"Person\",\"@id\":\"http:\\\/\\\/www.defensoria.gob.ve\\\/#\\\/schema\\\/person\\\/0fcc680c550d91982c4c009f5b19b8ec\",\"name\":\"KF.\",\"image\":{\"@type\":\"ImageObject\",\"inLanguage\":\"es\",\"@id\":\"https:\\\/\\\/secure.gravatar.com\\\/avatar\\\/d7d0d6b70133abf46e0bf5e7f5f63f5ae46353601f9ad9a981c38691d4b186b0?s=96&d=mm&r=g\",\"url\":\"https:\\\/\\\/secure.gravatar.com\\\/avatar\\\/d7d0d6b70133abf46e0bf5e7f5f63f5ae46353601f9ad9a981c38691d4b186b0?s=96&d=mm&r=g\",\"contentUrl\":\"https:\\\/\\\/secure.gravatar.com\\\/avatar\\\/d7d0d6b70133abf46e0bf5e7f5f63f5ae46353601f9ad9a981c38691d4b186b0?s=96&d=mm&r=g\",\"caption\":\"KF.\"},\"url\":\"http:\\\/\\\/www.defensoria.gob.ve\\\/?author=14\"}]}<\/script>\n<!-- \/ Yoast SEO plugin. -->","yoast_head_json":{"title":"Delegada de La Guaira realiza labor de vigilancia en Centros de Detenci\u00f3n -","robots":{"index":"index","follow":"follow","max-snippet":"max-snippet:-1","max-image-preview":"max-image-preview:large","max-video-preview":"max-video-preview:-1"},"canonical":"http:\/\/www.defensoria.gob.ve\/?p=12767","og_locale":"es_ES","og_type":"article","og_title":"Delegada de La Guaira realiza labor de vigilancia en Centros de Detenci\u00f3n -","og_description":"(La Guaira \/ 04-Jul-2025) La Defensor\u00eda del Pueblo delegada del estado La Guaira realiz\u00f3 una inspecci\u00f3n en el Centro de Detenci\u00f3n de la Polic\u00eda regional, ubicado en la parroquia Macuto.&hellip;","og_url":"http:\/\/www.defensoria.gob.ve\/?p=12767","article_published_time":"2025-07-04T21:50:16+00:00","article_modified_time":"2025-07-04T21:50:35+00:00","og_image":[{"width":2560,"height":1920,"url":"http:\/\/www.defensoria.gob.ve\/wp-content\/uploads\/2025\/07\/1001168567-1.jpg","type":"image\/jpeg"}],"author":"KF.","twitter_card":"summary_large_image","twitter_misc":{"Escrito por":"KF.","Tiempo estimado de lectura":"2 minutos"},"schema":{"@context":"https:\/\/schema.org","@graph":[{"@type":"Article","@id":"http:\/\/www.defensoria.gob.ve\/?p=12767#article","isPartOf":{"@id":"http:\/\/www.defensoria.gob.ve\/?p=12767"},"author":{"name":"KF.","@id":"http:\/\/www.defensoria.gob.ve\/#\/schema\/person\/0fcc680c550d91982c4c009f5b19b8ec"},"headline":"Delegada de La Guaira realiza labor de vigilancia en Centros de Detenci\u00f3n","datePublished":"2025-07-04T21:50:16+00:00","dateModified":"2025-07-04T21:50:35+00:00","mainEntityOfPage":{"@id":"http:\/\/www.defensoria.gob.ve\/?p=12767"},"wordCount":282,"image":{"@id":"http:\/\/www.defensoria.gob.ve\/?p=12767#primaryimage"},"thumbnailUrl":"http:\/\/www.defensoria.gob.ve\/wp-content\/uploads\/2025\/07\/1001168567-1.jpg","articleSection":["REGIONALES"],"inLanguage":"es"},{"@type":"WebPage","@id":"http:\/\/www.defensoria.gob.ve\/?p=12767","url":"http:\/\/www.defensoria.gob.ve\/?p=12767","name":"Delegada de La Guaira realiza labor de vigilancia en Centros de Detenci\u00f3n -","isPartOf":{"@id":"http:\/\/www.defensoria.gob.ve\/#website"},"primaryImageOfPage":{"@id":"http:\/\/www.defensoria.gob.ve\/?p=12767#primaryimage"},"image":{"@id":"http:\/\/www.defensoria.gob.ve\/?p=12767#primaryimage"},"thumbnailUrl":"http:\/\/www.defensoria.gob.ve\/wp-content\/uploads\/2025\/07\/1001168567-1.jpg","datePublished":"2025-07-04T21:50:16+00:00","dateModified":"2025-07-04T21:50:35+00:00","author":{"@id":"http:\/\/www.defensoria.gob.ve\/#\/schema\/person\/0fcc680c550d91982c4c009f5b19b8ec"},"breadcrumb":{"@id":"http:\/\/www.defensoria.gob.ve\/?p=12767#breadcrumb"},"inLanguage":"es","potentialAction":[{"@type":"ReadAction","target":["http:\/\/www.defensoria.gob.ve\/?p=12767"]}]},{"@type":"ImageObject","inLanguage":"es","@id":"http:\/\/www.defensoria.gob.ve\/?p=12767#primaryimage","url":"http:\/\/www.defensoria.gob.ve\/wp-content\/uploads\/2025\/07\/1001168567-1.jpg","contentUrl":"http:\/\/www.defensoria.gob.ve\/wp-content\/uploads\/2025\/07\/1001168567-1.jpg","width":2560,"height":1920},{"@type":"BreadcrumbList","@id":"http:\/\/www.defensoria.gob.ve\/?p=12767#breadcrumb","itemListElement":[{"@type":"ListItem","position":1,"name":"Portada","item":"http:\/\/www.defensoria.gob.ve\/"},{"@type":"ListItem","position":2,"name":"Delegada de La Guaira realiza labor de vigilancia en Centros de Detenci\u00f3n"}]},{"@type":"WebSite","@id":"http:\/\/www.defensoria.gob.ve\/#website","url":"http:\/\/www.defensoria.gob.ve\/","name":"","description":"Instituci\u00f3n del Poder Ciudadano para la Promoci\u00f3n, Defensa y Vigilancia de los Derechos Humanos. ","potentialAction":[{"@type":"SearchAction","target":{"@type":"EntryPoint","urlTemplate":"http:\/\/www.defensoria.gob.ve\/?s={search_term_string}"},"query-input":{"@type":"PropertyValueSpecification","valueRequired":true,"valueName":"search_term_string"}}],"inLanguage":"es"},{"@type":"Person","@id":"http:\/\/www.defensoria.gob.ve\/#\/schema\/person\/0fcc680c550d91982c4c009f5b19b8ec","name":"KF.","image":{"@type":"ImageObject","inLanguage":"es","@id":"https:\/\/secure.gravatar.com\/avatar\/d7d0d6b70133abf46e0bf5e7f5f63f5ae46353601f9ad9a981c38691d4b186b0?s=96&d=mm&r=g","url":"https:\/\/secure.gravatar.com\/avatar\/d7d0d6b70133abf46e0bf5e7f5f63f5ae46353601f9ad9a981c38691d4b186b0?s=96&d=mm&r=g","contentUrl":"https:\/\/secure.gravatar.com\/avatar\/d7d0d6b70133abf46e0bf5e7f5f63f5ae46353601f9ad9a981c38691d4b186b0?s=96&d=mm&r=g","caption":"KF."},"url":"http:\/\/www.defensoria.gob.ve\/?author=14"}]}},"_links":{"self":[{"href":"http:\/\/www.defensoria.gob.ve\/index.php?rest_route=\/wp\/v2\/posts\/12767","targetHints":{"allow":["GET"]}}],"collection":[{"href":"http:\/\/www.defensoria.gob.ve\/index.php?rest_route=\/wp\/v2\/posts"}],"about":[{"href":"http:\/\/www.defensoria.gob.ve\/index.php?rest_route=\/wp\/v2\/types\/post"}],"author":[{"embeddable":true,"href":"http:\/\/www.defensoria.gob.ve\/index.php?rest_route=\/wp\/v2\/users\/14"}],"replies":[{"embeddable":true,"href":"http:\/\/www.defensoria.gob.ve\/index.php?rest_route=%2Fwp%2Fv2%2Fcomments&post=12767"}],"version-history":[{"count":4,"href":"http:\/\/www.defensoria.gob.ve\/index.php?rest_route=\/wp\/v2\/posts\/12767\/revisions"}],"predecessor-version":[{"id":12773,"href":"http:\/\/www.defensoria.gob.ve\/index.php?rest_route=\/wp\/v2\/posts\/12767\/revisions\/12773"}],"wp:featuredmedia":[{"embeddable":true,"href":"http:\/\/www.defensoria.gob.ve\/index.php?rest_route=\/wp\/v2\/media\/12769"}],"wp:attachment":[{"href":"http:\/\/www.defensoria.gob.ve\/index.php?rest_route=%2Fwp%2Fv2%2Fmedia&parent=12767"}],"wp:term":[{"taxonomy":"category","embeddable":true,"href":"http:\/\/www.defensoria.gob.ve\/index.php?rest_route=%2Fwp%2Fv2%2Fcategories&post=12767"},{"taxonomy":"post_tag","embeddable":true,"href":"http:\/\/www.defensoria.gob.ve\/index.php?rest_route=%2Fwp%2Fv2%2Ftags&post=12767"}],"curies":[{"name":"wp","href":"https:\/\/api.w.org\/{rel}","templated":true}]}}