 
{"id":12786,"date":"2025-07-07T14:21:58","date_gmt":"2025-07-07T18:21:58","guid":{"rendered":"http:\/\/www.defensoria.gob.ve\/?p=12786"},"modified":"2025-07-07T14:22:23","modified_gmt":"2025-07-07T18:22:23","slug":"delegada-del-estado-bolivar-participo-en-gabinete-comunal-de-prevencion-para-la-vida-y-la-paz","status":"publish","type":"post","link":"http:\/\/www.defensoria.gob.ve\/?p=12786","title":{"rendered":"Delegada del estado Bol\u00edvar particip\u00f3 en Gabinete Comunal de Prevenci\u00f3n para la Vida y la Paz"},"content":{"rendered":"\t\t<div data-elementor-type=\"wp-post\" data-elementor-id=\"12786\" class=\"elementor elementor-12786\">\n\t\t\t\t\t\t<section class=\"elementor-section elementor-top-section elementor-element elementor-element-7aa5b301 elementor-section-boxed elementor-section-height-default elementor-section-height-default\" data-id=\"7aa5b301\" data-element_type=\"section\" data-e-type=\"section\">\n\t\t\t\t\t\t<div class=\"elementor-container elementor-column-gap-default\">\n\t\t\t\t\t<div class=\"elementor-column elementor-col-100 elementor-top-column elementor-element elementor-element-2ccc3e61\" data-id=\"2ccc3e61\" data-element_type=\"column\" data-e-type=\"column\">\n\t\t\t<div class=\"elementor-widget-wrap elementor-element-populated\">\n\t\t\t\t\t\t<div class=\"elementor-element elementor-element-34fe6e58 elementor-widget elementor-widget-text-editor\" data-id=\"34fe6e58\" data-element_type=\"widget\" data-e-type=\"widget\" data-widget_type=\"text-editor.default\">\n\t\t\t\t<div class=\"elementor-widget-container\">\n\t\t\t\t\t\t\t\t\t\n<p>(Bol\u00edvar\/07-Jul-2025) Defensor\u00eda delegada del estado Bol\u00edvar particip\u00f3 en el segundo Gabinete Comunal de Prevenci\u00f3n para la Vida y la Paz, realizada en las instalaciones de la Cancha Techada Juvea, parroquia La Sabanita de Ciudad Bol\u00edvar.<br \/>El Gabinete Comunal de Prevenci\u00f3n para la Vida y la Paz tiene como objetivo implementar estrategias que promuevan una convivencia pac\u00edfica y la prevenci\u00f3n del delito, articulando esfuerzos entre las instituciones y la comunidad.<\/p>\n\n<figure class=\"wp-block-image size-full\"><img fetchpriority=\"high\" decoding=\"async\" width=\"1280\" height=\"960\" class=\"wp-image-12787\" src=\"http:\/\/www.defensoria.gob.ve\/wp-content\/uploads\/2025\/07\/5113957589175086476.jpg\" alt=\"\" srcset=\"http:\/\/www.defensoria.gob.ve\/wp-content\/uploads\/2025\/07\/5113957589175086476.jpg 1280w, http:\/\/www.defensoria.gob.ve\/wp-content\/uploads\/2025\/07\/5113957589175086476-768x576.jpg 768w\" sizes=\"(max-width: 1280px) 100vw, 1280px\" \/><\/figure>\n\n<p><br \/>En dicha actividad la delegada de Bol\u00edvar imparti\u00f3 conocimientos sobre: Atribuciones y Competencias de la Defensor\u00eda del Pueblo dirigido a las comunidades presentes de las diferentes parroquias que integran la entidad.<br \/>As\u00ed mismo, se realiz\u00f3 recepci\u00f3n de planillas, orientaciones, entrega de tr\u00edpticos alusivos a temas de inter\u00e9s sobre atribuciones y competencias de la Defensor\u00eda del Pueblo para los ciudadanos y ciudadanas presentes.<br \/>Igualmente, se realizaron encuentros y reuniones interinstitucionales; adem\u00e1s de la articulaci\u00f3n con movimientos sociales para pr\u00f3ximas jornadas y encuentros en diferentes comunidades y parroquias del municipio Angostura del Orinoco. FIN\/ PRENSA Defensor\u00eda<\/p>\n\t\t\t\t\t\t\t\t<\/div>\n\t\t\t\t<\/div>\n\t\t\t\t\t<\/div>\n\t\t<\/div>\n\t\t\t\t\t<\/div>\n\t\t<\/section>\n\t\t\t\t<\/div>\n\t\t","protected":false},"excerpt":{"rendered":"<p>(Bol\u00edvar\/07-Jul-2025) Defensor\u00eda delegada del estado Bol\u00edvar particip\u00f3 en el segundo Gabinete Comunal de Prevenci\u00f3n para la Vida y la Paz, realizada en las instalaciones de la Cancha Techada Juvea, parroquia&hellip; <\/p>\n","protected":false},"author":14,"featured_media":12788,"comment_status":"closed","ping_status":"open","sticky":false,"template":"","format":"standard","meta":{"footnotes":""},"categories":[5],"tags":[],"class_list":["post-12786","post","type-post","status-publish","format-standard","has-post-thumbnail","hentry","category-regionales"],"yoast_head":"<!-- This site is optimized with the Yoast SEO plugin v27.4 - https:\/\/yoast.com\/product\/yoast-seo-wordpress\/ -->\n<title>Delegada del estado Bol\u00edvar particip\u00f3 en Gabinete Comunal de Prevenci\u00f3n para la Vida y la Paz -<\/title>\n<meta name=\"robots\" content=\"index, follow, max-snippet:-1, max-image-preview:large, max-video-preview:-1\" \/>\n<link rel=\"canonical\" href=\"http:\/\/www.defensoria.gob.ve\/?p=12786\" \/>\n<meta property=\"og:locale\" content=\"es_ES\" \/>\n<meta property=\"og:type\" content=\"article\" \/>\n<meta property=\"og:title\" content=\"Delegada del estado Bol\u00edvar particip\u00f3 en Gabinete Comunal de Prevenci\u00f3n para la Vida y la Paz -\" \/>\n<meta property=\"og:description\" content=\"(Bol\u00edvar\/07-Jul-2025) Defensor\u00eda delegada del estado Bol\u00edvar particip\u00f3 en el segundo Gabinete Comunal de Prevenci\u00f3n para la Vida y la Paz, realizada en las instalaciones de la Cancha Techada Juvea, parroquia&hellip;\" \/>\n<meta property=\"og:url\" content=\"http:\/\/www.defensoria.gob.ve\/?p=12786\" \/>\n<meta property=\"article:published_time\" content=\"2025-07-07T18:21:58+00:00\" \/>\n<meta property=\"article:modified_time\" content=\"2025-07-07T18:22:23+00:00\" \/>\n<meta property=\"og:image\" content=\"http:\/\/www.defensoria.gob.ve\/wp-content\/uploads\/2025\/07\/5113957589175086483.jpg\" \/>\n\t<meta property=\"og:image:width\" content=\"1280\" \/>\n\t<meta property=\"og:image:height\" content=\"960\" \/>\n\t<meta property=\"og:image:type\" content=\"image\/jpeg\" \/>\n<meta name=\"author\" content=\"KF.\" \/>\n<meta name=\"twitter:card\" content=\"summary_large_image\" \/>\n<meta name=\"twitter:label1\" content=\"Escrito por\" \/>\n\t<meta name=\"twitter:data1\" content=\"KF.\" \/>\n\t<meta name=\"twitter:label2\" content=\"Tiempo estimado de lectura\" \/>\n\t<meta name=\"twitter:data2\" content=\"1 minuto\" \/>\n<script type=\"application\/ld+json\" class=\"yoast-schema-graph\">{\"@context\":\"https:\\\/\\\/schema.org\",\"@graph\":[{\"@type\":\"Article\",\"@id\":\"http:\\\/\\\/www.defensoria.gob.ve\\\/?p=12786#article\",\"isPartOf\":{\"@id\":\"http:\\\/\\\/www.defensoria.gob.ve\\\/?p=12786\"},\"author\":{\"name\":\"KF.\",\"@id\":\"http:\\\/\\\/www.defensoria.gob.ve\\\/#\\\/schema\\\/person\\\/0fcc680c550d91982c4c009f5b19b8ec\"},\"headline\":\"Delegada del estado Bol\u00edvar particip\u00f3 en Gabinete Comunal de Prevenci\u00f3n para la Vida y la Paz\",\"datePublished\":\"2025-07-07T18:21:58+00:00\",\"dateModified\":\"2025-07-07T18:22:23+00:00\",\"mainEntityOfPage\":{\"@id\":\"http:\\\/\\\/www.defensoria.gob.ve\\\/?p=12786\"},\"wordCount\":200,\"image\":{\"@id\":\"http:\\\/\\\/www.defensoria.gob.ve\\\/?p=12786#primaryimage\"},\"thumbnailUrl\":\"http:\\\/\\\/www.defensoria.gob.ve\\\/wp-content\\\/uploads\\\/2025\\\/07\\\/5113957589175086483.jpg\",\"articleSection\":[\"REGIONALES\"],\"inLanguage\":\"es\"},{\"@type\":\"WebPage\",\"@id\":\"http:\\\/\\\/www.defensoria.gob.ve\\\/?p=12786\",\"url\":\"http:\\\/\\\/www.defensoria.gob.ve\\\/?p=12786\",\"name\":\"Delegada del estado Bol\u00edvar particip\u00f3 en Gabinete Comunal de Prevenci\u00f3n para la Vida y la Paz -\",\"isPartOf\":{\"@id\":\"http:\\\/\\\/www.defensoria.gob.ve\\\/#website\"},\"primaryImageOfPage\":{\"@id\":\"http:\\\/\\\/www.defensoria.gob.ve\\\/?p=12786#primaryimage\"},\"image\":{\"@id\":\"http:\\\/\\\/www.defensoria.gob.ve\\\/?p=12786#primaryimage\"},\"thumbnailUrl\":\"http:\\\/\\\/www.defensoria.gob.ve\\\/wp-content\\\/uploads\\\/2025\\\/07\\\/5113957589175086483.jpg\",\"datePublished\":\"2025-07-07T18:21:58+00:00\",\"dateModified\":\"2025-07-07T18:22:23+00:00\",\"author\":{\"@id\":\"http:\\\/\\\/www.defensoria.gob.ve\\\/#\\\/schema\\\/person\\\/0fcc680c550d91982c4c009f5b19b8ec\"},\"breadcrumb\":{\"@id\":\"http:\\\/\\\/www.defensoria.gob.ve\\\/?p=12786#breadcrumb\"},\"inLanguage\":\"es\",\"potentialAction\":[{\"@type\":\"ReadAction\",\"target\":[\"http:\\\/\\\/www.defensoria.gob.ve\\\/?p=12786\"]}]},{\"@type\":\"ImageObject\",\"inLanguage\":\"es\",\"@id\":\"http:\\\/\\\/www.defensoria.gob.ve\\\/?p=12786#primaryimage\",\"url\":\"http:\\\/\\\/www.defensoria.gob.ve\\\/wp-content\\\/uploads\\\/2025\\\/07\\\/5113957589175086483.jpg\",\"contentUrl\":\"http:\\\/\\\/www.defensoria.gob.ve\\\/wp-content\\\/uploads\\\/2025\\\/07\\\/5113957589175086483.jpg\",\"width\":1280,\"height\":960},{\"@type\":\"BreadcrumbList\",\"@id\":\"http:\\\/\\\/www.defensoria.gob.ve\\\/?p=12786#breadcrumb\",\"itemListElement\":[{\"@type\":\"ListItem\",\"position\":1,\"name\":\"Portada\",\"item\":\"http:\\\/\\\/www.defensoria.gob.ve\\\/\"},{\"@type\":\"ListItem\",\"position\":2,\"name\":\"Delegada del estado Bol\u00edvar particip\u00f3 en Gabinete Comunal de Prevenci\u00f3n para la Vida y la Paz\"}]},{\"@type\":\"WebSite\",\"@id\":\"http:\\\/\\\/www.defensoria.gob.ve\\\/#website\",\"url\":\"http:\\\/\\\/www.defensoria.gob.ve\\\/\",\"name\":\"\",\"description\":\"Instituci\u00f3n del Poder Ciudadano para la Promoci\u00f3n, Defensa y Vigilancia de los Derechos Humanos. \",\"potentialAction\":[{\"@type\":\"SearchAction\",\"target\":{\"@type\":\"EntryPoint\",\"urlTemplate\":\"http:\\\/\\\/www.defensoria.gob.ve\\\/?s={search_term_string}\"},\"query-input\":{\"@type\":\"PropertyValueSpecification\",\"valueRequired\":true,\"valueName\":\"search_term_string\"}}],\"inLanguage\":\"es\"},{\"@type\":\"Person\",\"@id\":\"http:\\\/\\\/www.defensoria.gob.ve\\\/#\\\/schema\\\/person\\\/0fcc680c550d91982c4c009f5b19b8ec\",\"name\":\"KF.\",\"image\":{\"@type\":\"ImageObject\",\"inLanguage\":\"es\",\"@id\":\"https:\\\/\\\/secure.gravatar.com\\\/avatar\\\/d7d0d6b70133abf46e0bf5e7f5f63f5ae46353601f9ad9a981c38691d4b186b0?s=96&d=mm&r=g\",\"url\":\"https:\\\/\\\/secure.gravatar.com\\\/avatar\\\/d7d0d6b70133abf46e0bf5e7f5f63f5ae46353601f9ad9a981c38691d4b186b0?s=96&d=mm&r=g\",\"contentUrl\":\"https:\\\/\\\/secure.gravatar.com\\\/avatar\\\/d7d0d6b70133abf46e0bf5e7f5f63f5ae46353601f9ad9a981c38691d4b186b0?s=96&d=mm&r=g\",\"caption\":\"KF.\"},\"url\":\"http:\\\/\\\/www.defensoria.gob.ve\\\/?author=14\"}]}<\/script>\n<!-- \/ Yoast SEO plugin. -->","yoast_head_json":{"title":"Delegada del estado Bol\u00edvar particip\u00f3 en Gabinete Comunal de Prevenci\u00f3n para la Vida y la Paz -","robots":{"index":"index","follow":"follow","max-snippet":"max-snippet:-1","max-image-preview":"max-image-preview:large","max-video-preview":"max-video-preview:-1"},"canonical":"http:\/\/www.defensoria.gob.ve\/?p=12786","og_locale":"es_ES","og_type":"article","og_title":"Delegada del estado Bol\u00edvar particip\u00f3 en Gabinete Comunal de Prevenci\u00f3n para la Vida y la Paz -","og_description":"(Bol\u00edvar\/07-Jul-2025) Defensor\u00eda delegada del estado Bol\u00edvar particip\u00f3 en el segundo Gabinete Comunal de Prevenci\u00f3n para la Vida y la Paz, realizada en las instalaciones de la Cancha Techada Juvea, parroquia&hellip;","og_url":"http:\/\/www.defensoria.gob.ve\/?p=12786","article_published_time":"2025-07-07T18:21:58+00:00","article_modified_time":"2025-07-07T18:22:23+00:00","og_image":[{"width":1280,"height":960,"url":"http:\/\/www.defensoria.gob.ve\/wp-content\/uploads\/2025\/07\/5113957589175086483.jpg","type":"image\/jpeg"}],"author":"KF.","twitter_card":"summary_large_image","twitter_misc":{"Escrito por":"KF.","Tiempo estimado de lectura":"1 minuto"},"schema":{"@context":"https:\/\/schema.org","@graph":[{"@type":"Article","@id":"http:\/\/www.defensoria.gob.ve\/?p=12786#article","isPartOf":{"@id":"http:\/\/www.defensoria.gob.ve\/?p=12786"},"author":{"name":"KF.","@id":"http:\/\/www.defensoria.gob.ve\/#\/schema\/person\/0fcc680c550d91982c4c009f5b19b8ec"},"headline":"Delegada del estado Bol\u00edvar particip\u00f3 en Gabinete Comunal de Prevenci\u00f3n para la Vida y la Paz","datePublished":"2025-07-07T18:21:58+00:00","dateModified":"2025-07-07T18:22:23+00:00","mainEntityOfPage":{"@id":"http:\/\/www.defensoria.gob.ve\/?p=12786"},"wordCount":200,"image":{"@id":"http:\/\/www.defensoria.gob.ve\/?p=12786#primaryimage"},"thumbnailUrl":"http:\/\/www.defensoria.gob.ve\/wp-content\/uploads\/2025\/07\/5113957589175086483.jpg","articleSection":["REGIONALES"],"inLanguage":"es"},{"@type":"WebPage","@id":"http:\/\/www.defensoria.gob.ve\/?p=12786","url":"http:\/\/www.defensoria.gob.ve\/?p=12786","name":"Delegada del estado Bol\u00edvar particip\u00f3 en Gabinete Comunal de Prevenci\u00f3n para la Vida y la Paz -","isPartOf":{"@id":"http:\/\/www.defensoria.gob.ve\/#website"},"primaryImageOfPage":{"@id":"http:\/\/www.defensoria.gob.ve\/?p=12786#primaryimage"},"image":{"@id":"http:\/\/www.defensoria.gob.ve\/?p=12786#primaryimage"},"thumbnailUrl":"http:\/\/www.defensoria.gob.ve\/wp-content\/uploads\/2025\/07\/5113957589175086483.jpg","datePublished":"2025-07-07T18:21:58+00:00","dateModified":"2025-07-07T18:22:23+00:00","author":{"@id":"http:\/\/www.defensoria.gob.ve\/#\/schema\/person\/0fcc680c550d91982c4c009f5b19b8ec"},"breadcrumb":{"@id":"http:\/\/www.defensoria.gob.ve\/?p=12786#breadcrumb"},"inLanguage":"es","potentialAction":[{"@type":"ReadAction","target":["http:\/\/www.defensoria.gob.ve\/?p=12786"]}]},{"@type":"ImageObject","inLanguage":"es","@id":"http:\/\/www.defensoria.gob.ve\/?p=12786#primaryimage","url":"http:\/\/www.defensoria.gob.ve\/wp-content\/uploads\/2025\/07\/5113957589175086483.jpg","contentUrl":"http:\/\/www.defensoria.gob.ve\/wp-content\/uploads\/2025\/07\/5113957589175086483.jpg","width":1280,"height":960},{"@type":"BreadcrumbList","@id":"http:\/\/www.defensoria.gob.ve\/?p=12786#breadcrumb","itemListElement":[{"@type":"ListItem","position":1,"name":"Portada","item":"http:\/\/www.defensoria.gob.ve\/"},{"@type":"ListItem","position":2,"name":"Delegada del estado Bol\u00edvar particip\u00f3 en Gabinete Comunal de Prevenci\u00f3n para la Vida y la Paz"}]},{"@type":"WebSite","@id":"http:\/\/www.defensoria.gob.ve\/#website","url":"http:\/\/www.defensoria.gob.ve\/","name":"","description":"Instituci\u00f3n del Poder Ciudadano para la Promoci\u00f3n, Defensa y Vigilancia de los Derechos Humanos. ","potentialAction":[{"@type":"SearchAction","target":{"@type":"EntryPoint","urlTemplate":"http:\/\/www.defensoria.gob.ve\/?s={search_term_string}"},"query-input":{"@type":"PropertyValueSpecification","valueRequired":true,"valueName":"search_term_string"}}],"inLanguage":"es"},{"@type":"Person","@id":"http:\/\/www.defensoria.gob.ve\/#\/schema\/person\/0fcc680c550d91982c4c009f5b19b8ec","name":"KF.","image":{"@type":"ImageObject","inLanguage":"es","@id":"https:\/\/secure.gravatar.com\/avatar\/d7d0d6b70133abf46e0bf5e7f5f63f5ae46353601f9ad9a981c38691d4b186b0?s=96&d=mm&r=g","url":"https:\/\/secure.gravatar.com\/avatar\/d7d0d6b70133abf46e0bf5e7f5f63f5ae46353601f9ad9a981c38691d4b186b0?s=96&d=mm&r=g","contentUrl":"https:\/\/secure.gravatar.com\/avatar\/d7d0d6b70133abf46e0bf5e7f5f63f5ae46353601f9ad9a981c38691d4b186b0?s=96&d=mm&r=g","caption":"KF."},"url":"http:\/\/www.defensoria.gob.ve\/?author=14"}]}},"_links":{"self":[{"href":"http:\/\/www.defensoria.gob.ve\/index.php?rest_route=\/wp\/v2\/posts\/12786","targetHints":{"allow":["GET"]}}],"collection":[{"href":"http:\/\/www.defensoria.gob.ve\/index.php?rest_route=\/wp\/v2\/posts"}],"about":[{"href":"http:\/\/www.defensoria.gob.ve\/index.php?rest_route=\/wp\/v2\/types\/post"}],"author":[{"embeddable":true,"href":"http:\/\/www.defensoria.gob.ve\/index.php?rest_route=\/wp\/v2\/users\/14"}],"replies":[{"embeddable":true,"href":"http:\/\/www.defensoria.gob.ve\/index.php?rest_route=%2Fwp%2Fv2%2Fcomments&post=12786"}],"version-history":[{"count":4,"href":"http:\/\/www.defensoria.gob.ve\/index.php?rest_route=\/wp\/v2\/posts\/12786\/revisions"}],"predecessor-version":[{"id":12792,"href":"http:\/\/www.defensoria.gob.ve\/index.php?rest_route=\/wp\/v2\/posts\/12786\/revisions\/12792"}],"wp:featuredmedia":[{"embeddable":true,"href":"http:\/\/www.defensoria.gob.ve\/index.php?rest_route=\/wp\/v2\/media\/12788"}],"wp:attachment":[{"href":"http:\/\/www.defensoria.gob.ve\/index.php?rest_route=%2Fwp%2Fv2%2Fmedia&parent=12786"}],"wp:term":[{"taxonomy":"category","embeddable":true,"href":"http:\/\/www.defensoria.gob.ve\/index.php?rest_route=%2Fwp%2Fv2%2Fcategories&post=12786"},{"taxonomy":"post_tag","embeddable":true,"href":"http:\/\/www.defensoria.gob.ve\/index.php?rest_route=%2Fwp%2Fv2%2Ftags&post=12786"}],"curies":[{"name":"wp","href":"https:\/\/api.w.org\/{rel}","templated":true}]}}