 
{"id":12815,"date":"2025-07-08T15:07:39","date_gmt":"2025-07-08T19:07:39","guid":{"rendered":"http:\/\/www.defensoria.gob.ve\/?p=12815"},"modified":"2025-07-08T15:08:49","modified_gmt":"2025-07-08T19:08:49","slug":"delegada-del-estado-bolivar-facilito-un-curso-basico-en-ddhh","status":"publish","type":"post","link":"http:\/\/www.defensoria.gob.ve\/?p=12815","title":{"rendered":"Delegada del Estado Bol\u00edvar facilit\u00f3 un \u201cCurso b\u00e1sico en DDHH\u201d"},"content":{"rendered":"\t\t<div data-elementor-type=\"wp-post\" data-elementor-id=\"12815\" class=\"elementor elementor-12815\">\n\t\t\t\t\t\t<section class=\"elementor-section elementor-top-section elementor-element elementor-element-578bdbed elementor-section-boxed elementor-section-height-default elementor-section-height-default\" data-id=\"578bdbed\" data-element_type=\"section\" data-e-type=\"section\">\n\t\t\t\t\t\t<div class=\"elementor-container elementor-column-gap-default\">\n\t\t\t\t\t<div class=\"elementor-column elementor-col-100 elementor-top-column elementor-element elementor-element-cb16dd8\" data-id=\"cb16dd8\" data-element_type=\"column\" data-e-type=\"column\">\n\t\t\t<div class=\"elementor-widget-wrap elementor-element-populated\">\n\t\t\t\t\t\t<div class=\"elementor-element elementor-element-6e966f91 elementor-widget elementor-widget-text-editor\" data-id=\"6e966f91\" data-element_type=\"widget\" data-e-type=\"widget\" data-widget_type=\"text-editor.default\">\n\t\t\t\t<div class=\"elementor-widget-container\">\n\t\t\t\t\t\t\t\t\t\n<p>(Bol\u00edvar\/08-Jul-2025) La Defensor\u00eda delegada del estado Bol\u00edvar certific\u00f3 a funcionarios y funcionarias pertenecientes al Ministerio del Poder Popular para el Servicio Penitenciario, que prestan servicios en la Entidad de Varones en conflicto con la Ley Penal en Ciudad Bol\u00edvar, que participaron en \u201cCurso b\u00e1sico en DDHH\u201d.<\/p>\n\n<figure class=\"wp-block-image size-full\"><img fetchpriority=\"high\" decoding=\"async\" width=\"1280\" height=\"960\" class=\"wp-image-12818\" src=\"http:\/\/www.defensoria.gob.ve\/wp-content\/uploads\/2025\/07\/5136543507924758505.jpg\" alt=\"\" srcset=\"http:\/\/www.defensoria.gob.ve\/wp-content\/uploads\/2025\/07\/5136543507924758505.jpg 1280w, http:\/\/www.defensoria.gob.ve\/wp-content\/uploads\/2025\/07\/5136543507924758505-768x576.jpg 768w\" sizes=\"(max-width: 1280px) 100vw, 1280px\" \/><\/figure>\n\n<p>La Defensora delegada de la entidad, Zoraise Rond\u00f3n, se\u00f1al\u00f3 a los asistentes el rol de la Defensor\u00eda del Pueblo como ente supervisor y mediador de las instituciones del Estado, indicando que la formaci\u00f3n constituye un elemento fundamental que est\u00e1 orientada hacia el cumplimiento y respeto a los Derechos Humanos de todas y todos.<\/p>\n\n<figure class=\"wp-block-image size-full\"><img decoding=\"async\" width=\"1280\" height=\"960\" class=\"wp-image-12817\" src=\"http:\/\/www.defensoria.gob.ve\/wp-content\/uploads\/2025\/07\/5136543507924758504.jpg\" alt=\"\" srcset=\"http:\/\/www.defensoria.gob.ve\/wp-content\/uploads\/2025\/07\/5136543507924758504.jpg 1280w, http:\/\/www.defensoria.gob.ve\/wp-content\/uploads\/2025\/07\/5136543507924758504-768x576.jpg 768w\" sizes=\"(max-width: 1280px) 100vw, 1280px\" \/><\/figure>\n\n<p>En dicha actividad se abordaron los siguientes temas: Atribuciones y competencias de la Defensor\u00eda del Pueblo, Derechos humanos desde una perspectiva cr\u00edtica, \u00c9tica del servidor y servidora p\u00fablica, Responsabilidad penal de los y las Adolescentes y la Trata de personas, entre otras tem\u00e1ticas. FIN \/ PRENSA Defensor\u00eda<\/p>\n\t\t\t\t\t\t\t\t<\/div>\n\t\t\t\t<\/div>\n\t\t\t\t\t<\/div>\n\t\t<\/div>\n\t\t\t\t\t<\/div>\n\t\t<\/section>\n\t\t\t\t<\/div>\n\t\t","protected":false},"excerpt":{"rendered":"<p>(Bol\u00edvar\/08-Jul-2025) La Defensor\u00eda delegada del estado Bol\u00edvar certific\u00f3 a funcionarios y funcionarias pertenecientes al Ministerio del Poder Popular para el Servicio Penitenciario, que prestan servicios en la Entidad de Varones&hellip; <\/p>\n","protected":false},"author":14,"featured_media":12819,"comment_status":"closed","ping_status":"open","sticky":false,"template":"","format":"standard","meta":{"footnotes":""},"categories":[5],"tags":[],"class_list":["post-12815","post","type-post","status-publish","format-standard","has-post-thumbnail","hentry","category-regionales"],"yoast_head":"<!-- This site is optimized with the Yoast SEO plugin v27.4 - https:\/\/yoast.com\/product\/yoast-seo-wordpress\/ -->\n<title>Delegada del Estado Bol\u00edvar facilit\u00f3 un \u201cCurso b\u00e1sico en DDHH\u201d -<\/title>\n<meta name=\"robots\" content=\"index, follow, max-snippet:-1, max-image-preview:large, max-video-preview:-1\" \/>\n<link rel=\"canonical\" href=\"http:\/\/www.defensoria.gob.ve\/?p=12815\" \/>\n<meta property=\"og:locale\" content=\"es_ES\" \/>\n<meta property=\"og:type\" content=\"article\" \/>\n<meta property=\"og:title\" content=\"Delegada del Estado Bol\u00edvar facilit\u00f3 un \u201cCurso b\u00e1sico en DDHH\u201d -\" \/>\n<meta property=\"og:description\" content=\"(Bol\u00edvar\/08-Jul-2025) La Defensor\u00eda delegada del estado Bol\u00edvar certific\u00f3 a funcionarios y funcionarias pertenecientes al Ministerio del Poder Popular para el Servicio Penitenciario, que prestan servicios en la Entidad de Varones&hellip;\" \/>\n<meta property=\"og:url\" content=\"http:\/\/www.defensoria.gob.ve\/?p=12815\" \/>\n<meta property=\"article:published_time\" content=\"2025-07-08T19:07:39+00:00\" \/>\n<meta property=\"article:modified_time\" content=\"2025-07-08T19:08:49+00:00\" \/>\n<meta property=\"og:image\" content=\"http:\/\/www.defensoria.gob.ve\/wp-content\/uploads\/2025\/07\/5136543507924758503.jpg\" \/>\n\t<meta property=\"og:image:width\" content=\"800\" \/>\n\t<meta property=\"og:image:height\" content=\"600\" \/>\n\t<meta property=\"og:image:type\" content=\"image\/jpeg\" \/>\n<meta name=\"author\" content=\"KF.\" \/>\n<meta name=\"twitter:card\" content=\"summary_large_image\" \/>\n<meta name=\"twitter:label1\" content=\"Escrito por\" \/>\n\t<meta name=\"twitter:data1\" content=\"KF.\" \/>\n\t<meta name=\"twitter:label2\" content=\"Tiempo estimado de lectura\" \/>\n\t<meta name=\"twitter:data2\" content=\"2 minutos\" \/>\n<script type=\"application\/ld+json\" class=\"yoast-schema-graph\">{\"@context\":\"https:\\\/\\\/schema.org\",\"@graph\":[{\"@type\":\"Article\",\"@id\":\"http:\\\/\\\/www.defensoria.gob.ve\\\/?p=12815#article\",\"isPartOf\":{\"@id\":\"http:\\\/\\\/www.defensoria.gob.ve\\\/?p=12815\"},\"author\":{\"name\":\"KF.\",\"@id\":\"http:\\\/\\\/www.defensoria.gob.ve\\\/#\\\/schema\\\/person\\\/0fcc680c550d91982c4c009f5b19b8ec\"},\"headline\":\"Delegada del Estado Bol\u00edvar facilit\u00f3 un \u201cCurso b\u00e1sico en DDHH\u201d\",\"datePublished\":\"2025-07-08T19:07:39+00:00\",\"dateModified\":\"2025-07-08T19:08:49+00:00\",\"mainEntityOfPage\":{\"@id\":\"http:\\\/\\\/www.defensoria.gob.ve\\\/?p=12815\"},\"wordCount\":172,\"image\":{\"@id\":\"http:\\\/\\\/www.defensoria.gob.ve\\\/?p=12815#primaryimage\"},\"thumbnailUrl\":\"http:\\\/\\\/www.defensoria.gob.ve\\\/wp-content\\\/uploads\\\/2025\\\/07\\\/5136543507924758503.jpg\",\"articleSection\":[\"REGIONALES\"],\"inLanguage\":\"es\"},{\"@type\":\"WebPage\",\"@id\":\"http:\\\/\\\/www.defensoria.gob.ve\\\/?p=12815\",\"url\":\"http:\\\/\\\/www.defensoria.gob.ve\\\/?p=12815\",\"name\":\"Delegada del Estado Bol\u00edvar facilit\u00f3 un \u201cCurso b\u00e1sico en DDHH\u201d -\",\"isPartOf\":{\"@id\":\"http:\\\/\\\/www.defensoria.gob.ve\\\/#website\"},\"primaryImageOfPage\":{\"@id\":\"http:\\\/\\\/www.defensoria.gob.ve\\\/?p=12815#primaryimage\"},\"image\":{\"@id\":\"http:\\\/\\\/www.defensoria.gob.ve\\\/?p=12815#primaryimage\"},\"thumbnailUrl\":\"http:\\\/\\\/www.defensoria.gob.ve\\\/wp-content\\\/uploads\\\/2025\\\/07\\\/5136543507924758503.jpg\",\"datePublished\":\"2025-07-08T19:07:39+00:00\",\"dateModified\":\"2025-07-08T19:08:49+00:00\",\"author\":{\"@id\":\"http:\\\/\\\/www.defensoria.gob.ve\\\/#\\\/schema\\\/person\\\/0fcc680c550d91982c4c009f5b19b8ec\"},\"breadcrumb\":{\"@id\":\"http:\\\/\\\/www.defensoria.gob.ve\\\/?p=12815#breadcrumb\"},\"inLanguage\":\"es\",\"potentialAction\":[{\"@type\":\"ReadAction\",\"target\":[\"http:\\\/\\\/www.defensoria.gob.ve\\\/?p=12815\"]}]},{\"@type\":\"ImageObject\",\"inLanguage\":\"es\",\"@id\":\"http:\\\/\\\/www.defensoria.gob.ve\\\/?p=12815#primaryimage\",\"url\":\"http:\\\/\\\/www.defensoria.gob.ve\\\/wp-content\\\/uploads\\\/2025\\\/07\\\/5136543507924758503.jpg\",\"contentUrl\":\"http:\\\/\\\/www.defensoria.gob.ve\\\/wp-content\\\/uploads\\\/2025\\\/07\\\/5136543507924758503.jpg\",\"width\":800,\"height\":600},{\"@type\":\"BreadcrumbList\",\"@id\":\"http:\\\/\\\/www.defensoria.gob.ve\\\/?p=12815#breadcrumb\",\"itemListElement\":[{\"@type\":\"ListItem\",\"position\":1,\"name\":\"Portada\",\"item\":\"http:\\\/\\\/www.defensoria.gob.ve\\\/\"},{\"@type\":\"ListItem\",\"position\":2,\"name\":\"Delegada del Estado Bol\u00edvar facilit\u00f3 un \u201cCurso b\u00e1sico en DDHH\u201d\"}]},{\"@type\":\"WebSite\",\"@id\":\"http:\\\/\\\/www.defensoria.gob.ve\\\/#website\",\"url\":\"http:\\\/\\\/www.defensoria.gob.ve\\\/\",\"name\":\"\",\"description\":\"Instituci\u00f3n del Poder Ciudadano para la Promoci\u00f3n, Defensa y Vigilancia de los Derechos Humanos. \",\"potentialAction\":[{\"@type\":\"SearchAction\",\"target\":{\"@type\":\"EntryPoint\",\"urlTemplate\":\"http:\\\/\\\/www.defensoria.gob.ve\\\/?s={search_term_string}\"},\"query-input\":{\"@type\":\"PropertyValueSpecification\",\"valueRequired\":true,\"valueName\":\"search_term_string\"}}],\"inLanguage\":\"es\"},{\"@type\":\"Person\",\"@id\":\"http:\\\/\\\/www.defensoria.gob.ve\\\/#\\\/schema\\\/person\\\/0fcc680c550d91982c4c009f5b19b8ec\",\"name\":\"KF.\",\"image\":{\"@type\":\"ImageObject\",\"inLanguage\":\"es\",\"@id\":\"https:\\\/\\\/secure.gravatar.com\\\/avatar\\\/d7d0d6b70133abf46e0bf5e7f5f63f5ae46353601f9ad9a981c38691d4b186b0?s=96&d=mm&r=g\",\"url\":\"https:\\\/\\\/secure.gravatar.com\\\/avatar\\\/d7d0d6b70133abf46e0bf5e7f5f63f5ae46353601f9ad9a981c38691d4b186b0?s=96&d=mm&r=g\",\"contentUrl\":\"https:\\\/\\\/secure.gravatar.com\\\/avatar\\\/d7d0d6b70133abf46e0bf5e7f5f63f5ae46353601f9ad9a981c38691d4b186b0?s=96&d=mm&r=g\",\"caption\":\"KF.\"},\"url\":\"http:\\\/\\\/www.defensoria.gob.ve\\\/?author=14\"}]}<\/script>\n<!-- \/ Yoast SEO plugin. -->","yoast_head_json":{"title":"Delegada del Estado Bol\u00edvar facilit\u00f3 un \u201cCurso b\u00e1sico en DDHH\u201d -","robots":{"index":"index","follow":"follow","max-snippet":"max-snippet:-1","max-image-preview":"max-image-preview:large","max-video-preview":"max-video-preview:-1"},"canonical":"http:\/\/www.defensoria.gob.ve\/?p=12815","og_locale":"es_ES","og_type":"article","og_title":"Delegada del Estado Bol\u00edvar facilit\u00f3 un \u201cCurso b\u00e1sico en DDHH\u201d -","og_description":"(Bol\u00edvar\/08-Jul-2025) La Defensor\u00eda delegada del estado Bol\u00edvar certific\u00f3 a funcionarios y funcionarias pertenecientes al Ministerio del Poder Popular para el Servicio Penitenciario, que prestan servicios en la Entidad de Varones&hellip;","og_url":"http:\/\/www.defensoria.gob.ve\/?p=12815","article_published_time":"2025-07-08T19:07:39+00:00","article_modified_time":"2025-07-08T19:08:49+00:00","og_image":[{"width":800,"height":600,"url":"http:\/\/www.defensoria.gob.ve\/wp-content\/uploads\/2025\/07\/5136543507924758503.jpg","type":"image\/jpeg"}],"author":"KF.","twitter_card":"summary_large_image","twitter_misc":{"Escrito por":"KF.","Tiempo estimado de lectura":"2 minutos"},"schema":{"@context":"https:\/\/schema.org","@graph":[{"@type":"Article","@id":"http:\/\/www.defensoria.gob.ve\/?p=12815#article","isPartOf":{"@id":"http:\/\/www.defensoria.gob.ve\/?p=12815"},"author":{"name":"KF.","@id":"http:\/\/www.defensoria.gob.ve\/#\/schema\/person\/0fcc680c550d91982c4c009f5b19b8ec"},"headline":"Delegada del Estado Bol\u00edvar facilit\u00f3 un \u201cCurso b\u00e1sico en DDHH\u201d","datePublished":"2025-07-08T19:07:39+00:00","dateModified":"2025-07-08T19:08:49+00:00","mainEntityOfPage":{"@id":"http:\/\/www.defensoria.gob.ve\/?p=12815"},"wordCount":172,"image":{"@id":"http:\/\/www.defensoria.gob.ve\/?p=12815#primaryimage"},"thumbnailUrl":"http:\/\/www.defensoria.gob.ve\/wp-content\/uploads\/2025\/07\/5136543507924758503.jpg","articleSection":["REGIONALES"],"inLanguage":"es"},{"@type":"WebPage","@id":"http:\/\/www.defensoria.gob.ve\/?p=12815","url":"http:\/\/www.defensoria.gob.ve\/?p=12815","name":"Delegada del Estado Bol\u00edvar facilit\u00f3 un \u201cCurso b\u00e1sico en DDHH\u201d -","isPartOf":{"@id":"http:\/\/www.defensoria.gob.ve\/#website"},"primaryImageOfPage":{"@id":"http:\/\/www.defensoria.gob.ve\/?p=12815#primaryimage"},"image":{"@id":"http:\/\/www.defensoria.gob.ve\/?p=12815#primaryimage"},"thumbnailUrl":"http:\/\/www.defensoria.gob.ve\/wp-content\/uploads\/2025\/07\/5136543507924758503.jpg","datePublished":"2025-07-08T19:07:39+00:00","dateModified":"2025-07-08T19:08:49+00:00","author":{"@id":"http:\/\/www.defensoria.gob.ve\/#\/schema\/person\/0fcc680c550d91982c4c009f5b19b8ec"},"breadcrumb":{"@id":"http:\/\/www.defensoria.gob.ve\/?p=12815#breadcrumb"},"inLanguage":"es","potentialAction":[{"@type":"ReadAction","target":["http:\/\/www.defensoria.gob.ve\/?p=12815"]}]},{"@type":"ImageObject","inLanguage":"es","@id":"http:\/\/www.defensoria.gob.ve\/?p=12815#primaryimage","url":"http:\/\/www.defensoria.gob.ve\/wp-content\/uploads\/2025\/07\/5136543507924758503.jpg","contentUrl":"http:\/\/www.defensoria.gob.ve\/wp-content\/uploads\/2025\/07\/5136543507924758503.jpg","width":800,"height":600},{"@type":"BreadcrumbList","@id":"http:\/\/www.defensoria.gob.ve\/?p=12815#breadcrumb","itemListElement":[{"@type":"ListItem","position":1,"name":"Portada","item":"http:\/\/www.defensoria.gob.ve\/"},{"@type":"ListItem","position":2,"name":"Delegada del Estado Bol\u00edvar facilit\u00f3 un \u201cCurso b\u00e1sico en DDHH\u201d"}]},{"@type":"WebSite","@id":"http:\/\/www.defensoria.gob.ve\/#website","url":"http:\/\/www.defensoria.gob.ve\/","name":"","description":"Instituci\u00f3n del Poder Ciudadano para la Promoci\u00f3n, Defensa y Vigilancia de los Derechos Humanos. ","potentialAction":[{"@type":"SearchAction","target":{"@type":"EntryPoint","urlTemplate":"http:\/\/www.defensoria.gob.ve\/?s={search_term_string}"},"query-input":{"@type":"PropertyValueSpecification","valueRequired":true,"valueName":"search_term_string"}}],"inLanguage":"es"},{"@type":"Person","@id":"http:\/\/www.defensoria.gob.ve\/#\/schema\/person\/0fcc680c550d91982c4c009f5b19b8ec","name":"KF.","image":{"@type":"ImageObject","inLanguage":"es","@id":"https:\/\/secure.gravatar.com\/avatar\/d7d0d6b70133abf46e0bf5e7f5f63f5ae46353601f9ad9a981c38691d4b186b0?s=96&d=mm&r=g","url":"https:\/\/secure.gravatar.com\/avatar\/d7d0d6b70133abf46e0bf5e7f5f63f5ae46353601f9ad9a981c38691d4b186b0?s=96&d=mm&r=g","contentUrl":"https:\/\/secure.gravatar.com\/avatar\/d7d0d6b70133abf46e0bf5e7f5f63f5ae46353601f9ad9a981c38691d4b186b0?s=96&d=mm&r=g","caption":"KF."},"url":"http:\/\/www.defensoria.gob.ve\/?author=14"}]}},"_links":{"self":[{"href":"http:\/\/www.defensoria.gob.ve\/index.php?rest_route=\/wp\/v2\/posts\/12815","targetHints":{"allow":["GET"]}}],"collection":[{"href":"http:\/\/www.defensoria.gob.ve\/index.php?rest_route=\/wp\/v2\/posts"}],"about":[{"href":"http:\/\/www.defensoria.gob.ve\/index.php?rest_route=\/wp\/v2\/types\/post"}],"author":[{"embeddable":true,"href":"http:\/\/www.defensoria.gob.ve\/index.php?rest_route=\/wp\/v2\/users\/14"}],"replies":[{"embeddable":true,"href":"http:\/\/www.defensoria.gob.ve\/index.php?rest_route=%2Fwp%2Fv2%2Fcomments&post=12815"}],"version-history":[{"count":4,"href":"http:\/\/www.defensoria.gob.ve\/index.php?rest_route=\/wp\/v2\/posts\/12815\/revisions"}],"predecessor-version":[{"id":12823,"href":"http:\/\/www.defensoria.gob.ve\/index.php?rest_route=\/wp\/v2\/posts\/12815\/revisions\/12823"}],"wp:featuredmedia":[{"embeddable":true,"href":"http:\/\/www.defensoria.gob.ve\/index.php?rest_route=\/wp\/v2\/media\/12819"}],"wp:attachment":[{"href":"http:\/\/www.defensoria.gob.ve\/index.php?rest_route=%2Fwp%2Fv2%2Fmedia&parent=12815"}],"wp:term":[{"taxonomy":"category","embeddable":true,"href":"http:\/\/www.defensoria.gob.ve\/index.php?rest_route=%2Fwp%2Fv2%2Fcategories&post=12815"},{"taxonomy":"post_tag","embeddable":true,"href":"http:\/\/www.defensoria.gob.ve\/index.php?rest_route=%2Fwp%2Fv2%2Ftags&post=12815"}],"curies":[{"name":"wp","href":"https:\/\/api.w.org\/{rel}","templated":true}]}}