 
{"id":12825,"date":"2025-07-09T13:10:12","date_gmt":"2025-07-09T17:10:12","guid":{"rendered":"http:\/\/www.defensoria.gob.ve\/?p=12825"},"modified":"2025-07-09T13:47:26","modified_gmt":"2025-07-09T17:47:26","slug":"defensor-del-pueblo-junto-a-nancy-zambrano-presentaron-libro-escritos-de-una-combatiente-de-la-guerrilla-urbana","status":"publish","type":"post","link":"http:\/\/www.defensoria.gob.ve\/?p=12825","title":{"rendered":"Defensor del Pueblo junto a Nancy Zambrano presentaron libro: Escritos de una combatiente de la guerrilla urbana"},"content":{"rendered":"\t\t<div data-elementor-type=\"wp-post\" data-elementor-id=\"12825\" class=\"elementor elementor-12825\">\n\t\t\t\t\t\t<section class=\"elementor-section elementor-top-section elementor-element elementor-element-17d6fb13 elementor-section-boxed elementor-section-height-default elementor-section-height-default\" data-id=\"17d6fb13\" data-element_type=\"section\" data-e-type=\"section\">\n\t\t\t\t\t\t<div class=\"elementor-container elementor-column-gap-default\">\n\t\t\t\t\t<div class=\"elementor-column elementor-col-100 elementor-top-column elementor-element elementor-element-44d69953\" data-id=\"44d69953\" data-element_type=\"column\" data-e-type=\"column\">\n\t\t\t<div class=\"elementor-widget-wrap elementor-element-populated\">\n\t\t\t\t\t\t<div class=\"elementor-element elementor-element-3716d52c elementor-widget elementor-widget-text-editor\" data-id=\"3716d52c\" data-element_type=\"widget\" data-e-type=\"widget\" data-widget_type=\"text-editor.default\">\n\t\t\t\t<div class=\"elementor-widget-container\">\n\t\t\t\t\t\t\t\t\t\n<p class=\"has-text-align-left\"><strong>(08-Jul-25)<\/strong> En el marco de la vig\u00e9sima primera edici\u00f3n de la Feria Internacional del Libro de Venezuela (Filven), que se lleva a cabo en los espacios de la Galer\u00eda de Arte Nacional (GAN) y en la Plaza de la Juventud, el Defensor del Pueblo, Alfredo Ruiz junto a la autora Nancy Zambrano presentaron el libro Escritos de una Combatiente de la Guerrilla Urbana de Caracas.<\/p>\n\n<p>\u00a0<\/p>\n\n<figure class=\"wp-block-gallery has-nested-images columns-default is-cropped wp-block-gallery-2 is-layout-flex wp-block-gallery-is-layout-flex\">\n<figure class=\"wp-block-image size-full\"><img fetchpriority=\"high\" decoding=\"async\" width=\"960\" height=\"540\" data-id=\"12831\" class=\"wp-image-12831\" src=\"http:\/\/www.defensoria.gob.ve\/wp-content\/uploads\/2025\/07\/foto-0-1.jpg\" alt=\"\" srcset=\"http:\/\/www.defensoria.gob.ve\/wp-content\/uploads\/2025\/07\/foto-0-1.jpg 960w, http:\/\/www.defensoria.gob.ve\/wp-content\/uploads\/2025\/07\/foto-0-1-768x432.jpg 768w\" sizes=\"(max-width: 960px) 100vw, 960px\" \/><\/figure>\n<\/figure>\n\n<p>Ambos estuvieron acompa\u00f1ados por el viceministro de Fomento para la Econom\u00eda Cultural, adem\u00e1s presidente del Centro Nacional del Libro y director Ejecutivo de la Fundaci\u00f3n Editorial El perro y la rana, Ra\u00fal Cazal y la coordinadora de Publicaciones de la Defensor\u00eda del Pueblo, Carolina Brito. \u00a0\u00a0\u00a0<\/p>\n\n<p>Para el Defensor del Pueblo se trata de una obra vivencial que expone la lucha constante de su autora Nancy Zambrano Rivas y sus compa\u00f1eros y compa\u00f1eras de lucha por los ideales revolucionarios que marcaron a una generaci\u00f3n de j\u00f3venes en la d\u00e9cada de los a\u00f1os 60, 70 y 80, en una Venezuela que clamaba justicia social y el respeto a la dignidad de las personas y a sus derechos humanos.<\/p>\n\n<figure class=\"wp-block-image size-full\"><img decoding=\"async\" width=\"960\" height=\"540\" class=\"wp-image-12826\" src=\"http:\/\/www.defensoria.gob.ve\/wp-content\/uploads\/2025\/07\/FOTO-13.jpg\" alt=\"\" srcset=\"http:\/\/www.defensoria.gob.ve\/wp-content\/uploads\/2025\/07\/FOTO-13.jpg 960w, http:\/\/www.defensoria.gob.ve\/wp-content\/uploads\/2025\/07\/FOTO-13-768x432.jpg 768w\" sizes=\"(max-width: 960px) 100vw, 960px\" \/><\/figure>\n\n<p>Nancy Zambrano posee una amplia cultura, es mag\u00edster en computaci\u00f3n en Venezuela y doctorada en ciencias inform\u00e1ticas en Francia, profesora universitaria jubilada de la Universidad Central de Venezuela. Su vida es s\u00edmbolo de lealtad a los principios, de consecuencia con las ideas de las que cree con firmeza, ha pasado por dif\u00edciles experiencias sin perder la condici\u00f3n humana y luchadora social que la caracteriza.<\/p>\n\n<figure class=\"wp-block-image size-full\"><img decoding=\"async\" width=\"1080\" height=\"607\" class=\"wp-image-12830\" src=\"http:\/\/www.defensoria.gob.ve\/wp-content\/uploads\/2025\/07\/FOTO-14.jpg\" alt=\"\" srcset=\"http:\/\/www.defensoria.gob.ve\/wp-content\/uploads\/2025\/07\/FOTO-14.jpg 1080w, http:\/\/www.defensoria.gob.ve\/wp-content\/uploads\/2025\/07\/FOTO-14-768x432.jpg 768w\" sizes=\"(max-width: 1080px) 100vw, 1080px\" \/><\/figure>\n\n<p>\u00a0<\/p>\n\n<p>Nancy Zambrano con apenas 17 a\u00f1os asumi\u00f3 la lucha armada urbana, form\u00f3 parte de la comandancia del Destacamento Livia Gouverneur, actuando en operaciones que se hicieron famosas para la \u00e9poca, como el secuestro de los cuadros de la exposici\u00f3n Cien A\u00f1os de Pintura Francesa en el Museo de Bellas Artes de Caracas y el asalto a la Misi\u00f3n Militar Norteamericana.<\/p>\n\n<p>Para su autora, este libro describe la etapa que vivi\u00f3 una generaci\u00f3n en Venezuela en la d\u00e9cada de los 60. Su contenido est\u00e1 lejos del panfleto. Es, quiz\u00e1s, el testimonio m\u00e1s lacerante sobre la etapa que vivi\u00f3 una generaci\u00f3n. Por eso, se trata de un libro que no defrauda. Que no es ficci\u00f3n. Ni impostura. Ni maquillaje. Por eso cautiva y estremece a todo aquel que lo lee. \u00a0<strong>FIN \/PRENSA Defensor\u00eda<\/strong><\/p>\n\t\t\t\t\t\t\t\t<\/div>\n\t\t\t\t<\/div>\n\t\t\t\t\t<\/div>\n\t\t<\/div>\n\t\t\t\t\t<\/div>\n\t\t<\/section>\n\t\t\t\t<\/div>\n\t\t","protected":false},"excerpt":{"rendered":"<p>(08-Jul-25) En el marco de la vig\u00e9sima primera edici\u00f3n de la Feria Internacional del Libro de Venezuela (Filven), que se lleva a cabo en los espacios de la Galer\u00eda de&hellip; <\/p>\n","protected":false},"author":5,"featured_media":12827,"comment_status":"closed","ping_status":"open","sticky":false,"template":"","format":"standard","meta":{"footnotes":""},"categories":[3],"tags":[],"class_list":["post-12825","post","type-post","status-publish","format-standard","has-post-thumbnail","hentry","category-centrales"],"yoast_head":"<!-- This site is optimized with the Yoast SEO plugin v27.4 - https:\/\/yoast.com\/product\/yoast-seo-wordpress\/ -->\n<title>Defensor del Pueblo junto a Nancy Zambrano presentaron libro: Escritos de una combatiente de la guerrilla urbana -<\/title>\n<meta name=\"robots\" content=\"index, follow, max-snippet:-1, max-image-preview:large, max-video-preview:-1\" \/>\n<link rel=\"canonical\" href=\"http:\/\/www.defensoria.gob.ve\/?p=12825\" \/>\n<meta property=\"og:locale\" content=\"es_ES\" \/>\n<meta property=\"og:type\" content=\"article\" \/>\n<meta property=\"og:title\" content=\"Defensor del Pueblo junto a Nancy Zambrano presentaron libro: Escritos de una combatiente de la guerrilla urbana -\" \/>\n<meta property=\"og:description\" content=\"(08-Jul-25) En el marco de la vig\u00e9sima primera edici\u00f3n de la Feria Internacional del Libro de Venezuela (Filven), que se lleva a cabo en los espacios de la Galer\u00eda de&hellip;\" \/>\n<meta property=\"og:url\" content=\"http:\/\/www.defensoria.gob.ve\/?p=12825\" \/>\n<meta property=\"article:published_time\" content=\"2025-07-09T17:10:12+00:00\" \/>\n<meta property=\"article:modified_time\" content=\"2025-07-09T17:47:26+00:00\" \/>\n<meta property=\"og:image\" content=\"http:\/\/www.defensoria.gob.ve\/wp-content\/uploads\/2025\/07\/FOTO-4.jpg\" \/>\n\t<meta property=\"og:image:width\" content=\"960\" \/>\n\t<meta property=\"og:image:height\" content=\"540\" \/>\n\t<meta property=\"og:image:type\" content=\"image\/jpeg\" \/>\n<meta name=\"author\" content=\"JC.\" \/>\n<meta name=\"twitter:card\" content=\"summary_large_image\" \/>\n<meta name=\"twitter:label1\" content=\"Escrito por\" \/>\n\t<meta name=\"twitter:data1\" content=\"JC.\" \/>\n\t<meta name=\"twitter:label2\" content=\"Tiempo estimado de lectura\" \/>\n\t<meta name=\"twitter:data2\" content=\"3 minutos\" \/>\n<script type=\"application\/ld+json\" class=\"yoast-schema-graph\">{\"@context\":\"https:\\\/\\\/schema.org\",\"@graph\":[{\"@type\":\"Article\",\"@id\":\"http:\\\/\\\/www.defensoria.gob.ve\\\/?p=12825#article\",\"isPartOf\":{\"@id\":\"http:\\\/\\\/www.defensoria.gob.ve\\\/?p=12825\"},\"author\":{\"name\":\"JC.\",\"@id\":\"http:\\\/\\\/www.defensoria.gob.ve\\\/#\\\/schema\\\/person\\\/fba14293189d7b1933ac7fba9d89e24a\"},\"headline\":\"Defensor del Pueblo junto a Nancy Zambrano presentaron libro: Escritos de una combatiente de la guerrilla urbana\",\"datePublished\":\"2025-07-09T17:10:12+00:00\",\"dateModified\":\"2025-07-09T17:47:26+00:00\",\"mainEntityOfPage\":{\"@id\":\"http:\\\/\\\/www.defensoria.gob.ve\\\/?p=12825\"},\"wordCount\":420,\"image\":{\"@id\":\"http:\\\/\\\/www.defensoria.gob.ve\\\/?p=12825#primaryimage\"},\"thumbnailUrl\":\"http:\\\/\\\/www.defensoria.gob.ve\\\/wp-content\\\/uploads\\\/2025\\\/07\\\/FOTO-4.jpg\",\"articleSection\":[\"CENTRALES\"],\"inLanguage\":\"es\"},{\"@type\":\"WebPage\",\"@id\":\"http:\\\/\\\/www.defensoria.gob.ve\\\/?p=12825\",\"url\":\"http:\\\/\\\/www.defensoria.gob.ve\\\/?p=12825\",\"name\":\"Defensor del Pueblo junto a Nancy Zambrano presentaron libro: Escritos de una combatiente de la guerrilla urbana -\",\"isPartOf\":{\"@id\":\"http:\\\/\\\/www.defensoria.gob.ve\\\/#website\"},\"primaryImageOfPage\":{\"@id\":\"http:\\\/\\\/www.defensoria.gob.ve\\\/?p=12825#primaryimage\"},\"image\":{\"@id\":\"http:\\\/\\\/www.defensoria.gob.ve\\\/?p=12825#primaryimage\"},\"thumbnailUrl\":\"http:\\\/\\\/www.defensoria.gob.ve\\\/wp-content\\\/uploads\\\/2025\\\/07\\\/FOTO-4.jpg\",\"datePublished\":\"2025-07-09T17:10:12+00:00\",\"dateModified\":\"2025-07-09T17:47:26+00:00\",\"author\":{\"@id\":\"http:\\\/\\\/www.defensoria.gob.ve\\\/#\\\/schema\\\/person\\\/fba14293189d7b1933ac7fba9d89e24a\"},\"breadcrumb\":{\"@id\":\"http:\\\/\\\/www.defensoria.gob.ve\\\/?p=12825#breadcrumb\"},\"inLanguage\":\"es\",\"potentialAction\":[{\"@type\":\"ReadAction\",\"target\":[\"http:\\\/\\\/www.defensoria.gob.ve\\\/?p=12825\"]}]},{\"@type\":\"ImageObject\",\"inLanguage\":\"es\",\"@id\":\"http:\\\/\\\/www.defensoria.gob.ve\\\/?p=12825#primaryimage\",\"url\":\"http:\\\/\\\/www.defensoria.gob.ve\\\/wp-content\\\/uploads\\\/2025\\\/07\\\/FOTO-4.jpg\",\"contentUrl\":\"http:\\\/\\\/www.defensoria.gob.ve\\\/wp-content\\\/uploads\\\/2025\\\/07\\\/FOTO-4.jpg\",\"width\":960,\"height\":540},{\"@type\":\"BreadcrumbList\",\"@id\":\"http:\\\/\\\/www.defensoria.gob.ve\\\/?p=12825#breadcrumb\",\"itemListElement\":[{\"@type\":\"ListItem\",\"position\":1,\"name\":\"Portada\",\"item\":\"http:\\\/\\\/www.defensoria.gob.ve\\\/\"},{\"@type\":\"ListItem\",\"position\":2,\"name\":\"Defensor del Pueblo junto a Nancy Zambrano presentaron libro: Escritos de una combatiente de la guerrilla urbana\"}]},{\"@type\":\"WebSite\",\"@id\":\"http:\\\/\\\/www.defensoria.gob.ve\\\/#website\",\"url\":\"http:\\\/\\\/www.defensoria.gob.ve\\\/\",\"name\":\"\",\"description\":\"Instituci\u00f3n del Poder Ciudadano para la Promoci\u00f3n, Defensa y Vigilancia de los Derechos Humanos. \",\"potentialAction\":[{\"@type\":\"SearchAction\",\"target\":{\"@type\":\"EntryPoint\",\"urlTemplate\":\"http:\\\/\\\/www.defensoria.gob.ve\\\/?s={search_term_string}\"},\"query-input\":{\"@type\":\"PropertyValueSpecification\",\"valueRequired\":true,\"valueName\":\"search_term_string\"}}],\"inLanguage\":\"es\"},{\"@type\":\"Person\",\"@id\":\"http:\\\/\\\/www.defensoria.gob.ve\\\/#\\\/schema\\\/person\\\/fba14293189d7b1933ac7fba9d89e24a\",\"name\":\"JC.\",\"image\":{\"@type\":\"ImageObject\",\"inLanguage\":\"es\",\"@id\":\"https:\\\/\\\/secure.gravatar.com\\\/avatar\\\/f398a4de948606b38f0299d90ca738c674b648694bc725ed46503c240269dbf8?s=96&d=mm&r=g\",\"url\":\"https:\\\/\\\/secure.gravatar.com\\\/avatar\\\/f398a4de948606b38f0299d90ca738c674b648694bc725ed46503c240269dbf8?s=96&d=mm&r=g\",\"contentUrl\":\"https:\\\/\\\/secure.gravatar.com\\\/avatar\\\/f398a4de948606b38f0299d90ca738c674b648694bc725ed46503c240269dbf8?s=96&d=mm&r=g\",\"caption\":\"JC.\"},\"url\":\"http:\\\/\\\/www.defensoria.gob.ve\\\/?author=5\"}]}<\/script>\n<!-- \/ Yoast SEO plugin. -->","yoast_head_json":{"title":"Defensor del Pueblo junto a Nancy Zambrano presentaron libro: Escritos de una combatiente de la guerrilla urbana -","robots":{"index":"index","follow":"follow","max-snippet":"max-snippet:-1","max-image-preview":"max-image-preview:large","max-video-preview":"max-video-preview:-1"},"canonical":"http:\/\/www.defensoria.gob.ve\/?p=12825","og_locale":"es_ES","og_type":"article","og_title":"Defensor del Pueblo junto a Nancy Zambrano presentaron libro: Escritos de una combatiente de la guerrilla urbana -","og_description":"(08-Jul-25) En el marco de la vig\u00e9sima primera edici\u00f3n de la Feria Internacional del Libro de Venezuela (Filven), que se lleva a cabo en los espacios de la Galer\u00eda de&hellip;","og_url":"http:\/\/www.defensoria.gob.ve\/?p=12825","article_published_time":"2025-07-09T17:10:12+00:00","article_modified_time":"2025-07-09T17:47:26+00:00","og_image":[{"width":960,"height":540,"url":"http:\/\/www.defensoria.gob.ve\/wp-content\/uploads\/2025\/07\/FOTO-4.jpg","type":"image\/jpeg"}],"author":"JC.","twitter_card":"summary_large_image","twitter_misc":{"Escrito por":"JC.","Tiempo estimado de lectura":"3 minutos"},"schema":{"@context":"https:\/\/schema.org","@graph":[{"@type":"Article","@id":"http:\/\/www.defensoria.gob.ve\/?p=12825#article","isPartOf":{"@id":"http:\/\/www.defensoria.gob.ve\/?p=12825"},"author":{"name":"JC.","@id":"http:\/\/www.defensoria.gob.ve\/#\/schema\/person\/fba14293189d7b1933ac7fba9d89e24a"},"headline":"Defensor del Pueblo junto a Nancy Zambrano presentaron libro: Escritos de una combatiente de la guerrilla urbana","datePublished":"2025-07-09T17:10:12+00:00","dateModified":"2025-07-09T17:47:26+00:00","mainEntityOfPage":{"@id":"http:\/\/www.defensoria.gob.ve\/?p=12825"},"wordCount":420,"image":{"@id":"http:\/\/www.defensoria.gob.ve\/?p=12825#primaryimage"},"thumbnailUrl":"http:\/\/www.defensoria.gob.ve\/wp-content\/uploads\/2025\/07\/FOTO-4.jpg","articleSection":["CENTRALES"],"inLanguage":"es"},{"@type":"WebPage","@id":"http:\/\/www.defensoria.gob.ve\/?p=12825","url":"http:\/\/www.defensoria.gob.ve\/?p=12825","name":"Defensor del Pueblo junto a Nancy Zambrano presentaron libro: Escritos de una combatiente de la guerrilla urbana -","isPartOf":{"@id":"http:\/\/www.defensoria.gob.ve\/#website"},"primaryImageOfPage":{"@id":"http:\/\/www.defensoria.gob.ve\/?p=12825#primaryimage"},"image":{"@id":"http:\/\/www.defensoria.gob.ve\/?p=12825#primaryimage"},"thumbnailUrl":"http:\/\/www.defensoria.gob.ve\/wp-content\/uploads\/2025\/07\/FOTO-4.jpg","datePublished":"2025-07-09T17:10:12+00:00","dateModified":"2025-07-09T17:47:26+00:00","author":{"@id":"http:\/\/www.defensoria.gob.ve\/#\/schema\/person\/fba14293189d7b1933ac7fba9d89e24a"},"breadcrumb":{"@id":"http:\/\/www.defensoria.gob.ve\/?p=12825#breadcrumb"},"inLanguage":"es","potentialAction":[{"@type":"ReadAction","target":["http:\/\/www.defensoria.gob.ve\/?p=12825"]}]},{"@type":"ImageObject","inLanguage":"es","@id":"http:\/\/www.defensoria.gob.ve\/?p=12825#primaryimage","url":"http:\/\/www.defensoria.gob.ve\/wp-content\/uploads\/2025\/07\/FOTO-4.jpg","contentUrl":"http:\/\/www.defensoria.gob.ve\/wp-content\/uploads\/2025\/07\/FOTO-4.jpg","width":960,"height":540},{"@type":"BreadcrumbList","@id":"http:\/\/www.defensoria.gob.ve\/?p=12825#breadcrumb","itemListElement":[{"@type":"ListItem","position":1,"name":"Portada","item":"http:\/\/www.defensoria.gob.ve\/"},{"@type":"ListItem","position":2,"name":"Defensor del Pueblo junto a Nancy Zambrano presentaron libro: Escritos de una combatiente de la guerrilla urbana"}]},{"@type":"WebSite","@id":"http:\/\/www.defensoria.gob.ve\/#website","url":"http:\/\/www.defensoria.gob.ve\/","name":"","description":"Instituci\u00f3n del Poder Ciudadano para la Promoci\u00f3n, Defensa y Vigilancia de los Derechos Humanos. ","potentialAction":[{"@type":"SearchAction","target":{"@type":"EntryPoint","urlTemplate":"http:\/\/www.defensoria.gob.ve\/?s={search_term_string}"},"query-input":{"@type":"PropertyValueSpecification","valueRequired":true,"valueName":"search_term_string"}}],"inLanguage":"es"},{"@type":"Person","@id":"http:\/\/www.defensoria.gob.ve\/#\/schema\/person\/fba14293189d7b1933ac7fba9d89e24a","name":"JC.","image":{"@type":"ImageObject","inLanguage":"es","@id":"https:\/\/secure.gravatar.com\/avatar\/f398a4de948606b38f0299d90ca738c674b648694bc725ed46503c240269dbf8?s=96&d=mm&r=g","url":"https:\/\/secure.gravatar.com\/avatar\/f398a4de948606b38f0299d90ca738c674b648694bc725ed46503c240269dbf8?s=96&d=mm&r=g","contentUrl":"https:\/\/secure.gravatar.com\/avatar\/f398a4de948606b38f0299d90ca738c674b648694bc725ed46503c240269dbf8?s=96&d=mm&r=g","caption":"JC."},"url":"http:\/\/www.defensoria.gob.ve\/?author=5"}]}},"_links":{"self":[{"href":"http:\/\/www.defensoria.gob.ve\/index.php?rest_route=\/wp\/v2\/posts\/12825","targetHints":{"allow":["GET"]}}],"collection":[{"href":"http:\/\/www.defensoria.gob.ve\/index.php?rest_route=\/wp\/v2\/posts"}],"about":[{"href":"http:\/\/www.defensoria.gob.ve\/index.php?rest_route=\/wp\/v2\/types\/post"}],"author":[{"embeddable":true,"href":"http:\/\/www.defensoria.gob.ve\/index.php?rest_route=\/wp\/v2\/users\/5"}],"replies":[{"embeddable":true,"href":"http:\/\/www.defensoria.gob.ve\/index.php?rest_route=%2Fwp%2Fv2%2Fcomments&post=12825"}],"version-history":[{"count":5,"href":"http:\/\/www.defensoria.gob.ve\/index.php?rest_route=\/wp\/v2\/posts\/12825\/revisions"}],"predecessor-version":[{"id":12837,"href":"http:\/\/www.defensoria.gob.ve\/index.php?rest_route=\/wp\/v2\/posts\/12825\/revisions\/12837"}],"wp:featuredmedia":[{"embeddable":true,"href":"http:\/\/www.defensoria.gob.ve\/index.php?rest_route=\/wp\/v2\/media\/12827"}],"wp:attachment":[{"href":"http:\/\/www.defensoria.gob.ve\/index.php?rest_route=%2Fwp%2Fv2%2Fmedia&parent=12825"}],"wp:term":[{"taxonomy":"category","embeddable":true,"href":"http:\/\/www.defensoria.gob.ve\/index.php?rest_route=%2Fwp%2Fv2%2Fcategories&post=12825"},{"taxonomy":"post_tag","embeddable":true,"href":"http:\/\/www.defensoria.gob.ve\/index.php?rest_route=%2Fwp%2Fv2%2Ftags&post=12825"}],"curies":[{"name":"wp","href":"https:\/\/api.w.org\/{rel}","templated":true}]}}