 
{"id":12838,"date":"2025-07-09T15:58:37","date_gmt":"2025-07-09T19:58:37","guid":{"rendered":"http:\/\/www.defensoria.gob.ve\/?p=12838"},"modified":"2025-07-09T15:58:39","modified_gmt":"2025-07-09T19:58:39","slug":"defensoria-delegada-de-la-guaira-promueve-taller-para-la-prevencion-de-la-tortura-en-materno-infantil-de-macuto","status":"publish","type":"post","link":"http:\/\/www.defensoria.gob.ve\/?p=12838","title":{"rendered":"Defensor\u00eda delegada de La Guaira promueve taller para la prevenci\u00f3n de la tortura en Materno Infantil de Macuto"},"content":{"rendered":"\n<p>(La Guaira \/ 08-Jul-2025) La Defensor\u00eda del Pueblo delegada del estado La Guaira, en su misi\u00f3n de promoci\u00f3n y divulgaci\u00f3n de los Derechos Humanos, llev\u00f3 a cabo una reuni\u00f3n interinstitucional con autoridades del Materno Infantil de Macuto \u00abAna Teresa Ponte\u00bb. Con el objetivo de coordinar y ofrecer un taller acerca de la Prevenci\u00f3n de la Tortura, Tratos Crueles, Inhumanos y Degradantes.<\/p>\n\n\n\n<figure class=\"wp-block-image size-full\"><img fetchpriority=\"high\" decoding=\"async\" width=\"1000\" height=\"750\" src=\"http:\/\/www.defensoria.gob.ve\/wp-content\/uploads\/2025\/07\/1001177489-1.jpg\" alt=\"\" class=\"wp-image-12839\" srcset=\"http:\/\/www.defensoria.gob.ve\/wp-content\/uploads\/2025\/07\/1001177489-1.jpg 1000w, http:\/\/www.defensoria.gob.ve\/wp-content\/uploads\/2025\/07\/1001177489-1-768x576.jpg 768w\" sizes=\"(max-width: 1000px) 100vw, 1000px\" \/><\/figure>\n\n\n\n<p><br>Esta iniciativa busca fortalecer el conocimiento, estudio y fortalecimiento de los derechos humanos en este centro de salud y, evitar por parte del personal que all\u00ed labora actos que vulneren los derechos de quienes acuden a este nosocomio que es vital para los habitantes de esa entidad. FIN \/ PRENSA Defensor\u00eda<\/p>\n","protected":false},"excerpt":{"rendered":"<p>(La Guaira \/ 08-Jul-2025) La Defensor\u00eda del Pueblo delegada del estado La Guaira, en su misi\u00f3n de promoci\u00f3n y divulgaci\u00f3n de los Derechos Humanos, llev\u00f3 a cabo una reuni\u00f3n interinstitucional&hellip; <\/p>\n","protected":false},"author":14,"featured_media":12840,"comment_status":"closed","ping_status":"open","sticky":false,"template":"","format":"standard","meta":{"footnotes":""},"categories":[5],"tags":[],"class_list":["post-12838","post","type-post","status-publish","format-standard","has-post-thumbnail","hentry","category-regionales"],"yoast_head":"<!-- This site is optimized with the Yoast SEO plugin v27.4 - https:\/\/yoast.com\/product\/yoast-seo-wordpress\/ -->\n<title>Defensor\u00eda delegada de La Guaira promueve taller para la prevenci\u00f3n de la tortura en Materno Infantil de Macuto -<\/title>\n<meta name=\"robots\" content=\"index, follow, max-snippet:-1, max-image-preview:large, max-video-preview:-1\" \/>\n<link rel=\"canonical\" href=\"http:\/\/www.defensoria.gob.ve\/?p=12838\" \/>\n<meta property=\"og:locale\" content=\"es_ES\" \/>\n<meta property=\"og:type\" content=\"article\" \/>\n<meta property=\"og:title\" content=\"Defensor\u00eda delegada de La Guaira promueve taller para la prevenci\u00f3n de la tortura en Materno Infantil de Macuto -\" \/>\n<meta property=\"og:description\" content=\"(La Guaira \/ 08-Jul-2025) La Defensor\u00eda del Pueblo delegada del estado La Guaira, en su misi\u00f3n de promoci\u00f3n y divulgaci\u00f3n de los Derechos Humanos, llev\u00f3 a cabo una reuni\u00f3n interinstitucional&hellip;\" \/>\n<meta property=\"og:url\" content=\"http:\/\/www.defensoria.gob.ve\/?p=12838\" \/>\n<meta property=\"article:published_time\" content=\"2025-07-09T19:58:37+00:00\" \/>\n<meta property=\"article:modified_time\" content=\"2025-07-09T19:58:39+00:00\" \/>\n<meta property=\"og:image\" content=\"http:\/\/www.defensoria.gob.ve\/wp-content\/uploads\/2025\/07\/1001177490.jpg\" \/>\n\t<meta property=\"og:image:width\" content=\"1000\" \/>\n\t<meta property=\"og:image:height\" content=\"750\" \/>\n\t<meta property=\"og:image:type\" content=\"image\/jpeg\" \/>\n<meta name=\"author\" content=\"KF.\" \/>\n<meta name=\"twitter:card\" content=\"summary_large_image\" \/>\n<meta name=\"twitter:label1\" content=\"Escrito por\" \/>\n\t<meta name=\"twitter:data1\" content=\"KF.\" \/>\n\t<meta name=\"twitter:label2\" content=\"Tiempo estimado de lectura\" \/>\n\t<meta name=\"twitter:data2\" content=\"1 minuto\" \/>\n<script type=\"application\/ld+json\" class=\"yoast-schema-graph\">{\"@context\":\"https:\\\/\\\/schema.org\",\"@graph\":[{\"@type\":\"Article\",\"@id\":\"http:\\\/\\\/www.defensoria.gob.ve\\\/?p=12838#article\",\"isPartOf\":{\"@id\":\"http:\\\/\\\/www.defensoria.gob.ve\\\/?p=12838\"},\"author\":{\"name\":\"KF.\",\"@id\":\"http:\\\/\\\/www.defensoria.gob.ve\\\/#\\\/schema\\\/person\\\/0fcc680c550d91982c4c009f5b19b8ec\"},\"headline\":\"Defensor\u00eda delegada de La Guaira promueve taller para la prevenci\u00f3n de la tortura en Materno Infantil de Macuto\",\"datePublished\":\"2025-07-09T19:58:37+00:00\",\"dateModified\":\"2025-07-09T19:58:39+00:00\",\"mainEntityOfPage\":{\"@id\":\"http:\\\/\\\/www.defensoria.gob.ve\\\/?p=12838\"},\"wordCount\":137,\"image\":{\"@id\":\"http:\\\/\\\/www.defensoria.gob.ve\\\/?p=12838#primaryimage\"},\"thumbnailUrl\":\"http:\\\/\\\/www.defensoria.gob.ve\\\/wp-content\\\/uploads\\\/2025\\\/07\\\/1001177490.jpg\",\"articleSection\":[\"REGIONALES\"],\"inLanguage\":\"es\"},{\"@type\":\"WebPage\",\"@id\":\"http:\\\/\\\/www.defensoria.gob.ve\\\/?p=12838\",\"url\":\"http:\\\/\\\/www.defensoria.gob.ve\\\/?p=12838\",\"name\":\"Defensor\u00eda delegada de La Guaira promueve taller para la prevenci\u00f3n de la tortura en Materno Infantil de Macuto -\",\"isPartOf\":{\"@id\":\"http:\\\/\\\/www.defensoria.gob.ve\\\/#website\"},\"primaryImageOfPage\":{\"@id\":\"http:\\\/\\\/www.defensoria.gob.ve\\\/?p=12838#primaryimage\"},\"image\":{\"@id\":\"http:\\\/\\\/www.defensoria.gob.ve\\\/?p=12838#primaryimage\"},\"thumbnailUrl\":\"http:\\\/\\\/www.defensoria.gob.ve\\\/wp-content\\\/uploads\\\/2025\\\/07\\\/1001177490.jpg\",\"datePublished\":\"2025-07-09T19:58:37+00:00\",\"dateModified\":\"2025-07-09T19:58:39+00:00\",\"author\":{\"@id\":\"http:\\\/\\\/www.defensoria.gob.ve\\\/#\\\/schema\\\/person\\\/0fcc680c550d91982c4c009f5b19b8ec\"},\"breadcrumb\":{\"@id\":\"http:\\\/\\\/www.defensoria.gob.ve\\\/?p=12838#breadcrumb\"},\"inLanguage\":\"es\",\"potentialAction\":[{\"@type\":\"ReadAction\",\"target\":[\"http:\\\/\\\/www.defensoria.gob.ve\\\/?p=12838\"]}]},{\"@type\":\"ImageObject\",\"inLanguage\":\"es\",\"@id\":\"http:\\\/\\\/www.defensoria.gob.ve\\\/?p=12838#primaryimage\",\"url\":\"http:\\\/\\\/www.defensoria.gob.ve\\\/wp-content\\\/uploads\\\/2025\\\/07\\\/1001177490.jpg\",\"contentUrl\":\"http:\\\/\\\/www.defensoria.gob.ve\\\/wp-content\\\/uploads\\\/2025\\\/07\\\/1001177490.jpg\",\"width\":1000,\"height\":750},{\"@type\":\"BreadcrumbList\",\"@id\":\"http:\\\/\\\/www.defensoria.gob.ve\\\/?p=12838#breadcrumb\",\"itemListElement\":[{\"@type\":\"ListItem\",\"position\":1,\"name\":\"Portada\",\"item\":\"http:\\\/\\\/www.defensoria.gob.ve\\\/\"},{\"@type\":\"ListItem\",\"position\":2,\"name\":\"Defensor\u00eda delegada de La Guaira promueve taller para la prevenci\u00f3n de la tortura en Materno Infantil de Macuto\"}]},{\"@type\":\"WebSite\",\"@id\":\"http:\\\/\\\/www.defensoria.gob.ve\\\/#website\",\"url\":\"http:\\\/\\\/www.defensoria.gob.ve\\\/\",\"name\":\"\",\"description\":\"Instituci\u00f3n del Poder Ciudadano para la Promoci\u00f3n, Defensa y Vigilancia de los Derechos Humanos. \",\"potentialAction\":[{\"@type\":\"SearchAction\",\"target\":{\"@type\":\"EntryPoint\",\"urlTemplate\":\"http:\\\/\\\/www.defensoria.gob.ve\\\/?s={search_term_string}\"},\"query-input\":{\"@type\":\"PropertyValueSpecification\",\"valueRequired\":true,\"valueName\":\"search_term_string\"}}],\"inLanguage\":\"es\"},{\"@type\":\"Person\",\"@id\":\"http:\\\/\\\/www.defensoria.gob.ve\\\/#\\\/schema\\\/person\\\/0fcc680c550d91982c4c009f5b19b8ec\",\"name\":\"KF.\",\"image\":{\"@type\":\"ImageObject\",\"inLanguage\":\"es\",\"@id\":\"https:\\\/\\\/secure.gravatar.com\\\/avatar\\\/d7d0d6b70133abf46e0bf5e7f5f63f5ae46353601f9ad9a981c38691d4b186b0?s=96&d=mm&r=g\",\"url\":\"https:\\\/\\\/secure.gravatar.com\\\/avatar\\\/d7d0d6b70133abf46e0bf5e7f5f63f5ae46353601f9ad9a981c38691d4b186b0?s=96&d=mm&r=g\",\"contentUrl\":\"https:\\\/\\\/secure.gravatar.com\\\/avatar\\\/d7d0d6b70133abf46e0bf5e7f5f63f5ae46353601f9ad9a981c38691d4b186b0?s=96&d=mm&r=g\",\"caption\":\"KF.\"},\"url\":\"http:\\\/\\\/www.defensoria.gob.ve\\\/?author=14\"}]}<\/script>\n<!-- \/ Yoast SEO plugin. -->","yoast_head_json":{"title":"Defensor\u00eda delegada de La Guaira promueve taller para la prevenci\u00f3n de la tortura en Materno Infantil de Macuto -","robots":{"index":"index","follow":"follow","max-snippet":"max-snippet:-1","max-image-preview":"max-image-preview:large","max-video-preview":"max-video-preview:-1"},"canonical":"http:\/\/www.defensoria.gob.ve\/?p=12838","og_locale":"es_ES","og_type":"article","og_title":"Defensor\u00eda delegada de La Guaira promueve taller para la prevenci\u00f3n de la tortura en Materno Infantil de Macuto -","og_description":"(La Guaira \/ 08-Jul-2025) La Defensor\u00eda del Pueblo delegada del estado La Guaira, en su misi\u00f3n de promoci\u00f3n y divulgaci\u00f3n de los Derechos Humanos, llev\u00f3 a cabo una reuni\u00f3n interinstitucional&hellip;","og_url":"http:\/\/www.defensoria.gob.ve\/?p=12838","article_published_time":"2025-07-09T19:58:37+00:00","article_modified_time":"2025-07-09T19:58:39+00:00","og_image":[{"width":1000,"height":750,"url":"http:\/\/www.defensoria.gob.ve\/wp-content\/uploads\/2025\/07\/1001177490.jpg","type":"image\/jpeg"}],"author":"KF.","twitter_card":"summary_large_image","twitter_misc":{"Escrito por":"KF.","Tiempo estimado de lectura":"1 minuto"},"schema":{"@context":"https:\/\/schema.org","@graph":[{"@type":"Article","@id":"http:\/\/www.defensoria.gob.ve\/?p=12838#article","isPartOf":{"@id":"http:\/\/www.defensoria.gob.ve\/?p=12838"},"author":{"name":"KF.","@id":"http:\/\/www.defensoria.gob.ve\/#\/schema\/person\/0fcc680c550d91982c4c009f5b19b8ec"},"headline":"Defensor\u00eda delegada de La Guaira promueve taller para la prevenci\u00f3n de la tortura en Materno Infantil de Macuto","datePublished":"2025-07-09T19:58:37+00:00","dateModified":"2025-07-09T19:58:39+00:00","mainEntityOfPage":{"@id":"http:\/\/www.defensoria.gob.ve\/?p=12838"},"wordCount":137,"image":{"@id":"http:\/\/www.defensoria.gob.ve\/?p=12838#primaryimage"},"thumbnailUrl":"http:\/\/www.defensoria.gob.ve\/wp-content\/uploads\/2025\/07\/1001177490.jpg","articleSection":["REGIONALES"],"inLanguage":"es"},{"@type":"WebPage","@id":"http:\/\/www.defensoria.gob.ve\/?p=12838","url":"http:\/\/www.defensoria.gob.ve\/?p=12838","name":"Defensor\u00eda delegada de La Guaira promueve taller para la prevenci\u00f3n de la tortura en Materno Infantil de Macuto -","isPartOf":{"@id":"http:\/\/www.defensoria.gob.ve\/#website"},"primaryImageOfPage":{"@id":"http:\/\/www.defensoria.gob.ve\/?p=12838#primaryimage"},"image":{"@id":"http:\/\/www.defensoria.gob.ve\/?p=12838#primaryimage"},"thumbnailUrl":"http:\/\/www.defensoria.gob.ve\/wp-content\/uploads\/2025\/07\/1001177490.jpg","datePublished":"2025-07-09T19:58:37+00:00","dateModified":"2025-07-09T19:58:39+00:00","author":{"@id":"http:\/\/www.defensoria.gob.ve\/#\/schema\/person\/0fcc680c550d91982c4c009f5b19b8ec"},"breadcrumb":{"@id":"http:\/\/www.defensoria.gob.ve\/?p=12838#breadcrumb"},"inLanguage":"es","potentialAction":[{"@type":"ReadAction","target":["http:\/\/www.defensoria.gob.ve\/?p=12838"]}]},{"@type":"ImageObject","inLanguage":"es","@id":"http:\/\/www.defensoria.gob.ve\/?p=12838#primaryimage","url":"http:\/\/www.defensoria.gob.ve\/wp-content\/uploads\/2025\/07\/1001177490.jpg","contentUrl":"http:\/\/www.defensoria.gob.ve\/wp-content\/uploads\/2025\/07\/1001177490.jpg","width":1000,"height":750},{"@type":"BreadcrumbList","@id":"http:\/\/www.defensoria.gob.ve\/?p=12838#breadcrumb","itemListElement":[{"@type":"ListItem","position":1,"name":"Portada","item":"http:\/\/www.defensoria.gob.ve\/"},{"@type":"ListItem","position":2,"name":"Defensor\u00eda delegada de La Guaira promueve taller para la prevenci\u00f3n de la tortura en Materno Infantil de Macuto"}]},{"@type":"WebSite","@id":"http:\/\/www.defensoria.gob.ve\/#website","url":"http:\/\/www.defensoria.gob.ve\/","name":"","description":"Instituci\u00f3n del Poder Ciudadano para la Promoci\u00f3n, Defensa y Vigilancia de los Derechos Humanos. ","potentialAction":[{"@type":"SearchAction","target":{"@type":"EntryPoint","urlTemplate":"http:\/\/www.defensoria.gob.ve\/?s={search_term_string}"},"query-input":{"@type":"PropertyValueSpecification","valueRequired":true,"valueName":"search_term_string"}}],"inLanguage":"es"},{"@type":"Person","@id":"http:\/\/www.defensoria.gob.ve\/#\/schema\/person\/0fcc680c550d91982c4c009f5b19b8ec","name":"KF.","image":{"@type":"ImageObject","inLanguage":"es","@id":"https:\/\/secure.gravatar.com\/avatar\/d7d0d6b70133abf46e0bf5e7f5f63f5ae46353601f9ad9a981c38691d4b186b0?s=96&d=mm&r=g","url":"https:\/\/secure.gravatar.com\/avatar\/d7d0d6b70133abf46e0bf5e7f5f63f5ae46353601f9ad9a981c38691d4b186b0?s=96&d=mm&r=g","contentUrl":"https:\/\/secure.gravatar.com\/avatar\/d7d0d6b70133abf46e0bf5e7f5f63f5ae46353601f9ad9a981c38691d4b186b0?s=96&d=mm&r=g","caption":"KF."},"url":"http:\/\/www.defensoria.gob.ve\/?author=14"}]}},"_links":{"self":[{"href":"http:\/\/www.defensoria.gob.ve\/index.php?rest_route=\/wp\/v2\/posts\/12838","targetHints":{"allow":["GET"]}}],"collection":[{"href":"http:\/\/www.defensoria.gob.ve\/index.php?rest_route=\/wp\/v2\/posts"}],"about":[{"href":"http:\/\/www.defensoria.gob.ve\/index.php?rest_route=\/wp\/v2\/types\/post"}],"author":[{"embeddable":true,"href":"http:\/\/www.defensoria.gob.ve\/index.php?rest_route=\/wp\/v2\/users\/14"}],"replies":[{"embeddable":true,"href":"http:\/\/www.defensoria.gob.ve\/index.php?rest_route=%2Fwp%2Fv2%2Fcomments&post=12838"}],"version-history":[{"count":1,"href":"http:\/\/www.defensoria.gob.ve\/index.php?rest_route=\/wp\/v2\/posts\/12838\/revisions"}],"predecessor-version":[{"id":12841,"href":"http:\/\/www.defensoria.gob.ve\/index.php?rest_route=\/wp\/v2\/posts\/12838\/revisions\/12841"}],"wp:featuredmedia":[{"embeddable":true,"href":"http:\/\/www.defensoria.gob.ve\/index.php?rest_route=\/wp\/v2\/media\/12840"}],"wp:attachment":[{"href":"http:\/\/www.defensoria.gob.ve\/index.php?rest_route=%2Fwp%2Fv2%2Fmedia&parent=12838"}],"wp:term":[{"taxonomy":"category","embeddable":true,"href":"http:\/\/www.defensoria.gob.ve\/index.php?rest_route=%2Fwp%2Fv2%2Fcategories&post=12838"},{"taxonomy":"post_tag","embeddable":true,"href":"http:\/\/www.defensoria.gob.ve\/index.php?rest_route=%2Fwp%2Fv2%2Ftags&post=12838"}],"curies":[{"name":"wp","href":"https:\/\/api.w.org\/{rel}","templated":true}]}}