 
{"id":12846,"date":"2025-07-10T09:22:35","date_gmt":"2025-07-10T13:22:35","guid":{"rendered":"http:\/\/www.defensoria.gob.ve\/?p=12846"},"modified":"2025-07-10T09:24:23","modified_gmt":"2025-07-10T13:24:23","slug":"defensoria-delegada-de-trujillo-promueve-los-derechos-de-ninos-ninas-y-adolescentes-en-municipio-valera","status":"publish","type":"post","link":"http:\/\/www.defensoria.gob.ve\/?p=12846","title":{"rendered":"Defensor\u00eda delegada de Trujillo promueve los derechos de ni\u00f1os, ni\u00f1as y adolescentes en municipio Valera"},"content":{"rendered":"\t\t<div data-elementor-type=\"wp-post\" data-elementor-id=\"12846\" class=\"elementor elementor-12846\">\n\t\t\t\t\t\t<section class=\"elementor-section elementor-top-section elementor-element elementor-element-8b3d311 elementor-section-boxed elementor-section-height-default elementor-section-height-default\" data-id=\"8b3d311\" data-element_type=\"section\" data-e-type=\"section\">\n\t\t\t\t\t\t<div class=\"elementor-container elementor-column-gap-default\">\n\t\t\t\t\t<div class=\"elementor-column elementor-col-100 elementor-top-column elementor-element elementor-element-49f6b25a\" data-id=\"49f6b25a\" data-element_type=\"column\" data-e-type=\"column\">\n\t\t\t<div class=\"elementor-widget-wrap elementor-element-populated\">\n\t\t\t\t\t\t<div class=\"elementor-element elementor-element-27ed6472 elementor-widget elementor-widget-text-editor\" data-id=\"27ed6472\" data-element_type=\"widget\" data-e-type=\"widget\" data-widget_type=\"text-editor.default\">\n\t\t\t\t<div class=\"elementor-widget-container\">\n\t\t\t\t\t\t\t\t\t<p><\/p>\n<p>(Trujillo 09-Jul-2025) La Defensor\u00eda del Pueblo delegada del estado Trujillo, en su continua labor de promoci\u00f3n y protecci\u00f3n de los derechos humanos, llev\u00f3 a cabo una serie de charlas informativas sobre los derechos de ni\u00f1os, ni\u00f1as y adolescentes dirigidas a padres y representantes de la Escuela Elo\u00edsa Fonseca del municipio Valera. Actividad realizada en los espacios del Parque Bot\u00e1nico de la Urbanizaci\u00f3n La Beatriz.&nbsp;<\/p><p><br><\/p>\n<p>Durante las jornadas, se abordaron temas fundamentales para el bienestar de la ni\u00f1ez y adolescencia, incluyendo: Responsabilidad de Crianza Atribuciones y Competencias de la Defensor\u00eda del Pueblo en materia de Ni\u00f1os, Ni\u00f1as y Adolescentes, Prevenci\u00f3n del Acoso Escolar, Prevenci\u00f3n del Abuso Sexual de Ni\u00f1os, Ni\u00f1as y Adolescentes.&nbsp;<\/p><p><br><\/p><p>Esta iniciativa de la Defensor\u00eda del Pueblo delegada refuerza el compromiso de la instituci\u00f3n con la promoci\u00f3n de una cultura de respeto a los derechos humanos, especialmente en lo que respecta a la ni\u00f1ez y adolescencia, pilar fundamental para el desarrollo de una sociedad justa y equitativa. FIN \/PRENSA Defensor\u00eda<\/p><p><br><\/p>\n<p><\/p>\t\t\t\t\t\t\t\t<\/div>\n\t\t\t\t<\/div>\n\t\t\t\t\t<\/div>\n\t\t<\/div>\n\t\t\t\t\t<\/div>\n\t\t<\/section>\n\t\t\t\t<\/div>\n\t\t","protected":false},"excerpt":{"rendered":"<p>(Trujillo 09-Jul-2025) La Defensor\u00eda del Pueblo delegada del estado Trujillo, en su continua labor de promoci\u00f3n y protecci\u00f3n de los derechos humanos, llev\u00f3 a cabo una serie de charlas informativas&hellip; <\/p>\n","protected":false},"author":14,"featured_media":12848,"comment_status":"closed","ping_status":"open","sticky":false,"template":"","format":"standard","meta":{"footnotes":""},"categories":[5],"tags":[],"class_list":["post-12846","post","type-post","status-publish","format-standard","has-post-thumbnail","hentry","category-regionales"],"yoast_head":"<!-- This site is optimized with the Yoast SEO plugin v27.4 - https:\/\/yoast.com\/product\/yoast-seo-wordpress\/ -->\n<title>Defensor\u00eda delegada de Trujillo promueve los derechos de ni\u00f1os, ni\u00f1as y adolescentes en municipio Valera -<\/title>\n<meta name=\"robots\" content=\"index, follow, max-snippet:-1, max-image-preview:large, max-video-preview:-1\" \/>\n<link rel=\"canonical\" href=\"http:\/\/www.defensoria.gob.ve\/?p=12846\" \/>\n<meta property=\"og:locale\" content=\"es_ES\" \/>\n<meta property=\"og:type\" content=\"article\" \/>\n<meta property=\"og:title\" content=\"Defensor\u00eda delegada de Trujillo promueve los derechos de ni\u00f1os, ni\u00f1as y adolescentes en municipio Valera -\" \/>\n<meta property=\"og:description\" content=\"(Trujillo 09-Jul-2025) La Defensor\u00eda del Pueblo delegada del estado Trujillo, en su continua labor de promoci\u00f3n y protecci\u00f3n de los derechos humanos, llev\u00f3 a cabo una serie de charlas informativas&hellip;\" \/>\n<meta property=\"og:url\" content=\"http:\/\/www.defensoria.gob.ve\/?p=12846\" \/>\n<meta property=\"article:published_time\" content=\"2025-07-10T13:22:35+00:00\" \/>\n<meta property=\"article:modified_time\" content=\"2025-07-10T13:24:23+00:00\" \/>\n<meta property=\"og:image\" content=\"http:\/\/www.defensoria.gob.ve\/wp-content\/uploads\/2025\/07\/sucre2.2.jpg\" \/>\n\t<meta property=\"og:image:width\" content=\"1037\" \/>\n\t<meta property=\"og:image:height\" content=\"511\" \/>\n\t<meta property=\"og:image:type\" content=\"image\/jpeg\" \/>\n<meta name=\"author\" content=\"KF.\" \/>\n<meta name=\"twitter:card\" content=\"summary_large_image\" \/>\n<meta name=\"twitter:label1\" content=\"Escrito por\" \/>\n\t<meta name=\"twitter:data1\" content=\"KF.\" \/>\n\t<meta name=\"twitter:label2\" content=\"Tiempo estimado de lectura\" \/>\n\t<meta name=\"twitter:data2\" content=\"1 minuto\" \/>\n<script type=\"application\/ld+json\" class=\"yoast-schema-graph\">{\"@context\":\"https:\\\/\\\/schema.org\",\"@graph\":[{\"@type\":\"Article\",\"@id\":\"http:\\\/\\\/www.defensoria.gob.ve\\\/?p=12846#article\",\"isPartOf\":{\"@id\":\"http:\\\/\\\/www.defensoria.gob.ve\\\/?p=12846\"},\"author\":{\"name\":\"KF.\",\"@id\":\"http:\\\/\\\/www.defensoria.gob.ve\\\/#\\\/schema\\\/person\\\/0fcc680c550d91982c4c009f5b19b8ec\"},\"headline\":\"Defensor\u00eda delegada de Trujillo promueve los derechos de ni\u00f1os, ni\u00f1as y adolescentes en municipio Valera\",\"datePublished\":\"2025-07-10T13:22:35+00:00\",\"dateModified\":\"2025-07-10T13:24:23+00:00\",\"mainEntityOfPage\":{\"@id\":\"http:\\\/\\\/www.defensoria.gob.ve\\\/?p=12846\"},\"wordCount\":202,\"image\":{\"@id\":\"http:\\\/\\\/www.defensoria.gob.ve\\\/?p=12846#primaryimage\"},\"thumbnailUrl\":\"http:\\\/\\\/www.defensoria.gob.ve\\\/wp-content\\\/uploads\\\/2025\\\/07\\\/sucre2.2.jpg\",\"articleSection\":[\"REGIONALES\"],\"inLanguage\":\"es\"},{\"@type\":\"WebPage\",\"@id\":\"http:\\\/\\\/www.defensoria.gob.ve\\\/?p=12846\",\"url\":\"http:\\\/\\\/www.defensoria.gob.ve\\\/?p=12846\",\"name\":\"Defensor\u00eda delegada de Trujillo promueve los derechos de ni\u00f1os, ni\u00f1as y adolescentes en municipio Valera -\",\"isPartOf\":{\"@id\":\"http:\\\/\\\/www.defensoria.gob.ve\\\/#website\"},\"primaryImageOfPage\":{\"@id\":\"http:\\\/\\\/www.defensoria.gob.ve\\\/?p=12846#primaryimage\"},\"image\":{\"@id\":\"http:\\\/\\\/www.defensoria.gob.ve\\\/?p=12846#primaryimage\"},\"thumbnailUrl\":\"http:\\\/\\\/www.defensoria.gob.ve\\\/wp-content\\\/uploads\\\/2025\\\/07\\\/sucre2.2.jpg\",\"datePublished\":\"2025-07-10T13:22:35+00:00\",\"dateModified\":\"2025-07-10T13:24:23+00:00\",\"author\":{\"@id\":\"http:\\\/\\\/www.defensoria.gob.ve\\\/#\\\/schema\\\/person\\\/0fcc680c550d91982c4c009f5b19b8ec\"},\"breadcrumb\":{\"@id\":\"http:\\\/\\\/www.defensoria.gob.ve\\\/?p=12846#breadcrumb\"},\"inLanguage\":\"es\",\"potentialAction\":[{\"@type\":\"ReadAction\",\"target\":[\"http:\\\/\\\/www.defensoria.gob.ve\\\/?p=12846\"]}]},{\"@type\":\"ImageObject\",\"inLanguage\":\"es\",\"@id\":\"http:\\\/\\\/www.defensoria.gob.ve\\\/?p=12846#primaryimage\",\"url\":\"http:\\\/\\\/www.defensoria.gob.ve\\\/wp-content\\\/uploads\\\/2025\\\/07\\\/sucre2.2.jpg\",\"contentUrl\":\"http:\\\/\\\/www.defensoria.gob.ve\\\/wp-content\\\/uploads\\\/2025\\\/07\\\/sucre2.2.jpg\",\"width\":1037,\"height\":511},{\"@type\":\"BreadcrumbList\",\"@id\":\"http:\\\/\\\/www.defensoria.gob.ve\\\/?p=12846#breadcrumb\",\"itemListElement\":[{\"@type\":\"ListItem\",\"position\":1,\"name\":\"Portada\",\"item\":\"http:\\\/\\\/www.defensoria.gob.ve\\\/\"},{\"@type\":\"ListItem\",\"position\":2,\"name\":\"Defensor\u00eda delegada de Trujillo promueve los derechos de ni\u00f1os, ni\u00f1as y adolescentes en municipio Valera\"}]},{\"@type\":\"WebSite\",\"@id\":\"http:\\\/\\\/www.defensoria.gob.ve\\\/#website\",\"url\":\"http:\\\/\\\/www.defensoria.gob.ve\\\/\",\"name\":\"\",\"description\":\"Instituci\u00f3n del Poder Ciudadano para la Promoci\u00f3n, Defensa y Vigilancia de los Derechos Humanos. \",\"potentialAction\":[{\"@type\":\"SearchAction\",\"target\":{\"@type\":\"EntryPoint\",\"urlTemplate\":\"http:\\\/\\\/www.defensoria.gob.ve\\\/?s={search_term_string}\"},\"query-input\":{\"@type\":\"PropertyValueSpecification\",\"valueRequired\":true,\"valueName\":\"search_term_string\"}}],\"inLanguage\":\"es\"},{\"@type\":\"Person\",\"@id\":\"http:\\\/\\\/www.defensoria.gob.ve\\\/#\\\/schema\\\/person\\\/0fcc680c550d91982c4c009f5b19b8ec\",\"name\":\"KF.\",\"image\":{\"@type\":\"ImageObject\",\"inLanguage\":\"es\",\"@id\":\"https:\\\/\\\/secure.gravatar.com\\\/avatar\\\/d7d0d6b70133abf46e0bf5e7f5f63f5ae46353601f9ad9a981c38691d4b186b0?s=96&d=mm&r=g\",\"url\":\"https:\\\/\\\/secure.gravatar.com\\\/avatar\\\/d7d0d6b70133abf46e0bf5e7f5f63f5ae46353601f9ad9a981c38691d4b186b0?s=96&d=mm&r=g\",\"contentUrl\":\"https:\\\/\\\/secure.gravatar.com\\\/avatar\\\/d7d0d6b70133abf46e0bf5e7f5f63f5ae46353601f9ad9a981c38691d4b186b0?s=96&d=mm&r=g\",\"caption\":\"KF.\"},\"url\":\"http:\\\/\\\/www.defensoria.gob.ve\\\/?author=14\"}]}<\/script>\n<!-- \/ Yoast SEO plugin. -->","yoast_head_json":{"title":"Defensor\u00eda delegada de Trujillo promueve los derechos de ni\u00f1os, ni\u00f1as y adolescentes en municipio Valera -","robots":{"index":"index","follow":"follow","max-snippet":"max-snippet:-1","max-image-preview":"max-image-preview:large","max-video-preview":"max-video-preview:-1"},"canonical":"http:\/\/www.defensoria.gob.ve\/?p=12846","og_locale":"es_ES","og_type":"article","og_title":"Defensor\u00eda delegada de Trujillo promueve los derechos de ni\u00f1os, ni\u00f1as y adolescentes en municipio Valera -","og_description":"(Trujillo 09-Jul-2025) La Defensor\u00eda del Pueblo delegada del estado Trujillo, en su continua labor de promoci\u00f3n y protecci\u00f3n de los derechos humanos, llev\u00f3 a cabo una serie de charlas informativas&hellip;","og_url":"http:\/\/www.defensoria.gob.ve\/?p=12846","article_published_time":"2025-07-10T13:22:35+00:00","article_modified_time":"2025-07-10T13:24:23+00:00","og_image":[{"width":1037,"height":511,"url":"http:\/\/www.defensoria.gob.ve\/wp-content\/uploads\/2025\/07\/sucre2.2.jpg","type":"image\/jpeg"}],"author":"KF.","twitter_card":"summary_large_image","twitter_misc":{"Escrito por":"KF.","Tiempo estimado de lectura":"1 minuto"},"schema":{"@context":"https:\/\/schema.org","@graph":[{"@type":"Article","@id":"http:\/\/www.defensoria.gob.ve\/?p=12846#article","isPartOf":{"@id":"http:\/\/www.defensoria.gob.ve\/?p=12846"},"author":{"name":"KF.","@id":"http:\/\/www.defensoria.gob.ve\/#\/schema\/person\/0fcc680c550d91982c4c009f5b19b8ec"},"headline":"Defensor\u00eda delegada de Trujillo promueve los derechos de ni\u00f1os, ni\u00f1as y adolescentes en municipio Valera","datePublished":"2025-07-10T13:22:35+00:00","dateModified":"2025-07-10T13:24:23+00:00","mainEntityOfPage":{"@id":"http:\/\/www.defensoria.gob.ve\/?p=12846"},"wordCount":202,"image":{"@id":"http:\/\/www.defensoria.gob.ve\/?p=12846#primaryimage"},"thumbnailUrl":"http:\/\/www.defensoria.gob.ve\/wp-content\/uploads\/2025\/07\/sucre2.2.jpg","articleSection":["REGIONALES"],"inLanguage":"es"},{"@type":"WebPage","@id":"http:\/\/www.defensoria.gob.ve\/?p=12846","url":"http:\/\/www.defensoria.gob.ve\/?p=12846","name":"Defensor\u00eda delegada de Trujillo promueve los derechos de ni\u00f1os, ni\u00f1as y adolescentes en municipio Valera -","isPartOf":{"@id":"http:\/\/www.defensoria.gob.ve\/#website"},"primaryImageOfPage":{"@id":"http:\/\/www.defensoria.gob.ve\/?p=12846#primaryimage"},"image":{"@id":"http:\/\/www.defensoria.gob.ve\/?p=12846#primaryimage"},"thumbnailUrl":"http:\/\/www.defensoria.gob.ve\/wp-content\/uploads\/2025\/07\/sucre2.2.jpg","datePublished":"2025-07-10T13:22:35+00:00","dateModified":"2025-07-10T13:24:23+00:00","author":{"@id":"http:\/\/www.defensoria.gob.ve\/#\/schema\/person\/0fcc680c550d91982c4c009f5b19b8ec"},"breadcrumb":{"@id":"http:\/\/www.defensoria.gob.ve\/?p=12846#breadcrumb"},"inLanguage":"es","potentialAction":[{"@type":"ReadAction","target":["http:\/\/www.defensoria.gob.ve\/?p=12846"]}]},{"@type":"ImageObject","inLanguage":"es","@id":"http:\/\/www.defensoria.gob.ve\/?p=12846#primaryimage","url":"http:\/\/www.defensoria.gob.ve\/wp-content\/uploads\/2025\/07\/sucre2.2.jpg","contentUrl":"http:\/\/www.defensoria.gob.ve\/wp-content\/uploads\/2025\/07\/sucre2.2.jpg","width":1037,"height":511},{"@type":"BreadcrumbList","@id":"http:\/\/www.defensoria.gob.ve\/?p=12846#breadcrumb","itemListElement":[{"@type":"ListItem","position":1,"name":"Portada","item":"http:\/\/www.defensoria.gob.ve\/"},{"@type":"ListItem","position":2,"name":"Defensor\u00eda delegada de Trujillo promueve los derechos de ni\u00f1os, ni\u00f1as y adolescentes en municipio Valera"}]},{"@type":"WebSite","@id":"http:\/\/www.defensoria.gob.ve\/#website","url":"http:\/\/www.defensoria.gob.ve\/","name":"","description":"Instituci\u00f3n del Poder Ciudadano para la Promoci\u00f3n, Defensa y Vigilancia de los Derechos Humanos. ","potentialAction":[{"@type":"SearchAction","target":{"@type":"EntryPoint","urlTemplate":"http:\/\/www.defensoria.gob.ve\/?s={search_term_string}"},"query-input":{"@type":"PropertyValueSpecification","valueRequired":true,"valueName":"search_term_string"}}],"inLanguage":"es"},{"@type":"Person","@id":"http:\/\/www.defensoria.gob.ve\/#\/schema\/person\/0fcc680c550d91982c4c009f5b19b8ec","name":"KF.","image":{"@type":"ImageObject","inLanguage":"es","@id":"https:\/\/secure.gravatar.com\/avatar\/d7d0d6b70133abf46e0bf5e7f5f63f5ae46353601f9ad9a981c38691d4b186b0?s=96&d=mm&r=g","url":"https:\/\/secure.gravatar.com\/avatar\/d7d0d6b70133abf46e0bf5e7f5f63f5ae46353601f9ad9a981c38691d4b186b0?s=96&d=mm&r=g","contentUrl":"https:\/\/secure.gravatar.com\/avatar\/d7d0d6b70133abf46e0bf5e7f5f63f5ae46353601f9ad9a981c38691d4b186b0?s=96&d=mm&r=g","caption":"KF."},"url":"http:\/\/www.defensoria.gob.ve\/?author=14"}]}},"_links":{"self":[{"href":"http:\/\/www.defensoria.gob.ve\/index.php?rest_route=\/wp\/v2\/posts\/12846","targetHints":{"allow":["GET"]}}],"collection":[{"href":"http:\/\/www.defensoria.gob.ve\/index.php?rest_route=\/wp\/v2\/posts"}],"about":[{"href":"http:\/\/www.defensoria.gob.ve\/index.php?rest_route=\/wp\/v2\/types\/post"}],"author":[{"embeddable":true,"href":"http:\/\/www.defensoria.gob.ve\/index.php?rest_route=\/wp\/v2\/users\/14"}],"replies":[{"embeddable":true,"href":"http:\/\/www.defensoria.gob.ve\/index.php?rest_route=%2Fwp%2Fv2%2Fcomments&post=12846"}],"version-history":[{"count":7,"href":"http:\/\/www.defensoria.gob.ve\/index.php?rest_route=\/wp\/v2\/posts\/12846\/revisions"}],"predecessor-version":[{"id":12855,"href":"http:\/\/www.defensoria.gob.ve\/index.php?rest_route=\/wp\/v2\/posts\/12846\/revisions\/12855"}],"wp:featuredmedia":[{"embeddable":true,"href":"http:\/\/www.defensoria.gob.ve\/index.php?rest_route=\/wp\/v2\/media\/12848"}],"wp:attachment":[{"href":"http:\/\/www.defensoria.gob.ve\/index.php?rest_route=%2Fwp%2Fv2%2Fmedia&parent=12846"}],"wp:term":[{"taxonomy":"category","embeddable":true,"href":"http:\/\/www.defensoria.gob.ve\/index.php?rest_route=%2Fwp%2Fv2%2Fcategories&post=12846"},{"taxonomy":"post_tag","embeddable":true,"href":"http:\/\/www.defensoria.gob.ve\/index.php?rest_route=%2Fwp%2Fv2%2Ftags&post=12846"}],"curies":[{"name":"wp","href":"https:\/\/api.w.org\/{rel}","templated":true}]}}