 
{"id":13644,"date":"2025-08-20T12:41:20","date_gmt":"2025-08-20T16:41:20","guid":{"rendered":"http:\/\/www.defensoria.gob.ve\/?p=13644"},"modified":"2025-08-20T12:41:55","modified_gmt":"2025-08-20T16:41:55","slug":"delegada-de-aragua-facilito-taller-proteccion-de-la-mujer-libre-de-violencia-y-los-protocolos-de-actuacion-policial","status":"publish","type":"post","link":"http:\/\/www.defensoria.gob.ve\/?p=13644","title":{"rendered":"Delegada de Aragua facilit\u00f3 taller: Protecci\u00f3n de la Mujer Libre de Violencia y los Protocolos de Actuaci\u00f3n Policial"},"content":{"rendered":"\t\t<div data-elementor-type=\"wp-post\" data-elementor-id=\"13644\" class=\"elementor elementor-13644\">\n\t\t\t\t\t\t<section class=\"elementor-section elementor-top-section elementor-element elementor-element-53e68f elementor-section-boxed elementor-section-height-default elementor-section-height-default\" data-id=\"53e68f\" data-element_type=\"section\" data-e-type=\"section\">\n\t\t\t\t\t\t<div class=\"elementor-container elementor-column-gap-default\">\n\t\t\t\t\t<div class=\"elementor-column elementor-col-100 elementor-top-column elementor-element elementor-element-1b25f78b\" data-id=\"1b25f78b\" data-element_type=\"column\" data-e-type=\"column\">\n\t\t\t<div class=\"elementor-widget-wrap elementor-element-populated\">\n\t\t\t\t\t\t<div class=\"elementor-element elementor-element-6cbf2923 elementor-widget elementor-widget-text-editor\" data-id=\"6cbf2923\" data-element_type=\"widget\" data-e-type=\"widget\" data-widget_type=\"text-editor.default\">\n\t\t\t\t<div class=\"elementor-widget-container\">\n\t\t\t\t\t\t\t\t\t\n<p><strong>(Aragua\/20-Ago-25)<\/strong> La Defensor\u00eda delegada del estado Aragua dict\u00f3 un taller sobre la Protecci\u00f3n de la Mujer Libre de Violencia y los Protocolos de Actuaci\u00f3n Policial, realizado en el auditorio de la sede defensorial, ubicada en el Centro Comercial Coche Aragua.<\/p>\n\n\n\n<p>Dicho evento cont\u00f3 con la participaci\u00f3n de representantes de diversas instituciones como el Grupo Multidisciplinario del Tribunal Supremo de Justicia (TSJ); la Coordinaci\u00f3n de los Tribunales de Violencia; la Fiscal\u00eda 25 de Violencia del Ministerio P\u00fablico (MP) y comandancia de la Unidad de Atenci\u00f3n a la V\u00edctima.<\/p>\n\n\n\n<p>El foro estuvo dirigido a 56 funcionarios y funcionarias de las diferentes unidades de atenci\u00f3n a la v\u00edctima de la Polic\u00eda Nacional Bolivariana (PNB) en la regi\u00f3n de Aragua. <strong>FIN \/ PRENSA Defensor\u00eda<\/strong><\/p>\n\t\t\t\t\t\t\t\t<\/div>\n\t\t\t\t<\/div>\n\t\t\t\t\t<\/div>\n\t\t<\/div>\n\t\t\t\t\t<\/div>\n\t\t<\/section>\n\t\t\t\t<\/div>\n\t\t","protected":false},"excerpt":{"rendered":"<p>(Aragua\/20-Ago-25) La Defensor\u00eda delegada del estado Aragua dict\u00f3 un taller sobre la Protecci\u00f3n de la Mujer Libre de Violencia y los Protocolos de Actuaci\u00f3n Policial, realizado en el auditorio de&hellip; <\/p>\n","protected":false},"author":5,"featured_media":13645,"comment_status":"closed","ping_status":"open","sticky":false,"template":"","format":"standard","meta":{"footnotes":""},"categories":[5],"tags":[],"class_list":["post-13644","post","type-post","status-publish","format-standard","has-post-thumbnail","hentry","category-regionales"],"yoast_head":"<!-- This site is optimized with the Yoast SEO plugin v27.4 - https:\/\/yoast.com\/product\/yoast-seo-wordpress\/ -->\n<title>Delegada de Aragua facilit\u00f3 taller: Protecci\u00f3n de la Mujer Libre de Violencia y los Protocolos de Actuaci\u00f3n Policial -<\/title>\n<meta name=\"robots\" content=\"index, follow, max-snippet:-1, max-image-preview:large, max-video-preview:-1\" \/>\n<link rel=\"canonical\" href=\"http:\/\/www.defensoria.gob.ve\/?p=13644\" \/>\n<meta property=\"og:locale\" content=\"es_ES\" \/>\n<meta property=\"og:type\" content=\"article\" \/>\n<meta property=\"og:title\" content=\"Delegada de Aragua facilit\u00f3 taller: Protecci\u00f3n de la Mujer Libre de Violencia y los Protocolos de Actuaci\u00f3n Policial -\" \/>\n<meta property=\"og:description\" content=\"(Aragua\/20-Ago-25) La Defensor\u00eda delegada del estado Aragua dict\u00f3 un taller sobre la Protecci\u00f3n de la Mujer Libre de Violencia y los Protocolos de Actuaci\u00f3n Policial, realizado en el auditorio de&hellip;\" \/>\n<meta property=\"og:url\" content=\"http:\/\/www.defensoria.gob.ve\/?p=13644\" \/>\n<meta property=\"article:published_time\" content=\"2025-08-20T16:41:20+00:00\" \/>\n<meta property=\"article:modified_time\" content=\"2025-08-20T16:41:55+00:00\" \/>\n<meta property=\"og:image\" content=\"http:\/\/www.defensoria.gob.ve\/wp-content\/uploads\/2025\/08\/jykkuyiuu.png\" \/>\n\t<meta property=\"og:image:width\" content=\"1086\" \/>\n\t<meta property=\"og:image:height\" content=\"504\" \/>\n\t<meta property=\"og:image:type\" content=\"image\/png\" \/>\n<meta name=\"author\" content=\"JC.\" \/>\n<meta name=\"twitter:card\" content=\"summary_large_image\" \/>\n<meta name=\"twitter:label1\" content=\"Escrito por\" \/>\n\t<meta name=\"twitter:data1\" content=\"JC.\" \/>\n\t<meta name=\"twitter:label2\" content=\"Tiempo estimado de lectura\" \/>\n\t<meta name=\"twitter:data2\" content=\"1 minuto\" \/>\n<script type=\"application\/ld+json\" class=\"yoast-schema-graph\">{\"@context\":\"https:\\\/\\\/schema.org\",\"@graph\":[{\"@type\":\"Article\",\"@id\":\"http:\\\/\\\/www.defensoria.gob.ve\\\/?p=13644#article\",\"isPartOf\":{\"@id\":\"http:\\\/\\\/www.defensoria.gob.ve\\\/?p=13644\"},\"author\":{\"name\":\"JC.\",\"@id\":\"http:\\\/\\\/www.defensoria.gob.ve\\\/#\\\/schema\\\/person\\\/fba14293189d7b1933ac7fba9d89e24a\"},\"headline\":\"Delegada de Aragua facilit\u00f3 taller: Protecci\u00f3n de la Mujer Libre de Violencia y los Protocolos de Actuaci\u00f3n Policial\",\"datePublished\":\"2025-08-20T16:41:20+00:00\",\"dateModified\":\"2025-08-20T16:41:55+00:00\",\"mainEntityOfPage\":{\"@id\":\"http:\\\/\\\/www.defensoria.gob.ve\\\/?p=13644\"},\"wordCount\":152,\"image\":{\"@id\":\"http:\\\/\\\/www.defensoria.gob.ve\\\/?p=13644#primaryimage\"},\"thumbnailUrl\":\"http:\\\/\\\/www.defensoria.gob.ve\\\/wp-content\\\/uploads\\\/2025\\\/08\\\/jykkuyiuu.png\",\"articleSection\":[\"REGIONALES\"],\"inLanguage\":\"es\"},{\"@type\":\"WebPage\",\"@id\":\"http:\\\/\\\/www.defensoria.gob.ve\\\/?p=13644\",\"url\":\"http:\\\/\\\/www.defensoria.gob.ve\\\/?p=13644\",\"name\":\"Delegada de Aragua facilit\u00f3 taller: Protecci\u00f3n de la Mujer Libre de Violencia y los Protocolos de Actuaci\u00f3n Policial -\",\"isPartOf\":{\"@id\":\"http:\\\/\\\/www.defensoria.gob.ve\\\/#website\"},\"primaryImageOfPage\":{\"@id\":\"http:\\\/\\\/www.defensoria.gob.ve\\\/?p=13644#primaryimage\"},\"image\":{\"@id\":\"http:\\\/\\\/www.defensoria.gob.ve\\\/?p=13644#primaryimage\"},\"thumbnailUrl\":\"http:\\\/\\\/www.defensoria.gob.ve\\\/wp-content\\\/uploads\\\/2025\\\/08\\\/jykkuyiuu.png\",\"datePublished\":\"2025-08-20T16:41:20+00:00\",\"dateModified\":\"2025-08-20T16:41:55+00:00\",\"author\":{\"@id\":\"http:\\\/\\\/www.defensoria.gob.ve\\\/#\\\/schema\\\/person\\\/fba14293189d7b1933ac7fba9d89e24a\"},\"breadcrumb\":{\"@id\":\"http:\\\/\\\/www.defensoria.gob.ve\\\/?p=13644#breadcrumb\"},\"inLanguage\":\"es\",\"potentialAction\":[{\"@type\":\"ReadAction\",\"target\":[\"http:\\\/\\\/www.defensoria.gob.ve\\\/?p=13644\"]}]},{\"@type\":\"ImageObject\",\"inLanguage\":\"es\",\"@id\":\"http:\\\/\\\/www.defensoria.gob.ve\\\/?p=13644#primaryimage\",\"url\":\"http:\\\/\\\/www.defensoria.gob.ve\\\/wp-content\\\/uploads\\\/2025\\\/08\\\/jykkuyiuu.png\",\"contentUrl\":\"http:\\\/\\\/www.defensoria.gob.ve\\\/wp-content\\\/uploads\\\/2025\\\/08\\\/jykkuyiuu.png\",\"width\":1086,\"height\":504},{\"@type\":\"BreadcrumbList\",\"@id\":\"http:\\\/\\\/www.defensoria.gob.ve\\\/?p=13644#breadcrumb\",\"itemListElement\":[{\"@type\":\"ListItem\",\"position\":1,\"name\":\"Portada\",\"item\":\"http:\\\/\\\/www.defensoria.gob.ve\\\/\"},{\"@type\":\"ListItem\",\"position\":2,\"name\":\"Delegada de Aragua facilit\u00f3 taller: Protecci\u00f3n de la Mujer Libre de Violencia y los Protocolos de Actuaci\u00f3n Policial\"}]},{\"@type\":\"WebSite\",\"@id\":\"http:\\\/\\\/www.defensoria.gob.ve\\\/#website\",\"url\":\"http:\\\/\\\/www.defensoria.gob.ve\\\/\",\"name\":\"\",\"description\":\"Instituci\u00f3n del Poder Ciudadano para la Promoci\u00f3n, Defensa y Vigilancia de los Derechos Humanos. \",\"potentialAction\":[{\"@type\":\"SearchAction\",\"target\":{\"@type\":\"EntryPoint\",\"urlTemplate\":\"http:\\\/\\\/www.defensoria.gob.ve\\\/?s={search_term_string}\"},\"query-input\":{\"@type\":\"PropertyValueSpecification\",\"valueRequired\":true,\"valueName\":\"search_term_string\"}}],\"inLanguage\":\"es\"},{\"@type\":\"Person\",\"@id\":\"http:\\\/\\\/www.defensoria.gob.ve\\\/#\\\/schema\\\/person\\\/fba14293189d7b1933ac7fba9d89e24a\",\"name\":\"JC.\",\"image\":{\"@type\":\"ImageObject\",\"inLanguage\":\"es\",\"@id\":\"https:\\\/\\\/secure.gravatar.com\\\/avatar\\\/f398a4de948606b38f0299d90ca738c674b648694bc725ed46503c240269dbf8?s=96&d=mm&r=g\",\"url\":\"https:\\\/\\\/secure.gravatar.com\\\/avatar\\\/f398a4de948606b38f0299d90ca738c674b648694bc725ed46503c240269dbf8?s=96&d=mm&r=g\",\"contentUrl\":\"https:\\\/\\\/secure.gravatar.com\\\/avatar\\\/f398a4de948606b38f0299d90ca738c674b648694bc725ed46503c240269dbf8?s=96&d=mm&r=g\",\"caption\":\"JC.\"},\"url\":\"http:\\\/\\\/www.defensoria.gob.ve\\\/?author=5\"}]}<\/script>\n<!-- \/ Yoast SEO plugin. -->","yoast_head_json":{"title":"Delegada de Aragua facilit\u00f3 taller: Protecci\u00f3n de la Mujer Libre de Violencia y los Protocolos de Actuaci\u00f3n Policial -","robots":{"index":"index","follow":"follow","max-snippet":"max-snippet:-1","max-image-preview":"max-image-preview:large","max-video-preview":"max-video-preview:-1"},"canonical":"http:\/\/www.defensoria.gob.ve\/?p=13644","og_locale":"es_ES","og_type":"article","og_title":"Delegada de Aragua facilit\u00f3 taller: Protecci\u00f3n de la Mujer Libre de Violencia y los Protocolos de Actuaci\u00f3n Policial -","og_description":"(Aragua\/20-Ago-25) La Defensor\u00eda delegada del estado Aragua dict\u00f3 un taller sobre la Protecci\u00f3n de la Mujer Libre de Violencia y los Protocolos de Actuaci\u00f3n Policial, realizado en el auditorio de&hellip;","og_url":"http:\/\/www.defensoria.gob.ve\/?p=13644","article_published_time":"2025-08-20T16:41:20+00:00","article_modified_time":"2025-08-20T16:41:55+00:00","og_image":[{"width":1086,"height":504,"url":"http:\/\/www.defensoria.gob.ve\/wp-content\/uploads\/2025\/08\/jykkuyiuu.png","type":"image\/png"}],"author":"JC.","twitter_card":"summary_large_image","twitter_misc":{"Escrito por":"JC.","Tiempo estimado de lectura":"1 minuto"},"schema":{"@context":"https:\/\/schema.org","@graph":[{"@type":"Article","@id":"http:\/\/www.defensoria.gob.ve\/?p=13644#article","isPartOf":{"@id":"http:\/\/www.defensoria.gob.ve\/?p=13644"},"author":{"name":"JC.","@id":"http:\/\/www.defensoria.gob.ve\/#\/schema\/person\/fba14293189d7b1933ac7fba9d89e24a"},"headline":"Delegada de Aragua facilit\u00f3 taller: Protecci\u00f3n de la Mujer Libre de Violencia y los Protocolos de Actuaci\u00f3n Policial","datePublished":"2025-08-20T16:41:20+00:00","dateModified":"2025-08-20T16:41:55+00:00","mainEntityOfPage":{"@id":"http:\/\/www.defensoria.gob.ve\/?p=13644"},"wordCount":152,"image":{"@id":"http:\/\/www.defensoria.gob.ve\/?p=13644#primaryimage"},"thumbnailUrl":"http:\/\/www.defensoria.gob.ve\/wp-content\/uploads\/2025\/08\/jykkuyiuu.png","articleSection":["REGIONALES"],"inLanguage":"es"},{"@type":"WebPage","@id":"http:\/\/www.defensoria.gob.ve\/?p=13644","url":"http:\/\/www.defensoria.gob.ve\/?p=13644","name":"Delegada de Aragua facilit\u00f3 taller: Protecci\u00f3n de la Mujer Libre de Violencia y los Protocolos de Actuaci\u00f3n Policial -","isPartOf":{"@id":"http:\/\/www.defensoria.gob.ve\/#website"},"primaryImageOfPage":{"@id":"http:\/\/www.defensoria.gob.ve\/?p=13644#primaryimage"},"image":{"@id":"http:\/\/www.defensoria.gob.ve\/?p=13644#primaryimage"},"thumbnailUrl":"http:\/\/www.defensoria.gob.ve\/wp-content\/uploads\/2025\/08\/jykkuyiuu.png","datePublished":"2025-08-20T16:41:20+00:00","dateModified":"2025-08-20T16:41:55+00:00","author":{"@id":"http:\/\/www.defensoria.gob.ve\/#\/schema\/person\/fba14293189d7b1933ac7fba9d89e24a"},"breadcrumb":{"@id":"http:\/\/www.defensoria.gob.ve\/?p=13644#breadcrumb"},"inLanguage":"es","potentialAction":[{"@type":"ReadAction","target":["http:\/\/www.defensoria.gob.ve\/?p=13644"]}]},{"@type":"ImageObject","inLanguage":"es","@id":"http:\/\/www.defensoria.gob.ve\/?p=13644#primaryimage","url":"http:\/\/www.defensoria.gob.ve\/wp-content\/uploads\/2025\/08\/jykkuyiuu.png","contentUrl":"http:\/\/www.defensoria.gob.ve\/wp-content\/uploads\/2025\/08\/jykkuyiuu.png","width":1086,"height":504},{"@type":"BreadcrumbList","@id":"http:\/\/www.defensoria.gob.ve\/?p=13644#breadcrumb","itemListElement":[{"@type":"ListItem","position":1,"name":"Portada","item":"http:\/\/www.defensoria.gob.ve\/"},{"@type":"ListItem","position":2,"name":"Delegada de Aragua facilit\u00f3 taller: Protecci\u00f3n de la Mujer Libre de Violencia y los Protocolos de Actuaci\u00f3n Policial"}]},{"@type":"WebSite","@id":"http:\/\/www.defensoria.gob.ve\/#website","url":"http:\/\/www.defensoria.gob.ve\/","name":"","description":"Instituci\u00f3n del Poder Ciudadano para la Promoci\u00f3n, Defensa y Vigilancia de los Derechos Humanos. ","potentialAction":[{"@type":"SearchAction","target":{"@type":"EntryPoint","urlTemplate":"http:\/\/www.defensoria.gob.ve\/?s={search_term_string}"},"query-input":{"@type":"PropertyValueSpecification","valueRequired":true,"valueName":"search_term_string"}}],"inLanguage":"es"},{"@type":"Person","@id":"http:\/\/www.defensoria.gob.ve\/#\/schema\/person\/fba14293189d7b1933ac7fba9d89e24a","name":"JC.","image":{"@type":"ImageObject","inLanguage":"es","@id":"https:\/\/secure.gravatar.com\/avatar\/f398a4de948606b38f0299d90ca738c674b648694bc725ed46503c240269dbf8?s=96&d=mm&r=g","url":"https:\/\/secure.gravatar.com\/avatar\/f398a4de948606b38f0299d90ca738c674b648694bc725ed46503c240269dbf8?s=96&d=mm&r=g","contentUrl":"https:\/\/secure.gravatar.com\/avatar\/f398a4de948606b38f0299d90ca738c674b648694bc725ed46503c240269dbf8?s=96&d=mm&r=g","caption":"JC."},"url":"http:\/\/www.defensoria.gob.ve\/?author=5"}]}},"_links":{"self":[{"href":"http:\/\/www.defensoria.gob.ve\/index.php?rest_route=\/wp\/v2\/posts\/13644","targetHints":{"allow":["GET"]}}],"collection":[{"href":"http:\/\/www.defensoria.gob.ve\/index.php?rest_route=\/wp\/v2\/posts"}],"about":[{"href":"http:\/\/www.defensoria.gob.ve\/index.php?rest_route=\/wp\/v2\/types\/post"}],"author":[{"embeddable":true,"href":"http:\/\/www.defensoria.gob.ve\/index.php?rest_route=\/wp\/v2\/users\/5"}],"replies":[{"embeddable":true,"href":"http:\/\/www.defensoria.gob.ve\/index.php?rest_route=%2Fwp%2Fv2%2Fcomments&post=13644"}],"version-history":[{"count":4,"href":"http:\/\/www.defensoria.gob.ve\/index.php?rest_route=\/wp\/v2\/posts\/13644\/revisions"}],"predecessor-version":[{"id":13649,"href":"http:\/\/www.defensoria.gob.ve\/index.php?rest_route=\/wp\/v2\/posts\/13644\/revisions\/13649"}],"wp:featuredmedia":[{"embeddable":true,"href":"http:\/\/www.defensoria.gob.ve\/index.php?rest_route=\/wp\/v2\/media\/13645"}],"wp:attachment":[{"href":"http:\/\/www.defensoria.gob.ve\/index.php?rest_route=%2Fwp%2Fv2%2Fmedia&parent=13644"}],"wp:term":[{"taxonomy":"category","embeddable":true,"href":"http:\/\/www.defensoria.gob.ve\/index.php?rest_route=%2Fwp%2Fv2%2Fcategories&post=13644"},{"taxonomy":"post_tag","embeddable":true,"href":"http:\/\/www.defensoria.gob.ve\/index.php?rest_route=%2Fwp%2Fv2%2Ftags&post=13644"}],"curies":[{"name":"wp","href":"https:\/\/api.w.org\/{rel}","templated":true}]}}