 
{"id":13657,"date":"2025-08-20T12:57:27","date_gmt":"2025-08-20T16:57:27","guid":{"rendered":"http:\/\/www.defensoria.gob.ve\/?p=13657"},"modified":"2025-08-20T13:08:48","modified_gmt":"2025-08-20T17:08:48","slug":"defensoria-del-pueblo-y-ccri-instalaron-mesa-tecnica-sobre-personas-separadas-desaparecidas-y-fallecidas","status":"publish","type":"post","link":"http:\/\/www.defensoria.gob.ve\/?p=13657","title":{"rendered":"Defensor\u00eda del Pueblo y CCRI instalaron Mesa T\u00e9cnica sobre personas separadas, desaparecidas y fallecidas"},"content":{"rendered":"\t\t<div data-elementor-type=\"wp-post\" data-elementor-id=\"13657\" class=\"elementor elementor-13657\">\n\t\t\t\t\t\t<section class=\"elementor-section elementor-top-section elementor-element elementor-element-3ac191c6 elementor-section-boxed elementor-section-height-default elementor-section-height-default\" data-id=\"3ac191c6\" data-element_type=\"section\" data-e-type=\"section\">\n\t\t\t\t\t\t<div class=\"elementor-container elementor-column-gap-default\">\n\t\t\t\t\t<div class=\"elementor-column elementor-col-100 elementor-top-column elementor-element elementor-element-2b6fbb8e\" data-id=\"2b6fbb8e\" data-element_type=\"column\" data-e-type=\"column\">\n\t\t\t<div class=\"elementor-widget-wrap elementor-element-populated\">\n\t\t\t\t\t\t<div class=\"elementor-element elementor-element-70a80631 elementor-widget elementor-widget-text-editor\" data-id=\"70a80631\" data-element_type=\"widget\" data-e-type=\"widget\" data-widget_type=\"text-editor.default\">\n\t\t\t\t<div class=\"elementor-widget-container\">\n\t\t\t\t\t\t\t\t\t\n<p><strong>(20-Ago-25)<\/strong> La Defensor\u00eda del Pueblo en conjunto con el Comit\u00e9 de la Cruz Roja Internacional (CCRI) instalaron la Mesa T\u00e9cnica denominada \u201cPersonas separadas, desaparecidas, fallecidas y sus familias\u201d, realizada en el sal\u00f3n de uso m\u00faltiples del piso 28 en el Centro Financiero Latino en Caracas.<\/p>\n\n\n\n<figure class=\"wp-block-image size-full\"><img fetchpriority=\"high\" decoding=\"async\" width=\"1080\" height=\"1080\" src=\"http:\/\/www.defensoria.gob.ve\/wp-content\/uploads\/2025\/08\/690c11be-d14b-4c5b-b31c-4fe75f4f9210.jpg\" alt=\"\" class=\"wp-image-13658\" srcset=\"http:\/\/www.defensoria.gob.ve\/wp-content\/uploads\/2025\/08\/690c11be-d14b-4c5b-b31c-4fe75f4f9210.jpg 1080w, http:\/\/www.defensoria.gob.ve\/wp-content\/uploads\/2025\/08\/690c11be-d14b-4c5b-b31c-4fe75f4f9210-768x768.jpg 768w\" sizes=\"(max-width: 1080px) 100vw, 1080px\" \/><\/figure>\n\n\n\n<p>Los y las ponentes del evento fueron los integrantes del CCRI, Olga Andrade, Elizabeth Hern\u00e1ndez, Nelba Morales, Manuel Oropeza y Nicol\u00e1s Ferminet, quienes explicaron a los y las presentes sobre las medidas o mecanismos para detectar, definir y prevenir los casos de personas que puedan ser separadas o que hayan desaparecido y, en su defecto, hayan perdido el contacto con sus familiares, en particular los migrantes.<\/p>\n\n\n\n<p>En ese sentido, explicaron la importancia de la coordinaci\u00f3n entre el CCRI y la Defensor\u00eda del Pueblo para actuar en la atenci\u00f3n a las familias afectadas por la desaparici\u00f3n de alg\u00fan familiar en el exterior y brindar la debida atenci\u00f3n y acompa\u00f1amiento en la defensa de sus derechos, incluyendo notificaciones a las partes involucradas y la importancia de la apertura de expedientes para el registro y seguimiento de los casos rese\u00f1ados.<\/p>\n\n\n\n<figure class=\"wp-block-image size-full\"><img decoding=\"async\" width=\"1080\" height=\"1080\" src=\"http:\/\/www.defensoria.gob.ve\/wp-content\/uploads\/2025\/08\/6ecbad8f-708a-47be-b4d5-41d504470a55.jpg\" alt=\"\" class=\"wp-image-13659\" srcset=\"http:\/\/www.defensoria.gob.ve\/wp-content\/uploads\/2025\/08\/6ecbad8f-708a-47be-b4d5-41d504470a55.jpg 1080w, http:\/\/www.defensoria.gob.ve\/wp-content\/uploads\/2025\/08\/6ecbad8f-708a-47be-b4d5-41d504470a55-768x768.jpg 768w\" sizes=\"(max-width: 1080px) 100vw, 1080px\" \/><\/figure>\n\n\n\n<p>Tambi\u00e9n destacaron la importancia de la coordinaci\u00f3n interinstitucional y los mecanismos nacionales como punto clave, incluyendo la colaboraci\u00f3n con diversas instituciones como la Canciller\u00eda y todo lo que implica el sistema de justicia en el pa\u00eds.<\/p>\n\n\n\n<p>Finalmente, se se\u00f1al\u00f3 que la coordinaci\u00f3n no se limita al \u00e1mbito nacional, sino que tambi\u00e9n abarca aspectos internacionales y transfronterizos.<\/p>\n\n\n\n<figure class=\"wp-block-image size-full\"><img decoding=\"async\" width=\"1020\" height=\"459\" src=\"http:\/\/www.defensoria.gob.ve\/wp-content\/uploads\/2025\/08\/384d7961-5b32-4db0-ab7c-b58e06a1c656.jpg\" alt=\"\" class=\"wp-image-13660\" srcset=\"http:\/\/www.defensoria.gob.ve\/wp-content\/uploads\/2025\/08\/384d7961-5b32-4db0-ab7c-b58e06a1c656.jpg 1020w, http:\/\/www.defensoria.gob.ve\/wp-content\/uploads\/2025\/08\/384d7961-5b32-4db0-ab7c-b58e06a1c656-768x346.jpg 768w\" sizes=\"(max-width: 1020px) 100vw, 1020px\" \/><\/figure>\n\n\n\n<p>Durante la tarde se realizaron mesas de trabajo entre los presentes, donde se debatieron y se trabaj\u00f3 sobre los temas expuestos durante el taller. <strong>FIN \/ PRENSA Defensor\u00eda<\/strong><\/p>\n\t\t\t\t\t\t\t\t<\/div>\n\t\t\t\t<\/div>\n\t\t\t\t\t<\/div>\n\t\t<\/div>\n\t\t\t\t\t<\/div>\n\t\t<\/section>\n\t\t\t\t<\/div>\n\t\t","protected":false},"excerpt":{"rendered":"<p>(20-Ago-25) La Defensor\u00eda del Pueblo en conjunto con el Comit\u00e9 de la Cruz Roja Internacional (CCRI) instalaron la Mesa T\u00e9cnica denominada \u201cPersonas separadas, desaparecidas, fallecidas y sus familias\u201d, realizada en&hellip; <\/p>\n","protected":false},"author":5,"featured_media":13667,"comment_status":"closed","ping_status":"open","sticky":false,"template":"","format":"standard","meta":{"footnotes":""},"categories":[5],"tags":[],"class_list":["post-13657","post","type-post","status-publish","format-standard","has-post-thumbnail","hentry","category-regionales"],"yoast_head":"<!-- This site is optimized with the Yoast SEO plugin v27.4 - https:\/\/yoast.com\/product\/yoast-seo-wordpress\/ -->\n<title>Defensor\u00eda del Pueblo y CCRI instalaron Mesa T\u00e9cnica sobre personas separadas, desaparecidas y fallecidas -<\/title>\n<meta name=\"robots\" content=\"index, follow, max-snippet:-1, max-image-preview:large, max-video-preview:-1\" \/>\n<link rel=\"canonical\" href=\"http:\/\/www.defensoria.gob.ve\/?p=13657\" \/>\n<meta property=\"og:locale\" content=\"es_ES\" \/>\n<meta property=\"og:type\" content=\"article\" \/>\n<meta property=\"og:title\" content=\"Defensor\u00eda del Pueblo y CCRI instalaron Mesa T\u00e9cnica sobre personas separadas, desaparecidas y fallecidas -\" \/>\n<meta property=\"og:description\" content=\"(20-Ago-25) La Defensor\u00eda del Pueblo en conjunto con el Comit\u00e9 de la Cruz Roja Internacional (CCRI) instalaron la Mesa T\u00e9cnica denominada \u201cPersonas separadas, desaparecidas, fallecidas y sus familias\u201d, realizada en&hellip;\" \/>\n<meta property=\"og:url\" content=\"http:\/\/www.defensoria.gob.ve\/?p=13657\" \/>\n<meta property=\"article:published_time\" content=\"2025-08-20T16:57:27+00:00\" \/>\n<meta property=\"article:modified_time\" content=\"2025-08-20T17:08:48+00:00\" \/>\n<meta property=\"og:image\" content=\"http:\/\/www.defensoria.gob.ve\/wp-content\/uploads\/2025\/08\/11b5d8ae-4e07-44be-8149-8a7d011cb4b8-1.jpg\" \/>\n\t<meta property=\"og:image:width\" content=\"429\" \/>\n\t<meta property=\"og:image:height\" content=\"264\" \/>\n\t<meta property=\"og:image:type\" content=\"image\/jpeg\" \/>\n<meta name=\"author\" content=\"JC.\" \/>\n<meta name=\"twitter:card\" content=\"summary_large_image\" \/>\n<meta name=\"twitter:label1\" content=\"Escrito por\" \/>\n\t<meta name=\"twitter:data1\" content=\"JC.\" \/>\n\t<meta name=\"twitter:label2\" content=\"Tiempo estimado de lectura\" \/>\n\t<meta name=\"twitter:data2\" content=\"3 minutos\" \/>\n<script type=\"application\/ld+json\" class=\"yoast-schema-graph\">{\"@context\":\"https:\\\/\\\/schema.org\",\"@graph\":[{\"@type\":\"Article\",\"@id\":\"http:\\\/\\\/www.defensoria.gob.ve\\\/?p=13657#article\",\"isPartOf\":{\"@id\":\"http:\\\/\\\/www.defensoria.gob.ve\\\/?p=13657\"},\"author\":{\"name\":\"JC.\",\"@id\":\"http:\\\/\\\/www.defensoria.gob.ve\\\/#\\\/schema\\\/person\\\/fba14293189d7b1933ac7fba9d89e24a\"},\"headline\":\"Defensor\u00eda del Pueblo y CCRI instalaron Mesa T\u00e9cnica sobre personas separadas, desaparecidas y fallecidas\",\"datePublished\":\"2025-08-20T16:57:27+00:00\",\"dateModified\":\"2025-08-20T17:08:48+00:00\",\"mainEntityOfPage\":{\"@id\":\"http:\\\/\\\/www.defensoria.gob.ve\\\/?p=13657\"},\"wordCount\":303,\"image\":{\"@id\":\"http:\\\/\\\/www.defensoria.gob.ve\\\/?p=13657#primaryimage\"},\"thumbnailUrl\":\"http:\\\/\\\/www.defensoria.gob.ve\\\/wp-content\\\/uploads\\\/2025\\\/08\\\/11b5d8ae-4e07-44be-8149-8a7d011cb4b8-1.jpg\",\"articleSection\":[\"REGIONALES\"],\"inLanguage\":\"es\"},{\"@type\":\"WebPage\",\"@id\":\"http:\\\/\\\/www.defensoria.gob.ve\\\/?p=13657\",\"url\":\"http:\\\/\\\/www.defensoria.gob.ve\\\/?p=13657\",\"name\":\"Defensor\u00eda del Pueblo y CCRI instalaron Mesa T\u00e9cnica sobre personas separadas, desaparecidas y fallecidas -\",\"isPartOf\":{\"@id\":\"http:\\\/\\\/www.defensoria.gob.ve\\\/#website\"},\"primaryImageOfPage\":{\"@id\":\"http:\\\/\\\/www.defensoria.gob.ve\\\/?p=13657#primaryimage\"},\"image\":{\"@id\":\"http:\\\/\\\/www.defensoria.gob.ve\\\/?p=13657#primaryimage\"},\"thumbnailUrl\":\"http:\\\/\\\/www.defensoria.gob.ve\\\/wp-content\\\/uploads\\\/2025\\\/08\\\/11b5d8ae-4e07-44be-8149-8a7d011cb4b8-1.jpg\",\"datePublished\":\"2025-08-20T16:57:27+00:00\",\"dateModified\":\"2025-08-20T17:08:48+00:00\",\"author\":{\"@id\":\"http:\\\/\\\/www.defensoria.gob.ve\\\/#\\\/schema\\\/person\\\/fba14293189d7b1933ac7fba9d89e24a\"},\"breadcrumb\":{\"@id\":\"http:\\\/\\\/www.defensoria.gob.ve\\\/?p=13657#breadcrumb\"},\"inLanguage\":\"es\",\"potentialAction\":[{\"@type\":\"ReadAction\",\"target\":[\"http:\\\/\\\/www.defensoria.gob.ve\\\/?p=13657\"]}]},{\"@type\":\"ImageObject\",\"inLanguage\":\"es\",\"@id\":\"http:\\\/\\\/www.defensoria.gob.ve\\\/?p=13657#primaryimage\",\"url\":\"http:\\\/\\\/www.defensoria.gob.ve\\\/wp-content\\\/uploads\\\/2025\\\/08\\\/11b5d8ae-4e07-44be-8149-8a7d011cb4b8-1.jpg\",\"contentUrl\":\"http:\\\/\\\/www.defensoria.gob.ve\\\/wp-content\\\/uploads\\\/2025\\\/08\\\/11b5d8ae-4e07-44be-8149-8a7d011cb4b8-1.jpg\",\"width\":429,\"height\":264},{\"@type\":\"BreadcrumbList\",\"@id\":\"http:\\\/\\\/www.defensoria.gob.ve\\\/?p=13657#breadcrumb\",\"itemListElement\":[{\"@type\":\"ListItem\",\"position\":1,\"name\":\"Portada\",\"item\":\"http:\\\/\\\/www.defensoria.gob.ve\\\/\"},{\"@type\":\"ListItem\",\"position\":2,\"name\":\"Defensor\u00eda del Pueblo y CCRI instalaron Mesa T\u00e9cnica sobre personas separadas, desaparecidas y fallecidas\"}]},{\"@type\":\"WebSite\",\"@id\":\"http:\\\/\\\/www.defensoria.gob.ve\\\/#website\",\"url\":\"http:\\\/\\\/www.defensoria.gob.ve\\\/\",\"name\":\"\",\"description\":\"Instituci\u00f3n del Poder Ciudadano para la Promoci\u00f3n, Defensa y Vigilancia de los Derechos Humanos. \",\"potentialAction\":[{\"@type\":\"SearchAction\",\"target\":{\"@type\":\"EntryPoint\",\"urlTemplate\":\"http:\\\/\\\/www.defensoria.gob.ve\\\/?s={search_term_string}\"},\"query-input\":{\"@type\":\"PropertyValueSpecification\",\"valueRequired\":true,\"valueName\":\"search_term_string\"}}],\"inLanguage\":\"es\"},{\"@type\":\"Person\",\"@id\":\"http:\\\/\\\/www.defensoria.gob.ve\\\/#\\\/schema\\\/person\\\/fba14293189d7b1933ac7fba9d89e24a\",\"name\":\"JC.\",\"image\":{\"@type\":\"ImageObject\",\"inLanguage\":\"es\",\"@id\":\"https:\\\/\\\/secure.gravatar.com\\\/avatar\\\/f398a4de948606b38f0299d90ca738c674b648694bc725ed46503c240269dbf8?s=96&d=mm&r=g\",\"url\":\"https:\\\/\\\/secure.gravatar.com\\\/avatar\\\/f398a4de948606b38f0299d90ca738c674b648694bc725ed46503c240269dbf8?s=96&d=mm&r=g\",\"contentUrl\":\"https:\\\/\\\/secure.gravatar.com\\\/avatar\\\/f398a4de948606b38f0299d90ca738c674b648694bc725ed46503c240269dbf8?s=96&d=mm&r=g\",\"caption\":\"JC.\"},\"url\":\"http:\\\/\\\/www.defensoria.gob.ve\\\/?author=5\"}]}<\/script>\n<!-- \/ Yoast SEO plugin. -->","yoast_head_json":{"title":"Defensor\u00eda del Pueblo y CCRI instalaron Mesa T\u00e9cnica sobre personas separadas, desaparecidas y fallecidas -","robots":{"index":"index","follow":"follow","max-snippet":"max-snippet:-1","max-image-preview":"max-image-preview:large","max-video-preview":"max-video-preview:-1"},"canonical":"http:\/\/www.defensoria.gob.ve\/?p=13657","og_locale":"es_ES","og_type":"article","og_title":"Defensor\u00eda del Pueblo y CCRI instalaron Mesa T\u00e9cnica sobre personas separadas, desaparecidas y fallecidas -","og_description":"(20-Ago-25) La Defensor\u00eda del Pueblo en conjunto con el Comit\u00e9 de la Cruz Roja Internacional (CCRI) instalaron la Mesa T\u00e9cnica denominada \u201cPersonas separadas, desaparecidas, fallecidas y sus familias\u201d, realizada en&hellip;","og_url":"http:\/\/www.defensoria.gob.ve\/?p=13657","article_published_time":"2025-08-20T16:57:27+00:00","article_modified_time":"2025-08-20T17:08:48+00:00","og_image":[{"width":429,"height":264,"url":"http:\/\/www.defensoria.gob.ve\/wp-content\/uploads\/2025\/08\/11b5d8ae-4e07-44be-8149-8a7d011cb4b8-1.jpg","type":"image\/jpeg"}],"author":"JC.","twitter_card":"summary_large_image","twitter_misc":{"Escrito por":"JC.","Tiempo estimado de lectura":"3 minutos"},"schema":{"@context":"https:\/\/schema.org","@graph":[{"@type":"Article","@id":"http:\/\/www.defensoria.gob.ve\/?p=13657#article","isPartOf":{"@id":"http:\/\/www.defensoria.gob.ve\/?p=13657"},"author":{"name":"JC.","@id":"http:\/\/www.defensoria.gob.ve\/#\/schema\/person\/fba14293189d7b1933ac7fba9d89e24a"},"headline":"Defensor\u00eda del Pueblo y CCRI instalaron Mesa T\u00e9cnica sobre personas separadas, desaparecidas y fallecidas","datePublished":"2025-08-20T16:57:27+00:00","dateModified":"2025-08-20T17:08:48+00:00","mainEntityOfPage":{"@id":"http:\/\/www.defensoria.gob.ve\/?p=13657"},"wordCount":303,"image":{"@id":"http:\/\/www.defensoria.gob.ve\/?p=13657#primaryimage"},"thumbnailUrl":"http:\/\/www.defensoria.gob.ve\/wp-content\/uploads\/2025\/08\/11b5d8ae-4e07-44be-8149-8a7d011cb4b8-1.jpg","articleSection":["REGIONALES"],"inLanguage":"es"},{"@type":"WebPage","@id":"http:\/\/www.defensoria.gob.ve\/?p=13657","url":"http:\/\/www.defensoria.gob.ve\/?p=13657","name":"Defensor\u00eda del Pueblo y CCRI instalaron Mesa T\u00e9cnica sobre personas separadas, desaparecidas y fallecidas -","isPartOf":{"@id":"http:\/\/www.defensoria.gob.ve\/#website"},"primaryImageOfPage":{"@id":"http:\/\/www.defensoria.gob.ve\/?p=13657#primaryimage"},"image":{"@id":"http:\/\/www.defensoria.gob.ve\/?p=13657#primaryimage"},"thumbnailUrl":"http:\/\/www.defensoria.gob.ve\/wp-content\/uploads\/2025\/08\/11b5d8ae-4e07-44be-8149-8a7d011cb4b8-1.jpg","datePublished":"2025-08-20T16:57:27+00:00","dateModified":"2025-08-20T17:08:48+00:00","author":{"@id":"http:\/\/www.defensoria.gob.ve\/#\/schema\/person\/fba14293189d7b1933ac7fba9d89e24a"},"breadcrumb":{"@id":"http:\/\/www.defensoria.gob.ve\/?p=13657#breadcrumb"},"inLanguage":"es","potentialAction":[{"@type":"ReadAction","target":["http:\/\/www.defensoria.gob.ve\/?p=13657"]}]},{"@type":"ImageObject","inLanguage":"es","@id":"http:\/\/www.defensoria.gob.ve\/?p=13657#primaryimage","url":"http:\/\/www.defensoria.gob.ve\/wp-content\/uploads\/2025\/08\/11b5d8ae-4e07-44be-8149-8a7d011cb4b8-1.jpg","contentUrl":"http:\/\/www.defensoria.gob.ve\/wp-content\/uploads\/2025\/08\/11b5d8ae-4e07-44be-8149-8a7d011cb4b8-1.jpg","width":429,"height":264},{"@type":"BreadcrumbList","@id":"http:\/\/www.defensoria.gob.ve\/?p=13657#breadcrumb","itemListElement":[{"@type":"ListItem","position":1,"name":"Portada","item":"http:\/\/www.defensoria.gob.ve\/"},{"@type":"ListItem","position":2,"name":"Defensor\u00eda del Pueblo y CCRI instalaron Mesa T\u00e9cnica sobre personas separadas, desaparecidas y fallecidas"}]},{"@type":"WebSite","@id":"http:\/\/www.defensoria.gob.ve\/#website","url":"http:\/\/www.defensoria.gob.ve\/","name":"","description":"Instituci\u00f3n del Poder Ciudadano para la Promoci\u00f3n, Defensa y Vigilancia de los Derechos Humanos. ","potentialAction":[{"@type":"SearchAction","target":{"@type":"EntryPoint","urlTemplate":"http:\/\/www.defensoria.gob.ve\/?s={search_term_string}"},"query-input":{"@type":"PropertyValueSpecification","valueRequired":true,"valueName":"search_term_string"}}],"inLanguage":"es"},{"@type":"Person","@id":"http:\/\/www.defensoria.gob.ve\/#\/schema\/person\/fba14293189d7b1933ac7fba9d89e24a","name":"JC.","image":{"@type":"ImageObject","inLanguage":"es","@id":"https:\/\/secure.gravatar.com\/avatar\/f398a4de948606b38f0299d90ca738c674b648694bc725ed46503c240269dbf8?s=96&d=mm&r=g","url":"https:\/\/secure.gravatar.com\/avatar\/f398a4de948606b38f0299d90ca738c674b648694bc725ed46503c240269dbf8?s=96&d=mm&r=g","contentUrl":"https:\/\/secure.gravatar.com\/avatar\/f398a4de948606b38f0299d90ca738c674b648694bc725ed46503c240269dbf8?s=96&d=mm&r=g","caption":"JC."},"url":"http:\/\/www.defensoria.gob.ve\/?author=5"}]}},"_links":{"self":[{"href":"http:\/\/www.defensoria.gob.ve\/index.php?rest_route=\/wp\/v2\/posts\/13657","targetHints":{"allow":["GET"]}}],"collection":[{"href":"http:\/\/www.defensoria.gob.ve\/index.php?rest_route=\/wp\/v2\/posts"}],"about":[{"href":"http:\/\/www.defensoria.gob.ve\/index.php?rest_route=\/wp\/v2\/types\/post"}],"author":[{"embeddable":true,"href":"http:\/\/www.defensoria.gob.ve\/index.php?rest_route=\/wp\/v2\/users\/5"}],"replies":[{"embeddable":true,"href":"http:\/\/www.defensoria.gob.ve\/index.php?rest_route=%2Fwp%2Fv2%2Fcomments&post=13657"}],"version-history":[{"count":4,"href":"http:\/\/www.defensoria.gob.ve\/index.php?rest_route=\/wp\/v2\/posts\/13657\/revisions"}],"predecessor-version":[{"id":13665,"href":"http:\/\/www.defensoria.gob.ve\/index.php?rest_route=\/wp\/v2\/posts\/13657\/revisions\/13665"}],"wp:featuredmedia":[{"embeddable":true,"href":"http:\/\/www.defensoria.gob.ve\/index.php?rest_route=\/wp\/v2\/media\/13667"}],"wp:attachment":[{"href":"http:\/\/www.defensoria.gob.ve\/index.php?rest_route=%2Fwp%2Fv2%2Fmedia&parent=13657"}],"wp:term":[{"taxonomy":"category","embeddable":true,"href":"http:\/\/www.defensoria.gob.ve\/index.php?rest_route=%2Fwp%2Fv2%2Fcategories&post=13657"},{"taxonomy":"post_tag","embeddable":true,"href":"http:\/\/www.defensoria.gob.ve\/index.php?rest_route=%2Fwp%2Fv2%2Ftags&post=13657"}],"curies":[{"name":"wp","href":"https:\/\/api.w.org\/{rel}","templated":true}]}}