 
{"id":13707,"date":"2025-08-21T12:53:02","date_gmt":"2025-08-21T16:53:02","guid":{"rendered":"http:\/\/www.defensoria.gob.ve\/?p=13707"},"modified":"2025-08-21T12:53:52","modified_gmt":"2025-08-21T16:53:52","slug":"delegada-de-lara-llevo-alegria-a-los-hijos-e-hijas-de-sus-trabajadores","status":"publish","type":"post","link":"http:\/\/www.defensoria.gob.ve\/?p=13707","title":{"rendered":"Delegada de Lara llev\u00f3 alegr\u00eda a los hijos e hijas de sus trabajadores"},"content":{"rendered":"\t\t<div data-elementor-type=\"wp-post\" data-elementor-id=\"13707\" class=\"elementor elementor-13707\">\n\t\t\t\t\t\t<section class=\"elementor-section elementor-top-section elementor-element elementor-element-5c7d65f2 elementor-section-boxed elementor-section-height-default elementor-section-height-default\" data-id=\"5c7d65f2\" data-element_type=\"section\" data-e-type=\"section\">\n\t\t\t\t\t\t<div class=\"elementor-container elementor-column-gap-default\">\n\t\t\t\t\t<div class=\"elementor-column elementor-col-100 elementor-top-column elementor-element elementor-element-557a95df\" data-id=\"557a95df\" data-element_type=\"column\" data-e-type=\"column\">\n\t\t\t<div class=\"elementor-widget-wrap elementor-element-populated\">\n\t\t\t\t\t\t<div class=\"elementor-element elementor-element-45cb1fd2 elementor-widget elementor-widget-text-editor\" data-id=\"45cb1fd2\" data-element_type=\"widget\" data-e-type=\"widget\" data-widget_type=\"text-editor.default\">\n\t\t\t\t<div class=\"elementor-widget-container\">\n\t\t\t\t\t\t\t\t\t\n<p><strong>(Lara\/21-Ago-25)<\/strong> La Defensor\u00eda del Pueblo delegada en el estado Lara organiz\u00f3 una jornada recreativa memorable para los hijos e hijas de sus servidoras y servidores p\u00fablicos, donde los peque\u00f1os disfrutaron de un d\u00eda lleno de diversi\u00f3n y alegr\u00eda en el parque acu\u00e1tico \u201cMundo de los Ni\u00f1os\u201d.<\/p>\n\n\n\n<p>Esta iniciativa fue posible gracias a la colaboraci\u00f3n interinstitucional con la Corporaci\u00f3n de Turismo estatal, la Gobernaci\u00f3n y la Alcald\u00eda del municipio Iribarren, quienes facilitaron el traslado en sus unidades de TransGuaro.<\/p>\n\n\n<div class=\"wp-block-image\">\n<figure class=\"aligncenter size-full\"><img fetchpriority=\"high\" decoding=\"async\" width=\"393\" height=\"517\" src=\"http:\/\/www.defensoria.gob.ve\/wp-content\/uploads\/2025\/08\/jytjj-1.png\" alt=\"\" class=\"wp-image-13709\"\/><\/figure><\/div>\n\n\n<p>Durante el evento, los ni\u00f1os y ni\u00f1as aprovecharon al m\u00e1ximo las diversas atracciones del parque, incluyendo piscinas, juegos, toboganes y otras actividades recreativas.<\/p>\n\n\n\n<p>En este contexto, el ente defensorial busca, con este tipo de actividades, promover el bienestar y el esparcimiento familiar entre su personal, reconociendo as\u00ed su dedicaci\u00f3n y compromiso con la instituci\u00f3n. <strong>FIN \/ PRENSA Defensor\u00eda<\/strong><\/p>\n\t\t\t\t\t\t\t\t<\/div>\n\t\t\t\t<\/div>\n\t\t\t\t\t<\/div>\n\t\t<\/div>\n\t\t\t\t\t<\/div>\n\t\t<\/section>\n\t\t\t\t<\/div>\n\t\t","protected":false},"excerpt":{"rendered":"<p>(Lara\/21-Ago-25) La Defensor\u00eda del Pueblo delegada en el estado Lara organiz\u00f3 una jornada recreativa memorable para los hijos e hijas de sus servidoras y servidores p\u00fablicos, donde los peque\u00f1os disfrutaron&hellip; <\/p>\n","protected":false},"author":5,"featured_media":13710,"comment_status":"closed","ping_status":"open","sticky":false,"template":"","format":"standard","meta":{"footnotes":""},"categories":[5],"tags":[],"class_list":["post-13707","post","type-post","status-publish","format-standard","has-post-thumbnail","hentry","category-regionales"],"yoast_head":"<!-- This site is optimized with the Yoast SEO plugin v27.4 - https:\/\/yoast.com\/product\/yoast-seo-wordpress\/ -->\n<title>Delegada de Lara llev\u00f3 alegr\u00eda a los hijos e hijas de sus trabajadores -<\/title>\n<meta name=\"robots\" content=\"index, follow, max-snippet:-1, max-image-preview:large, max-video-preview:-1\" \/>\n<link rel=\"canonical\" href=\"http:\/\/www.defensoria.gob.ve\/?p=13707\" \/>\n<meta property=\"og:locale\" content=\"es_ES\" \/>\n<meta property=\"og:type\" content=\"article\" \/>\n<meta property=\"og:title\" content=\"Delegada de Lara llev\u00f3 alegr\u00eda a los hijos e hijas de sus trabajadores -\" \/>\n<meta property=\"og:description\" content=\"(Lara\/21-Ago-25) La Defensor\u00eda del Pueblo delegada en el estado Lara organiz\u00f3 una jornada recreativa memorable para los hijos e hijas de sus servidoras y servidores p\u00fablicos, donde los peque\u00f1os disfrutaron&hellip;\" \/>\n<meta property=\"og:url\" content=\"http:\/\/www.defensoria.gob.ve\/?p=13707\" \/>\n<meta property=\"article:published_time\" content=\"2025-08-21T16:53:02+00:00\" \/>\n<meta property=\"article:modified_time\" content=\"2025-08-21T16:53:52+00:00\" \/>\n<meta property=\"og:image\" content=\"http:\/\/www.defensoria.gob.ve\/wp-content\/uploads\/2025\/08\/fe3t3et.png\" \/>\n\t<meta property=\"og:image:width\" content=\"417\" \/>\n\t<meta property=\"og:image:height\" content=\"349\" \/>\n\t<meta property=\"og:image:type\" content=\"image\/png\" \/>\n<meta name=\"author\" content=\"JC.\" \/>\n<meta name=\"twitter:card\" content=\"summary_large_image\" \/>\n<meta name=\"twitter:label1\" content=\"Escrito por\" \/>\n\t<meta name=\"twitter:data1\" content=\"JC.\" \/>\n\t<meta name=\"twitter:label2\" content=\"Tiempo estimado de lectura\" \/>\n\t<meta name=\"twitter:data2\" content=\"1 minuto\" \/>\n<script type=\"application\/ld+json\" class=\"yoast-schema-graph\">{\"@context\":\"https:\\\/\\\/schema.org\",\"@graph\":[{\"@type\":\"Article\",\"@id\":\"http:\\\/\\\/www.defensoria.gob.ve\\\/?p=13707#article\",\"isPartOf\":{\"@id\":\"http:\\\/\\\/www.defensoria.gob.ve\\\/?p=13707\"},\"author\":{\"name\":\"JC.\",\"@id\":\"http:\\\/\\\/www.defensoria.gob.ve\\\/#\\\/schema\\\/person\\\/fba14293189d7b1933ac7fba9d89e24a\"},\"headline\":\"Delegada de Lara llev\u00f3 alegr\u00eda a los hijos e hijas de sus trabajadores\",\"datePublished\":\"2025-08-21T16:53:02+00:00\",\"dateModified\":\"2025-08-21T16:53:52+00:00\",\"mainEntityOfPage\":{\"@id\":\"http:\\\/\\\/www.defensoria.gob.ve\\\/?p=13707\"},\"wordCount\":168,\"image\":{\"@id\":\"http:\\\/\\\/www.defensoria.gob.ve\\\/?p=13707#primaryimage\"},\"thumbnailUrl\":\"http:\\\/\\\/www.defensoria.gob.ve\\\/wp-content\\\/uploads\\\/2025\\\/08\\\/fe3t3et.png\",\"articleSection\":[\"REGIONALES\"],\"inLanguage\":\"es\"},{\"@type\":\"WebPage\",\"@id\":\"http:\\\/\\\/www.defensoria.gob.ve\\\/?p=13707\",\"url\":\"http:\\\/\\\/www.defensoria.gob.ve\\\/?p=13707\",\"name\":\"Delegada de Lara llev\u00f3 alegr\u00eda a los hijos e hijas de sus trabajadores -\",\"isPartOf\":{\"@id\":\"http:\\\/\\\/www.defensoria.gob.ve\\\/#website\"},\"primaryImageOfPage\":{\"@id\":\"http:\\\/\\\/www.defensoria.gob.ve\\\/?p=13707#primaryimage\"},\"image\":{\"@id\":\"http:\\\/\\\/www.defensoria.gob.ve\\\/?p=13707#primaryimage\"},\"thumbnailUrl\":\"http:\\\/\\\/www.defensoria.gob.ve\\\/wp-content\\\/uploads\\\/2025\\\/08\\\/fe3t3et.png\",\"datePublished\":\"2025-08-21T16:53:02+00:00\",\"dateModified\":\"2025-08-21T16:53:52+00:00\",\"author\":{\"@id\":\"http:\\\/\\\/www.defensoria.gob.ve\\\/#\\\/schema\\\/person\\\/fba14293189d7b1933ac7fba9d89e24a\"},\"breadcrumb\":{\"@id\":\"http:\\\/\\\/www.defensoria.gob.ve\\\/?p=13707#breadcrumb\"},\"inLanguage\":\"es\",\"potentialAction\":[{\"@type\":\"ReadAction\",\"target\":[\"http:\\\/\\\/www.defensoria.gob.ve\\\/?p=13707\"]}]},{\"@type\":\"ImageObject\",\"inLanguage\":\"es\",\"@id\":\"http:\\\/\\\/www.defensoria.gob.ve\\\/?p=13707#primaryimage\",\"url\":\"http:\\\/\\\/www.defensoria.gob.ve\\\/wp-content\\\/uploads\\\/2025\\\/08\\\/fe3t3et.png\",\"contentUrl\":\"http:\\\/\\\/www.defensoria.gob.ve\\\/wp-content\\\/uploads\\\/2025\\\/08\\\/fe3t3et.png\",\"width\":417,\"height\":349},{\"@type\":\"BreadcrumbList\",\"@id\":\"http:\\\/\\\/www.defensoria.gob.ve\\\/?p=13707#breadcrumb\",\"itemListElement\":[{\"@type\":\"ListItem\",\"position\":1,\"name\":\"Portada\",\"item\":\"http:\\\/\\\/www.defensoria.gob.ve\\\/\"},{\"@type\":\"ListItem\",\"position\":2,\"name\":\"Delegada de Lara llev\u00f3 alegr\u00eda a los hijos e hijas de sus trabajadores\"}]},{\"@type\":\"WebSite\",\"@id\":\"http:\\\/\\\/www.defensoria.gob.ve\\\/#website\",\"url\":\"http:\\\/\\\/www.defensoria.gob.ve\\\/\",\"name\":\"\",\"description\":\"Instituci\u00f3n del Poder Ciudadano para la Promoci\u00f3n, Defensa y Vigilancia de los Derechos Humanos. \",\"potentialAction\":[{\"@type\":\"SearchAction\",\"target\":{\"@type\":\"EntryPoint\",\"urlTemplate\":\"http:\\\/\\\/www.defensoria.gob.ve\\\/?s={search_term_string}\"},\"query-input\":{\"@type\":\"PropertyValueSpecification\",\"valueRequired\":true,\"valueName\":\"search_term_string\"}}],\"inLanguage\":\"es\"},{\"@type\":\"Person\",\"@id\":\"http:\\\/\\\/www.defensoria.gob.ve\\\/#\\\/schema\\\/person\\\/fba14293189d7b1933ac7fba9d89e24a\",\"name\":\"JC.\",\"image\":{\"@type\":\"ImageObject\",\"inLanguage\":\"es\",\"@id\":\"https:\\\/\\\/secure.gravatar.com\\\/avatar\\\/f398a4de948606b38f0299d90ca738c674b648694bc725ed46503c240269dbf8?s=96&d=mm&r=g\",\"url\":\"https:\\\/\\\/secure.gravatar.com\\\/avatar\\\/f398a4de948606b38f0299d90ca738c674b648694bc725ed46503c240269dbf8?s=96&d=mm&r=g\",\"contentUrl\":\"https:\\\/\\\/secure.gravatar.com\\\/avatar\\\/f398a4de948606b38f0299d90ca738c674b648694bc725ed46503c240269dbf8?s=96&d=mm&r=g\",\"caption\":\"JC.\"},\"url\":\"http:\\\/\\\/www.defensoria.gob.ve\\\/?author=5\"}]}<\/script>\n<!-- \/ Yoast SEO plugin. -->","yoast_head_json":{"title":"Delegada de Lara llev\u00f3 alegr\u00eda a los hijos e hijas de sus trabajadores -","robots":{"index":"index","follow":"follow","max-snippet":"max-snippet:-1","max-image-preview":"max-image-preview:large","max-video-preview":"max-video-preview:-1"},"canonical":"http:\/\/www.defensoria.gob.ve\/?p=13707","og_locale":"es_ES","og_type":"article","og_title":"Delegada de Lara llev\u00f3 alegr\u00eda a los hijos e hijas de sus trabajadores -","og_description":"(Lara\/21-Ago-25) La Defensor\u00eda del Pueblo delegada en el estado Lara organiz\u00f3 una jornada recreativa memorable para los hijos e hijas de sus servidoras y servidores p\u00fablicos, donde los peque\u00f1os disfrutaron&hellip;","og_url":"http:\/\/www.defensoria.gob.ve\/?p=13707","article_published_time":"2025-08-21T16:53:02+00:00","article_modified_time":"2025-08-21T16:53:52+00:00","og_image":[{"width":417,"height":349,"url":"http:\/\/www.defensoria.gob.ve\/wp-content\/uploads\/2025\/08\/fe3t3et.png","type":"image\/png"}],"author":"JC.","twitter_card":"summary_large_image","twitter_misc":{"Escrito por":"JC.","Tiempo estimado de lectura":"1 minuto"},"schema":{"@context":"https:\/\/schema.org","@graph":[{"@type":"Article","@id":"http:\/\/www.defensoria.gob.ve\/?p=13707#article","isPartOf":{"@id":"http:\/\/www.defensoria.gob.ve\/?p=13707"},"author":{"name":"JC.","@id":"http:\/\/www.defensoria.gob.ve\/#\/schema\/person\/fba14293189d7b1933ac7fba9d89e24a"},"headline":"Delegada de Lara llev\u00f3 alegr\u00eda a los hijos e hijas de sus trabajadores","datePublished":"2025-08-21T16:53:02+00:00","dateModified":"2025-08-21T16:53:52+00:00","mainEntityOfPage":{"@id":"http:\/\/www.defensoria.gob.ve\/?p=13707"},"wordCount":168,"image":{"@id":"http:\/\/www.defensoria.gob.ve\/?p=13707#primaryimage"},"thumbnailUrl":"http:\/\/www.defensoria.gob.ve\/wp-content\/uploads\/2025\/08\/fe3t3et.png","articleSection":["REGIONALES"],"inLanguage":"es"},{"@type":"WebPage","@id":"http:\/\/www.defensoria.gob.ve\/?p=13707","url":"http:\/\/www.defensoria.gob.ve\/?p=13707","name":"Delegada de Lara llev\u00f3 alegr\u00eda a los hijos e hijas de sus trabajadores -","isPartOf":{"@id":"http:\/\/www.defensoria.gob.ve\/#website"},"primaryImageOfPage":{"@id":"http:\/\/www.defensoria.gob.ve\/?p=13707#primaryimage"},"image":{"@id":"http:\/\/www.defensoria.gob.ve\/?p=13707#primaryimage"},"thumbnailUrl":"http:\/\/www.defensoria.gob.ve\/wp-content\/uploads\/2025\/08\/fe3t3et.png","datePublished":"2025-08-21T16:53:02+00:00","dateModified":"2025-08-21T16:53:52+00:00","author":{"@id":"http:\/\/www.defensoria.gob.ve\/#\/schema\/person\/fba14293189d7b1933ac7fba9d89e24a"},"breadcrumb":{"@id":"http:\/\/www.defensoria.gob.ve\/?p=13707#breadcrumb"},"inLanguage":"es","potentialAction":[{"@type":"ReadAction","target":["http:\/\/www.defensoria.gob.ve\/?p=13707"]}]},{"@type":"ImageObject","inLanguage":"es","@id":"http:\/\/www.defensoria.gob.ve\/?p=13707#primaryimage","url":"http:\/\/www.defensoria.gob.ve\/wp-content\/uploads\/2025\/08\/fe3t3et.png","contentUrl":"http:\/\/www.defensoria.gob.ve\/wp-content\/uploads\/2025\/08\/fe3t3et.png","width":417,"height":349},{"@type":"BreadcrumbList","@id":"http:\/\/www.defensoria.gob.ve\/?p=13707#breadcrumb","itemListElement":[{"@type":"ListItem","position":1,"name":"Portada","item":"http:\/\/www.defensoria.gob.ve\/"},{"@type":"ListItem","position":2,"name":"Delegada de Lara llev\u00f3 alegr\u00eda a los hijos e hijas de sus trabajadores"}]},{"@type":"WebSite","@id":"http:\/\/www.defensoria.gob.ve\/#website","url":"http:\/\/www.defensoria.gob.ve\/","name":"","description":"Instituci\u00f3n del Poder Ciudadano para la Promoci\u00f3n, Defensa y Vigilancia de los Derechos Humanos. ","potentialAction":[{"@type":"SearchAction","target":{"@type":"EntryPoint","urlTemplate":"http:\/\/www.defensoria.gob.ve\/?s={search_term_string}"},"query-input":{"@type":"PropertyValueSpecification","valueRequired":true,"valueName":"search_term_string"}}],"inLanguage":"es"},{"@type":"Person","@id":"http:\/\/www.defensoria.gob.ve\/#\/schema\/person\/fba14293189d7b1933ac7fba9d89e24a","name":"JC.","image":{"@type":"ImageObject","inLanguage":"es","@id":"https:\/\/secure.gravatar.com\/avatar\/f398a4de948606b38f0299d90ca738c674b648694bc725ed46503c240269dbf8?s=96&d=mm&r=g","url":"https:\/\/secure.gravatar.com\/avatar\/f398a4de948606b38f0299d90ca738c674b648694bc725ed46503c240269dbf8?s=96&d=mm&r=g","contentUrl":"https:\/\/secure.gravatar.com\/avatar\/f398a4de948606b38f0299d90ca738c674b648694bc725ed46503c240269dbf8?s=96&d=mm&r=g","caption":"JC."},"url":"http:\/\/www.defensoria.gob.ve\/?author=5"}]}},"_links":{"self":[{"href":"http:\/\/www.defensoria.gob.ve\/index.php?rest_route=\/wp\/v2\/posts\/13707","targetHints":{"allow":["GET"]}}],"collection":[{"href":"http:\/\/www.defensoria.gob.ve\/index.php?rest_route=\/wp\/v2\/posts"}],"about":[{"href":"http:\/\/www.defensoria.gob.ve\/index.php?rest_route=\/wp\/v2\/types\/post"}],"author":[{"embeddable":true,"href":"http:\/\/www.defensoria.gob.ve\/index.php?rest_route=\/wp\/v2\/users\/5"}],"replies":[{"embeddable":true,"href":"http:\/\/www.defensoria.gob.ve\/index.php?rest_route=%2Fwp%2Fv2%2Fcomments&post=13707"}],"version-history":[{"count":4,"href":"http:\/\/www.defensoria.gob.ve\/index.php?rest_route=\/wp\/v2\/posts\/13707\/revisions"}],"predecessor-version":[{"id":13714,"href":"http:\/\/www.defensoria.gob.ve\/index.php?rest_route=\/wp\/v2\/posts\/13707\/revisions\/13714"}],"wp:featuredmedia":[{"embeddable":true,"href":"http:\/\/www.defensoria.gob.ve\/index.php?rest_route=\/wp\/v2\/media\/13710"}],"wp:attachment":[{"href":"http:\/\/www.defensoria.gob.ve\/index.php?rest_route=%2Fwp%2Fv2%2Fmedia&parent=13707"}],"wp:term":[{"taxonomy":"category","embeddable":true,"href":"http:\/\/www.defensoria.gob.ve\/index.php?rest_route=%2Fwp%2Fv2%2Fcategories&post=13707"},{"taxonomy":"post_tag","embeddable":true,"href":"http:\/\/www.defensoria.gob.ve\/index.php?rest_route=%2Fwp%2Fv2%2Ftags&post=13707"}],"curies":[{"name":"wp","href":"https:\/\/api.w.org\/{rel}","templated":true}]}}