 
{"id":13715,"date":"2025-08-21T14:31:53","date_gmt":"2025-08-21T18:31:53","guid":{"rendered":"http:\/\/www.defensoria.gob.ve\/?p=13715"},"modified":"2025-08-21T14:35:51","modified_gmt":"2025-08-21T18:35:51","slug":"delegada-de-aragua-culmino-diplomado-sobre-derechos-humanos-al-parto-y-nacimiento-humanizado","status":"publish","type":"post","link":"http:\/\/www.defensoria.gob.ve\/?p=13715","title":{"rendered":"Delegada de Aragua culmin\u00f3 Diplomado sobre Derechos Humanos al Parto y Nacimiento Humanizado"},"content":{"rendered":"\t\t<div data-elementor-type=\"wp-post\" data-elementor-id=\"13715\" class=\"elementor elementor-13715\">\n\t\t\t\t\t\t<section class=\"elementor-section elementor-top-section elementor-element elementor-element-4557b702 elementor-section-boxed elementor-section-height-default elementor-section-height-default\" data-id=\"4557b702\" data-element_type=\"section\" data-e-type=\"section\">\n\t\t\t\t\t\t<div class=\"elementor-container elementor-column-gap-default\">\n\t\t\t\t\t<div class=\"elementor-column elementor-col-100 elementor-top-column elementor-element elementor-element-165355d8\" data-id=\"165355d8\" data-element_type=\"column\" data-e-type=\"column\">\n\t\t\t<div class=\"elementor-widget-wrap elementor-element-populated\">\n\t\t\t\t\t\t<div class=\"elementor-element elementor-element-3b6c6293 elementor-widget elementor-widget-text-editor\" data-id=\"3b6c6293\" data-element_type=\"widget\" data-e-type=\"widget\" data-widget_type=\"text-editor.default\">\n\t\t\t\t<div class=\"elementor-widget-container\">\n\t\t\t\t\t\t\t\t\t\n<p><strong>(Aragua\/21-Agos-25) <\/strong>La Defensor\u00eda delegada del estado Aragua celebr\u00f3 el cierre del Diplomado de Derechos Humanos al Parto y Nacimiento Humanizado, donde se formaron 37 mujeres y hombres a lo largo de 120 horas acad\u00e9micas y 24 sesiones, evento realizado en el auditorio de la instituci\u00f3n, ubicado en el Centro Comercial Coche Aragua, en la ciudad de Maracay.<\/p>\n\n\n\n<figure class=\"wp-block-image size-full\"><img fetchpriority=\"high\" decoding=\"async\" width=\"1041\" height=\"472\" src=\"http:\/\/www.defensoria.gob.ve\/wp-content\/uploads\/2025\/08\/kijuu.png\" alt=\"\" class=\"wp-image-13716\" srcset=\"http:\/\/www.defensoria.gob.ve\/wp-content\/uploads\/2025\/08\/kijuu.png 1041w, http:\/\/www.defensoria.gob.ve\/wp-content\/uploads\/2025\/08\/kijuu-768x348.png 768w\" sizes=\"(max-width: 1041px) 100vw, 1041px\" \/><\/figure>\n\n\n\n<p>La formaci\u00f3n contempl\u00f3 la importancia del desarrollo de un nacimiento y parto humanizado donde la calidez, el respeto a la dignidad y trato digno, justo e igualitario hacia las madres, los reci\u00e9n nacidos y las reci\u00e9n nacidas, padres y familiares durante los procesos de gestaci\u00f3n, en le que se garanticen los derechos humanos de la mujer que va a parir, pero tambi\u00e9n a los hijos e hijas reci\u00e9n nacidos.<\/p>\n\n\n\n<p>Con este acto, el ente defensorial se mantiene cumpliendo sus competencias y atribuciones reflejadas en la Constituci\u00f3n Nacional de la Rep\u00fablica Bolivariana de Venezuela. <strong>FIN \/ PRENSA Defensor\u00eda<\/strong><\/p>\n\t\t\t\t\t\t\t\t<\/div>\n\t\t\t\t<\/div>\n\t\t\t\t\t<\/div>\n\t\t<\/div>\n\t\t\t\t\t<\/div>\n\t\t<\/section>\n\t\t\t\t<\/div>\n\t\t","protected":false},"excerpt":{"rendered":"<p>(Aragua\/21-Agos-25) La Defensor\u00eda delegada del estado Aragua celebr\u00f3 el cierre del Diplomado de Derechos Humanos al Parto y Nacimiento Humanizado, donde se formaron 37 mujeres y hombres a lo largo&hellip; <\/p>\n","protected":false},"author":5,"featured_media":13717,"comment_status":"closed","ping_status":"open","sticky":false,"template":"","format":"standard","meta":{"footnotes":""},"categories":[5],"tags":[],"class_list":["post-13715","post","type-post","status-publish","format-standard","has-post-thumbnail","hentry","category-regionales"],"yoast_head":"<!-- This site is optimized with the Yoast SEO plugin v27.4 - https:\/\/yoast.com\/product\/yoast-seo-wordpress\/ -->\n<title>Delegada de Aragua culmin\u00f3 Diplomado sobre Derechos Humanos al Parto y Nacimiento Humanizado -<\/title>\n<meta name=\"robots\" content=\"index, follow, max-snippet:-1, max-image-preview:large, max-video-preview:-1\" \/>\n<link rel=\"canonical\" href=\"http:\/\/www.defensoria.gob.ve\/?p=13715\" \/>\n<meta property=\"og:locale\" content=\"es_ES\" \/>\n<meta property=\"og:type\" content=\"article\" \/>\n<meta property=\"og:title\" content=\"Delegada de Aragua culmin\u00f3 Diplomado sobre Derechos Humanos al Parto y Nacimiento Humanizado -\" \/>\n<meta property=\"og:description\" content=\"(Aragua\/21-Agos-25) La Defensor\u00eda delegada del estado Aragua celebr\u00f3 el cierre del Diplomado de Derechos Humanos al Parto y Nacimiento Humanizado, donde se formaron 37 mujeres y hombres a lo largo&hellip;\" \/>\n<meta property=\"og:url\" content=\"http:\/\/www.defensoria.gob.ve\/?p=13715\" \/>\n<meta property=\"article:published_time\" content=\"2025-08-21T18:31:53+00:00\" \/>\n<meta property=\"article:modified_time\" content=\"2025-08-21T18:35:51+00:00\" \/>\n<meta property=\"og:image\" content=\"http:\/\/www.defensoria.gob.ve\/wp-content\/uploads\/2025\/08\/ewe.png\" \/>\n\t<meta property=\"og:image:width\" content=\"758\" \/>\n\t<meta property=\"og:image:height\" content=\"529\" \/>\n\t<meta property=\"og:image:type\" content=\"image\/png\" \/>\n<meta name=\"author\" content=\"JC.\" \/>\n<meta name=\"twitter:card\" content=\"summary_large_image\" \/>\n<meta name=\"twitter:label1\" content=\"Escrito por\" \/>\n\t<meta name=\"twitter:data1\" content=\"JC.\" \/>\n\t<meta name=\"twitter:label2\" content=\"Tiempo estimado de lectura\" \/>\n\t<meta name=\"twitter:data2\" content=\"1 minuto\" \/>\n<script type=\"application\/ld+json\" class=\"yoast-schema-graph\">{\"@context\":\"https:\\\/\\\/schema.org\",\"@graph\":[{\"@type\":\"Article\",\"@id\":\"http:\\\/\\\/www.defensoria.gob.ve\\\/?p=13715#article\",\"isPartOf\":{\"@id\":\"http:\\\/\\\/www.defensoria.gob.ve\\\/?p=13715\"},\"author\":{\"name\":\"JC.\",\"@id\":\"http:\\\/\\\/www.defensoria.gob.ve\\\/#\\\/schema\\\/person\\\/fba14293189d7b1933ac7fba9d89e24a\"},\"headline\":\"Delegada de Aragua culmin\u00f3 Diplomado sobre Derechos Humanos al Parto y Nacimiento Humanizado\",\"datePublished\":\"2025-08-21T18:31:53+00:00\",\"dateModified\":\"2025-08-21T18:35:51+00:00\",\"mainEntityOfPage\":{\"@id\":\"http:\\\/\\\/www.defensoria.gob.ve\\\/?p=13715\"},\"wordCount\":176,\"image\":{\"@id\":\"http:\\\/\\\/www.defensoria.gob.ve\\\/?p=13715#primaryimage\"},\"thumbnailUrl\":\"http:\\\/\\\/www.defensoria.gob.ve\\\/wp-content\\\/uploads\\\/2025\\\/08\\\/ewe.png\",\"articleSection\":[\"REGIONALES\"],\"inLanguage\":\"es\"},{\"@type\":\"WebPage\",\"@id\":\"http:\\\/\\\/www.defensoria.gob.ve\\\/?p=13715\",\"url\":\"http:\\\/\\\/www.defensoria.gob.ve\\\/?p=13715\",\"name\":\"Delegada de Aragua culmin\u00f3 Diplomado sobre Derechos Humanos al Parto y Nacimiento Humanizado -\",\"isPartOf\":{\"@id\":\"http:\\\/\\\/www.defensoria.gob.ve\\\/#website\"},\"primaryImageOfPage\":{\"@id\":\"http:\\\/\\\/www.defensoria.gob.ve\\\/?p=13715#primaryimage\"},\"image\":{\"@id\":\"http:\\\/\\\/www.defensoria.gob.ve\\\/?p=13715#primaryimage\"},\"thumbnailUrl\":\"http:\\\/\\\/www.defensoria.gob.ve\\\/wp-content\\\/uploads\\\/2025\\\/08\\\/ewe.png\",\"datePublished\":\"2025-08-21T18:31:53+00:00\",\"dateModified\":\"2025-08-21T18:35:51+00:00\",\"author\":{\"@id\":\"http:\\\/\\\/www.defensoria.gob.ve\\\/#\\\/schema\\\/person\\\/fba14293189d7b1933ac7fba9d89e24a\"},\"breadcrumb\":{\"@id\":\"http:\\\/\\\/www.defensoria.gob.ve\\\/?p=13715#breadcrumb\"},\"inLanguage\":\"es\",\"potentialAction\":[{\"@type\":\"ReadAction\",\"target\":[\"http:\\\/\\\/www.defensoria.gob.ve\\\/?p=13715\"]}]},{\"@type\":\"ImageObject\",\"inLanguage\":\"es\",\"@id\":\"http:\\\/\\\/www.defensoria.gob.ve\\\/?p=13715#primaryimage\",\"url\":\"http:\\\/\\\/www.defensoria.gob.ve\\\/wp-content\\\/uploads\\\/2025\\\/08\\\/ewe.png\",\"contentUrl\":\"http:\\\/\\\/www.defensoria.gob.ve\\\/wp-content\\\/uploads\\\/2025\\\/08\\\/ewe.png\",\"width\":758,\"height\":529},{\"@type\":\"BreadcrumbList\",\"@id\":\"http:\\\/\\\/www.defensoria.gob.ve\\\/?p=13715#breadcrumb\",\"itemListElement\":[{\"@type\":\"ListItem\",\"position\":1,\"name\":\"Portada\",\"item\":\"http:\\\/\\\/www.defensoria.gob.ve\\\/\"},{\"@type\":\"ListItem\",\"position\":2,\"name\":\"Delegada de Aragua culmin\u00f3 Diplomado sobre Derechos Humanos al Parto y Nacimiento Humanizado\"}]},{\"@type\":\"WebSite\",\"@id\":\"http:\\\/\\\/www.defensoria.gob.ve\\\/#website\",\"url\":\"http:\\\/\\\/www.defensoria.gob.ve\\\/\",\"name\":\"\",\"description\":\"Instituci\u00f3n del Poder Ciudadano para la Promoci\u00f3n, Defensa y Vigilancia de los Derechos Humanos. \",\"potentialAction\":[{\"@type\":\"SearchAction\",\"target\":{\"@type\":\"EntryPoint\",\"urlTemplate\":\"http:\\\/\\\/www.defensoria.gob.ve\\\/?s={search_term_string}\"},\"query-input\":{\"@type\":\"PropertyValueSpecification\",\"valueRequired\":true,\"valueName\":\"search_term_string\"}}],\"inLanguage\":\"es\"},{\"@type\":\"Person\",\"@id\":\"http:\\\/\\\/www.defensoria.gob.ve\\\/#\\\/schema\\\/person\\\/fba14293189d7b1933ac7fba9d89e24a\",\"name\":\"JC.\",\"image\":{\"@type\":\"ImageObject\",\"inLanguage\":\"es\",\"@id\":\"https:\\\/\\\/secure.gravatar.com\\\/avatar\\\/f398a4de948606b38f0299d90ca738c674b648694bc725ed46503c240269dbf8?s=96&d=mm&r=g\",\"url\":\"https:\\\/\\\/secure.gravatar.com\\\/avatar\\\/f398a4de948606b38f0299d90ca738c674b648694bc725ed46503c240269dbf8?s=96&d=mm&r=g\",\"contentUrl\":\"https:\\\/\\\/secure.gravatar.com\\\/avatar\\\/f398a4de948606b38f0299d90ca738c674b648694bc725ed46503c240269dbf8?s=96&d=mm&r=g\",\"caption\":\"JC.\"},\"url\":\"http:\\\/\\\/www.defensoria.gob.ve\\\/?author=5\"}]}<\/script>\n<!-- \/ Yoast SEO plugin. -->","yoast_head_json":{"title":"Delegada de Aragua culmin\u00f3 Diplomado sobre Derechos Humanos al Parto y Nacimiento Humanizado -","robots":{"index":"index","follow":"follow","max-snippet":"max-snippet:-1","max-image-preview":"max-image-preview:large","max-video-preview":"max-video-preview:-1"},"canonical":"http:\/\/www.defensoria.gob.ve\/?p=13715","og_locale":"es_ES","og_type":"article","og_title":"Delegada de Aragua culmin\u00f3 Diplomado sobre Derechos Humanos al Parto y Nacimiento Humanizado -","og_description":"(Aragua\/21-Agos-25) La Defensor\u00eda delegada del estado Aragua celebr\u00f3 el cierre del Diplomado de Derechos Humanos al Parto y Nacimiento Humanizado, donde se formaron 37 mujeres y hombres a lo largo&hellip;","og_url":"http:\/\/www.defensoria.gob.ve\/?p=13715","article_published_time":"2025-08-21T18:31:53+00:00","article_modified_time":"2025-08-21T18:35:51+00:00","og_image":[{"width":758,"height":529,"url":"http:\/\/www.defensoria.gob.ve\/wp-content\/uploads\/2025\/08\/ewe.png","type":"image\/png"}],"author":"JC.","twitter_card":"summary_large_image","twitter_misc":{"Escrito por":"JC.","Tiempo estimado de lectura":"1 minuto"},"schema":{"@context":"https:\/\/schema.org","@graph":[{"@type":"Article","@id":"http:\/\/www.defensoria.gob.ve\/?p=13715#article","isPartOf":{"@id":"http:\/\/www.defensoria.gob.ve\/?p=13715"},"author":{"name":"JC.","@id":"http:\/\/www.defensoria.gob.ve\/#\/schema\/person\/fba14293189d7b1933ac7fba9d89e24a"},"headline":"Delegada de Aragua culmin\u00f3 Diplomado sobre Derechos Humanos al Parto y Nacimiento Humanizado","datePublished":"2025-08-21T18:31:53+00:00","dateModified":"2025-08-21T18:35:51+00:00","mainEntityOfPage":{"@id":"http:\/\/www.defensoria.gob.ve\/?p=13715"},"wordCount":176,"image":{"@id":"http:\/\/www.defensoria.gob.ve\/?p=13715#primaryimage"},"thumbnailUrl":"http:\/\/www.defensoria.gob.ve\/wp-content\/uploads\/2025\/08\/ewe.png","articleSection":["REGIONALES"],"inLanguage":"es"},{"@type":"WebPage","@id":"http:\/\/www.defensoria.gob.ve\/?p=13715","url":"http:\/\/www.defensoria.gob.ve\/?p=13715","name":"Delegada de Aragua culmin\u00f3 Diplomado sobre Derechos Humanos al Parto y Nacimiento Humanizado -","isPartOf":{"@id":"http:\/\/www.defensoria.gob.ve\/#website"},"primaryImageOfPage":{"@id":"http:\/\/www.defensoria.gob.ve\/?p=13715#primaryimage"},"image":{"@id":"http:\/\/www.defensoria.gob.ve\/?p=13715#primaryimage"},"thumbnailUrl":"http:\/\/www.defensoria.gob.ve\/wp-content\/uploads\/2025\/08\/ewe.png","datePublished":"2025-08-21T18:31:53+00:00","dateModified":"2025-08-21T18:35:51+00:00","author":{"@id":"http:\/\/www.defensoria.gob.ve\/#\/schema\/person\/fba14293189d7b1933ac7fba9d89e24a"},"breadcrumb":{"@id":"http:\/\/www.defensoria.gob.ve\/?p=13715#breadcrumb"},"inLanguage":"es","potentialAction":[{"@type":"ReadAction","target":["http:\/\/www.defensoria.gob.ve\/?p=13715"]}]},{"@type":"ImageObject","inLanguage":"es","@id":"http:\/\/www.defensoria.gob.ve\/?p=13715#primaryimage","url":"http:\/\/www.defensoria.gob.ve\/wp-content\/uploads\/2025\/08\/ewe.png","contentUrl":"http:\/\/www.defensoria.gob.ve\/wp-content\/uploads\/2025\/08\/ewe.png","width":758,"height":529},{"@type":"BreadcrumbList","@id":"http:\/\/www.defensoria.gob.ve\/?p=13715#breadcrumb","itemListElement":[{"@type":"ListItem","position":1,"name":"Portada","item":"http:\/\/www.defensoria.gob.ve\/"},{"@type":"ListItem","position":2,"name":"Delegada de Aragua culmin\u00f3 Diplomado sobre Derechos Humanos al Parto y Nacimiento Humanizado"}]},{"@type":"WebSite","@id":"http:\/\/www.defensoria.gob.ve\/#website","url":"http:\/\/www.defensoria.gob.ve\/","name":"","description":"Instituci\u00f3n del Poder Ciudadano para la Promoci\u00f3n, Defensa y Vigilancia de los Derechos Humanos. ","potentialAction":[{"@type":"SearchAction","target":{"@type":"EntryPoint","urlTemplate":"http:\/\/www.defensoria.gob.ve\/?s={search_term_string}"},"query-input":{"@type":"PropertyValueSpecification","valueRequired":true,"valueName":"search_term_string"}}],"inLanguage":"es"},{"@type":"Person","@id":"http:\/\/www.defensoria.gob.ve\/#\/schema\/person\/fba14293189d7b1933ac7fba9d89e24a","name":"JC.","image":{"@type":"ImageObject","inLanguage":"es","@id":"https:\/\/secure.gravatar.com\/avatar\/f398a4de948606b38f0299d90ca738c674b648694bc725ed46503c240269dbf8?s=96&d=mm&r=g","url":"https:\/\/secure.gravatar.com\/avatar\/f398a4de948606b38f0299d90ca738c674b648694bc725ed46503c240269dbf8?s=96&d=mm&r=g","contentUrl":"https:\/\/secure.gravatar.com\/avatar\/f398a4de948606b38f0299d90ca738c674b648694bc725ed46503c240269dbf8?s=96&d=mm&r=g","caption":"JC."},"url":"http:\/\/www.defensoria.gob.ve\/?author=5"}]}},"_links":{"self":[{"href":"http:\/\/www.defensoria.gob.ve\/index.php?rest_route=\/wp\/v2\/posts\/13715","targetHints":{"allow":["GET"]}}],"collection":[{"href":"http:\/\/www.defensoria.gob.ve\/index.php?rest_route=\/wp\/v2\/posts"}],"about":[{"href":"http:\/\/www.defensoria.gob.ve\/index.php?rest_route=\/wp\/v2\/types\/post"}],"author":[{"embeddable":true,"href":"http:\/\/www.defensoria.gob.ve\/index.php?rest_route=\/wp\/v2\/users\/5"}],"replies":[{"embeddable":true,"href":"http:\/\/www.defensoria.gob.ve\/index.php?rest_route=%2Fwp%2Fv2%2Fcomments&post=13715"}],"version-history":[{"count":4,"href":"http:\/\/www.defensoria.gob.ve\/index.php?rest_route=\/wp\/v2\/posts\/13715\/revisions"}],"predecessor-version":[{"id":13721,"href":"http:\/\/www.defensoria.gob.ve\/index.php?rest_route=\/wp\/v2\/posts\/13715\/revisions\/13721"}],"wp:featuredmedia":[{"embeddable":true,"href":"http:\/\/www.defensoria.gob.ve\/index.php?rest_route=\/wp\/v2\/media\/13717"}],"wp:attachment":[{"href":"http:\/\/www.defensoria.gob.ve\/index.php?rest_route=%2Fwp%2Fv2%2Fmedia&parent=13715"}],"wp:term":[{"taxonomy":"category","embeddable":true,"href":"http:\/\/www.defensoria.gob.ve\/index.php?rest_route=%2Fwp%2Fv2%2Fcategories&post=13715"},{"taxonomy":"post_tag","embeddable":true,"href":"http:\/\/www.defensoria.gob.ve\/index.php?rest_route=%2Fwp%2Fv2%2Ftags&post=13715"}],"curies":[{"name":"wp","href":"https:\/\/api.w.org\/{rel}","templated":true}]}}