 
{"id":13732,"date":"2025-08-22T11:45:12","date_gmt":"2025-08-22T15:45:12","guid":{"rendered":"http:\/\/www.defensoria.gob.ve\/?p=13732"},"modified":"2025-08-22T11:45:54","modified_gmt":"2025-08-22T15:45:54","slug":"delegada-de-la-guaira-coordino-acciones-en-materia-de-prevencion-con-superintendencia-nacional-antidroga","status":"publish","type":"post","link":"http:\/\/www.defensoria.gob.ve\/?p=13732","title":{"rendered":"Delegada de La Guaira coordin\u00f3 acciones en materia de prevenci\u00f3n con Superintendencia Nacional Antidroga"},"content":{"rendered":"\t\t<div data-elementor-type=\"wp-post\" data-elementor-id=\"13732\" class=\"elementor elementor-13732\">\n\t\t\t\t\t\t<section class=\"elementor-section elementor-top-section elementor-element elementor-element-17b9cb25 elementor-section-boxed elementor-section-height-default elementor-section-height-default\" data-id=\"17b9cb25\" data-element_type=\"section\" data-e-type=\"section\">\n\t\t\t\t\t\t<div class=\"elementor-container elementor-column-gap-default\">\n\t\t\t\t\t<div class=\"elementor-column elementor-col-100 elementor-top-column elementor-element elementor-element-4b2f2d50\" data-id=\"4b2f2d50\" data-element_type=\"column\" data-e-type=\"column\">\n\t\t\t<div class=\"elementor-widget-wrap elementor-element-populated\">\n\t\t\t\t\t\t<div class=\"elementor-element elementor-element-195b966a elementor-widget elementor-widget-text-editor\" data-id=\"195b966a\" data-element_type=\"widget\" data-e-type=\"widget\" data-widget_type=\"text-editor.default\">\n\t\t\t\t<div class=\"elementor-widget-container\">\n\t\t\t\t\t\t\t\t\t\n<p><strong>(La Guaira\/22-Ago-25) <\/strong>La Defensora delegada del estado La Guaira, Dianorka Malav\u00e9, se reuni\u00f3 con personal de la Superintendencia Nacional Antidroga (SNA) para coordinar esfuerzos en materia de prevenci\u00f3n y atenci\u00f3n contra el tr\u00e1fico y consumo de estupefacientes.<\/p>\n\n\n\n<p>Durante la reuni\u00f3n, ambas partes discutieron la importancia de llevar a cabo campa\u00f1as de sensibilizaci\u00f3n en comunidades y centros educativos, as\u00ed como de fortalecer los mecanismos de denuncia y el acceso a la justicia para las v\u00edctimas de delitos relacionados con las drogas.<\/p>\n\n\n\n<p>El encuentro busca reforzar la colaboraci\u00f3n interinstitucional para garantizar la protecci\u00f3n de los derechos humanos en el contexto de la lucha contra el narcotr\u00e1fico y el consumo de sustancias il\u00edcitas.<\/p>\n\n\n\n<p>Este tipo de iniciativas demuestran el compromiso de ambas instituciones en la construcci\u00f3n de una sociedad m\u00e1s segura y saludable para todos los ciudadanos y las ciudadanas. <strong>FIN \/ PRENSA Defensor\u00eda<\/strong><\/p>\n\t\t\t\t\t\t\t\t<\/div>\n\t\t\t\t<\/div>\n\t\t\t\t\t<\/div>\n\t\t<\/div>\n\t\t\t\t\t<\/div>\n\t\t<\/section>\n\t\t\t\t<\/div>\n\t\t","protected":false},"excerpt":{"rendered":"<p>(La Guaira\/22-Ago-25) La Defensora delegada del estado La Guaira, Dianorka Malav\u00e9, se reuni\u00f3 con personal de la Superintendencia Nacional Antidroga (SNA) para coordinar esfuerzos en materia de prevenci\u00f3n y atenci\u00f3n&hellip; <\/p>\n","protected":false},"author":5,"featured_media":13733,"comment_status":"closed","ping_status":"open","sticky":false,"template":"","format":"standard","meta":{"footnotes":""},"categories":[5],"tags":[],"class_list":["post-13732","post","type-post","status-publish","format-standard","has-post-thumbnail","hentry","category-regionales"],"yoast_head":"<!-- This site is optimized with the Yoast SEO plugin v27.4 - https:\/\/yoast.com\/product\/yoast-seo-wordpress\/ -->\n<title>Delegada de La Guaira coordin\u00f3 acciones en materia de prevenci\u00f3n con Superintendencia Nacional Antidroga -<\/title>\n<meta name=\"robots\" content=\"index, follow, max-snippet:-1, max-image-preview:large, max-video-preview:-1\" \/>\n<link rel=\"canonical\" href=\"http:\/\/www.defensoria.gob.ve\/?p=13732\" \/>\n<meta property=\"og:locale\" content=\"es_ES\" \/>\n<meta property=\"og:type\" content=\"article\" \/>\n<meta property=\"og:title\" content=\"Delegada de La Guaira coordin\u00f3 acciones en materia de prevenci\u00f3n con Superintendencia Nacional Antidroga -\" \/>\n<meta property=\"og:description\" content=\"(La Guaira\/22-Ago-25) La Defensora delegada del estado La Guaira, Dianorka Malav\u00e9, se reuni\u00f3 con personal de la Superintendencia Nacional Antidroga (SNA) para coordinar esfuerzos en materia de prevenci\u00f3n y atenci\u00f3n&hellip;\" \/>\n<meta property=\"og:url\" content=\"http:\/\/www.defensoria.gob.ve\/?p=13732\" \/>\n<meta property=\"article:published_time\" content=\"2025-08-22T15:45:12+00:00\" \/>\n<meta property=\"article:modified_time\" content=\"2025-08-22T15:45:54+00:00\" \/>\n<meta property=\"og:image\" content=\"http:\/\/www.defensoria.gob.ve\/wp-content\/uploads\/2025\/08\/ghrey.png\" \/>\n\t<meta property=\"og:image:width\" content=\"1088\" \/>\n\t<meta property=\"og:image:height\" content=\"539\" \/>\n\t<meta property=\"og:image:type\" content=\"image\/png\" \/>\n<meta name=\"author\" content=\"JC.\" \/>\n<meta name=\"twitter:card\" content=\"summary_large_image\" \/>\n<meta name=\"twitter:label1\" content=\"Escrito por\" \/>\n\t<meta name=\"twitter:data1\" content=\"JC.\" \/>\n\t<meta name=\"twitter:label2\" content=\"Tiempo estimado de lectura\" \/>\n\t<meta name=\"twitter:data2\" content=\"1 minuto\" \/>\n<script type=\"application\/ld+json\" class=\"yoast-schema-graph\">{\"@context\":\"https:\\\/\\\/schema.org\",\"@graph\":[{\"@type\":\"Article\",\"@id\":\"http:\\\/\\\/www.defensoria.gob.ve\\\/?p=13732#article\",\"isPartOf\":{\"@id\":\"http:\\\/\\\/www.defensoria.gob.ve\\\/?p=13732\"},\"author\":{\"name\":\"JC.\",\"@id\":\"http:\\\/\\\/www.defensoria.gob.ve\\\/#\\\/schema\\\/person\\\/fba14293189d7b1933ac7fba9d89e24a\"},\"headline\":\"Delegada de La Guaira coordin\u00f3 acciones en materia de prevenci\u00f3n con Superintendencia Nacional Antidroga\",\"datePublished\":\"2025-08-22T15:45:12+00:00\",\"dateModified\":\"2025-08-22T15:45:54+00:00\",\"mainEntityOfPage\":{\"@id\":\"http:\\\/\\\/www.defensoria.gob.ve\\\/?p=13732\"},\"wordCount\":170,\"image\":{\"@id\":\"http:\\\/\\\/www.defensoria.gob.ve\\\/?p=13732#primaryimage\"},\"thumbnailUrl\":\"http:\\\/\\\/www.defensoria.gob.ve\\\/wp-content\\\/uploads\\\/2025\\\/08\\\/ghrey.png\",\"articleSection\":[\"REGIONALES\"],\"inLanguage\":\"es\"},{\"@type\":\"WebPage\",\"@id\":\"http:\\\/\\\/www.defensoria.gob.ve\\\/?p=13732\",\"url\":\"http:\\\/\\\/www.defensoria.gob.ve\\\/?p=13732\",\"name\":\"Delegada de La Guaira coordin\u00f3 acciones en materia de prevenci\u00f3n con Superintendencia Nacional Antidroga -\",\"isPartOf\":{\"@id\":\"http:\\\/\\\/www.defensoria.gob.ve\\\/#website\"},\"primaryImageOfPage\":{\"@id\":\"http:\\\/\\\/www.defensoria.gob.ve\\\/?p=13732#primaryimage\"},\"image\":{\"@id\":\"http:\\\/\\\/www.defensoria.gob.ve\\\/?p=13732#primaryimage\"},\"thumbnailUrl\":\"http:\\\/\\\/www.defensoria.gob.ve\\\/wp-content\\\/uploads\\\/2025\\\/08\\\/ghrey.png\",\"datePublished\":\"2025-08-22T15:45:12+00:00\",\"dateModified\":\"2025-08-22T15:45:54+00:00\",\"author\":{\"@id\":\"http:\\\/\\\/www.defensoria.gob.ve\\\/#\\\/schema\\\/person\\\/fba14293189d7b1933ac7fba9d89e24a\"},\"breadcrumb\":{\"@id\":\"http:\\\/\\\/www.defensoria.gob.ve\\\/?p=13732#breadcrumb\"},\"inLanguage\":\"es\",\"potentialAction\":[{\"@type\":\"ReadAction\",\"target\":[\"http:\\\/\\\/www.defensoria.gob.ve\\\/?p=13732\"]}]},{\"@type\":\"ImageObject\",\"inLanguage\":\"es\",\"@id\":\"http:\\\/\\\/www.defensoria.gob.ve\\\/?p=13732#primaryimage\",\"url\":\"http:\\\/\\\/www.defensoria.gob.ve\\\/wp-content\\\/uploads\\\/2025\\\/08\\\/ghrey.png\",\"contentUrl\":\"http:\\\/\\\/www.defensoria.gob.ve\\\/wp-content\\\/uploads\\\/2025\\\/08\\\/ghrey.png\",\"width\":1088,\"height\":539},{\"@type\":\"BreadcrumbList\",\"@id\":\"http:\\\/\\\/www.defensoria.gob.ve\\\/?p=13732#breadcrumb\",\"itemListElement\":[{\"@type\":\"ListItem\",\"position\":1,\"name\":\"Portada\",\"item\":\"http:\\\/\\\/www.defensoria.gob.ve\\\/\"},{\"@type\":\"ListItem\",\"position\":2,\"name\":\"Delegada de La Guaira coordin\u00f3 acciones en materia de prevenci\u00f3n con Superintendencia Nacional Antidroga\"}]},{\"@type\":\"WebSite\",\"@id\":\"http:\\\/\\\/www.defensoria.gob.ve\\\/#website\",\"url\":\"http:\\\/\\\/www.defensoria.gob.ve\\\/\",\"name\":\"\",\"description\":\"Instituci\u00f3n del Poder Ciudadano para la Promoci\u00f3n, Defensa y Vigilancia de los Derechos Humanos. \",\"potentialAction\":[{\"@type\":\"SearchAction\",\"target\":{\"@type\":\"EntryPoint\",\"urlTemplate\":\"http:\\\/\\\/www.defensoria.gob.ve\\\/?s={search_term_string}\"},\"query-input\":{\"@type\":\"PropertyValueSpecification\",\"valueRequired\":true,\"valueName\":\"search_term_string\"}}],\"inLanguage\":\"es\"},{\"@type\":\"Person\",\"@id\":\"http:\\\/\\\/www.defensoria.gob.ve\\\/#\\\/schema\\\/person\\\/fba14293189d7b1933ac7fba9d89e24a\",\"name\":\"JC.\",\"image\":{\"@type\":\"ImageObject\",\"inLanguage\":\"es\",\"@id\":\"https:\\\/\\\/secure.gravatar.com\\\/avatar\\\/f398a4de948606b38f0299d90ca738c674b648694bc725ed46503c240269dbf8?s=96&d=mm&r=g\",\"url\":\"https:\\\/\\\/secure.gravatar.com\\\/avatar\\\/f398a4de948606b38f0299d90ca738c674b648694bc725ed46503c240269dbf8?s=96&d=mm&r=g\",\"contentUrl\":\"https:\\\/\\\/secure.gravatar.com\\\/avatar\\\/f398a4de948606b38f0299d90ca738c674b648694bc725ed46503c240269dbf8?s=96&d=mm&r=g\",\"caption\":\"JC.\"},\"url\":\"http:\\\/\\\/www.defensoria.gob.ve\\\/?author=5\"}]}<\/script>\n<!-- \/ Yoast SEO plugin. -->","yoast_head_json":{"title":"Delegada de La Guaira coordin\u00f3 acciones en materia de prevenci\u00f3n con Superintendencia Nacional Antidroga -","robots":{"index":"index","follow":"follow","max-snippet":"max-snippet:-1","max-image-preview":"max-image-preview:large","max-video-preview":"max-video-preview:-1"},"canonical":"http:\/\/www.defensoria.gob.ve\/?p=13732","og_locale":"es_ES","og_type":"article","og_title":"Delegada de La Guaira coordin\u00f3 acciones en materia de prevenci\u00f3n con Superintendencia Nacional Antidroga -","og_description":"(La Guaira\/22-Ago-25) La Defensora delegada del estado La Guaira, Dianorka Malav\u00e9, se reuni\u00f3 con personal de la Superintendencia Nacional Antidroga (SNA) para coordinar esfuerzos en materia de prevenci\u00f3n y atenci\u00f3n&hellip;","og_url":"http:\/\/www.defensoria.gob.ve\/?p=13732","article_published_time":"2025-08-22T15:45:12+00:00","article_modified_time":"2025-08-22T15:45:54+00:00","og_image":[{"width":1088,"height":539,"url":"http:\/\/www.defensoria.gob.ve\/wp-content\/uploads\/2025\/08\/ghrey.png","type":"image\/png"}],"author":"JC.","twitter_card":"summary_large_image","twitter_misc":{"Escrito por":"JC.","Tiempo estimado de lectura":"1 minuto"},"schema":{"@context":"https:\/\/schema.org","@graph":[{"@type":"Article","@id":"http:\/\/www.defensoria.gob.ve\/?p=13732#article","isPartOf":{"@id":"http:\/\/www.defensoria.gob.ve\/?p=13732"},"author":{"name":"JC.","@id":"http:\/\/www.defensoria.gob.ve\/#\/schema\/person\/fba14293189d7b1933ac7fba9d89e24a"},"headline":"Delegada de La Guaira coordin\u00f3 acciones en materia de prevenci\u00f3n con Superintendencia Nacional Antidroga","datePublished":"2025-08-22T15:45:12+00:00","dateModified":"2025-08-22T15:45:54+00:00","mainEntityOfPage":{"@id":"http:\/\/www.defensoria.gob.ve\/?p=13732"},"wordCount":170,"image":{"@id":"http:\/\/www.defensoria.gob.ve\/?p=13732#primaryimage"},"thumbnailUrl":"http:\/\/www.defensoria.gob.ve\/wp-content\/uploads\/2025\/08\/ghrey.png","articleSection":["REGIONALES"],"inLanguage":"es"},{"@type":"WebPage","@id":"http:\/\/www.defensoria.gob.ve\/?p=13732","url":"http:\/\/www.defensoria.gob.ve\/?p=13732","name":"Delegada de La Guaira coordin\u00f3 acciones en materia de prevenci\u00f3n con Superintendencia Nacional Antidroga -","isPartOf":{"@id":"http:\/\/www.defensoria.gob.ve\/#website"},"primaryImageOfPage":{"@id":"http:\/\/www.defensoria.gob.ve\/?p=13732#primaryimage"},"image":{"@id":"http:\/\/www.defensoria.gob.ve\/?p=13732#primaryimage"},"thumbnailUrl":"http:\/\/www.defensoria.gob.ve\/wp-content\/uploads\/2025\/08\/ghrey.png","datePublished":"2025-08-22T15:45:12+00:00","dateModified":"2025-08-22T15:45:54+00:00","author":{"@id":"http:\/\/www.defensoria.gob.ve\/#\/schema\/person\/fba14293189d7b1933ac7fba9d89e24a"},"breadcrumb":{"@id":"http:\/\/www.defensoria.gob.ve\/?p=13732#breadcrumb"},"inLanguage":"es","potentialAction":[{"@type":"ReadAction","target":["http:\/\/www.defensoria.gob.ve\/?p=13732"]}]},{"@type":"ImageObject","inLanguage":"es","@id":"http:\/\/www.defensoria.gob.ve\/?p=13732#primaryimage","url":"http:\/\/www.defensoria.gob.ve\/wp-content\/uploads\/2025\/08\/ghrey.png","contentUrl":"http:\/\/www.defensoria.gob.ve\/wp-content\/uploads\/2025\/08\/ghrey.png","width":1088,"height":539},{"@type":"BreadcrumbList","@id":"http:\/\/www.defensoria.gob.ve\/?p=13732#breadcrumb","itemListElement":[{"@type":"ListItem","position":1,"name":"Portada","item":"http:\/\/www.defensoria.gob.ve\/"},{"@type":"ListItem","position":2,"name":"Delegada de La Guaira coordin\u00f3 acciones en materia de prevenci\u00f3n con Superintendencia Nacional Antidroga"}]},{"@type":"WebSite","@id":"http:\/\/www.defensoria.gob.ve\/#website","url":"http:\/\/www.defensoria.gob.ve\/","name":"","description":"Instituci\u00f3n del Poder Ciudadano para la Promoci\u00f3n, Defensa y Vigilancia de los Derechos Humanos. ","potentialAction":[{"@type":"SearchAction","target":{"@type":"EntryPoint","urlTemplate":"http:\/\/www.defensoria.gob.ve\/?s={search_term_string}"},"query-input":{"@type":"PropertyValueSpecification","valueRequired":true,"valueName":"search_term_string"}}],"inLanguage":"es"},{"@type":"Person","@id":"http:\/\/www.defensoria.gob.ve\/#\/schema\/person\/fba14293189d7b1933ac7fba9d89e24a","name":"JC.","image":{"@type":"ImageObject","inLanguage":"es","@id":"https:\/\/secure.gravatar.com\/avatar\/f398a4de948606b38f0299d90ca738c674b648694bc725ed46503c240269dbf8?s=96&d=mm&r=g","url":"https:\/\/secure.gravatar.com\/avatar\/f398a4de948606b38f0299d90ca738c674b648694bc725ed46503c240269dbf8?s=96&d=mm&r=g","contentUrl":"https:\/\/secure.gravatar.com\/avatar\/f398a4de948606b38f0299d90ca738c674b648694bc725ed46503c240269dbf8?s=96&d=mm&r=g","caption":"JC."},"url":"http:\/\/www.defensoria.gob.ve\/?author=5"}]}},"_links":{"self":[{"href":"http:\/\/www.defensoria.gob.ve\/index.php?rest_route=\/wp\/v2\/posts\/13732","targetHints":{"allow":["GET"]}}],"collection":[{"href":"http:\/\/www.defensoria.gob.ve\/index.php?rest_route=\/wp\/v2\/posts"}],"about":[{"href":"http:\/\/www.defensoria.gob.ve\/index.php?rest_route=\/wp\/v2\/types\/post"}],"author":[{"embeddable":true,"href":"http:\/\/www.defensoria.gob.ve\/index.php?rest_route=\/wp\/v2\/users\/5"}],"replies":[{"embeddable":true,"href":"http:\/\/www.defensoria.gob.ve\/index.php?rest_route=%2Fwp%2Fv2%2Fcomments&post=13732"}],"version-history":[{"count":4,"href":"http:\/\/www.defensoria.gob.ve\/index.php?rest_route=\/wp\/v2\/posts\/13732\/revisions"}],"predecessor-version":[{"id":13737,"href":"http:\/\/www.defensoria.gob.ve\/index.php?rest_route=\/wp\/v2\/posts\/13732\/revisions\/13737"}],"wp:featuredmedia":[{"embeddable":true,"href":"http:\/\/www.defensoria.gob.ve\/index.php?rest_route=\/wp\/v2\/media\/13733"}],"wp:attachment":[{"href":"http:\/\/www.defensoria.gob.ve\/index.php?rest_route=%2Fwp%2Fv2%2Fmedia&parent=13732"}],"wp:term":[{"taxonomy":"category","embeddable":true,"href":"http:\/\/www.defensoria.gob.ve\/index.php?rest_route=%2Fwp%2Fv2%2Fcategories&post=13732"},{"taxonomy":"post_tag","embeddable":true,"href":"http:\/\/www.defensoria.gob.ve\/index.php?rest_route=%2Fwp%2Fv2%2Ftags&post=13732"}],"curies":[{"name":"wp","href":"https:\/\/api.w.org\/{rel}","templated":true}]}}