 
{"id":14488,"date":"2025-10-06T11:52:12","date_gmt":"2025-10-06T15:52:12","guid":{"rendered":"http:\/\/www.defensoria.gob.ve\/?p=14488"},"modified":"2025-10-06T11:53:03","modified_gmt":"2025-10-06T15:53:03","slug":"defensor-es-nuestra-responsabilidad-colectiva-promover-una-cultura-de-paz-y-respeto-por-los-ddhh","status":"publish","type":"post","link":"http:\/\/www.defensoria.gob.ve\/?p=14488","title":{"rendered":"Defensor: Es nuestra responsabilidad colectiva promover una cultura de paz y respeto por los DDHH"},"content":{"rendered":"\t\t<div data-elementor-type=\"wp-post\" data-elementor-id=\"14488\" class=\"elementor elementor-14488\">\n\t\t\t\t\t\t<section class=\"elementor-section elementor-top-section elementor-element elementor-element-4ae34409 elementor-section-boxed elementor-section-height-default elementor-section-height-default\" data-id=\"4ae34409\" data-element_type=\"section\" data-e-type=\"section\">\n\t\t\t\t\t\t<div class=\"elementor-container elementor-column-gap-default\">\n\t\t\t\t\t<div class=\"elementor-column elementor-col-100 elementor-top-column elementor-element elementor-element-8022da1\" data-id=\"8022da1\" data-element_type=\"column\" data-e-type=\"column\">\n\t\t\t<div class=\"elementor-widget-wrap elementor-element-populated\">\n\t\t\t\t\t\t<div class=\"elementor-element elementor-element-246a16fc elementor-widget elementor-widget-text-editor\" data-id=\"246a16fc\" data-element_type=\"widget\" data-e-type=\"widget\" data-widget_type=\"text-editor.default\">\n\t\t\t\t<div class=\"elementor-widget-container\">\n\t\t\t\t\t\t\t\t\t\n<p>(06-Oct-25) La Defensor\u00eda del Pueblo conjuntamente con el Ministerio del Poder Popular para las Relaciones Interiores, Justicia y Paz, llevaron a cabo un Foro-canto titulado \u201cLa paz, en nuestras voces: Venezuela, referente de paz\u201d, en el marco del D\u00eda Internacional de la No Violencia, conmemorado el pasado 03 de octubre. La actividad se realiz\u00f3 en el auditorio Salvador Allende de la Escuela Latinoamericana de Medicina, ubicada en La Hoyada, Caracas. <\/p>\n\n\n\n<p>Esta actividad cont\u00f3 con la presencia del Defensor del Pueblo, Alfredo Ruiz; la presidenta de la Fundaci\u00f3n Latinoamericana de Derechos Humanos y Desarrollo Social (Fundalatin), Hna. Mar\u00eda Eugenia Russi\u00e1n; el embajador Extraordinario y plenipotenciario del Estado de Palestina en la Rep\u00fablica Bolivariana de Venezuela, Fadi Alzaben; el facilitador de la Escuela Nacional de Derechos Humanos de la Defensor\u00eda del Pueblo, Jonder Canchica y el director general de Derechos Humanos del Ministerio del Poder Popular para Relaciones Interiores, Justicia y Paz, Pablo Fern\u00e1ndez Blanco. <\/p>\n\n\n\n<figure class=\"wp-block-image size-full\"><img fetchpriority=\"high\" decoding=\"async\" width=\"800\" height=\"450\" src=\"http:\/\/www.defensoria.gob.ve\/wp-content\/uploads\/2025\/10\/8b598e34-c1e3-43b9-a9b1-2cc6531efd13.jpg\" alt=\"\" class=\"wp-image-14489\" srcset=\"http:\/\/www.defensoria.gob.ve\/wp-content\/uploads\/2025\/10\/8b598e34-c1e3-43b9-a9b1-2cc6531efd13.jpg 800w, http:\/\/www.defensoria.gob.ve\/wp-content\/uploads\/2025\/10\/8b598e34-c1e3-43b9-a9b1-2cc6531efd13-768x432.jpg 768w\" sizes=\"(max-width: 800px) 100vw, 800px\" \/><\/figure>\n\n\n\n<p>Las palabras de apertura, estuvieron a cargo del Defensor del Pueblo, \u00abes un honor estar aqu\u00ed con todos ustedes en este foro, en un d\u00eda tan significativo como el D\u00eda Internacional de la No Violencia. Nos reunimos para reflexionar sobre el estado actual de nuestra sociedad y el rol que cada uno de nosotros puede desempe\u00f1ar en la construcci\u00f3n de un futuro m\u00e1s pac\u00edfico, libre de armas y de violencia. <\/p>\n\n\n\n<p>Para el Defensor, \u00abes un honor estar aqu\u00ed con todos ustedes en este foro, en un d\u00eda tan significativo como el D\u00eda Internacional de la No Violencia. Nos reunimos para reflexionar sobre el estado actual de nuestra sociedad y el rol que cada uno de nosotros puede desempe\u00f1ar en la construcci\u00f3n de un futuro m\u00e1s pac\u00edfico, libre de armas y de violencia\u00bb. <\/p>\n\n\n\n<p>Ruiz destac\u00f3 los desaf\u00edos actuales que enfrenta Venezuela y la necesidad de construir una sociedad m\u00e1s justa e inclusiva, libre de violencia, enfatizando el rol crucial que desempe\u00f1an tanto las ciudadanas y los ciudadanos, as\u00ed como las instituciones del Estado en esta labor, para la construcci\u00f3n de un futuro mejor para todas las venezolanas y todos los venezolanos. <\/p>\n\n\n\n<figure class=\"wp-block-image size-full\"><img decoding=\"async\" width=\"800\" height=\"450\" src=\"http:\/\/www.defensoria.gob.ve\/wp-content\/uploads\/2025\/10\/4c58356d-bfa4-4ce9-9bb6-e67f14c7fd6e.jpg\" alt=\"\" class=\"wp-image-14491\" srcset=\"http:\/\/www.defensoria.gob.ve\/wp-content\/uploads\/2025\/10\/4c58356d-bfa4-4ce9-9bb6-e67f14c7fd6e.jpg 800w, http:\/\/www.defensoria.gob.ve\/wp-content\/uploads\/2025\/10\/4c58356d-bfa4-4ce9-9bb6-e67f14c7fd6e-768x432.jpg 768w\" sizes=\"(max-width: 800px) 100vw, 800px\" \/><\/figure>\n\n\n\n<p>Seguidamente, enfatiz\u00f3 que la paz no es solo la ausencia de violencia; es un proceso activo que requiere nuestro compromiso diario. En Venezuela, hemos enfrentado desaf\u00edos inmensos, pero tambi\u00e9n hemos demostrado una resiliencia extraordinaria. Es nuestra responsabilidad colectiva promover una cultura de paz, de respeto por los derechos humanos, la igualdad y la justicia social. Estos son los pilares sobre los cuales podemos construir una sociedad cada d\u00eda m\u00e1s justa, equitativa para una sana convivencia.<\/p>\n\n\n\n<p>Mencion\u00f3 adem\u00e1s que los cr\u00edmenes de odio y la violencia no tienen cabida en nuestro pa\u00eds pues contamos con una cultura que valora la inclusi\u00f3n con instrumentos legales como la Ley Constitucional contra el Odio, por la Convivencia Pac\u00edfica y la Tolerancia, aprobada en Venezuela en 2017, cuyo fin es promover la paz y la tolerancia entre las personas para una sana convivencia. \u201cEs importante crear entornos donde cada persona se sienta respetada, segura y valorada\u201d.<\/p>\n\n\n\n<figure class=\"wp-block-image size-full\"><img decoding=\"async\" width=\"800\" height=\"450\" src=\"http:\/\/www.defensoria.gob.ve\/wp-content\/uploads\/2025\/10\/704db103-f645-4db4-a6a8-6df20cca93c7.jpg\" alt=\"\" class=\"wp-image-14490\" srcset=\"http:\/\/www.defensoria.gob.ve\/wp-content\/uploads\/2025\/10\/704db103-f645-4db4-a6a8-6df20cca93c7.jpg 800w, http:\/\/www.defensoria.gob.ve\/wp-content\/uploads\/2025\/10\/704db103-f645-4db4-a6a8-6df20cca93c7-768x432.jpg 768w\" sizes=\"(max-width: 800px) 100vw, 800px\" \/><\/figure>\n\n\n\n<p>Posteriormente, continua la actividad con la ponencia del Sr. Fadi Alzaben, embajador Extraordinario y plenipotenciario del Estado de Palestina en la Rep\u00fablica Bolivariana de Venezuela, y el tema \u201cImportancia de la construcci\u00f3n de la paz con justicia en Palestina, cuya poblaci\u00f3n es v\u00edctima de genocidio\u201d. <\/p>\n\n\n\n<figure class=\"wp-block-image size-full\"><img loading=\"lazy\" decoding=\"async\" width=\"800\" height=\"450\" src=\"http:\/\/www.defensoria.gob.ve\/wp-content\/uploads\/2025\/10\/e7de6891-8353-4b31-a5e9-7cd026f76338.jpg\" alt=\"\" class=\"wp-image-14492\" srcset=\"http:\/\/www.defensoria.gob.ve\/wp-content\/uploads\/2025\/10\/e7de6891-8353-4b31-a5e9-7cd026f76338.jpg 800w, http:\/\/www.defensoria.gob.ve\/wp-content\/uploads\/2025\/10\/e7de6891-8353-4b31-a5e9-7cd026f76338-768x432.jpg 768w\" sizes=\"(max-width: 800px) 100vw, 800px\" \/><\/figure>\n\n\n\n<p>Contin\u00faa Jonder Canchica, facilitador de la Escuela de Derechos Humanos de la Defensor\u00eda del Pueblo, quien abord\u00f3 el tema \u201cLos cr\u00edmenes de odio y el derecho a la Paz en Venezuela\u201d, analizando la necesidad de erradicar el odio y seguir promoviendo la paz en el pa\u00eds. <\/p>\n\n\n\n<figure class=\"wp-block-image size-full\"><img loading=\"lazy\" decoding=\"async\" width=\"800\" height=\"450\" src=\"http:\/\/www.defensoria.gob.ve\/wp-content\/uploads\/2025\/10\/107f54db-4832-434f-bc56-f90e9adf7942.jpg\" alt=\"\" class=\"wp-image-14493\" srcset=\"http:\/\/www.defensoria.gob.ve\/wp-content\/uploads\/2025\/10\/107f54db-4832-434f-bc56-f90e9adf7942.jpg 800w, http:\/\/www.defensoria.gob.ve\/wp-content\/uploads\/2025\/10\/107f54db-4832-434f-bc56-f90e9adf7942-768x432.jpg 768w\" sizes=\"(max-width: 800px) 100vw, 800px\" \/><\/figure>\n\n\n\n<p>Luego el profesor Pablo Fern\u00e1ndez Blanco, director general de Derechos Humanos del Ministerio del Poder Popular para Relaciones Interiores, Justicia y Paz, y el tema \u201cPalestina: de la colonizaci\u00f3n impune al genocidio anunciado\u201d. ofreci\u00f3 un panorama hist\u00f3rico y actual sobre los desaf\u00edos que enfrenta la paz en el contexto mundial. <\/p>\n\n\n\n<p>La actividad culmin\u00f3 con una cantata y presentaci\u00f3n cultural a cargo de Elena Gil y Leonel Ruiz quienes hicieron reflexionar a los asistentes con un emotivo \u201cCantos por la paz\u201d, reforzando el mensaje de unidad y esperanza de la humanidad. Este foro tuvo como objetivo generar un espacio de reflexi\u00f3n colectiva para promover la cultura de paz, el respeto por los derechos humanos, la igualdad y la justicia social como herramientas de transformaci\u00f3n en nuestra sociedad. <strong>Fin\/PRENSA Defensor\u00eda<\/strong><\/p>\n\t\t\t\t\t\t\t\t<\/div>\n\t\t\t\t<\/div>\n\t\t\t\t\t<\/div>\n\t\t<\/div>\n\t\t\t\t\t<\/div>\n\t\t<\/section>\n\t\t\t\t<\/div>\n\t\t","protected":false},"excerpt":{"rendered":"<p>(06-Oct-25) La Defensor\u00eda del Pueblo conjuntamente con el Ministerio del Poder Popular para las Relaciones Interiores, Justicia y Paz, llevaron a cabo un Foro-canto titulado \u201cLa paz, en nuestras voces:&hellip; <\/p>\n","protected":false},"author":5,"featured_media":14494,"comment_status":"closed","ping_status":"open","sticky":false,"template":"","format":"standard","meta":{"footnotes":""},"categories":[3],"tags":[],"class_list":["post-14488","post","type-post","status-publish","format-standard","has-post-thumbnail","hentry","category-centrales"],"yoast_head":"<!-- This site is optimized with the Yoast SEO plugin v27.4 - https:\/\/yoast.com\/product\/yoast-seo-wordpress\/ -->\n<title>Defensor: Es nuestra responsabilidad colectiva promover una cultura de paz y respeto por los DDHH -<\/title>\n<meta name=\"robots\" content=\"index, follow, max-snippet:-1, max-image-preview:large, max-video-preview:-1\" \/>\n<link rel=\"canonical\" href=\"http:\/\/www.defensoria.gob.ve\/?p=14488\" \/>\n<meta property=\"og:locale\" content=\"es_ES\" \/>\n<meta property=\"og:type\" content=\"article\" \/>\n<meta property=\"og:title\" content=\"Defensor: Es nuestra responsabilidad colectiva promover una cultura de paz y respeto por los DDHH -\" \/>\n<meta property=\"og:description\" content=\"(06-Oct-25) La Defensor\u00eda del Pueblo conjuntamente con el Ministerio del Poder Popular para las Relaciones Interiores, Justicia y Paz, llevaron a cabo un Foro-canto titulado \u201cLa paz, en nuestras voces:&hellip;\" \/>\n<meta property=\"og:url\" content=\"http:\/\/www.defensoria.gob.ve\/?p=14488\" \/>\n<meta property=\"article:published_time\" content=\"2025-10-06T15:52:12+00:00\" \/>\n<meta property=\"article:modified_time\" content=\"2025-10-06T15:53:03+00:00\" \/>\n<meta property=\"og:image\" content=\"http:\/\/www.defensoria.gob.ve\/wp-content\/uploads\/2025\/10\/eab53e52-69b4-49c5-b814-c24776855cce.jpg\" \/>\n\t<meta property=\"og:image:width\" content=\"800\" \/>\n\t<meta property=\"og:image:height\" content=\"450\" \/>\n\t<meta property=\"og:image:type\" content=\"image\/jpeg\" \/>\n<meta name=\"author\" content=\"JC.\" \/>\n<meta name=\"twitter:card\" content=\"summary_large_image\" \/>\n<meta name=\"twitter:label1\" content=\"Escrito por\" \/>\n\t<meta name=\"twitter:data1\" content=\"JC.\" \/>\n\t<meta name=\"twitter:label2\" content=\"Tiempo estimado de lectura\" \/>\n\t<meta name=\"twitter:data2\" content=\"5 minutos\" \/>\n<script type=\"application\/ld+json\" class=\"yoast-schema-graph\">{\"@context\":\"https:\\\/\\\/schema.org\",\"@graph\":[{\"@type\":\"Article\",\"@id\":\"http:\\\/\\\/www.defensoria.gob.ve\\\/?p=14488#article\",\"isPartOf\":{\"@id\":\"http:\\\/\\\/www.defensoria.gob.ve\\\/?p=14488\"},\"author\":{\"name\":\"JC.\",\"@id\":\"http:\\\/\\\/www.defensoria.gob.ve\\\/#\\\/schema\\\/person\\\/fba14293189d7b1933ac7fba9d89e24a\"},\"headline\":\"Defensor: Es nuestra responsabilidad colectiva promover una cultura de paz y respeto por los DDHH\",\"datePublished\":\"2025-10-06T15:52:12+00:00\",\"dateModified\":\"2025-10-06T15:53:03+00:00\",\"mainEntityOfPage\":{\"@id\":\"http:\\\/\\\/www.defensoria.gob.ve\\\/?p=14488\"},\"wordCount\":776,\"image\":{\"@id\":\"http:\\\/\\\/www.defensoria.gob.ve\\\/?p=14488#primaryimage\"},\"thumbnailUrl\":\"http:\\\/\\\/www.defensoria.gob.ve\\\/wp-content\\\/uploads\\\/2025\\\/10\\\/eab53e52-69b4-49c5-b814-c24776855cce.jpg\",\"articleSection\":[\"CENTRALES\"],\"inLanguage\":\"es\"},{\"@type\":\"WebPage\",\"@id\":\"http:\\\/\\\/www.defensoria.gob.ve\\\/?p=14488\",\"url\":\"http:\\\/\\\/www.defensoria.gob.ve\\\/?p=14488\",\"name\":\"Defensor: Es nuestra responsabilidad colectiva promover una cultura de paz y respeto por los DDHH -\",\"isPartOf\":{\"@id\":\"http:\\\/\\\/www.defensoria.gob.ve\\\/#website\"},\"primaryImageOfPage\":{\"@id\":\"http:\\\/\\\/www.defensoria.gob.ve\\\/?p=14488#primaryimage\"},\"image\":{\"@id\":\"http:\\\/\\\/www.defensoria.gob.ve\\\/?p=14488#primaryimage\"},\"thumbnailUrl\":\"http:\\\/\\\/www.defensoria.gob.ve\\\/wp-content\\\/uploads\\\/2025\\\/10\\\/eab53e52-69b4-49c5-b814-c24776855cce.jpg\",\"datePublished\":\"2025-10-06T15:52:12+00:00\",\"dateModified\":\"2025-10-06T15:53:03+00:00\",\"author\":{\"@id\":\"http:\\\/\\\/www.defensoria.gob.ve\\\/#\\\/schema\\\/person\\\/fba14293189d7b1933ac7fba9d89e24a\"},\"breadcrumb\":{\"@id\":\"http:\\\/\\\/www.defensoria.gob.ve\\\/?p=14488#breadcrumb\"},\"inLanguage\":\"es\",\"potentialAction\":[{\"@type\":\"ReadAction\",\"target\":[\"http:\\\/\\\/www.defensoria.gob.ve\\\/?p=14488\"]}]},{\"@type\":\"ImageObject\",\"inLanguage\":\"es\",\"@id\":\"http:\\\/\\\/www.defensoria.gob.ve\\\/?p=14488#primaryimage\",\"url\":\"http:\\\/\\\/www.defensoria.gob.ve\\\/wp-content\\\/uploads\\\/2025\\\/10\\\/eab53e52-69b4-49c5-b814-c24776855cce.jpg\",\"contentUrl\":\"http:\\\/\\\/www.defensoria.gob.ve\\\/wp-content\\\/uploads\\\/2025\\\/10\\\/eab53e52-69b4-49c5-b814-c24776855cce.jpg\",\"width\":800,\"height\":450},{\"@type\":\"BreadcrumbList\",\"@id\":\"http:\\\/\\\/www.defensoria.gob.ve\\\/?p=14488#breadcrumb\",\"itemListElement\":[{\"@type\":\"ListItem\",\"position\":1,\"name\":\"Portada\",\"item\":\"http:\\\/\\\/www.defensoria.gob.ve\\\/\"},{\"@type\":\"ListItem\",\"position\":2,\"name\":\"Defensor: Es nuestra responsabilidad colectiva promover una cultura de paz y respeto por los DDHH\"}]},{\"@type\":\"WebSite\",\"@id\":\"http:\\\/\\\/www.defensoria.gob.ve\\\/#website\",\"url\":\"http:\\\/\\\/www.defensoria.gob.ve\\\/\",\"name\":\"\",\"description\":\"Instituci\u00f3n del Poder Ciudadano para la Promoci\u00f3n, Defensa y Vigilancia de los Derechos Humanos.\",\"potentialAction\":[{\"@type\":\"SearchAction\",\"target\":{\"@type\":\"EntryPoint\",\"urlTemplate\":\"http:\\\/\\\/www.defensoria.gob.ve\\\/?s={search_term_string}\"},\"query-input\":{\"@type\":\"PropertyValueSpecification\",\"valueRequired\":true,\"valueName\":\"search_term_string\"}}],\"inLanguage\":\"es\"},{\"@type\":\"Person\",\"@id\":\"http:\\\/\\\/www.defensoria.gob.ve\\\/#\\\/schema\\\/person\\\/fba14293189d7b1933ac7fba9d89e24a\",\"name\":\"JC.\",\"image\":{\"@type\":\"ImageObject\",\"inLanguage\":\"es\",\"@id\":\"https:\\\/\\\/secure.gravatar.com\\\/avatar\\\/f398a4de948606b38f0299d90ca738c674b648694bc725ed46503c240269dbf8?s=96&d=mm&r=g\",\"url\":\"https:\\\/\\\/secure.gravatar.com\\\/avatar\\\/f398a4de948606b38f0299d90ca738c674b648694bc725ed46503c240269dbf8?s=96&d=mm&r=g\",\"contentUrl\":\"https:\\\/\\\/secure.gravatar.com\\\/avatar\\\/f398a4de948606b38f0299d90ca738c674b648694bc725ed46503c240269dbf8?s=96&d=mm&r=g\",\"caption\":\"JC.\"},\"url\":\"http:\\\/\\\/www.defensoria.gob.ve\\\/?author=5\"}]}<\/script>\n<!-- \/ Yoast SEO plugin. -->","yoast_head_json":{"title":"Defensor: Es nuestra responsabilidad colectiva promover una cultura de paz y respeto por los DDHH -","robots":{"index":"index","follow":"follow","max-snippet":"max-snippet:-1","max-image-preview":"max-image-preview:large","max-video-preview":"max-video-preview:-1"},"canonical":"http:\/\/www.defensoria.gob.ve\/?p=14488","og_locale":"es_ES","og_type":"article","og_title":"Defensor: Es nuestra responsabilidad colectiva promover una cultura de paz y respeto por los DDHH -","og_description":"(06-Oct-25) La Defensor\u00eda del Pueblo conjuntamente con el Ministerio del Poder Popular para las Relaciones Interiores, Justicia y Paz, llevaron a cabo un Foro-canto titulado \u201cLa paz, en nuestras voces:&hellip;","og_url":"http:\/\/www.defensoria.gob.ve\/?p=14488","article_published_time":"2025-10-06T15:52:12+00:00","article_modified_time":"2025-10-06T15:53:03+00:00","og_image":[{"width":800,"height":450,"url":"http:\/\/www.defensoria.gob.ve\/wp-content\/uploads\/2025\/10\/eab53e52-69b4-49c5-b814-c24776855cce.jpg","type":"image\/jpeg"}],"author":"JC.","twitter_card":"summary_large_image","twitter_misc":{"Escrito por":"JC.","Tiempo estimado de lectura":"5 minutos"},"schema":{"@context":"https:\/\/schema.org","@graph":[{"@type":"Article","@id":"http:\/\/www.defensoria.gob.ve\/?p=14488#article","isPartOf":{"@id":"http:\/\/www.defensoria.gob.ve\/?p=14488"},"author":{"name":"JC.","@id":"http:\/\/www.defensoria.gob.ve\/#\/schema\/person\/fba14293189d7b1933ac7fba9d89e24a"},"headline":"Defensor: Es nuestra responsabilidad colectiva promover una cultura de paz y respeto por los DDHH","datePublished":"2025-10-06T15:52:12+00:00","dateModified":"2025-10-06T15:53:03+00:00","mainEntityOfPage":{"@id":"http:\/\/www.defensoria.gob.ve\/?p=14488"},"wordCount":776,"image":{"@id":"http:\/\/www.defensoria.gob.ve\/?p=14488#primaryimage"},"thumbnailUrl":"http:\/\/www.defensoria.gob.ve\/wp-content\/uploads\/2025\/10\/eab53e52-69b4-49c5-b814-c24776855cce.jpg","articleSection":["CENTRALES"],"inLanguage":"es"},{"@type":"WebPage","@id":"http:\/\/www.defensoria.gob.ve\/?p=14488","url":"http:\/\/www.defensoria.gob.ve\/?p=14488","name":"Defensor: Es nuestra responsabilidad colectiva promover una cultura de paz y respeto por los DDHH -","isPartOf":{"@id":"http:\/\/www.defensoria.gob.ve\/#website"},"primaryImageOfPage":{"@id":"http:\/\/www.defensoria.gob.ve\/?p=14488#primaryimage"},"image":{"@id":"http:\/\/www.defensoria.gob.ve\/?p=14488#primaryimage"},"thumbnailUrl":"http:\/\/www.defensoria.gob.ve\/wp-content\/uploads\/2025\/10\/eab53e52-69b4-49c5-b814-c24776855cce.jpg","datePublished":"2025-10-06T15:52:12+00:00","dateModified":"2025-10-06T15:53:03+00:00","author":{"@id":"http:\/\/www.defensoria.gob.ve\/#\/schema\/person\/fba14293189d7b1933ac7fba9d89e24a"},"breadcrumb":{"@id":"http:\/\/www.defensoria.gob.ve\/?p=14488#breadcrumb"},"inLanguage":"es","potentialAction":[{"@type":"ReadAction","target":["http:\/\/www.defensoria.gob.ve\/?p=14488"]}]},{"@type":"ImageObject","inLanguage":"es","@id":"http:\/\/www.defensoria.gob.ve\/?p=14488#primaryimage","url":"http:\/\/www.defensoria.gob.ve\/wp-content\/uploads\/2025\/10\/eab53e52-69b4-49c5-b814-c24776855cce.jpg","contentUrl":"http:\/\/www.defensoria.gob.ve\/wp-content\/uploads\/2025\/10\/eab53e52-69b4-49c5-b814-c24776855cce.jpg","width":800,"height":450},{"@type":"BreadcrumbList","@id":"http:\/\/www.defensoria.gob.ve\/?p=14488#breadcrumb","itemListElement":[{"@type":"ListItem","position":1,"name":"Portada","item":"http:\/\/www.defensoria.gob.ve\/"},{"@type":"ListItem","position":2,"name":"Defensor: Es nuestra responsabilidad colectiva promover una cultura de paz y respeto por los DDHH"}]},{"@type":"WebSite","@id":"http:\/\/www.defensoria.gob.ve\/#website","url":"http:\/\/www.defensoria.gob.ve\/","name":"","description":"Instituci\u00f3n del Poder Ciudadano para la Promoci\u00f3n, Defensa y Vigilancia de los Derechos Humanos.","potentialAction":[{"@type":"SearchAction","target":{"@type":"EntryPoint","urlTemplate":"http:\/\/www.defensoria.gob.ve\/?s={search_term_string}"},"query-input":{"@type":"PropertyValueSpecification","valueRequired":true,"valueName":"search_term_string"}}],"inLanguage":"es"},{"@type":"Person","@id":"http:\/\/www.defensoria.gob.ve\/#\/schema\/person\/fba14293189d7b1933ac7fba9d89e24a","name":"JC.","image":{"@type":"ImageObject","inLanguage":"es","@id":"https:\/\/secure.gravatar.com\/avatar\/f398a4de948606b38f0299d90ca738c674b648694bc725ed46503c240269dbf8?s=96&d=mm&r=g","url":"https:\/\/secure.gravatar.com\/avatar\/f398a4de948606b38f0299d90ca738c674b648694bc725ed46503c240269dbf8?s=96&d=mm&r=g","contentUrl":"https:\/\/secure.gravatar.com\/avatar\/f398a4de948606b38f0299d90ca738c674b648694bc725ed46503c240269dbf8?s=96&d=mm&r=g","caption":"JC."},"url":"http:\/\/www.defensoria.gob.ve\/?author=5"}]}},"_links":{"self":[{"href":"http:\/\/www.defensoria.gob.ve\/index.php?rest_route=\/wp\/v2\/posts\/14488","targetHints":{"allow":["GET"]}}],"collection":[{"href":"http:\/\/www.defensoria.gob.ve\/index.php?rest_route=\/wp\/v2\/posts"}],"about":[{"href":"http:\/\/www.defensoria.gob.ve\/index.php?rest_route=\/wp\/v2\/types\/post"}],"author":[{"embeddable":true,"href":"http:\/\/www.defensoria.gob.ve\/index.php?rest_route=\/wp\/v2\/users\/5"}],"replies":[{"embeddable":true,"href":"http:\/\/www.defensoria.gob.ve\/index.php?rest_route=%2Fwp%2Fv2%2Fcomments&post=14488"}],"version-history":[{"count":4,"href":"http:\/\/www.defensoria.gob.ve\/index.php?rest_route=\/wp\/v2\/posts\/14488\/revisions"}],"predecessor-version":[{"id":14498,"href":"http:\/\/www.defensoria.gob.ve\/index.php?rest_route=\/wp\/v2\/posts\/14488\/revisions\/14498"}],"wp:featuredmedia":[{"embeddable":true,"href":"http:\/\/www.defensoria.gob.ve\/index.php?rest_route=\/wp\/v2\/media\/14494"}],"wp:attachment":[{"href":"http:\/\/www.defensoria.gob.ve\/index.php?rest_route=%2Fwp%2Fv2%2Fmedia&parent=14488"}],"wp:term":[{"taxonomy":"category","embeddable":true,"href":"http:\/\/www.defensoria.gob.ve\/index.php?rest_route=%2Fwp%2Fv2%2Fcategories&post=14488"},{"taxonomy":"post_tag","embeddable":true,"href":"http:\/\/www.defensoria.gob.ve\/index.php?rest_route=%2Fwp%2Fv2%2Ftags&post=14488"}],"curies":[{"name":"wp","href":"https:\/\/api.w.org\/{rel}","templated":true}]}}