 
{"id":14500,"date":"2025-10-06T15:17:53","date_gmt":"2025-10-06T19:17:53","guid":{"rendered":"http:\/\/www.defensoria.gob.ve\/?p=14500"},"modified":"2025-10-06T15:18:44","modified_gmt":"2025-10-06T19:18:44","slug":"delegada-tachira-presente-en-la-colocacion-de-la-primera-piedra-fundacional-para-el-punto-de-atencion-en-movilidad","status":"publish","type":"post","link":"http:\/\/www.defensoria.gob.ve\/?p=14500","title":{"rendered":"Delegada T\u00e1chira presente en la colocaci\u00f3n de la primera piedra fundacional para el punto de atenci\u00f3n en movilidad"},"content":{"rendered":"\t\t<div data-elementor-type=\"wp-post\" data-elementor-id=\"14500\" class=\"elementor elementor-14500\">\n\t\t\t\t\t\t<section class=\"elementor-section elementor-top-section elementor-element elementor-element-659de7ce elementor-section-boxed elementor-section-height-default elementor-section-height-default\" data-id=\"659de7ce\" data-element_type=\"section\" data-e-type=\"section\">\n\t\t\t\t\t\t<div class=\"elementor-container elementor-column-gap-default\">\n\t\t\t\t\t<div class=\"elementor-column elementor-col-100 elementor-top-column elementor-element elementor-element-5c21d82\" data-id=\"5c21d82\" data-element_type=\"column\" data-e-type=\"column\">\n\t\t\t<div class=\"elementor-widget-wrap elementor-element-populated\">\n\t\t\t\t\t\t<div class=\"elementor-element elementor-element-3ca8fe6b elementor-widget elementor-widget-text-editor\" data-id=\"3ca8fe6b\" data-element_type=\"widget\" data-e-type=\"widget\" data-widget_type=\"text-editor.default\">\n\t\t\t\t<div class=\"elementor-widget-container\">\n\t\t\t\t\t\t\t\t\t\n<p><strong>(T\u00e1chira\/06-Oct-25)<\/strong> En las instalaciones del Terminal Terrestre Ing. Te\u00f3filo C\u00e1rdenas Ortiz, de la ciudad de San Crist\u00f3bal se cumpli\u00f3 el acto de colocaci\u00f3n de la primera piedra fundacional del Punto de Atenci\u00f3n en Movilidad y la Oficina del Sistema de Protecci\u00f3n Integral de Ni\u00f1os, Ni\u00f1as y Adolescentes. <\/p>\n\n\n\n<p>El acto simb\u00f3lico del inicio de la construcci\u00f3n de este espacio f\u00edsico estuvo a cargo del Gobernador de la entidad Freddy Bernal, la primera dama Karen Dur\u00e1n de Bernal, del alcalde capitalino Silfredo Zambrano y dem\u00e1s autoridades invitadas. <\/p>\n\n\n\n<figure class=\"wp-block-image size-full\"><img fetchpriority=\"high\" decoding=\"async\" width=\"1080\" height=\"1080\" src=\"http:\/\/www.defensoria.gob.ve\/wp-content\/uploads\/2025\/10\/c846e713-a30b-4fc3-b2f4-559c466aa3cc.jpg\" alt=\"\" class=\"wp-image-14501\" srcset=\"http:\/\/www.defensoria.gob.ve\/wp-content\/uploads\/2025\/10\/c846e713-a30b-4fc3-b2f4-559c466aa3cc.jpg 1080w, http:\/\/www.defensoria.gob.ve\/wp-content\/uploads\/2025\/10\/c846e713-a30b-4fc3-b2f4-559c466aa3cc-768x768.jpg 768w\" sizes=\"(max-width: 1080px) 100vw, 1080px\" \/><\/figure>\n\n\n\n<p>La Defensora delegada en el estado T\u00e1chira, Celeste Buitrago Delgado, estuvo acompa\u00f1ada de la directora del Sistema de Protecci\u00f3n Integral de Ni\u00f1os, Ni\u00f1as y Adolescentes, Viviana Castillo as\u00ed como representantes de organismos del Estado que cumplen proyectos en materia de asistencia a la poblaci\u00f3n en zonas de frontera. <\/p>\n\n\n\n<p>Las autoridades asistentes coincidieron en la importancia del trabajo en equipo para ofrecer la asistencia que requieran los ciudadanos, ciudadanas y extranjeros que se encuentren de paso por el T\u00e1chira, como puerta de entrada y salida por la frontera m\u00e1s viva de Latinoam\u00e9rica. <strong>FIN PRENSA \/Defensor\u00eda T\u00e1chira<\/strong><\/p>\n\t\t\t\t\t\t\t\t<\/div>\n\t\t\t\t<\/div>\n\t\t\t\t\t<\/div>\n\t\t<\/div>\n\t\t\t\t\t<\/div>\n\t\t<\/section>\n\t\t\t\t<\/div>\n\t\t","protected":false},"excerpt":{"rendered":"<p>(T\u00e1chira\/06-Oct-25) En las instalaciones del Terminal Terrestre Ing. Te\u00f3filo C\u00e1rdenas Ortiz, de la ciudad de San Crist\u00f3bal se cumpli\u00f3 el acto de colocaci\u00f3n de la primera piedra fundacional del Punto&hellip; <\/p>\n","protected":false},"author":5,"featured_media":14502,"comment_status":"closed","ping_status":"open","sticky":false,"template":"","format":"standard","meta":{"footnotes":""},"categories":[5],"tags":[],"class_list":["post-14500","post","type-post","status-publish","format-standard","has-post-thumbnail","hentry","category-regionales"],"yoast_head":"<!-- This site is optimized with the Yoast SEO plugin v27.4 - https:\/\/yoast.com\/product\/yoast-seo-wordpress\/ -->\n<title>Delegada T\u00e1chira presente en la colocaci\u00f3n de la primera piedra fundacional para el punto de atenci\u00f3n en movilidad -<\/title>\n<meta name=\"robots\" content=\"index, follow, max-snippet:-1, max-image-preview:large, max-video-preview:-1\" \/>\n<link rel=\"canonical\" href=\"http:\/\/www.defensoria.gob.ve\/?p=14500\" \/>\n<meta property=\"og:locale\" content=\"es_ES\" \/>\n<meta property=\"og:type\" content=\"article\" \/>\n<meta property=\"og:title\" content=\"Delegada T\u00e1chira presente en la colocaci\u00f3n de la primera piedra fundacional para el punto de atenci\u00f3n en movilidad -\" \/>\n<meta property=\"og:description\" content=\"(T\u00e1chira\/06-Oct-25) En las instalaciones del Terminal Terrestre Ing. Te\u00f3filo C\u00e1rdenas Ortiz, de la ciudad de San Crist\u00f3bal se cumpli\u00f3 el acto de colocaci\u00f3n de la primera piedra fundacional del Punto&hellip;\" \/>\n<meta property=\"og:url\" content=\"http:\/\/www.defensoria.gob.ve\/?p=14500\" \/>\n<meta property=\"article:published_time\" content=\"2025-10-06T19:17:53+00:00\" \/>\n<meta property=\"article:modified_time\" content=\"2025-10-06T19:18:44+00:00\" \/>\n<meta property=\"og:image\" content=\"http:\/\/www.defensoria.gob.ve\/wp-content\/uploads\/2025\/10\/cbfcee15-030a-4c8e-88c9-ecf3245631a1.jpg\" \/>\n\t<meta property=\"og:image:width\" content=\"1080\" \/>\n\t<meta property=\"og:image:height\" content=\"1080\" \/>\n\t<meta property=\"og:image:type\" content=\"image\/jpeg\" \/>\n<meta name=\"author\" content=\"JC.\" \/>\n<meta name=\"twitter:card\" content=\"summary_large_image\" \/>\n<meta name=\"twitter:label1\" content=\"Escrito por\" \/>\n\t<meta name=\"twitter:data1\" content=\"JC.\" \/>\n\t<meta name=\"twitter:label2\" content=\"Tiempo estimado de lectura\" \/>\n\t<meta name=\"twitter:data2\" content=\"2 minutos\" \/>\n<script type=\"application\/ld+json\" class=\"yoast-schema-graph\">{\"@context\":\"https:\\\/\\\/schema.org\",\"@graph\":[{\"@type\":\"Article\",\"@id\":\"http:\\\/\\\/www.defensoria.gob.ve\\\/?p=14500#article\",\"isPartOf\":{\"@id\":\"http:\\\/\\\/www.defensoria.gob.ve\\\/?p=14500\"},\"author\":{\"name\":\"JC.\",\"@id\":\"http:\\\/\\\/www.defensoria.gob.ve\\\/#\\\/schema\\\/person\\\/fba14293189d7b1933ac7fba9d89e24a\"},\"headline\":\"Delegada T\u00e1chira presente en la colocaci\u00f3n de la primera piedra fundacional para el punto de atenci\u00f3n en movilidad\",\"datePublished\":\"2025-10-06T19:17:53+00:00\",\"dateModified\":\"2025-10-06T19:18:44+00:00\",\"mainEntityOfPage\":{\"@id\":\"http:\\\/\\\/www.defensoria.gob.ve\\\/?p=14500\"},\"wordCount\":227,\"image\":{\"@id\":\"http:\\\/\\\/www.defensoria.gob.ve\\\/?p=14500#primaryimage\"},\"thumbnailUrl\":\"http:\\\/\\\/www.defensoria.gob.ve\\\/wp-content\\\/uploads\\\/2025\\\/10\\\/cbfcee15-030a-4c8e-88c9-ecf3245631a1.jpg\",\"articleSection\":[\"REGIONALES\"],\"inLanguage\":\"es\"},{\"@type\":\"WebPage\",\"@id\":\"http:\\\/\\\/www.defensoria.gob.ve\\\/?p=14500\",\"url\":\"http:\\\/\\\/www.defensoria.gob.ve\\\/?p=14500\",\"name\":\"Delegada T\u00e1chira presente en la colocaci\u00f3n de la primera piedra fundacional para el punto de atenci\u00f3n en movilidad -\",\"isPartOf\":{\"@id\":\"http:\\\/\\\/www.defensoria.gob.ve\\\/#website\"},\"primaryImageOfPage\":{\"@id\":\"http:\\\/\\\/www.defensoria.gob.ve\\\/?p=14500#primaryimage\"},\"image\":{\"@id\":\"http:\\\/\\\/www.defensoria.gob.ve\\\/?p=14500#primaryimage\"},\"thumbnailUrl\":\"http:\\\/\\\/www.defensoria.gob.ve\\\/wp-content\\\/uploads\\\/2025\\\/10\\\/cbfcee15-030a-4c8e-88c9-ecf3245631a1.jpg\",\"datePublished\":\"2025-10-06T19:17:53+00:00\",\"dateModified\":\"2025-10-06T19:18:44+00:00\",\"author\":{\"@id\":\"http:\\\/\\\/www.defensoria.gob.ve\\\/#\\\/schema\\\/person\\\/fba14293189d7b1933ac7fba9d89e24a\"},\"breadcrumb\":{\"@id\":\"http:\\\/\\\/www.defensoria.gob.ve\\\/?p=14500#breadcrumb\"},\"inLanguage\":\"es\",\"potentialAction\":[{\"@type\":\"ReadAction\",\"target\":[\"http:\\\/\\\/www.defensoria.gob.ve\\\/?p=14500\"]}]},{\"@type\":\"ImageObject\",\"inLanguage\":\"es\",\"@id\":\"http:\\\/\\\/www.defensoria.gob.ve\\\/?p=14500#primaryimage\",\"url\":\"http:\\\/\\\/www.defensoria.gob.ve\\\/wp-content\\\/uploads\\\/2025\\\/10\\\/cbfcee15-030a-4c8e-88c9-ecf3245631a1.jpg\",\"contentUrl\":\"http:\\\/\\\/www.defensoria.gob.ve\\\/wp-content\\\/uploads\\\/2025\\\/10\\\/cbfcee15-030a-4c8e-88c9-ecf3245631a1.jpg\",\"width\":1080,\"height\":1080},{\"@type\":\"BreadcrumbList\",\"@id\":\"http:\\\/\\\/www.defensoria.gob.ve\\\/?p=14500#breadcrumb\",\"itemListElement\":[{\"@type\":\"ListItem\",\"position\":1,\"name\":\"Portada\",\"item\":\"http:\\\/\\\/www.defensoria.gob.ve\\\/\"},{\"@type\":\"ListItem\",\"position\":2,\"name\":\"Delegada T\u00e1chira presente en la colocaci\u00f3n de la primera piedra fundacional para el punto de atenci\u00f3n en movilidad\"}]},{\"@type\":\"WebSite\",\"@id\":\"http:\\\/\\\/www.defensoria.gob.ve\\\/#website\",\"url\":\"http:\\\/\\\/www.defensoria.gob.ve\\\/\",\"name\":\"\",\"description\":\"Instituci\u00f3n del Poder Ciudadano para la Promoci\u00f3n, Defensa y Vigilancia de los Derechos Humanos. \",\"potentialAction\":[{\"@type\":\"SearchAction\",\"target\":{\"@type\":\"EntryPoint\",\"urlTemplate\":\"http:\\\/\\\/www.defensoria.gob.ve\\\/?s={search_term_string}\"},\"query-input\":{\"@type\":\"PropertyValueSpecification\",\"valueRequired\":true,\"valueName\":\"search_term_string\"}}],\"inLanguage\":\"es\"},{\"@type\":\"Person\",\"@id\":\"http:\\\/\\\/www.defensoria.gob.ve\\\/#\\\/schema\\\/person\\\/fba14293189d7b1933ac7fba9d89e24a\",\"name\":\"JC.\",\"image\":{\"@type\":\"ImageObject\",\"inLanguage\":\"es\",\"@id\":\"https:\\\/\\\/secure.gravatar.com\\\/avatar\\\/f398a4de948606b38f0299d90ca738c674b648694bc725ed46503c240269dbf8?s=96&d=mm&r=g\",\"url\":\"https:\\\/\\\/secure.gravatar.com\\\/avatar\\\/f398a4de948606b38f0299d90ca738c674b648694bc725ed46503c240269dbf8?s=96&d=mm&r=g\",\"contentUrl\":\"https:\\\/\\\/secure.gravatar.com\\\/avatar\\\/f398a4de948606b38f0299d90ca738c674b648694bc725ed46503c240269dbf8?s=96&d=mm&r=g\",\"caption\":\"JC.\"},\"url\":\"http:\\\/\\\/www.defensoria.gob.ve\\\/?author=5\"}]}<\/script>\n<!-- \/ Yoast SEO plugin. -->","yoast_head_json":{"title":"Delegada T\u00e1chira presente en la colocaci\u00f3n de la primera piedra fundacional para el punto de atenci\u00f3n en movilidad -","robots":{"index":"index","follow":"follow","max-snippet":"max-snippet:-1","max-image-preview":"max-image-preview:large","max-video-preview":"max-video-preview:-1"},"canonical":"http:\/\/www.defensoria.gob.ve\/?p=14500","og_locale":"es_ES","og_type":"article","og_title":"Delegada T\u00e1chira presente en la colocaci\u00f3n de la primera piedra fundacional para el punto de atenci\u00f3n en movilidad -","og_description":"(T\u00e1chira\/06-Oct-25) En las instalaciones del Terminal Terrestre Ing. Te\u00f3filo C\u00e1rdenas Ortiz, de la ciudad de San Crist\u00f3bal se cumpli\u00f3 el acto de colocaci\u00f3n de la primera piedra fundacional del Punto&hellip;","og_url":"http:\/\/www.defensoria.gob.ve\/?p=14500","article_published_time":"2025-10-06T19:17:53+00:00","article_modified_time":"2025-10-06T19:18:44+00:00","og_image":[{"width":1080,"height":1080,"url":"http:\/\/www.defensoria.gob.ve\/wp-content\/uploads\/2025\/10\/cbfcee15-030a-4c8e-88c9-ecf3245631a1.jpg","type":"image\/jpeg"}],"author":"JC.","twitter_card":"summary_large_image","twitter_misc":{"Escrito por":"JC.","Tiempo estimado de lectura":"2 minutos"},"schema":{"@context":"https:\/\/schema.org","@graph":[{"@type":"Article","@id":"http:\/\/www.defensoria.gob.ve\/?p=14500#article","isPartOf":{"@id":"http:\/\/www.defensoria.gob.ve\/?p=14500"},"author":{"name":"JC.","@id":"http:\/\/www.defensoria.gob.ve\/#\/schema\/person\/fba14293189d7b1933ac7fba9d89e24a"},"headline":"Delegada T\u00e1chira presente en la colocaci\u00f3n de la primera piedra fundacional para el punto de atenci\u00f3n en movilidad","datePublished":"2025-10-06T19:17:53+00:00","dateModified":"2025-10-06T19:18:44+00:00","mainEntityOfPage":{"@id":"http:\/\/www.defensoria.gob.ve\/?p=14500"},"wordCount":227,"image":{"@id":"http:\/\/www.defensoria.gob.ve\/?p=14500#primaryimage"},"thumbnailUrl":"http:\/\/www.defensoria.gob.ve\/wp-content\/uploads\/2025\/10\/cbfcee15-030a-4c8e-88c9-ecf3245631a1.jpg","articleSection":["REGIONALES"],"inLanguage":"es"},{"@type":"WebPage","@id":"http:\/\/www.defensoria.gob.ve\/?p=14500","url":"http:\/\/www.defensoria.gob.ve\/?p=14500","name":"Delegada T\u00e1chira presente en la colocaci\u00f3n de la primera piedra fundacional para el punto de atenci\u00f3n en movilidad -","isPartOf":{"@id":"http:\/\/www.defensoria.gob.ve\/#website"},"primaryImageOfPage":{"@id":"http:\/\/www.defensoria.gob.ve\/?p=14500#primaryimage"},"image":{"@id":"http:\/\/www.defensoria.gob.ve\/?p=14500#primaryimage"},"thumbnailUrl":"http:\/\/www.defensoria.gob.ve\/wp-content\/uploads\/2025\/10\/cbfcee15-030a-4c8e-88c9-ecf3245631a1.jpg","datePublished":"2025-10-06T19:17:53+00:00","dateModified":"2025-10-06T19:18:44+00:00","author":{"@id":"http:\/\/www.defensoria.gob.ve\/#\/schema\/person\/fba14293189d7b1933ac7fba9d89e24a"},"breadcrumb":{"@id":"http:\/\/www.defensoria.gob.ve\/?p=14500#breadcrumb"},"inLanguage":"es","potentialAction":[{"@type":"ReadAction","target":["http:\/\/www.defensoria.gob.ve\/?p=14500"]}]},{"@type":"ImageObject","inLanguage":"es","@id":"http:\/\/www.defensoria.gob.ve\/?p=14500#primaryimage","url":"http:\/\/www.defensoria.gob.ve\/wp-content\/uploads\/2025\/10\/cbfcee15-030a-4c8e-88c9-ecf3245631a1.jpg","contentUrl":"http:\/\/www.defensoria.gob.ve\/wp-content\/uploads\/2025\/10\/cbfcee15-030a-4c8e-88c9-ecf3245631a1.jpg","width":1080,"height":1080},{"@type":"BreadcrumbList","@id":"http:\/\/www.defensoria.gob.ve\/?p=14500#breadcrumb","itemListElement":[{"@type":"ListItem","position":1,"name":"Portada","item":"http:\/\/www.defensoria.gob.ve\/"},{"@type":"ListItem","position":2,"name":"Delegada T\u00e1chira presente en la colocaci\u00f3n de la primera piedra fundacional para el punto de atenci\u00f3n en movilidad"}]},{"@type":"WebSite","@id":"http:\/\/www.defensoria.gob.ve\/#website","url":"http:\/\/www.defensoria.gob.ve\/","name":"","description":"Instituci\u00f3n del Poder Ciudadano para la Promoci\u00f3n, Defensa y Vigilancia de los Derechos Humanos. ","potentialAction":[{"@type":"SearchAction","target":{"@type":"EntryPoint","urlTemplate":"http:\/\/www.defensoria.gob.ve\/?s={search_term_string}"},"query-input":{"@type":"PropertyValueSpecification","valueRequired":true,"valueName":"search_term_string"}}],"inLanguage":"es"},{"@type":"Person","@id":"http:\/\/www.defensoria.gob.ve\/#\/schema\/person\/fba14293189d7b1933ac7fba9d89e24a","name":"JC.","image":{"@type":"ImageObject","inLanguage":"es","@id":"https:\/\/secure.gravatar.com\/avatar\/f398a4de948606b38f0299d90ca738c674b648694bc725ed46503c240269dbf8?s=96&d=mm&r=g","url":"https:\/\/secure.gravatar.com\/avatar\/f398a4de948606b38f0299d90ca738c674b648694bc725ed46503c240269dbf8?s=96&d=mm&r=g","contentUrl":"https:\/\/secure.gravatar.com\/avatar\/f398a4de948606b38f0299d90ca738c674b648694bc725ed46503c240269dbf8?s=96&d=mm&r=g","caption":"JC."},"url":"http:\/\/www.defensoria.gob.ve\/?author=5"}]}},"_links":{"self":[{"href":"http:\/\/www.defensoria.gob.ve\/index.php?rest_route=\/wp\/v2\/posts\/14500","targetHints":{"allow":["GET"]}}],"collection":[{"href":"http:\/\/www.defensoria.gob.ve\/index.php?rest_route=\/wp\/v2\/posts"}],"about":[{"href":"http:\/\/www.defensoria.gob.ve\/index.php?rest_route=\/wp\/v2\/types\/post"}],"author":[{"embeddable":true,"href":"http:\/\/www.defensoria.gob.ve\/index.php?rest_route=\/wp\/v2\/users\/5"}],"replies":[{"embeddable":true,"href":"http:\/\/www.defensoria.gob.ve\/index.php?rest_route=%2Fwp%2Fv2%2Fcomments&post=14500"}],"version-history":[{"count":4,"href":"http:\/\/www.defensoria.gob.ve\/index.php?rest_route=\/wp\/v2\/posts\/14500\/revisions"}],"predecessor-version":[{"id":14506,"href":"http:\/\/www.defensoria.gob.ve\/index.php?rest_route=\/wp\/v2\/posts\/14500\/revisions\/14506"}],"wp:featuredmedia":[{"embeddable":true,"href":"http:\/\/www.defensoria.gob.ve\/index.php?rest_route=\/wp\/v2\/media\/14502"}],"wp:attachment":[{"href":"http:\/\/www.defensoria.gob.ve\/index.php?rest_route=%2Fwp%2Fv2%2Fmedia&parent=14500"}],"wp:term":[{"taxonomy":"category","embeddable":true,"href":"http:\/\/www.defensoria.gob.ve\/index.php?rest_route=%2Fwp%2Fv2%2Fcategories&post=14500"},{"taxonomy":"post_tag","embeddable":true,"href":"http:\/\/www.defensoria.gob.ve\/index.php?rest_route=%2Fwp%2Fv2%2Ftags&post=14500"}],"curies":[{"name":"wp","href":"https:\/\/api.w.org\/{rel}","templated":true}]}}