 
{"id":14538,"date":"2025-10-08T11:43:00","date_gmt":"2025-10-08T15:43:00","guid":{"rendered":"http:\/\/www.defensoria.gob.ve\/?p=14538"},"modified":"2025-10-08T12:57:48","modified_gmt":"2025-10-08T16:57:48","slug":"sub-sede-municipal-garcia-de-hevia-participo-en-jornada-del-tribunal-movil-en-la-localidad-de-la-fria-edo-tachira","status":"publish","type":"post","link":"http:\/\/www.defensoria.gob.ve\/?p=14538","title":{"rendered":"Sub-Sede Municipal Garc\u00eda de Hevia particip\u00f3 en Jornada del Tribunal m\u00f3vil en la localidad de la Fr\u00eda Edo. T\u00e1chira"},"content":{"rendered":"\t\t<div data-elementor-type=\"wp-post\" data-elementor-id=\"14538\" class=\"elementor elementor-14538\">\n\t\t\t\t\t\t<section class=\"elementor-section elementor-top-section elementor-element elementor-element-4a4800e1 elementor-section-boxed elementor-section-height-default elementor-section-height-default\" data-id=\"4a4800e1\" data-element_type=\"section\" data-e-type=\"section\">\n\t\t\t\t\t\t<div class=\"elementor-container elementor-column-gap-default\">\n\t\t\t\t\t<div class=\"elementor-column elementor-col-100 elementor-top-column elementor-element elementor-element-423389bb\" data-id=\"423389bb\" data-element_type=\"column\" data-e-type=\"column\">\n\t\t\t<div class=\"elementor-widget-wrap elementor-element-populated\">\n\t\t\t\t\t\t<div class=\"elementor-element elementor-element-60a4e1a elementor-widget elementor-widget-text-editor\" data-id=\"60a4e1a\" data-element_type=\"widget\" data-e-type=\"widget\" data-widget_type=\"text-editor.default\">\n\t\t\t\t<div class=\"elementor-widget-container\">\n\t\t\t\t\t\t\t\t\t\n<p><strong>(T\u00e1chira \/ 08-Oct-25)<\/strong> En un esfuerzo por garantizar el acceso a la justicia y llevar los servicios del Poder Judicial directamente al pueblo, equipo defensorial de la Sub-Sede Municipal Garc\u00eda de Hevia particip\u00f3 en una jornada del Tribunal M\u00f3vil desde La Fr\u00eda, estado T\u00e1chira, actividad organizada semanalmente por el Tribunal de Justicia del estado T\u00e1chira.<\/p>\n\n\n\n<p>La Defensor\u00eda del Pueblo delegada de la entidad cumpli\u00f3 con el rol de recepci\u00f3n de casos y denuncias, as\u00ed como ofrecer orientaci\u00f3n y tambi\u00e9n la entrega de material informativo en defensa de los Derechos Humanos dando a conocer las competencias de la Instituci\u00f3n Nacional de los Derechos Humanos.<\/p>\n\n\n\n<figure class=\"wp-block-image size-full\"><img fetchpriority=\"high\" decoding=\"async\" width=\"793\" height=\"508\" src=\"http:\/\/www.defensoria.gob.ve\/wp-content\/uploads\/2025\/10\/HEFAUY.jpg\" alt=\"\" class=\"wp-image-14540\" srcset=\"http:\/\/www.defensoria.gob.ve\/wp-content\/uploads\/2025\/10\/HEFAUY.jpg 793w, http:\/\/www.defensoria.gob.ve\/wp-content\/uploads\/2025\/10\/HEFAUY-768x492.jpg 768w\" sizes=\"(max-width: 793px) 100vw, 793px\" \/><\/figure>\n\n\n\n<p>La iniciativa, que forma parte de la pol\u00edtica de \u00abJusticia de Calle\u00bb, tiene como objetivo principal acortar la distancia entre el sistema judicial y las comunidades, ofreciendo atenci\u00f3n integral y respuestas oportunas a las solicitudes de la ciudadan\u00eda con la participaci\u00f3n de diversos organismos de la entidad regional.<\/p>\n\n\n\n<p>De esta manera, la Defensor\u00eda del Pueblo se mantiene como una instituci\u00f3n de atenci\u00f3n multidisciplinaria gracias a la articulaci\u00f3n perfecta entre instituciones del Estado en materia de justicia, lo que permite ofrecer servicios legales y administrativos en un mismo lugar. <strong>FIN PRENSA Defensor\u00eda<\/strong><\/p>\n\t\t\t\t\t\t\t\t<\/div>\n\t\t\t\t<\/div>\n\t\t\t\t\t<\/div>\n\t\t<\/div>\n\t\t\t\t\t<\/div>\n\t\t<\/section>\n\t\t\t\t<\/div>\n\t\t","protected":false},"excerpt":{"rendered":"<p>(T\u00e1chira \/ 08-Oct-25) En un esfuerzo por garantizar el acceso a la justicia y llevar los servicios del Poder Judicial directamente al pueblo, equipo defensorial de la Sub-Sede Municipal Garc\u00eda&hellip; <\/p>\n","protected":false},"author":5,"featured_media":14541,"comment_status":"closed","ping_status":"open","sticky":false,"template":"","format":"standard","meta":{"footnotes":""},"categories":[5],"tags":[],"class_list":["post-14538","post","type-post","status-publish","format-standard","has-post-thumbnail","hentry","category-regionales"],"yoast_head":"<!-- This site is optimized with the Yoast SEO plugin v27.4 - https:\/\/yoast.com\/product\/yoast-seo-wordpress\/ -->\n<title>Sub-Sede Municipal Garc\u00eda de Hevia particip\u00f3 en Jornada del Tribunal m\u00f3vil en la localidad de la Fr\u00eda Edo. T\u00e1chira -<\/title>\n<meta name=\"robots\" content=\"index, follow, max-snippet:-1, max-image-preview:large, max-video-preview:-1\" \/>\n<link rel=\"canonical\" href=\"http:\/\/www.defensoria.gob.ve\/?p=14538\" \/>\n<meta property=\"og:locale\" content=\"es_ES\" \/>\n<meta property=\"og:type\" content=\"article\" \/>\n<meta property=\"og:title\" content=\"Sub-Sede Municipal Garc\u00eda de Hevia particip\u00f3 en Jornada del Tribunal m\u00f3vil en la localidad de la Fr\u00eda Edo. T\u00e1chira -\" \/>\n<meta property=\"og:description\" content=\"(T\u00e1chira \/ 08-Oct-25) En un esfuerzo por garantizar el acceso a la justicia y llevar los servicios del Poder Judicial directamente al pueblo, equipo defensorial de la Sub-Sede Municipal Garc\u00eda&hellip;\" \/>\n<meta property=\"og:url\" content=\"http:\/\/www.defensoria.gob.ve\/?p=14538\" \/>\n<meta property=\"article:published_time\" content=\"2025-10-08T15:43:00+00:00\" \/>\n<meta property=\"article:modified_time\" content=\"2025-10-08T16:57:48+00:00\" \/>\n<meta property=\"og:image\" content=\"http:\/\/www.defensoria.gob.ve\/wp-content\/uploads\/2025\/10\/a8888cd7-7047-4030-87cf-da6cba56b94c.jpg\" \/>\n\t<meta property=\"og:image:width\" content=\"735\" \/>\n\t<meta property=\"og:image:height\" content=\"511\" \/>\n\t<meta property=\"og:image:type\" content=\"image\/jpeg\" \/>\n<meta name=\"author\" content=\"JC.\" \/>\n<meta name=\"twitter:card\" content=\"summary_large_image\" \/>\n<meta name=\"twitter:label1\" content=\"Escrito por\" \/>\n\t<meta name=\"twitter:data1\" content=\"JC.\" \/>\n\t<meta name=\"twitter:label2\" content=\"Tiempo estimado de lectura\" \/>\n\t<meta name=\"twitter:data2\" content=\"2 minutos\" \/>\n<script type=\"application\/ld+json\" class=\"yoast-schema-graph\">{\"@context\":\"https:\\\/\\\/schema.org\",\"@graph\":[{\"@type\":\"Article\",\"@id\":\"http:\\\/\\\/www.defensoria.gob.ve\\\/?p=14538#article\",\"isPartOf\":{\"@id\":\"http:\\\/\\\/www.defensoria.gob.ve\\\/?p=14538\"},\"author\":{\"name\":\"JC.\",\"@id\":\"http:\\\/\\\/www.defensoria.gob.ve\\\/#\\\/schema\\\/person\\\/fba14293189d7b1933ac7fba9d89e24a\"},\"headline\":\"Sub-Sede Municipal Garc\u00eda de Hevia particip\u00f3 en Jornada del Tribunal m\u00f3vil en la localidad de la Fr\u00eda Edo. T\u00e1chira\",\"datePublished\":\"2025-10-08T15:43:00+00:00\",\"dateModified\":\"2025-10-08T16:57:48+00:00\",\"mainEntityOfPage\":{\"@id\":\"http:\\\/\\\/www.defensoria.gob.ve\\\/?p=14538\"},\"wordCount\":236,\"image\":{\"@id\":\"http:\\\/\\\/www.defensoria.gob.ve\\\/?p=14538#primaryimage\"},\"thumbnailUrl\":\"http:\\\/\\\/www.defensoria.gob.ve\\\/wp-content\\\/uploads\\\/2025\\\/10\\\/a8888cd7-7047-4030-87cf-da6cba56b94c.jpg\",\"articleSection\":[\"REGIONALES\"],\"inLanguage\":\"es\"},{\"@type\":\"WebPage\",\"@id\":\"http:\\\/\\\/www.defensoria.gob.ve\\\/?p=14538\",\"url\":\"http:\\\/\\\/www.defensoria.gob.ve\\\/?p=14538\",\"name\":\"Sub-Sede Municipal Garc\u00eda de Hevia particip\u00f3 en Jornada del Tribunal m\u00f3vil en la localidad de la Fr\u00eda Edo. T\u00e1chira -\",\"isPartOf\":{\"@id\":\"http:\\\/\\\/www.defensoria.gob.ve\\\/#website\"},\"primaryImageOfPage\":{\"@id\":\"http:\\\/\\\/www.defensoria.gob.ve\\\/?p=14538#primaryimage\"},\"image\":{\"@id\":\"http:\\\/\\\/www.defensoria.gob.ve\\\/?p=14538#primaryimage\"},\"thumbnailUrl\":\"http:\\\/\\\/www.defensoria.gob.ve\\\/wp-content\\\/uploads\\\/2025\\\/10\\\/a8888cd7-7047-4030-87cf-da6cba56b94c.jpg\",\"datePublished\":\"2025-10-08T15:43:00+00:00\",\"dateModified\":\"2025-10-08T16:57:48+00:00\",\"author\":{\"@id\":\"http:\\\/\\\/www.defensoria.gob.ve\\\/#\\\/schema\\\/person\\\/fba14293189d7b1933ac7fba9d89e24a\"},\"breadcrumb\":{\"@id\":\"http:\\\/\\\/www.defensoria.gob.ve\\\/?p=14538#breadcrumb\"},\"inLanguage\":\"es\",\"potentialAction\":[{\"@type\":\"ReadAction\",\"target\":[\"http:\\\/\\\/www.defensoria.gob.ve\\\/?p=14538\"]}]},{\"@type\":\"ImageObject\",\"inLanguage\":\"es\",\"@id\":\"http:\\\/\\\/www.defensoria.gob.ve\\\/?p=14538#primaryimage\",\"url\":\"http:\\\/\\\/www.defensoria.gob.ve\\\/wp-content\\\/uploads\\\/2025\\\/10\\\/a8888cd7-7047-4030-87cf-da6cba56b94c.jpg\",\"contentUrl\":\"http:\\\/\\\/www.defensoria.gob.ve\\\/wp-content\\\/uploads\\\/2025\\\/10\\\/a8888cd7-7047-4030-87cf-da6cba56b94c.jpg\",\"width\":735,\"height\":511},{\"@type\":\"BreadcrumbList\",\"@id\":\"http:\\\/\\\/www.defensoria.gob.ve\\\/?p=14538#breadcrumb\",\"itemListElement\":[{\"@type\":\"ListItem\",\"position\":1,\"name\":\"Portada\",\"item\":\"http:\\\/\\\/www.defensoria.gob.ve\\\/\"},{\"@type\":\"ListItem\",\"position\":2,\"name\":\"Sub-Sede Municipal Garc\u00eda de Hevia particip\u00f3 en Jornada del Tribunal m\u00f3vil en la localidad de la Fr\u00eda Edo. T\u00e1chira\"}]},{\"@type\":\"WebSite\",\"@id\":\"http:\\\/\\\/www.defensoria.gob.ve\\\/#website\",\"url\":\"http:\\\/\\\/www.defensoria.gob.ve\\\/\",\"name\":\"\",\"description\":\"Instituci\u00f3n del Poder Ciudadano para la Promoci\u00f3n, Defensa y Vigilancia de los Derechos Humanos. \",\"potentialAction\":[{\"@type\":\"SearchAction\",\"target\":{\"@type\":\"EntryPoint\",\"urlTemplate\":\"http:\\\/\\\/www.defensoria.gob.ve\\\/?s={search_term_string}\"},\"query-input\":{\"@type\":\"PropertyValueSpecification\",\"valueRequired\":true,\"valueName\":\"search_term_string\"}}],\"inLanguage\":\"es\"},{\"@type\":\"Person\",\"@id\":\"http:\\\/\\\/www.defensoria.gob.ve\\\/#\\\/schema\\\/person\\\/fba14293189d7b1933ac7fba9d89e24a\",\"name\":\"JC.\",\"image\":{\"@type\":\"ImageObject\",\"inLanguage\":\"es\",\"@id\":\"https:\\\/\\\/secure.gravatar.com\\\/avatar\\\/f398a4de948606b38f0299d90ca738c674b648694bc725ed46503c240269dbf8?s=96&d=mm&r=g\",\"url\":\"https:\\\/\\\/secure.gravatar.com\\\/avatar\\\/f398a4de948606b38f0299d90ca738c674b648694bc725ed46503c240269dbf8?s=96&d=mm&r=g\",\"contentUrl\":\"https:\\\/\\\/secure.gravatar.com\\\/avatar\\\/f398a4de948606b38f0299d90ca738c674b648694bc725ed46503c240269dbf8?s=96&d=mm&r=g\",\"caption\":\"JC.\"},\"url\":\"http:\\\/\\\/www.defensoria.gob.ve\\\/?author=5\"}]}<\/script>\n<!-- \/ Yoast SEO plugin. -->","yoast_head_json":{"title":"Sub-Sede Municipal Garc\u00eda de Hevia particip\u00f3 en Jornada del Tribunal m\u00f3vil en la localidad de la Fr\u00eda Edo. T\u00e1chira -","robots":{"index":"index","follow":"follow","max-snippet":"max-snippet:-1","max-image-preview":"max-image-preview:large","max-video-preview":"max-video-preview:-1"},"canonical":"http:\/\/www.defensoria.gob.ve\/?p=14538","og_locale":"es_ES","og_type":"article","og_title":"Sub-Sede Municipal Garc\u00eda de Hevia particip\u00f3 en Jornada del Tribunal m\u00f3vil en la localidad de la Fr\u00eda Edo. T\u00e1chira -","og_description":"(T\u00e1chira \/ 08-Oct-25) En un esfuerzo por garantizar el acceso a la justicia y llevar los servicios del Poder Judicial directamente al pueblo, equipo defensorial de la Sub-Sede Municipal Garc\u00eda&hellip;","og_url":"http:\/\/www.defensoria.gob.ve\/?p=14538","article_published_time":"2025-10-08T15:43:00+00:00","article_modified_time":"2025-10-08T16:57:48+00:00","og_image":[{"width":735,"height":511,"url":"http:\/\/www.defensoria.gob.ve\/wp-content\/uploads\/2025\/10\/a8888cd7-7047-4030-87cf-da6cba56b94c.jpg","type":"image\/jpeg"}],"author":"JC.","twitter_card":"summary_large_image","twitter_misc":{"Escrito por":"JC.","Tiempo estimado de lectura":"2 minutos"},"schema":{"@context":"https:\/\/schema.org","@graph":[{"@type":"Article","@id":"http:\/\/www.defensoria.gob.ve\/?p=14538#article","isPartOf":{"@id":"http:\/\/www.defensoria.gob.ve\/?p=14538"},"author":{"name":"JC.","@id":"http:\/\/www.defensoria.gob.ve\/#\/schema\/person\/fba14293189d7b1933ac7fba9d89e24a"},"headline":"Sub-Sede Municipal Garc\u00eda de Hevia particip\u00f3 en Jornada del Tribunal m\u00f3vil en la localidad de la Fr\u00eda Edo. T\u00e1chira","datePublished":"2025-10-08T15:43:00+00:00","dateModified":"2025-10-08T16:57:48+00:00","mainEntityOfPage":{"@id":"http:\/\/www.defensoria.gob.ve\/?p=14538"},"wordCount":236,"image":{"@id":"http:\/\/www.defensoria.gob.ve\/?p=14538#primaryimage"},"thumbnailUrl":"http:\/\/www.defensoria.gob.ve\/wp-content\/uploads\/2025\/10\/a8888cd7-7047-4030-87cf-da6cba56b94c.jpg","articleSection":["REGIONALES"],"inLanguage":"es"},{"@type":"WebPage","@id":"http:\/\/www.defensoria.gob.ve\/?p=14538","url":"http:\/\/www.defensoria.gob.ve\/?p=14538","name":"Sub-Sede Municipal Garc\u00eda de Hevia particip\u00f3 en Jornada del Tribunal m\u00f3vil en la localidad de la Fr\u00eda Edo. T\u00e1chira -","isPartOf":{"@id":"http:\/\/www.defensoria.gob.ve\/#website"},"primaryImageOfPage":{"@id":"http:\/\/www.defensoria.gob.ve\/?p=14538#primaryimage"},"image":{"@id":"http:\/\/www.defensoria.gob.ve\/?p=14538#primaryimage"},"thumbnailUrl":"http:\/\/www.defensoria.gob.ve\/wp-content\/uploads\/2025\/10\/a8888cd7-7047-4030-87cf-da6cba56b94c.jpg","datePublished":"2025-10-08T15:43:00+00:00","dateModified":"2025-10-08T16:57:48+00:00","author":{"@id":"http:\/\/www.defensoria.gob.ve\/#\/schema\/person\/fba14293189d7b1933ac7fba9d89e24a"},"breadcrumb":{"@id":"http:\/\/www.defensoria.gob.ve\/?p=14538#breadcrumb"},"inLanguage":"es","potentialAction":[{"@type":"ReadAction","target":["http:\/\/www.defensoria.gob.ve\/?p=14538"]}]},{"@type":"ImageObject","inLanguage":"es","@id":"http:\/\/www.defensoria.gob.ve\/?p=14538#primaryimage","url":"http:\/\/www.defensoria.gob.ve\/wp-content\/uploads\/2025\/10\/a8888cd7-7047-4030-87cf-da6cba56b94c.jpg","contentUrl":"http:\/\/www.defensoria.gob.ve\/wp-content\/uploads\/2025\/10\/a8888cd7-7047-4030-87cf-da6cba56b94c.jpg","width":735,"height":511},{"@type":"BreadcrumbList","@id":"http:\/\/www.defensoria.gob.ve\/?p=14538#breadcrumb","itemListElement":[{"@type":"ListItem","position":1,"name":"Portada","item":"http:\/\/www.defensoria.gob.ve\/"},{"@type":"ListItem","position":2,"name":"Sub-Sede Municipal Garc\u00eda de Hevia particip\u00f3 en Jornada del Tribunal m\u00f3vil en la localidad de la Fr\u00eda Edo. T\u00e1chira"}]},{"@type":"WebSite","@id":"http:\/\/www.defensoria.gob.ve\/#website","url":"http:\/\/www.defensoria.gob.ve\/","name":"","description":"Instituci\u00f3n del Poder Ciudadano para la Promoci\u00f3n, Defensa y Vigilancia de los Derechos Humanos. ","potentialAction":[{"@type":"SearchAction","target":{"@type":"EntryPoint","urlTemplate":"http:\/\/www.defensoria.gob.ve\/?s={search_term_string}"},"query-input":{"@type":"PropertyValueSpecification","valueRequired":true,"valueName":"search_term_string"}}],"inLanguage":"es"},{"@type":"Person","@id":"http:\/\/www.defensoria.gob.ve\/#\/schema\/person\/fba14293189d7b1933ac7fba9d89e24a","name":"JC.","image":{"@type":"ImageObject","inLanguage":"es","@id":"https:\/\/secure.gravatar.com\/avatar\/f398a4de948606b38f0299d90ca738c674b648694bc725ed46503c240269dbf8?s=96&d=mm&r=g","url":"https:\/\/secure.gravatar.com\/avatar\/f398a4de948606b38f0299d90ca738c674b648694bc725ed46503c240269dbf8?s=96&d=mm&r=g","contentUrl":"https:\/\/secure.gravatar.com\/avatar\/f398a4de948606b38f0299d90ca738c674b648694bc725ed46503c240269dbf8?s=96&d=mm&r=g","caption":"JC."},"url":"http:\/\/www.defensoria.gob.ve\/?author=5"}]}},"_links":{"self":[{"href":"http:\/\/www.defensoria.gob.ve\/index.php?rest_route=\/wp\/v2\/posts\/14538","targetHints":{"allow":["GET"]}}],"collection":[{"href":"http:\/\/www.defensoria.gob.ve\/index.php?rest_route=\/wp\/v2\/posts"}],"about":[{"href":"http:\/\/www.defensoria.gob.ve\/index.php?rest_route=\/wp\/v2\/types\/post"}],"author":[{"embeddable":true,"href":"http:\/\/www.defensoria.gob.ve\/index.php?rest_route=\/wp\/v2\/users\/5"}],"replies":[{"embeddable":true,"href":"http:\/\/www.defensoria.gob.ve\/index.php?rest_route=%2Fwp%2Fv2%2Fcomments&post=14538"}],"version-history":[{"count":4,"href":"http:\/\/www.defensoria.gob.ve\/index.php?rest_route=\/wp\/v2\/posts\/14538\/revisions"}],"predecessor-version":[{"id":14545,"href":"http:\/\/www.defensoria.gob.ve\/index.php?rest_route=\/wp\/v2\/posts\/14538\/revisions\/14545"}],"wp:featuredmedia":[{"embeddable":true,"href":"http:\/\/www.defensoria.gob.ve\/index.php?rest_route=\/wp\/v2\/media\/14541"}],"wp:attachment":[{"href":"http:\/\/www.defensoria.gob.ve\/index.php?rest_route=%2Fwp%2Fv2%2Fmedia&parent=14538"}],"wp:term":[{"taxonomy":"category","embeddable":true,"href":"http:\/\/www.defensoria.gob.ve\/index.php?rest_route=%2Fwp%2Fv2%2Fcategories&post=14538"},{"taxonomy":"post_tag","embeddable":true,"href":"http:\/\/www.defensoria.gob.ve\/index.php?rest_route=%2Fwp%2Fv2%2Ftags&post=14538"}],"curies":[{"name":"wp","href":"https:\/\/api.w.org\/{rel}","templated":true}]}}