 
{"id":14558,"date":"2025-10-09T15:06:30","date_gmt":"2025-10-09T19:06:30","guid":{"rendered":"http:\/\/www.defensoria.gob.ve\/?p=14558"},"modified":"2025-10-09T15:06:32","modified_gmt":"2025-10-09T19:06:32","slug":"policia-municipal-de-iribarren-se-forma-en-derechos-humanos-de-las-mujeres","status":"publish","type":"post","link":"http:\/\/www.defensoria.gob.ve\/?p=14558","title":{"rendered":"Polic\u00eda Municipal de Iribarren se forma en Derechos Humanos de las Mujeres"},"content":{"rendered":"\n<p><strong>(Lara\/09-Oct-25) <\/strong>La Defensor\u00eda Delegada del estado Lara finaliz\u00f3 una jornada de formaci\u00f3n para los servidores y las servidoras del Cuerpo de Polic\u00eda Municipal de Iribarren, quienes recibieron capacitaci\u00f3n en materia de Derechos Humanos de las Mujeres y procedimientos de la Ley Org\u00e1nica sobre el Derecho de las Mujeres a una Vida Libre de Violencia (Lodmvlv).<\/p>\n\n\n\n<p>La capacitaci\u00f3n interinstitucional fue dictada por la Defensor\u00eda del Pueblo, el Ministerio P\u00fablico (Fiscal Auxiliar de la Fiscal\u00eda 25, Fiscal auxiliar de la Unidad de Atenci\u00f3n a la V\u00edctima) la Onaivv e instituciones de atenci\u00f3n a la mujer como lo es IMMI e IreMujer.<\/p>\n\n\n\n<p>El objetivo principal es asegurar que los funcionarios y las funcionarias act\u00faen como primeros respondientes sensibles y efectivos, garantizando el debido proceso y la protecci\u00f3n integral de las v\u00edctimas de violencia de g\u00e9nero, reforzando as\u00ed el compromiso de la polic\u00eda municipal con una vida libre de violencia para todas las mujeres de Iribarren. <strong>FIN \/ PRENSA Defensor\u00eda<\/strong><\/p>\n","protected":false},"excerpt":{"rendered":"<p>(Lara\/09-Oct-25) La Defensor\u00eda Delegada del estado Lara finaliz\u00f3 una jornada de formaci\u00f3n para los servidores y las servidoras del Cuerpo de Polic\u00eda Municipal de Iribarren, quienes recibieron capacitaci\u00f3n en materia&hellip; <\/p>\n","protected":false},"author":5,"featured_media":14559,"comment_status":"closed","ping_status":"open","sticky":false,"template":"","format":"standard","meta":{"footnotes":""},"categories":[5],"tags":[],"class_list":["post-14558","post","type-post","status-publish","format-standard","has-post-thumbnail","hentry","category-regionales"],"yoast_head":"<!-- This site is optimized with the Yoast SEO plugin v27.4 - https:\/\/yoast.com\/product\/yoast-seo-wordpress\/ -->\n<title>Polic\u00eda Municipal de Iribarren se forma en Derechos Humanos de las Mujeres -<\/title>\n<meta name=\"robots\" content=\"index, follow, max-snippet:-1, max-image-preview:large, max-video-preview:-1\" \/>\n<link rel=\"canonical\" href=\"http:\/\/www.defensoria.gob.ve\/?p=14558\" \/>\n<meta property=\"og:locale\" content=\"es_ES\" \/>\n<meta property=\"og:type\" content=\"article\" \/>\n<meta property=\"og:title\" content=\"Polic\u00eda Municipal de Iribarren se forma en Derechos Humanos de las Mujeres -\" \/>\n<meta property=\"og:description\" content=\"(Lara\/09-Oct-25) La Defensor\u00eda Delegada del estado Lara finaliz\u00f3 una jornada de formaci\u00f3n para los servidores y las servidoras del Cuerpo de Polic\u00eda Municipal de Iribarren, quienes recibieron capacitaci\u00f3n en materia&hellip;\" \/>\n<meta property=\"og:url\" content=\"http:\/\/www.defensoria.gob.ve\/?p=14558\" \/>\n<meta property=\"article:published_time\" content=\"2025-10-09T19:06:30+00:00\" \/>\n<meta property=\"article:modified_time\" content=\"2025-10-09T19:06:32+00:00\" \/>\n<meta property=\"og:image\" content=\"http:\/\/www.defensoria.gob.ve\/wp-content\/uploads\/2025\/10\/gdfghh.png\" \/>\n\t<meta property=\"og:image:width\" content=\"715\" \/>\n\t<meta property=\"og:image:height\" content=\"526\" \/>\n\t<meta property=\"og:image:type\" content=\"image\/png\" \/>\n<meta name=\"author\" content=\"JC.\" \/>\n<meta name=\"twitter:card\" content=\"summary_large_image\" \/>\n<meta name=\"twitter:label1\" content=\"Escrito por\" \/>\n\t<meta name=\"twitter:data1\" content=\"JC.\" \/>\n\t<meta name=\"twitter:label2\" content=\"Tiempo estimado de lectura\" \/>\n\t<meta name=\"twitter:data2\" content=\"1 minuto\" \/>\n<script type=\"application\/ld+json\" class=\"yoast-schema-graph\">{\"@context\":\"https:\\\/\\\/schema.org\",\"@graph\":[{\"@type\":\"Article\",\"@id\":\"http:\\\/\\\/www.defensoria.gob.ve\\\/?p=14558#article\",\"isPartOf\":{\"@id\":\"http:\\\/\\\/www.defensoria.gob.ve\\\/?p=14558\"},\"author\":{\"name\":\"JC.\",\"@id\":\"http:\\\/\\\/www.defensoria.gob.ve\\\/#\\\/schema\\\/person\\\/fba14293189d7b1933ac7fba9d89e24a\"},\"headline\":\"Polic\u00eda Municipal de Iribarren se forma en Derechos Humanos de las Mujeres\",\"datePublished\":\"2025-10-09T19:06:30+00:00\",\"dateModified\":\"2025-10-09T19:06:32+00:00\",\"mainEntityOfPage\":{\"@id\":\"http:\\\/\\\/www.defensoria.gob.ve\\\/?p=14558\"},\"wordCount\":186,\"image\":{\"@id\":\"http:\\\/\\\/www.defensoria.gob.ve\\\/?p=14558#primaryimage\"},\"thumbnailUrl\":\"http:\\\/\\\/www.defensoria.gob.ve\\\/wp-content\\\/uploads\\\/2025\\\/10\\\/gdfghh.png\",\"articleSection\":[\"REGIONALES\"],\"inLanguage\":\"es\"},{\"@type\":\"WebPage\",\"@id\":\"http:\\\/\\\/www.defensoria.gob.ve\\\/?p=14558\",\"url\":\"http:\\\/\\\/www.defensoria.gob.ve\\\/?p=14558\",\"name\":\"Polic\u00eda Municipal de Iribarren se forma en Derechos Humanos de las Mujeres -\",\"isPartOf\":{\"@id\":\"http:\\\/\\\/www.defensoria.gob.ve\\\/#website\"},\"primaryImageOfPage\":{\"@id\":\"http:\\\/\\\/www.defensoria.gob.ve\\\/?p=14558#primaryimage\"},\"image\":{\"@id\":\"http:\\\/\\\/www.defensoria.gob.ve\\\/?p=14558#primaryimage\"},\"thumbnailUrl\":\"http:\\\/\\\/www.defensoria.gob.ve\\\/wp-content\\\/uploads\\\/2025\\\/10\\\/gdfghh.png\",\"datePublished\":\"2025-10-09T19:06:30+00:00\",\"dateModified\":\"2025-10-09T19:06:32+00:00\",\"author\":{\"@id\":\"http:\\\/\\\/www.defensoria.gob.ve\\\/#\\\/schema\\\/person\\\/fba14293189d7b1933ac7fba9d89e24a\"},\"breadcrumb\":{\"@id\":\"http:\\\/\\\/www.defensoria.gob.ve\\\/?p=14558#breadcrumb\"},\"inLanguage\":\"es\",\"potentialAction\":[{\"@type\":\"ReadAction\",\"target\":[\"http:\\\/\\\/www.defensoria.gob.ve\\\/?p=14558\"]}]},{\"@type\":\"ImageObject\",\"inLanguage\":\"es\",\"@id\":\"http:\\\/\\\/www.defensoria.gob.ve\\\/?p=14558#primaryimage\",\"url\":\"http:\\\/\\\/www.defensoria.gob.ve\\\/wp-content\\\/uploads\\\/2025\\\/10\\\/gdfghh.png\",\"contentUrl\":\"http:\\\/\\\/www.defensoria.gob.ve\\\/wp-content\\\/uploads\\\/2025\\\/10\\\/gdfghh.png\",\"width\":715,\"height\":526},{\"@type\":\"BreadcrumbList\",\"@id\":\"http:\\\/\\\/www.defensoria.gob.ve\\\/?p=14558#breadcrumb\",\"itemListElement\":[{\"@type\":\"ListItem\",\"position\":1,\"name\":\"Portada\",\"item\":\"http:\\\/\\\/www.defensoria.gob.ve\\\/\"},{\"@type\":\"ListItem\",\"position\":2,\"name\":\"Polic\u00eda Municipal de Iribarren se forma en Derechos Humanos de las Mujeres\"}]},{\"@type\":\"WebSite\",\"@id\":\"http:\\\/\\\/www.defensoria.gob.ve\\\/#website\",\"url\":\"http:\\\/\\\/www.defensoria.gob.ve\\\/\",\"name\":\"\",\"description\":\"Instituci\u00f3n del Poder Ciudadano para la Promoci\u00f3n, Defensa y Vigilancia de los Derechos Humanos. \",\"potentialAction\":[{\"@type\":\"SearchAction\",\"target\":{\"@type\":\"EntryPoint\",\"urlTemplate\":\"http:\\\/\\\/www.defensoria.gob.ve\\\/?s={search_term_string}\"},\"query-input\":{\"@type\":\"PropertyValueSpecification\",\"valueRequired\":true,\"valueName\":\"search_term_string\"}}],\"inLanguage\":\"es\"},{\"@type\":\"Person\",\"@id\":\"http:\\\/\\\/www.defensoria.gob.ve\\\/#\\\/schema\\\/person\\\/fba14293189d7b1933ac7fba9d89e24a\",\"name\":\"JC.\",\"image\":{\"@type\":\"ImageObject\",\"inLanguage\":\"es\",\"@id\":\"https:\\\/\\\/secure.gravatar.com\\\/avatar\\\/f398a4de948606b38f0299d90ca738c674b648694bc725ed46503c240269dbf8?s=96&d=mm&r=g\",\"url\":\"https:\\\/\\\/secure.gravatar.com\\\/avatar\\\/f398a4de948606b38f0299d90ca738c674b648694bc725ed46503c240269dbf8?s=96&d=mm&r=g\",\"contentUrl\":\"https:\\\/\\\/secure.gravatar.com\\\/avatar\\\/f398a4de948606b38f0299d90ca738c674b648694bc725ed46503c240269dbf8?s=96&d=mm&r=g\",\"caption\":\"JC.\"},\"url\":\"http:\\\/\\\/www.defensoria.gob.ve\\\/?author=5\"}]}<\/script>\n<!-- \/ Yoast SEO plugin. -->","yoast_head_json":{"title":"Polic\u00eda Municipal de Iribarren se forma en Derechos Humanos de las Mujeres -","robots":{"index":"index","follow":"follow","max-snippet":"max-snippet:-1","max-image-preview":"max-image-preview:large","max-video-preview":"max-video-preview:-1"},"canonical":"http:\/\/www.defensoria.gob.ve\/?p=14558","og_locale":"es_ES","og_type":"article","og_title":"Polic\u00eda Municipal de Iribarren se forma en Derechos Humanos de las Mujeres -","og_description":"(Lara\/09-Oct-25) La Defensor\u00eda Delegada del estado Lara finaliz\u00f3 una jornada de formaci\u00f3n para los servidores y las servidoras del Cuerpo de Polic\u00eda Municipal de Iribarren, quienes recibieron capacitaci\u00f3n en materia&hellip;","og_url":"http:\/\/www.defensoria.gob.ve\/?p=14558","article_published_time":"2025-10-09T19:06:30+00:00","article_modified_time":"2025-10-09T19:06:32+00:00","og_image":[{"width":715,"height":526,"url":"http:\/\/www.defensoria.gob.ve\/wp-content\/uploads\/2025\/10\/gdfghh.png","type":"image\/png"}],"author":"JC.","twitter_card":"summary_large_image","twitter_misc":{"Escrito por":"JC.","Tiempo estimado de lectura":"1 minuto"},"schema":{"@context":"https:\/\/schema.org","@graph":[{"@type":"Article","@id":"http:\/\/www.defensoria.gob.ve\/?p=14558#article","isPartOf":{"@id":"http:\/\/www.defensoria.gob.ve\/?p=14558"},"author":{"name":"JC.","@id":"http:\/\/www.defensoria.gob.ve\/#\/schema\/person\/fba14293189d7b1933ac7fba9d89e24a"},"headline":"Polic\u00eda Municipal de Iribarren se forma en Derechos Humanos de las Mujeres","datePublished":"2025-10-09T19:06:30+00:00","dateModified":"2025-10-09T19:06:32+00:00","mainEntityOfPage":{"@id":"http:\/\/www.defensoria.gob.ve\/?p=14558"},"wordCount":186,"image":{"@id":"http:\/\/www.defensoria.gob.ve\/?p=14558#primaryimage"},"thumbnailUrl":"http:\/\/www.defensoria.gob.ve\/wp-content\/uploads\/2025\/10\/gdfghh.png","articleSection":["REGIONALES"],"inLanguage":"es"},{"@type":"WebPage","@id":"http:\/\/www.defensoria.gob.ve\/?p=14558","url":"http:\/\/www.defensoria.gob.ve\/?p=14558","name":"Polic\u00eda Municipal de Iribarren se forma en Derechos Humanos de las Mujeres -","isPartOf":{"@id":"http:\/\/www.defensoria.gob.ve\/#website"},"primaryImageOfPage":{"@id":"http:\/\/www.defensoria.gob.ve\/?p=14558#primaryimage"},"image":{"@id":"http:\/\/www.defensoria.gob.ve\/?p=14558#primaryimage"},"thumbnailUrl":"http:\/\/www.defensoria.gob.ve\/wp-content\/uploads\/2025\/10\/gdfghh.png","datePublished":"2025-10-09T19:06:30+00:00","dateModified":"2025-10-09T19:06:32+00:00","author":{"@id":"http:\/\/www.defensoria.gob.ve\/#\/schema\/person\/fba14293189d7b1933ac7fba9d89e24a"},"breadcrumb":{"@id":"http:\/\/www.defensoria.gob.ve\/?p=14558#breadcrumb"},"inLanguage":"es","potentialAction":[{"@type":"ReadAction","target":["http:\/\/www.defensoria.gob.ve\/?p=14558"]}]},{"@type":"ImageObject","inLanguage":"es","@id":"http:\/\/www.defensoria.gob.ve\/?p=14558#primaryimage","url":"http:\/\/www.defensoria.gob.ve\/wp-content\/uploads\/2025\/10\/gdfghh.png","contentUrl":"http:\/\/www.defensoria.gob.ve\/wp-content\/uploads\/2025\/10\/gdfghh.png","width":715,"height":526},{"@type":"BreadcrumbList","@id":"http:\/\/www.defensoria.gob.ve\/?p=14558#breadcrumb","itemListElement":[{"@type":"ListItem","position":1,"name":"Portada","item":"http:\/\/www.defensoria.gob.ve\/"},{"@type":"ListItem","position":2,"name":"Polic\u00eda Municipal de Iribarren se forma en Derechos Humanos de las Mujeres"}]},{"@type":"WebSite","@id":"http:\/\/www.defensoria.gob.ve\/#website","url":"http:\/\/www.defensoria.gob.ve\/","name":"","description":"Instituci\u00f3n del Poder Ciudadano para la Promoci\u00f3n, Defensa y Vigilancia de los Derechos Humanos. ","potentialAction":[{"@type":"SearchAction","target":{"@type":"EntryPoint","urlTemplate":"http:\/\/www.defensoria.gob.ve\/?s={search_term_string}"},"query-input":{"@type":"PropertyValueSpecification","valueRequired":true,"valueName":"search_term_string"}}],"inLanguage":"es"},{"@type":"Person","@id":"http:\/\/www.defensoria.gob.ve\/#\/schema\/person\/fba14293189d7b1933ac7fba9d89e24a","name":"JC.","image":{"@type":"ImageObject","inLanguage":"es","@id":"https:\/\/secure.gravatar.com\/avatar\/f398a4de948606b38f0299d90ca738c674b648694bc725ed46503c240269dbf8?s=96&d=mm&r=g","url":"https:\/\/secure.gravatar.com\/avatar\/f398a4de948606b38f0299d90ca738c674b648694bc725ed46503c240269dbf8?s=96&d=mm&r=g","contentUrl":"https:\/\/secure.gravatar.com\/avatar\/f398a4de948606b38f0299d90ca738c674b648694bc725ed46503c240269dbf8?s=96&d=mm&r=g","caption":"JC."},"url":"http:\/\/www.defensoria.gob.ve\/?author=5"}]}},"_links":{"self":[{"href":"http:\/\/www.defensoria.gob.ve\/index.php?rest_route=\/wp\/v2\/posts\/14558","targetHints":{"allow":["GET"]}}],"collection":[{"href":"http:\/\/www.defensoria.gob.ve\/index.php?rest_route=\/wp\/v2\/posts"}],"about":[{"href":"http:\/\/www.defensoria.gob.ve\/index.php?rest_route=\/wp\/v2\/types\/post"}],"author":[{"embeddable":true,"href":"http:\/\/www.defensoria.gob.ve\/index.php?rest_route=\/wp\/v2\/users\/5"}],"replies":[{"embeddable":true,"href":"http:\/\/www.defensoria.gob.ve\/index.php?rest_route=%2Fwp%2Fv2%2Fcomments&post=14558"}],"version-history":[{"count":1,"href":"http:\/\/www.defensoria.gob.ve\/index.php?rest_route=\/wp\/v2\/posts\/14558\/revisions"}],"predecessor-version":[{"id":14560,"href":"http:\/\/www.defensoria.gob.ve\/index.php?rest_route=\/wp\/v2\/posts\/14558\/revisions\/14560"}],"wp:featuredmedia":[{"embeddable":true,"href":"http:\/\/www.defensoria.gob.ve\/index.php?rest_route=\/wp\/v2\/media\/14559"}],"wp:attachment":[{"href":"http:\/\/www.defensoria.gob.ve\/index.php?rest_route=%2Fwp%2Fv2%2Fmedia&parent=14558"}],"wp:term":[{"taxonomy":"category","embeddable":true,"href":"http:\/\/www.defensoria.gob.ve\/index.php?rest_route=%2Fwp%2Fv2%2Fcategories&post=14558"},{"taxonomy":"post_tag","embeddable":true,"href":"http:\/\/www.defensoria.gob.ve\/index.php?rest_route=%2Fwp%2Fv2%2Ftags&post=14558"}],"curies":[{"name":"wp","href":"https:\/\/api.w.org\/{rel}","templated":true}]}}