 
{"id":14627,"date":"2025-10-14T14:07:07","date_gmt":"2025-10-14T18:07:07","guid":{"rendered":"http:\/\/www.defensoria.gob.ve\/?p=14627"},"modified":"2025-10-14T14:07:53","modified_gmt":"2025-10-14T18:07:53","slug":"defensoria-del-pueblo-da-inicio-a-la-navidad-con-el-encendido-de-luces-en-sede-de-la-delegada-de-caracas","status":"publish","type":"post","link":"http:\/\/www.defensoria.gob.ve\/?p=14627","title":{"rendered":"Defensor\u00eda del Pueblo da inicio a la navidad con el encendido de luces en sede de la Delegada de Caracas"},"content":{"rendered":"\t\t<div data-elementor-type=\"wp-post\" data-elementor-id=\"14627\" class=\"elementor elementor-14627\">\n\t\t\t\t\t\t<section class=\"elementor-section elementor-top-section elementor-element elementor-element-33990cc6 elementor-section-boxed elementor-section-height-default elementor-section-height-default\" data-id=\"33990cc6\" data-element_type=\"section\" data-e-type=\"section\">\n\t\t\t\t\t\t<div class=\"elementor-container elementor-column-gap-default\">\n\t\t\t\t\t<div class=\"elementor-column elementor-col-100 elementor-top-column elementor-element elementor-element-1edd18a0\" data-id=\"1edd18a0\" data-element_type=\"column\" data-e-type=\"column\">\n\t\t\t<div class=\"elementor-widget-wrap elementor-element-populated\">\n\t\t\t\t\t\t<div class=\"elementor-element elementor-element-c293cac elementor-widget elementor-widget-text-editor\" data-id=\"c293cac\" data-element_type=\"widget\" data-e-type=\"widget\" data-widget_type=\"text-editor.default\">\n\t\t\t\t<div class=\"elementor-widget-container\">\n\t\t\t\t\t\t\t\t\t\n<p><strong>(10-Oct-25)<\/strong> En un ambiente de alegr\u00eda y con la firme esperanza de un feliz a\u00f1o 2026, el Defensor del Pueblo, Alfredo Ruiz, junto al personal de la Instituci\u00f3n Nacional de los Derechos Humanos, llev\u00f3 a cabo el encendido de las luces navide\u00f1as en el edificio de la sede de la Defensor\u00eda delegada del \u00c1rea Metropolitana de Caracas, ubicada en la Plaza Morelos.<\/p>\n\n\n\n<p>Este evento denominado \u201cConstruyendo Paz y Justicia\u201d, marca el inicio de la celebraci\u00f3n de la Navidad en todas las sedes Defensoriales de Venezuela, para evocar la uni\u00f3n, el respeto que nos debemos como venezolanas y venezolanos que amamos la paz. El encendido de luces ilumin\u00f3 el edificio y llen\u00f3 de esp\u00edritu navide\u00f1o a todas y todos los presentes acompa\u00f1ados de cantos de la agrupaci\u00f3n Parranderos de la Gaita.<\/p>\n\n\n\n<figure class=\"wp-block-image size-full\"><img fetchpriority=\"high\" decoding=\"async\" width=\"1080\" height=\"608\" src=\"http:\/\/www.defensoria.gob.ve\/wp-content\/uploads\/2025\/10\/c0c1cbec-0ab2-4b26-b776-6c9de5ae287e.jpg\" alt=\"\" class=\"wp-image-14628\" srcset=\"http:\/\/www.defensoria.gob.ve\/wp-content\/uploads\/2025\/10\/c0c1cbec-0ab2-4b26-b776-6c9de5ae287e.jpg 1080w, http:\/\/www.defensoria.gob.ve\/wp-content\/uploads\/2025\/10\/c0c1cbec-0ab2-4b26-b776-6c9de5ae287e-768x432.jpg 768w\" sizes=\"(max-width: 1080px) 100vw, 1080px\" \/><\/figure>\n\n\n\n<p>Seguidamente, los invitados especiales dieron sus palabras de agradecimiento por este acto iniciando con el pastor Argenis Le\u00f3n de la iglesia Luterana, para luego dar paso a la Hna. Mar\u00eda Eugenia Russian de la Fundaci\u00f3n Latinoamericana de Derechos Humanos y Desarrollo Social (Fundalatin).<\/p>\n\n\n\n<figure class=\"wp-block-image size-full\"><img decoding=\"async\" width=\"1080\" height=\"608\" src=\"http:\/\/www.defensoria.gob.ve\/wp-content\/uploads\/2025\/10\/a917791c-3f13-4e30-a496-dae742670bb1.jpg\" alt=\"\" class=\"wp-image-14629\" srcset=\"http:\/\/www.defensoria.gob.ve\/wp-content\/uploads\/2025\/10\/a917791c-3f13-4e30-a496-dae742670bb1.jpg 1080w, http:\/\/www.defensoria.gob.ve\/wp-content\/uploads\/2025\/10\/a917791c-3f13-4e30-a496-dae742670bb1-768x432.jpg 768w\" sizes=\"(max-width: 1080px) 100vw, 1080px\" \/><\/figure>\n\n\n\n<p>Las palabras de bendici\u00f3n del Encendido de las luces estuvieron a cargo del reverendo Rafael Gustavo Albarr\u00e1n, sacerdote de la iglesia de la Inmaculada Concepci\u00f3n Templo de San Francisco, quien ofreci\u00f3 unas emotivas palabras de bienvenida a la Navidad. Durante su intervenci\u00f3n, exalt\u00f3 el significado del encendido de luces, simbolizando la llegada de la luz y la paz en nuestras vidas. El Padre tambi\u00e9n imparti\u00f3 una bendici\u00f3n cristiana, invocando amor y unidad en esta temporada decembrina.<\/p>\n\n\n\n<p>Por su parte, el Defensor del Pueblo destac\u00f3 la importancia de la Navidad como un tiempo para compartir, amar y fortalecer los lazos familiares y comunitarios. \u201cHoy, m\u00e1s que nunca, debemos recordar el valor de la solidaridad, el respeto y la esperanza en nuestros corazones\u201d, expres\u00f3.<\/p>\n\n\n\n<figure class=\"wp-block-image size-full\"><img decoding=\"async\" width=\"1080\" height=\"608\" src=\"http:\/\/www.defensoria.gob.ve\/wp-content\/uploads\/2025\/10\/8e28e220-3714-4003-bcea-cbdf87bd9534.jpg\" alt=\"\" class=\"wp-image-14630\" srcset=\"http:\/\/www.defensoria.gob.ve\/wp-content\/uploads\/2025\/10\/8e28e220-3714-4003-bcea-cbdf87bd9534.jpg 1080w, http:\/\/www.defensoria.gob.ve\/wp-content\/uploads\/2025\/10\/8e28e220-3714-4003-bcea-cbdf87bd9534-768x432.jpg 768w\" sizes=\"(max-width: 1080px) 100vw, 1080px\" \/><\/figure>\n\n\n\n<p>El evento concluy\u00f3 con m\u00e1s cantos y parranda navide\u00f1a por parte de la agrupaci\u00f3n gaitera y la participaci\u00f3n de la comunidad, y todas y todos los servidores p\u00fablicos que integran est\u00e1 digna instituci\u00f3n quienes se unieron en un ambiente festivo, celebrando el inicio de esta hermosa \u00e9poca del a\u00f1o.<\/p>\n\n\n\n<p>Con esta actividad. la Defensor\u00eda del Pueblo reafirma su compromiso con los valores de la Navidad, promoviendo la convivencia pac\u00edfica, la paz y el respeto entre todas y todos los ciudadanos. <strong>FIN\/PRENSA Defensor\u00eda<\/strong><\/p>\n\t\t\t\t\t\t\t\t<\/div>\n\t\t\t\t<\/div>\n\t\t\t\t\t<\/div>\n\t\t<\/div>\n\t\t\t\t\t<\/div>\n\t\t<\/section>\n\t\t\t\t<\/div>\n\t\t","protected":false},"excerpt":{"rendered":"<p>(10-Oct-25) En un ambiente de alegr\u00eda y con la firme esperanza de un feliz a\u00f1o 2026, el Defensor del Pueblo, Alfredo Ruiz, junto al personal de la Instituci\u00f3n Nacional de&hellip; <\/p>\n","protected":false},"author":5,"featured_media":14631,"comment_status":"closed","ping_status":"open","sticky":false,"template":"","format":"standard","meta":{"footnotes":""},"categories":[3],"tags":[],"class_list":["post-14627","post","type-post","status-publish","format-standard","has-post-thumbnail","hentry","category-centrales"],"yoast_head":"<!-- This site is optimized with the Yoast SEO plugin v27.4 - https:\/\/yoast.com\/product\/yoast-seo-wordpress\/ -->\n<title>Defensor\u00eda del Pueblo da inicio a la navidad con el encendido de luces en sede de la Delegada de Caracas -<\/title>\n<meta name=\"robots\" content=\"index, follow, max-snippet:-1, max-image-preview:large, max-video-preview:-1\" \/>\n<link rel=\"canonical\" href=\"http:\/\/www.defensoria.gob.ve\/?p=14627\" \/>\n<meta property=\"og:locale\" content=\"es_ES\" \/>\n<meta property=\"og:type\" content=\"article\" \/>\n<meta property=\"og:title\" content=\"Defensor\u00eda del Pueblo da inicio a la navidad con el encendido de luces en sede de la Delegada de Caracas -\" \/>\n<meta property=\"og:description\" content=\"(10-Oct-25) En un ambiente de alegr\u00eda y con la firme esperanza de un feliz a\u00f1o 2026, el Defensor del Pueblo, Alfredo Ruiz, junto al personal de la Instituci\u00f3n Nacional de&hellip;\" \/>\n<meta property=\"og:url\" content=\"http:\/\/www.defensoria.gob.ve\/?p=14627\" \/>\n<meta property=\"article:published_time\" content=\"2025-10-14T18:07:07+00:00\" \/>\n<meta property=\"article:modified_time\" content=\"2025-10-14T18:07:53+00:00\" \/>\n<meta property=\"og:image\" content=\"http:\/\/www.defensoria.gob.ve\/wp-content\/uploads\/2025\/10\/4aeb74ba-9b17-4fe2-886c-8cd338a7f4ff.jpg\" \/>\n\t<meta property=\"og:image:width\" content=\"1280\" \/>\n\t<meta property=\"og:image:height\" content=\"720\" \/>\n\t<meta property=\"og:image:type\" content=\"image\/jpeg\" \/>\n<meta name=\"author\" content=\"JC.\" \/>\n<meta name=\"twitter:card\" content=\"summary_large_image\" \/>\n<meta name=\"twitter:label1\" content=\"Escrito por\" \/>\n\t<meta name=\"twitter:data1\" content=\"JC.\" \/>\n\t<meta name=\"twitter:label2\" content=\"Tiempo estimado de lectura\" \/>\n\t<meta name=\"twitter:data2\" content=\"3 minutos\" \/>\n<script type=\"application\/ld+json\" class=\"yoast-schema-graph\">{\"@context\":\"https:\\\/\\\/schema.org\",\"@graph\":[{\"@type\":\"Article\",\"@id\":\"http:\\\/\\\/www.defensoria.gob.ve\\\/?p=14627#article\",\"isPartOf\":{\"@id\":\"http:\\\/\\\/www.defensoria.gob.ve\\\/?p=14627\"},\"author\":{\"name\":\"JC.\",\"@id\":\"http:\\\/\\\/www.defensoria.gob.ve\\\/#\\\/schema\\\/person\\\/fba14293189d7b1933ac7fba9d89e24a\"},\"headline\":\"Defensor\u00eda del Pueblo da inicio a la navidad con el encendido de luces en sede de la Delegada de Caracas\",\"datePublished\":\"2025-10-14T18:07:07+00:00\",\"dateModified\":\"2025-10-14T18:07:53+00:00\",\"mainEntityOfPage\":{\"@id\":\"http:\\\/\\\/www.defensoria.gob.ve\\\/?p=14627\"},\"wordCount\":429,\"image\":{\"@id\":\"http:\\\/\\\/www.defensoria.gob.ve\\\/?p=14627#primaryimage\"},\"thumbnailUrl\":\"http:\\\/\\\/www.defensoria.gob.ve\\\/wp-content\\\/uploads\\\/2025\\\/10\\\/4aeb74ba-9b17-4fe2-886c-8cd338a7f4ff.jpg\",\"articleSection\":[\"CENTRALES\"],\"inLanguage\":\"es\"},{\"@type\":\"WebPage\",\"@id\":\"http:\\\/\\\/www.defensoria.gob.ve\\\/?p=14627\",\"url\":\"http:\\\/\\\/www.defensoria.gob.ve\\\/?p=14627\",\"name\":\"Defensor\u00eda del Pueblo da inicio a la navidad con el encendido de luces en sede de la Delegada de Caracas -\",\"isPartOf\":{\"@id\":\"http:\\\/\\\/www.defensoria.gob.ve\\\/#website\"},\"primaryImageOfPage\":{\"@id\":\"http:\\\/\\\/www.defensoria.gob.ve\\\/?p=14627#primaryimage\"},\"image\":{\"@id\":\"http:\\\/\\\/www.defensoria.gob.ve\\\/?p=14627#primaryimage\"},\"thumbnailUrl\":\"http:\\\/\\\/www.defensoria.gob.ve\\\/wp-content\\\/uploads\\\/2025\\\/10\\\/4aeb74ba-9b17-4fe2-886c-8cd338a7f4ff.jpg\",\"datePublished\":\"2025-10-14T18:07:07+00:00\",\"dateModified\":\"2025-10-14T18:07:53+00:00\",\"author\":{\"@id\":\"http:\\\/\\\/www.defensoria.gob.ve\\\/#\\\/schema\\\/person\\\/fba14293189d7b1933ac7fba9d89e24a\"},\"breadcrumb\":{\"@id\":\"http:\\\/\\\/www.defensoria.gob.ve\\\/?p=14627#breadcrumb\"},\"inLanguage\":\"es\",\"potentialAction\":[{\"@type\":\"ReadAction\",\"target\":[\"http:\\\/\\\/www.defensoria.gob.ve\\\/?p=14627\"]}]},{\"@type\":\"ImageObject\",\"inLanguage\":\"es\",\"@id\":\"http:\\\/\\\/www.defensoria.gob.ve\\\/?p=14627#primaryimage\",\"url\":\"http:\\\/\\\/www.defensoria.gob.ve\\\/wp-content\\\/uploads\\\/2025\\\/10\\\/4aeb74ba-9b17-4fe2-886c-8cd338a7f4ff.jpg\",\"contentUrl\":\"http:\\\/\\\/www.defensoria.gob.ve\\\/wp-content\\\/uploads\\\/2025\\\/10\\\/4aeb74ba-9b17-4fe2-886c-8cd338a7f4ff.jpg\",\"width\":1280,\"height\":720},{\"@type\":\"BreadcrumbList\",\"@id\":\"http:\\\/\\\/www.defensoria.gob.ve\\\/?p=14627#breadcrumb\",\"itemListElement\":[{\"@type\":\"ListItem\",\"position\":1,\"name\":\"Portada\",\"item\":\"http:\\\/\\\/www.defensoria.gob.ve\\\/\"},{\"@type\":\"ListItem\",\"position\":2,\"name\":\"Defensor\u00eda del Pueblo da inicio a la navidad con el encendido de luces en sede de la Delegada de Caracas\"}]},{\"@type\":\"WebSite\",\"@id\":\"http:\\\/\\\/www.defensoria.gob.ve\\\/#website\",\"url\":\"http:\\\/\\\/www.defensoria.gob.ve\\\/\",\"name\":\"\",\"description\":\"Instituci\u00f3n del Poder Ciudadano para la Promoci\u00f3n, Defensa y Vigilancia de los Derechos Humanos. \",\"potentialAction\":[{\"@type\":\"SearchAction\",\"target\":{\"@type\":\"EntryPoint\",\"urlTemplate\":\"http:\\\/\\\/www.defensoria.gob.ve\\\/?s={search_term_string}\"},\"query-input\":{\"@type\":\"PropertyValueSpecification\",\"valueRequired\":true,\"valueName\":\"search_term_string\"}}],\"inLanguage\":\"es\"},{\"@type\":\"Person\",\"@id\":\"http:\\\/\\\/www.defensoria.gob.ve\\\/#\\\/schema\\\/person\\\/fba14293189d7b1933ac7fba9d89e24a\",\"name\":\"JC.\",\"image\":{\"@type\":\"ImageObject\",\"inLanguage\":\"es\",\"@id\":\"https:\\\/\\\/secure.gravatar.com\\\/avatar\\\/f398a4de948606b38f0299d90ca738c674b648694bc725ed46503c240269dbf8?s=96&d=mm&r=g\",\"url\":\"https:\\\/\\\/secure.gravatar.com\\\/avatar\\\/f398a4de948606b38f0299d90ca738c674b648694bc725ed46503c240269dbf8?s=96&d=mm&r=g\",\"contentUrl\":\"https:\\\/\\\/secure.gravatar.com\\\/avatar\\\/f398a4de948606b38f0299d90ca738c674b648694bc725ed46503c240269dbf8?s=96&d=mm&r=g\",\"caption\":\"JC.\"},\"url\":\"http:\\\/\\\/www.defensoria.gob.ve\\\/?author=5\"}]}<\/script>\n<!-- \/ Yoast SEO plugin. -->","yoast_head_json":{"title":"Defensor\u00eda del Pueblo da inicio a la navidad con el encendido de luces en sede de la Delegada de Caracas -","robots":{"index":"index","follow":"follow","max-snippet":"max-snippet:-1","max-image-preview":"max-image-preview:large","max-video-preview":"max-video-preview:-1"},"canonical":"http:\/\/www.defensoria.gob.ve\/?p=14627","og_locale":"es_ES","og_type":"article","og_title":"Defensor\u00eda del Pueblo da inicio a la navidad con el encendido de luces en sede de la Delegada de Caracas -","og_description":"(10-Oct-25) En un ambiente de alegr\u00eda y con la firme esperanza de un feliz a\u00f1o 2026, el Defensor del Pueblo, Alfredo Ruiz, junto al personal de la Instituci\u00f3n Nacional de&hellip;","og_url":"http:\/\/www.defensoria.gob.ve\/?p=14627","article_published_time":"2025-10-14T18:07:07+00:00","article_modified_time":"2025-10-14T18:07:53+00:00","og_image":[{"width":1280,"height":720,"url":"http:\/\/www.defensoria.gob.ve\/wp-content\/uploads\/2025\/10\/4aeb74ba-9b17-4fe2-886c-8cd338a7f4ff.jpg","type":"image\/jpeg"}],"author":"JC.","twitter_card":"summary_large_image","twitter_misc":{"Escrito por":"JC.","Tiempo estimado de lectura":"3 minutos"},"schema":{"@context":"https:\/\/schema.org","@graph":[{"@type":"Article","@id":"http:\/\/www.defensoria.gob.ve\/?p=14627#article","isPartOf":{"@id":"http:\/\/www.defensoria.gob.ve\/?p=14627"},"author":{"name":"JC.","@id":"http:\/\/www.defensoria.gob.ve\/#\/schema\/person\/fba14293189d7b1933ac7fba9d89e24a"},"headline":"Defensor\u00eda del Pueblo da inicio a la navidad con el encendido de luces en sede de la Delegada de Caracas","datePublished":"2025-10-14T18:07:07+00:00","dateModified":"2025-10-14T18:07:53+00:00","mainEntityOfPage":{"@id":"http:\/\/www.defensoria.gob.ve\/?p=14627"},"wordCount":429,"image":{"@id":"http:\/\/www.defensoria.gob.ve\/?p=14627#primaryimage"},"thumbnailUrl":"http:\/\/www.defensoria.gob.ve\/wp-content\/uploads\/2025\/10\/4aeb74ba-9b17-4fe2-886c-8cd338a7f4ff.jpg","articleSection":["CENTRALES"],"inLanguage":"es"},{"@type":"WebPage","@id":"http:\/\/www.defensoria.gob.ve\/?p=14627","url":"http:\/\/www.defensoria.gob.ve\/?p=14627","name":"Defensor\u00eda del Pueblo da inicio a la navidad con el encendido de luces en sede de la Delegada de Caracas -","isPartOf":{"@id":"http:\/\/www.defensoria.gob.ve\/#website"},"primaryImageOfPage":{"@id":"http:\/\/www.defensoria.gob.ve\/?p=14627#primaryimage"},"image":{"@id":"http:\/\/www.defensoria.gob.ve\/?p=14627#primaryimage"},"thumbnailUrl":"http:\/\/www.defensoria.gob.ve\/wp-content\/uploads\/2025\/10\/4aeb74ba-9b17-4fe2-886c-8cd338a7f4ff.jpg","datePublished":"2025-10-14T18:07:07+00:00","dateModified":"2025-10-14T18:07:53+00:00","author":{"@id":"http:\/\/www.defensoria.gob.ve\/#\/schema\/person\/fba14293189d7b1933ac7fba9d89e24a"},"breadcrumb":{"@id":"http:\/\/www.defensoria.gob.ve\/?p=14627#breadcrumb"},"inLanguage":"es","potentialAction":[{"@type":"ReadAction","target":["http:\/\/www.defensoria.gob.ve\/?p=14627"]}]},{"@type":"ImageObject","inLanguage":"es","@id":"http:\/\/www.defensoria.gob.ve\/?p=14627#primaryimage","url":"http:\/\/www.defensoria.gob.ve\/wp-content\/uploads\/2025\/10\/4aeb74ba-9b17-4fe2-886c-8cd338a7f4ff.jpg","contentUrl":"http:\/\/www.defensoria.gob.ve\/wp-content\/uploads\/2025\/10\/4aeb74ba-9b17-4fe2-886c-8cd338a7f4ff.jpg","width":1280,"height":720},{"@type":"BreadcrumbList","@id":"http:\/\/www.defensoria.gob.ve\/?p=14627#breadcrumb","itemListElement":[{"@type":"ListItem","position":1,"name":"Portada","item":"http:\/\/www.defensoria.gob.ve\/"},{"@type":"ListItem","position":2,"name":"Defensor\u00eda del Pueblo da inicio a la navidad con el encendido de luces en sede de la Delegada de Caracas"}]},{"@type":"WebSite","@id":"http:\/\/www.defensoria.gob.ve\/#website","url":"http:\/\/www.defensoria.gob.ve\/","name":"","description":"Instituci\u00f3n del Poder Ciudadano para la Promoci\u00f3n, Defensa y Vigilancia de los Derechos Humanos. ","potentialAction":[{"@type":"SearchAction","target":{"@type":"EntryPoint","urlTemplate":"http:\/\/www.defensoria.gob.ve\/?s={search_term_string}"},"query-input":{"@type":"PropertyValueSpecification","valueRequired":true,"valueName":"search_term_string"}}],"inLanguage":"es"},{"@type":"Person","@id":"http:\/\/www.defensoria.gob.ve\/#\/schema\/person\/fba14293189d7b1933ac7fba9d89e24a","name":"JC.","image":{"@type":"ImageObject","inLanguage":"es","@id":"https:\/\/secure.gravatar.com\/avatar\/f398a4de948606b38f0299d90ca738c674b648694bc725ed46503c240269dbf8?s=96&d=mm&r=g","url":"https:\/\/secure.gravatar.com\/avatar\/f398a4de948606b38f0299d90ca738c674b648694bc725ed46503c240269dbf8?s=96&d=mm&r=g","contentUrl":"https:\/\/secure.gravatar.com\/avatar\/f398a4de948606b38f0299d90ca738c674b648694bc725ed46503c240269dbf8?s=96&d=mm&r=g","caption":"JC."},"url":"http:\/\/www.defensoria.gob.ve\/?author=5"}]}},"_links":{"self":[{"href":"http:\/\/www.defensoria.gob.ve\/index.php?rest_route=\/wp\/v2\/posts\/14627","targetHints":{"allow":["GET"]}}],"collection":[{"href":"http:\/\/www.defensoria.gob.ve\/index.php?rest_route=\/wp\/v2\/posts"}],"about":[{"href":"http:\/\/www.defensoria.gob.ve\/index.php?rest_route=\/wp\/v2\/types\/post"}],"author":[{"embeddable":true,"href":"http:\/\/www.defensoria.gob.ve\/index.php?rest_route=\/wp\/v2\/users\/5"}],"replies":[{"embeddable":true,"href":"http:\/\/www.defensoria.gob.ve\/index.php?rest_route=%2Fwp%2Fv2%2Fcomments&post=14627"}],"version-history":[{"count":4,"href":"http:\/\/www.defensoria.gob.ve\/index.php?rest_route=\/wp\/v2\/posts\/14627\/revisions"}],"predecessor-version":[{"id":14635,"href":"http:\/\/www.defensoria.gob.ve\/index.php?rest_route=\/wp\/v2\/posts\/14627\/revisions\/14635"}],"wp:featuredmedia":[{"embeddable":true,"href":"http:\/\/www.defensoria.gob.ve\/index.php?rest_route=\/wp\/v2\/media\/14631"}],"wp:attachment":[{"href":"http:\/\/www.defensoria.gob.ve\/index.php?rest_route=%2Fwp%2Fv2%2Fmedia&parent=14627"}],"wp:term":[{"taxonomy":"category","embeddable":true,"href":"http:\/\/www.defensoria.gob.ve\/index.php?rest_route=%2Fwp%2Fv2%2Fcategories&post=14627"},{"taxonomy":"post_tag","embeddable":true,"href":"http:\/\/www.defensoria.gob.ve\/index.php?rest_route=%2Fwp%2Fv2%2Ftags&post=14627"}],"curies":[{"name":"wp","href":"https:\/\/api.w.org\/{rel}","templated":true}]}}