 
{"id":14636,"date":"2025-10-15T15:45:15","date_gmt":"2025-10-15T19:45:15","guid":{"rendered":"http:\/\/www.defensoria.gob.ve\/?p=14636"},"modified":"2025-10-15T15:46:01","modified_gmt":"2025-10-15T19:46:01","slug":"delegada-de-tachira-participo-en-9no-gran-simulacro-regional-de-evacuacion-sismica","status":"publish","type":"post","link":"http:\/\/www.defensoria.gob.ve\/?p=14636","title":{"rendered":"Delegada de T\u00e1chira particip\u00f3 en 9no Gran Simulacro Regional de Evacuaci\u00f3n S\u00edsmica"},"content":{"rendered":"\t\t<div data-elementor-type=\"wp-post\" data-elementor-id=\"14636\" class=\"elementor elementor-14636\">\n\t\t\t\t\t\t<section class=\"elementor-section elementor-top-section elementor-element elementor-element-6e990b28 elementor-section-boxed elementor-section-height-default elementor-section-height-default\" data-id=\"6e990b28\" data-element_type=\"section\" data-e-type=\"section\">\n\t\t\t\t\t\t<div class=\"elementor-container elementor-column-gap-default\">\n\t\t\t\t\t<div class=\"elementor-column elementor-col-100 elementor-top-column elementor-element elementor-element-71bf401a\" data-id=\"71bf401a\" data-element_type=\"column\" data-e-type=\"column\">\n\t\t\t<div class=\"elementor-widget-wrap elementor-element-populated\">\n\t\t\t\t\t\t<div class=\"elementor-element elementor-element-4b5052a elementor-widget elementor-widget-text-editor\" data-id=\"4b5052a\" data-element_type=\"widget\" data-e-type=\"widget\" data-widget_type=\"text-editor.default\">\n\t\t\t\t<div class=\"elementor-widget-container\">\n\t\t\t\t\t\t\t\t\t\n<p><strong>(T\u00e1chira\/15-Oct-25)<\/strong> La Defensora delegada en el estado T\u00e1chira, Celeste Buitrago Delgado, particip\u00f3 en el 9no Gran Simulacro Regional de Evacuaci\u00f3n S\u00edsmica organizado por Protecci\u00f3n Civil que involucr\u00f3 a m\u00e1s de 500 funcionarios y funcionarias entre Cuerpo de Bomberos; Polit\u00e1chira; Polic\u00eda Nacional; componentes de la Fuerza Armada Nacional adscritos a la ZODI; autoridades educativas, as\u00ed como representantes de los diversos organismos e instituciones estatales. <\/p>\n\n\n\n<figure class=\"wp-block-image size-full\"><img fetchpriority=\"high\" decoding=\"async\" width=\"800\" height=\"548\" src=\"http:\/\/www.defensoria.gob.ve\/wp-content\/uploads\/2025\/10\/dsadfff.png\" alt=\"\" class=\"wp-image-14637\" srcset=\"http:\/\/www.defensoria.gob.ve\/wp-content\/uploads\/2025\/10\/dsadfff.png 800w, http:\/\/www.defensoria.gob.ve\/wp-content\/uploads\/2025\/10\/dsadfff-768x526.png 768w\" sizes=\"(max-width: 800px) 100vw, 800px\" \/><\/figure>\n\n\n\n<p>El ejercicio, organizado en cuatro fases, consisti\u00f3 en la simulaci\u00f3n de un sismo superior a los 6.5 grados en la escala de Richter desde la sede de Protecci\u00f3n Civil y el estacionamiento de la Plaza de Toros, posteriormente la movilizaci\u00f3n se cumpli\u00f3 en la Planta Potabilizadora de Agua \u201cLa Bermeja\u201d, y por una fuga de gas cloro, se efectu\u00f3 la evacuaci\u00f3n de alumnos y alumnas, adem\u00e1s de personal de un plantel educativo adyacente a la planta de tratamiento por riesgo de intoxicaci\u00f3n, rescate de personas atrapadas en veh\u00edculo (involucrado en un accidente vial) por parte de efectivos del Cuerpo de Bomberos, ante impacto con objeto fijo por ca\u00edda de un \u00e1rbol. Finalmente, el ejercicio concluy\u00f3 con acciones ante el colapso de estructuras. <\/p>\n\n\n\n<p>De esta manera para el Poder Ciudadano en el T\u00e1chira es crucial crear una cultura preventiva ante desastres naturales para disminuir riesgos y fatalidades, ya que prepara a la sociedad para enfrentar los desastres de manera m\u00e1s eficaz, reduciendo la vulnerabilidad y corrigiendo las causas subyacentes. <strong>FIN \/ PRENSA Defensor\u00eda<\/strong><\/p>\n\t\t\t\t\t\t\t\t<\/div>\n\t\t\t\t<\/div>\n\t\t\t\t\t<\/div>\n\t\t<\/div>\n\t\t\t\t\t<\/div>\n\t\t<\/section>\n\t\t\t\t<\/div>\n\t\t","protected":false},"excerpt":{"rendered":"<p>(T\u00e1chira\/15-Oct-25) La Defensora delegada en el estado T\u00e1chira, Celeste Buitrago Delgado, particip\u00f3 en el 9no Gran Simulacro Regional de Evacuaci\u00f3n S\u00edsmica organizado por Protecci\u00f3n Civil que involucr\u00f3 a m\u00e1s de&hellip; <\/p>\n","protected":false},"author":5,"featured_media":14638,"comment_status":"closed","ping_status":"open","sticky":false,"template":"","format":"standard","meta":{"footnotes":""},"categories":[5],"tags":[],"class_list":["post-14636","post","type-post","status-publish","format-standard","has-post-thumbnail","hentry","category-regionales"],"yoast_head":"<!-- This site is optimized with the Yoast SEO plugin v27.4 - https:\/\/yoast.com\/product\/yoast-seo-wordpress\/ -->\n<title>Delegada de T\u00e1chira particip\u00f3 en 9no Gran Simulacro Regional de Evacuaci\u00f3n S\u00edsmica -<\/title>\n<meta name=\"robots\" content=\"index, follow, max-snippet:-1, max-image-preview:large, max-video-preview:-1\" \/>\n<link rel=\"canonical\" href=\"http:\/\/www.defensoria.gob.ve\/?p=14636\" \/>\n<meta property=\"og:locale\" content=\"es_ES\" \/>\n<meta property=\"og:type\" content=\"article\" \/>\n<meta property=\"og:title\" content=\"Delegada de T\u00e1chira particip\u00f3 en 9no Gran Simulacro Regional de Evacuaci\u00f3n S\u00edsmica -\" \/>\n<meta property=\"og:description\" content=\"(T\u00e1chira\/15-Oct-25) La Defensora delegada en el estado T\u00e1chira, Celeste Buitrago Delgado, particip\u00f3 en el 9no Gran Simulacro Regional de Evacuaci\u00f3n S\u00edsmica organizado por Protecci\u00f3n Civil que involucr\u00f3 a m\u00e1s de&hellip;\" \/>\n<meta property=\"og:url\" content=\"http:\/\/www.defensoria.gob.ve\/?p=14636\" \/>\n<meta property=\"article:published_time\" content=\"2025-10-15T19:45:15+00:00\" \/>\n<meta property=\"article:modified_time\" content=\"2025-10-15T19:46:01+00:00\" \/>\n<meta property=\"og:image\" content=\"http:\/\/www.defensoria.gob.ve\/wp-content\/uploads\/2025\/10\/gdfy.png\" \/>\n\t<meta property=\"og:image:width\" content=\"810\" \/>\n\t<meta property=\"og:image:height\" content=\"544\" \/>\n\t<meta property=\"og:image:type\" content=\"image\/png\" \/>\n<meta name=\"author\" content=\"JC.\" \/>\n<meta name=\"twitter:card\" content=\"summary_large_image\" \/>\n<meta name=\"twitter:label1\" content=\"Escrito por\" \/>\n\t<meta name=\"twitter:data1\" content=\"JC.\" \/>\n\t<meta name=\"twitter:label2\" content=\"Tiempo estimado de lectura\" \/>\n\t<meta name=\"twitter:data2\" content=\"2 minutos\" \/>\n<script type=\"application\/ld+json\" class=\"yoast-schema-graph\">{\"@context\":\"https:\\\/\\\/schema.org\",\"@graph\":[{\"@type\":\"Article\",\"@id\":\"http:\\\/\\\/www.defensoria.gob.ve\\\/?p=14636#article\",\"isPartOf\":{\"@id\":\"http:\\\/\\\/www.defensoria.gob.ve\\\/?p=14636\"},\"author\":{\"name\":\"JC.\",\"@id\":\"http:\\\/\\\/www.defensoria.gob.ve\\\/#\\\/schema\\\/person\\\/fba14293189d7b1933ac7fba9d89e24a\"},\"headline\":\"Delegada de T\u00e1chira particip\u00f3 en 9no Gran Simulacro Regional de Evacuaci\u00f3n S\u00edsmica\",\"datePublished\":\"2025-10-15T19:45:15+00:00\",\"dateModified\":\"2025-10-15T19:46:01+00:00\",\"mainEntityOfPage\":{\"@id\":\"http:\\\/\\\/www.defensoria.gob.ve\\\/?p=14636\"},\"wordCount\":267,\"image\":{\"@id\":\"http:\\\/\\\/www.defensoria.gob.ve\\\/?p=14636#primaryimage\"},\"thumbnailUrl\":\"http:\\\/\\\/www.defensoria.gob.ve\\\/wp-content\\\/uploads\\\/2025\\\/10\\\/gdfy.png\",\"articleSection\":[\"REGIONALES\"],\"inLanguage\":\"es\"},{\"@type\":\"WebPage\",\"@id\":\"http:\\\/\\\/www.defensoria.gob.ve\\\/?p=14636\",\"url\":\"http:\\\/\\\/www.defensoria.gob.ve\\\/?p=14636\",\"name\":\"Delegada de T\u00e1chira particip\u00f3 en 9no Gran Simulacro Regional de Evacuaci\u00f3n S\u00edsmica -\",\"isPartOf\":{\"@id\":\"http:\\\/\\\/www.defensoria.gob.ve\\\/#website\"},\"primaryImageOfPage\":{\"@id\":\"http:\\\/\\\/www.defensoria.gob.ve\\\/?p=14636#primaryimage\"},\"image\":{\"@id\":\"http:\\\/\\\/www.defensoria.gob.ve\\\/?p=14636#primaryimage\"},\"thumbnailUrl\":\"http:\\\/\\\/www.defensoria.gob.ve\\\/wp-content\\\/uploads\\\/2025\\\/10\\\/gdfy.png\",\"datePublished\":\"2025-10-15T19:45:15+00:00\",\"dateModified\":\"2025-10-15T19:46:01+00:00\",\"author\":{\"@id\":\"http:\\\/\\\/www.defensoria.gob.ve\\\/#\\\/schema\\\/person\\\/fba14293189d7b1933ac7fba9d89e24a\"},\"breadcrumb\":{\"@id\":\"http:\\\/\\\/www.defensoria.gob.ve\\\/?p=14636#breadcrumb\"},\"inLanguage\":\"es\",\"potentialAction\":[{\"@type\":\"ReadAction\",\"target\":[\"http:\\\/\\\/www.defensoria.gob.ve\\\/?p=14636\"]}]},{\"@type\":\"ImageObject\",\"inLanguage\":\"es\",\"@id\":\"http:\\\/\\\/www.defensoria.gob.ve\\\/?p=14636#primaryimage\",\"url\":\"http:\\\/\\\/www.defensoria.gob.ve\\\/wp-content\\\/uploads\\\/2025\\\/10\\\/gdfy.png\",\"contentUrl\":\"http:\\\/\\\/www.defensoria.gob.ve\\\/wp-content\\\/uploads\\\/2025\\\/10\\\/gdfy.png\",\"width\":810,\"height\":544},{\"@type\":\"BreadcrumbList\",\"@id\":\"http:\\\/\\\/www.defensoria.gob.ve\\\/?p=14636#breadcrumb\",\"itemListElement\":[{\"@type\":\"ListItem\",\"position\":1,\"name\":\"Portada\",\"item\":\"http:\\\/\\\/www.defensoria.gob.ve\\\/\"},{\"@type\":\"ListItem\",\"position\":2,\"name\":\"Delegada de T\u00e1chira particip\u00f3 en 9no Gran Simulacro Regional de Evacuaci\u00f3n S\u00edsmica\"}]},{\"@type\":\"WebSite\",\"@id\":\"http:\\\/\\\/www.defensoria.gob.ve\\\/#website\",\"url\":\"http:\\\/\\\/www.defensoria.gob.ve\\\/\",\"name\":\"\",\"description\":\"Instituci\u00f3n del Poder Ciudadano para la Promoci\u00f3n, Defensa y Vigilancia de los Derechos Humanos. \",\"potentialAction\":[{\"@type\":\"SearchAction\",\"target\":{\"@type\":\"EntryPoint\",\"urlTemplate\":\"http:\\\/\\\/www.defensoria.gob.ve\\\/?s={search_term_string}\"},\"query-input\":{\"@type\":\"PropertyValueSpecification\",\"valueRequired\":true,\"valueName\":\"search_term_string\"}}],\"inLanguage\":\"es\"},{\"@type\":\"Person\",\"@id\":\"http:\\\/\\\/www.defensoria.gob.ve\\\/#\\\/schema\\\/person\\\/fba14293189d7b1933ac7fba9d89e24a\",\"name\":\"JC.\",\"image\":{\"@type\":\"ImageObject\",\"inLanguage\":\"es\",\"@id\":\"https:\\\/\\\/secure.gravatar.com\\\/avatar\\\/f398a4de948606b38f0299d90ca738c674b648694bc725ed46503c240269dbf8?s=96&d=mm&r=g\",\"url\":\"https:\\\/\\\/secure.gravatar.com\\\/avatar\\\/f398a4de948606b38f0299d90ca738c674b648694bc725ed46503c240269dbf8?s=96&d=mm&r=g\",\"contentUrl\":\"https:\\\/\\\/secure.gravatar.com\\\/avatar\\\/f398a4de948606b38f0299d90ca738c674b648694bc725ed46503c240269dbf8?s=96&d=mm&r=g\",\"caption\":\"JC.\"},\"url\":\"http:\\\/\\\/www.defensoria.gob.ve\\\/?author=5\"}]}<\/script>\n<!-- \/ Yoast SEO plugin. -->","yoast_head_json":{"title":"Delegada de T\u00e1chira particip\u00f3 en 9no Gran Simulacro Regional de Evacuaci\u00f3n S\u00edsmica -","robots":{"index":"index","follow":"follow","max-snippet":"max-snippet:-1","max-image-preview":"max-image-preview:large","max-video-preview":"max-video-preview:-1"},"canonical":"http:\/\/www.defensoria.gob.ve\/?p=14636","og_locale":"es_ES","og_type":"article","og_title":"Delegada de T\u00e1chira particip\u00f3 en 9no Gran Simulacro Regional de Evacuaci\u00f3n S\u00edsmica -","og_description":"(T\u00e1chira\/15-Oct-25) La Defensora delegada en el estado T\u00e1chira, Celeste Buitrago Delgado, particip\u00f3 en el 9no Gran Simulacro Regional de Evacuaci\u00f3n S\u00edsmica organizado por Protecci\u00f3n Civil que involucr\u00f3 a m\u00e1s de&hellip;","og_url":"http:\/\/www.defensoria.gob.ve\/?p=14636","article_published_time":"2025-10-15T19:45:15+00:00","article_modified_time":"2025-10-15T19:46:01+00:00","og_image":[{"width":810,"height":544,"url":"http:\/\/www.defensoria.gob.ve\/wp-content\/uploads\/2025\/10\/gdfy.png","type":"image\/png"}],"author":"JC.","twitter_card":"summary_large_image","twitter_misc":{"Escrito por":"JC.","Tiempo estimado de lectura":"2 minutos"},"schema":{"@context":"https:\/\/schema.org","@graph":[{"@type":"Article","@id":"http:\/\/www.defensoria.gob.ve\/?p=14636#article","isPartOf":{"@id":"http:\/\/www.defensoria.gob.ve\/?p=14636"},"author":{"name":"JC.","@id":"http:\/\/www.defensoria.gob.ve\/#\/schema\/person\/fba14293189d7b1933ac7fba9d89e24a"},"headline":"Delegada de T\u00e1chira particip\u00f3 en 9no Gran Simulacro Regional de Evacuaci\u00f3n S\u00edsmica","datePublished":"2025-10-15T19:45:15+00:00","dateModified":"2025-10-15T19:46:01+00:00","mainEntityOfPage":{"@id":"http:\/\/www.defensoria.gob.ve\/?p=14636"},"wordCount":267,"image":{"@id":"http:\/\/www.defensoria.gob.ve\/?p=14636#primaryimage"},"thumbnailUrl":"http:\/\/www.defensoria.gob.ve\/wp-content\/uploads\/2025\/10\/gdfy.png","articleSection":["REGIONALES"],"inLanguage":"es"},{"@type":"WebPage","@id":"http:\/\/www.defensoria.gob.ve\/?p=14636","url":"http:\/\/www.defensoria.gob.ve\/?p=14636","name":"Delegada de T\u00e1chira particip\u00f3 en 9no Gran Simulacro Regional de Evacuaci\u00f3n S\u00edsmica -","isPartOf":{"@id":"http:\/\/www.defensoria.gob.ve\/#website"},"primaryImageOfPage":{"@id":"http:\/\/www.defensoria.gob.ve\/?p=14636#primaryimage"},"image":{"@id":"http:\/\/www.defensoria.gob.ve\/?p=14636#primaryimage"},"thumbnailUrl":"http:\/\/www.defensoria.gob.ve\/wp-content\/uploads\/2025\/10\/gdfy.png","datePublished":"2025-10-15T19:45:15+00:00","dateModified":"2025-10-15T19:46:01+00:00","author":{"@id":"http:\/\/www.defensoria.gob.ve\/#\/schema\/person\/fba14293189d7b1933ac7fba9d89e24a"},"breadcrumb":{"@id":"http:\/\/www.defensoria.gob.ve\/?p=14636#breadcrumb"},"inLanguage":"es","potentialAction":[{"@type":"ReadAction","target":["http:\/\/www.defensoria.gob.ve\/?p=14636"]}]},{"@type":"ImageObject","inLanguage":"es","@id":"http:\/\/www.defensoria.gob.ve\/?p=14636#primaryimage","url":"http:\/\/www.defensoria.gob.ve\/wp-content\/uploads\/2025\/10\/gdfy.png","contentUrl":"http:\/\/www.defensoria.gob.ve\/wp-content\/uploads\/2025\/10\/gdfy.png","width":810,"height":544},{"@type":"BreadcrumbList","@id":"http:\/\/www.defensoria.gob.ve\/?p=14636#breadcrumb","itemListElement":[{"@type":"ListItem","position":1,"name":"Portada","item":"http:\/\/www.defensoria.gob.ve\/"},{"@type":"ListItem","position":2,"name":"Delegada de T\u00e1chira particip\u00f3 en 9no Gran Simulacro Regional de Evacuaci\u00f3n S\u00edsmica"}]},{"@type":"WebSite","@id":"http:\/\/www.defensoria.gob.ve\/#website","url":"http:\/\/www.defensoria.gob.ve\/","name":"","description":"Instituci\u00f3n del Poder Ciudadano para la Promoci\u00f3n, Defensa y Vigilancia de los Derechos Humanos. ","potentialAction":[{"@type":"SearchAction","target":{"@type":"EntryPoint","urlTemplate":"http:\/\/www.defensoria.gob.ve\/?s={search_term_string}"},"query-input":{"@type":"PropertyValueSpecification","valueRequired":true,"valueName":"search_term_string"}}],"inLanguage":"es"},{"@type":"Person","@id":"http:\/\/www.defensoria.gob.ve\/#\/schema\/person\/fba14293189d7b1933ac7fba9d89e24a","name":"JC.","image":{"@type":"ImageObject","inLanguage":"es","@id":"https:\/\/secure.gravatar.com\/avatar\/f398a4de948606b38f0299d90ca738c674b648694bc725ed46503c240269dbf8?s=96&d=mm&r=g","url":"https:\/\/secure.gravatar.com\/avatar\/f398a4de948606b38f0299d90ca738c674b648694bc725ed46503c240269dbf8?s=96&d=mm&r=g","contentUrl":"https:\/\/secure.gravatar.com\/avatar\/f398a4de948606b38f0299d90ca738c674b648694bc725ed46503c240269dbf8?s=96&d=mm&r=g","caption":"JC."},"url":"http:\/\/www.defensoria.gob.ve\/?author=5"}]}},"_links":{"self":[{"href":"http:\/\/www.defensoria.gob.ve\/index.php?rest_route=\/wp\/v2\/posts\/14636","targetHints":{"allow":["GET"]}}],"collection":[{"href":"http:\/\/www.defensoria.gob.ve\/index.php?rest_route=\/wp\/v2\/posts"}],"about":[{"href":"http:\/\/www.defensoria.gob.ve\/index.php?rest_route=\/wp\/v2\/types\/post"}],"author":[{"embeddable":true,"href":"http:\/\/www.defensoria.gob.ve\/index.php?rest_route=\/wp\/v2\/users\/5"}],"replies":[{"embeddable":true,"href":"http:\/\/www.defensoria.gob.ve\/index.php?rest_route=%2Fwp%2Fv2%2Fcomments&post=14636"}],"version-history":[{"count":4,"href":"http:\/\/www.defensoria.gob.ve\/index.php?rest_route=\/wp\/v2\/posts\/14636\/revisions"}],"predecessor-version":[{"id":14642,"href":"http:\/\/www.defensoria.gob.ve\/index.php?rest_route=\/wp\/v2\/posts\/14636\/revisions\/14642"}],"wp:featuredmedia":[{"embeddable":true,"href":"http:\/\/www.defensoria.gob.ve\/index.php?rest_route=\/wp\/v2\/media\/14638"}],"wp:attachment":[{"href":"http:\/\/www.defensoria.gob.ve\/index.php?rest_route=%2Fwp%2Fv2%2Fmedia&parent=14636"}],"wp:term":[{"taxonomy":"category","embeddable":true,"href":"http:\/\/www.defensoria.gob.ve\/index.php?rest_route=%2Fwp%2Fv2%2Fcategories&post=14636"},{"taxonomy":"post_tag","embeddable":true,"href":"http:\/\/www.defensoria.gob.ve\/index.php?rest_route=%2Fwp%2Fv2%2Ftags&post=14636"}],"curies":[{"name":"wp","href":"https:\/\/api.w.org\/{rel}","templated":true}]}}