 
{"id":14663,"date":"2025-10-17T10:14:50","date_gmt":"2025-10-17T14:14:50","guid":{"rendered":"http:\/\/www.defensoria.gob.ve\/?p=14663"},"modified":"2025-10-17T10:15:26","modified_gmt":"2025-10-17T14:15:26","slug":"defensoria-del-pueblo-unicef-y-fvf-trabajan-en-conjunto-para-la-proteccion-de-los-nna","status":"publish","type":"post","link":"http:\/\/www.defensoria.gob.ve\/?p=14663","title":{"rendered":"Defensor\u00eda del Pueblo, Unicef y FVF trabajan en conjunto para la protecci\u00f3n de los NNA"},"content":{"rendered":"\t\t<div data-elementor-type=\"wp-post\" data-elementor-id=\"14663\" class=\"elementor elementor-14663\">\n\t\t\t\t\t\t<section class=\"elementor-section elementor-top-section elementor-element elementor-element-2282f632 elementor-section-boxed elementor-section-height-default elementor-section-height-default\" data-id=\"2282f632\" data-element_type=\"section\" data-e-type=\"section\">\n\t\t\t\t\t\t<div class=\"elementor-container elementor-column-gap-default\">\n\t\t\t\t\t<div class=\"elementor-column elementor-col-100 elementor-top-column elementor-element elementor-element-7120c985\" data-id=\"7120c985\" data-element_type=\"column\" data-e-type=\"column\">\n\t\t\t<div class=\"elementor-widget-wrap elementor-element-populated\">\n\t\t\t\t\t\t<div class=\"elementor-element elementor-element-1bf8085a elementor-widget elementor-widget-text-editor\" data-id=\"1bf8085a\" data-element_type=\"widget\" data-e-type=\"widget\" data-widget_type=\"text-editor.default\">\n\t\t\t\t<div class=\"elementor-widget-container\">\n\t\t\t\t\t\t\t\t\t\n<p>(16- Oct-25) En un esfuerzo conjunto entre la Defensor\u00eda del Pueblo, la Federaci\u00f3n Venezolana de F\u00fatbol (FVF) y el Fondo de las Naciones Unidas para la Infancia (UNICEF) se llev\u00f3 a cabo la instalaci\u00f3n de un Foro titulado: Proteger para Ganar: Intercambiando informaci\u00f3n para luchar contra la violencia y especialmente contra la trata de ni\u00f1os, ni\u00f1as y adolescentes en el deporte\u00bb. <\/p>\n\n\n\n<p>Evento que tuvo lugar en el sal\u00f3n de conferencia de la FVF y reuni\u00f3 a destacados especialistas en la materia, representantes deportivos, entrenadores, padres, madres y responsables. Este foro es un llamado a la acci\u00f3n para implementar estrategias efectivas para proteger a los m\u00e1s vulnerables y promover su desarrollo en un contexto seguro, de protecci\u00f3n y vigilancia dentro del f\u00fatbol, tanto en territorio venezolano como en escenarios internacionales. <\/p>\n\n\n\n<p>Este evento tuvo una duraci\u00f3n de ocho horas de formaci\u00f3n, sensibilizaci\u00f3n y reflexi\u00f3n, d\u00f3nde especialistas nacionales e internacionales compartieron sus conocimientos sobre los derechos de la infancia y adolescencia, la prevenci\u00f3n de la trata de personas y el papel protector de las familias y las instituciones del Estado y las deportivas. <\/p>\n\n\n\n<figure class=\"wp-block-image size-full\"><img fetchpriority=\"high\" decoding=\"async\" width=\"1080\" height=\"810\" src=\"http:\/\/www.defensoria.gob.ve\/wp-content\/uploads\/2025\/10\/cdbc370c-6644-446e-89ae-e686cca9cffe.jpg\" alt=\"\" class=\"wp-image-14667\" srcset=\"http:\/\/www.defensoria.gob.ve\/wp-content\/uploads\/2025\/10\/cdbc370c-6644-446e-89ae-e686cca9cffe.jpg 1080w, http:\/\/www.defensoria.gob.ve\/wp-content\/uploads\/2025\/10\/cdbc370c-6644-446e-89ae-e686cca9cffe-768x576.jpg 768w\" sizes=\"(max-width: 1080px) 100vw, 1080px\" \/><\/figure>\n\n\n\n<p>La actividad inici\u00f3 con David Quintanilla, Secretario General de la FVF; Edward Ferrazza, Director de Materias de Especial Atenci\u00f3n de la Defensor\u00eda del Pueblo; y Cecilie Modvar, Jefa de Protecci\u00f3n de la Ni\u00f1ez y la Adolescencia de UNICEF, ofreciendo las palabras de bienvenida a todas y todos los presentes, concluyendo en sus discursos que dicha actividad es necesaria para la protecci\u00f3n y seguridad de los ni\u00f1os ni\u00f1as y adolescentes. <\/p>\n\n\n\n<p>Las primeras ponencias estuvieron a cargo de Wendy Torres y Michael D\u00edaz representantes de Unicef, quienes explicaron la importancia de la Convenci\u00f3n sobre los Derechos del Ni\u00f1o y su aplicaci\u00f3n dentro del deporte. Mientras tanto, la Defensor\u00eda del Pueblo estuvo representada por Edward Ferraza y Milet Mu\u00f1oz, quienes explicaron de manera pedag\u00f3gica y did\u00e1ctica las distintas modalidades de la trata de personas y sus distintos riesgos. Por la FVF David Quintanilla y Ivanna Fresan, dieron a conocer las normativas: nacional e internacional que regula las transferencias de los jugadores. <\/p>\n\n\n\n<figure class=\"wp-block-image size-full\"><img decoding=\"async\" width=\"1080\" height=\"608\" src=\"http:\/\/www.defensoria.gob.ve\/wp-content\/uploads\/2025\/10\/e6418cb3-c3a2-4883-9f0d-2e6599c2c1c0.jpg\" alt=\"\" class=\"wp-image-14666\" srcset=\"http:\/\/www.defensoria.gob.ve\/wp-content\/uploads\/2025\/10\/e6418cb3-c3a2-4883-9f0d-2e6599c2c1c0.jpg 1080w, http:\/\/www.defensoria.gob.ve\/wp-content\/uploads\/2025\/10\/e6418cb3-c3a2-4883-9f0d-2e6599c2c1c0-768x432.jpg 768w\" sizes=\"(max-width: 1080px) 100vw, 1080px\" \/><\/figure>\n\n\n\n<p>Por su parte durante su intervenci\u00f3n, el Defensor del Pueblo, Alfredo Ruiz subray\u00f3 que la Constituci\u00f3n de la Rep\u00fablica Bolivariana de Venezuela establece que el objetivo del Estado es la defensa de la dignidad humana. \u201cEl centro es la persona\u201d, afirm\u00f3, enfatizando que el desarrollo debe estar alineado con la educaci\u00f3n y la formaci\u00f3n continua. <\/p>\n\n\n\n<p>Ruiz resalt\u00f3 que cada d\u00eda ofrece una nueva oportunidad para aprender y adaptarse a las realidades cambiantes del mundo. \u201cEn todas las disciplinas, incluido el deporte, se puede aprender y crecer\u201d, expres\u00f3, instando a los j\u00f3venes a aprovechar cada momento para capacitarse y formarse. <\/p>\n\n\n\n<p>Seguidamente hizo hincapi\u00e9 en que la educaci\u00f3n debe estar fundamentada en los valores superiores establecidos en la Constituci\u00f3n, donde el respeto a los derechos humanos ocupa un lugar preeminente. \u201cEs nuestra responsabilidad fomentar estos valores, asegurando que cada ni\u00f1o y ni\u00f1a tenga la oportunidad de desarrollarse en un entorno seguro y respetuoso\u201d, concluy\u00f3. <\/p>\n\n\n\n<p>El representante adjunto de Unicef en Venezuela, Jos\u00e9 Ram\u00f3n Espinoza enfatiz\u00f3 que la trata no es un fen\u00f3meno abrupto, sino el resultado de condiciones previas de vulnerabilidad que llevan a decisiones extremas. La falta de protecci\u00f3n familiar y el abandono escolar son factores que incrementan el riesgo. Mencion\u00f3 adem\u00e1s que el aprendizaje de derechos es esencial y debe integrarse en los entornos cotidianos de los j\u00f3venes. <\/p>\n\n\n\n<p>Adem\u00e1s enfatiz\u00f3 que el deporte se present\u00f3 como un espacio clave para el desarrollo personal y la formaci\u00f3n de liderazgo en ni\u00f1os y ni\u00f1as. Los l\u00edderes deportivos pueden desempe\u00f1ar un papel fundamental en la creaci\u00f3n de un entorno seguro y protector, fomentando la colaboraci\u00f3n y la disciplina.<\/p>\n\n\n\n<p>Mientras tanto, David Quintanilla, Secretario General de la FVF, enfatiz\u00f3 que estos espacios son esenciales no solo para aspirar a llegar a competencias internacionales sino tambi\u00e9n para contribuir a la construcci\u00f3n de un pa\u00eds m\u00e1s justo y equitativo \u00abEste es solo el inicio de muchas ocasiones en las que trabajaremos juntos por el bienestar de nuestros j\u00f3venes\u00bb, concluy\u00f3. La Defensor\u00eda del Pueblo, UNICEF y la Federaci\u00f3n Venezolana de F\u00fatbol se comprometen a continuar trabajando en conjunto para garantizar un futuro m\u00e1s seguro para todos los ni\u00f1os, ni\u00f1as y adolescentes en Venezuela. Las autoridades de las tres instituciones involucradas reafirmaron seguir trabajando en la promoci\u00f3n, defensa y vigilancia de los NNA, d\u00e1ndole al f\u00fatbol formaci\u00f3n, \u00e9tica y libre de cualquiera forma de violencia o explotaci\u00f3n. <strong>Fin\/ PRENSA Defensor\u00eda<\/strong><\/p>\n\t\t\t\t\t\t\t\t<\/div>\n\t\t\t\t<\/div>\n\t\t\t\t\t<\/div>\n\t\t<\/div>\n\t\t\t\t\t<\/div>\n\t\t<\/section>\n\t\t\t\t<\/div>\n\t\t","protected":false},"excerpt":{"rendered":"<p>(16- Oct-25) En un esfuerzo conjunto entre la Defensor\u00eda del Pueblo, la Federaci\u00f3n Venezolana de F\u00fatbol (FVF) y el Fondo de las Naciones Unidas para la Infancia (UNICEF) se llev\u00f3&hellip; <\/p>\n","protected":false},"author":5,"featured_media":14665,"comment_status":"closed","ping_status":"open","sticky":false,"template":"","format":"standard","meta":{"footnotes":""},"categories":[3],"tags":[],"class_list":["post-14663","post","type-post","status-publish","format-standard","has-post-thumbnail","hentry","category-centrales"],"yoast_head":"<!-- This site is optimized with the Yoast SEO plugin v27.4 - https:\/\/yoast.com\/product\/yoast-seo-wordpress\/ -->\n<title>Defensor\u00eda del Pueblo, Unicef y FVF trabajan en conjunto para la protecci\u00f3n de los NNA -<\/title>\n<meta name=\"robots\" content=\"index, follow, max-snippet:-1, max-image-preview:large, max-video-preview:-1\" \/>\n<link rel=\"canonical\" href=\"http:\/\/www.defensoria.gob.ve\/?p=14663\" \/>\n<meta property=\"og:locale\" content=\"es_ES\" \/>\n<meta property=\"og:type\" content=\"article\" \/>\n<meta property=\"og:title\" content=\"Defensor\u00eda del Pueblo, Unicef y FVF trabajan en conjunto para la protecci\u00f3n de los NNA -\" \/>\n<meta property=\"og:description\" content=\"(16- Oct-25) En un esfuerzo conjunto entre la Defensor\u00eda del Pueblo, la Federaci\u00f3n Venezolana de F\u00fatbol (FVF) y el Fondo de las Naciones Unidas para la Infancia (UNICEF) se llev\u00f3&hellip;\" \/>\n<meta property=\"og:url\" content=\"http:\/\/www.defensoria.gob.ve\/?p=14663\" \/>\n<meta property=\"article:published_time\" content=\"2025-10-17T14:14:50+00:00\" \/>\n<meta property=\"article:modified_time\" content=\"2025-10-17T14:15:26+00:00\" \/>\n<meta property=\"og:image\" content=\"http:\/\/www.defensoria.gob.ve\/wp-content\/uploads\/2025\/10\/7f337b10-d4d8-4846-95b2-39941fa3161b.jpg\" \/>\n\t<meta property=\"og:image:width\" content=\"1080\" \/>\n\t<meta property=\"og:image:height\" content=\"810\" \/>\n\t<meta property=\"og:image:type\" content=\"image\/jpeg\" \/>\n<meta name=\"author\" content=\"JC.\" \/>\n<meta name=\"twitter:card\" content=\"summary_large_image\" \/>\n<meta name=\"twitter:label1\" content=\"Escrito por\" \/>\n\t<meta name=\"twitter:data1\" content=\"JC.\" \/>\n\t<meta name=\"twitter:label2\" content=\"Tiempo estimado de lectura\" \/>\n\t<meta name=\"twitter:data2\" content=\"4 minutos\" \/>\n<script type=\"application\/ld+json\" class=\"yoast-schema-graph\">{\"@context\":\"https:\\\/\\\/schema.org\",\"@graph\":[{\"@type\":\"Article\",\"@id\":\"http:\\\/\\\/www.defensoria.gob.ve\\\/?p=14663#article\",\"isPartOf\":{\"@id\":\"http:\\\/\\\/www.defensoria.gob.ve\\\/?p=14663\"},\"author\":{\"name\":\"JC.\",\"@id\":\"http:\\\/\\\/www.defensoria.gob.ve\\\/#\\\/schema\\\/person\\\/fba14293189d7b1933ac7fba9d89e24a\"},\"headline\":\"Defensor\u00eda del Pueblo, Unicef y FVF trabajan en conjunto para la protecci\u00f3n de los NNA\",\"datePublished\":\"2025-10-17T14:14:50+00:00\",\"dateModified\":\"2025-10-17T14:15:26+00:00\",\"mainEntityOfPage\":{\"@id\":\"http:\\\/\\\/www.defensoria.gob.ve\\\/?p=14663\"},\"wordCount\":821,\"image\":{\"@id\":\"http:\\\/\\\/www.defensoria.gob.ve\\\/?p=14663#primaryimage\"},\"thumbnailUrl\":\"http:\\\/\\\/www.defensoria.gob.ve\\\/wp-content\\\/uploads\\\/2025\\\/10\\\/7f337b10-d4d8-4846-95b2-39941fa3161b.jpg\",\"articleSection\":[\"CENTRALES\"],\"inLanguage\":\"es\"},{\"@type\":\"WebPage\",\"@id\":\"http:\\\/\\\/www.defensoria.gob.ve\\\/?p=14663\",\"url\":\"http:\\\/\\\/www.defensoria.gob.ve\\\/?p=14663\",\"name\":\"Defensor\u00eda del Pueblo, Unicef y FVF trabajan en conjunto para la protecci\u00f3n de los NNA -\",\"isPartOf\":{\"@id\":\"http:\\\/\\\/www.defensoria.gob.ve\\\/#website\"},\"primaryImageOfPage\":{\"@id\":\"http:\\\/\\\/www.defensoria.gob.ve\\\/?p=14663#primaryimage\"},\"image\":{\"@id\":\"http:\\\/\\\/www.defensoria.gob.ve\\\/?p=14663#primaryimage\"},\"thumbnailUrl\":\"http:\\\/\\\/www.defensoria.gob.ve\\\/wp-content\\\/uploads\\\/2025\\\/10\\\/7f337b10-d4d8-4846-95b2-39941fa3161b.jpg\",\"datePublished\":\"2025-10-17T14:14:50+00:00\",\"dateModified\":\"2025-10-17T14:15:26+00:00\",\"author\":{\"@id\":\"http:\\\/\\\/www.defensoria.gob.ve\\\/#\\\/schema\\\/person\\\/fba14293189d7b1933ac7fba9d89e24a\"},\"breadcrumb\":{\"@id\":\"http:\\\/\\\/www.defensoria.gob.ve\\\/?p=14663#breadcrumb\"},\"inLanguage\":\"es\",\"potentialAction\":[{\"@type\":\"ReadAction\",\"target\":[\"http:\\\/\\\/www.defensoria.gob.ve\\\/?p=14663\"]}]},{\"@type\":\"ImageObject\",\"inLanguage\":\"es\",\"@id\":\"http:\\\/\\\/www.defensoria.gob.ve\\\/?p=14663#primaryimage\",\"url\":\"http:\\\/\\\/www.defensoria.gob.ve\\\/wp-content\\\/uploads\\\/2025\\\/10\\\/7f337b10-d4d8-4846-95b2-39941fa3161b.jpg\",\"contentUrl\":\"http:\\\/\\\/www.defensoria.gob.ve\\\/wp-content\\\/uploads\\\/2025\\\/10\\\/7f337b10-d4d8-4846-95b2-39941fa3161b.jpg\",\"width\":1080,\"height\":810},{\"@type\":\"BreadcrumbList\",\"@id\":\"http:\\\/\\\/www.defensoria.gob.ve\\\/?p=14663#breadcrumb\",\"itemListElement\":[{\"@type\":\"ListItem\",\"position\":1,\"name\":\"Portada\",\"item\":\"http:\\\/\\\/www.defensoria.gob.ve\\\/\"},{\"@type\":\"ListItem\",\"position\":2,\"name\":\"Defensor\u00eda del Pueblo, Unicef y FVF trabajan en conjunto para la protecci\u00f3n de los NNA\"}]},{\"@type\":\"WebSite\",\"@id\":\"http:\\\/\\\/www.defensoria.gob.ve\\\/#website\",\"url\":\"http:\\\/\\\/www.defensoria.gob.ve\\\/\",\"name\":\"\",\"description\":\"Instituci\u00f3n del Poder Ciudadano para la Promoci\u00f3n, Defensa y Vigilancia de los Derechos Humanos. \",\"potentialAction\":[{\"@type\":\"SearchAction\",\"target\":{\"@type\":\"EntryPoint\",\"urlTemplate\":\"http:\\\/\\\/www.defensoria.gob.ve\\\/?s={search_term_string}\"},\"query-input\":{\"@type\":\"PropertyValueSpecification\",\"valueRequired\":true,\"valueName\":\"search_term_string\"}}],\"inLanguage\":\"es\"},{\"@type\":\"Person\",\"@id\":\"http:\\\/\\\/www.defensoria.gob.ve\\\/#\\\/schema\\\/person\\\/fba14293189d7b1933ac7fba9d89e24a\",\"name\":\"JC.\",\"image\":{\"@type\":\"ImageObject\",\"inLanguage\":\"es\",\"@id\":\"https:\\\/\\\/secure.gravatar.com\\\/avatar\\\/f398a4de948606b38f0299d90ca738c674b648694bc725ed46503c240269dbf8?s=96&d=mm&r=g\",\"url\":\"https:\\\/\\\/secure.gravatar.com\\\/avatar\\\/f398a4de948606b38f0299d90ca738c674b648694bc725ed46503c240269dbf8?s=96&d=mm&r=g\",\"contentUrl\":\"https:\\\/\\\/secure.gravatar.com\\\/avatar\\\/f398a4de948606b38f0299d90ca738c674b648694bc725ed46503c240269dbf8?s=96&d=mm&r=g\",\"caption\":\"JC.\"},\"url\":\"http:\\\/\\\/www.defensoria.gob.ve\\\/?author=5\"}]}<\/script>\n<!-- \/ Yoast SEO plugin. -->","yoast_head_json":{"title":"Defensor\u00eda del Pueblo, Unicef y FVF trabajan en conjunto para la protecci\u00f3n de los NNA -","robots":{"index":"index","follow":"follow","max-snippet":"max-snippet:-1","max-image-preview":"max-image-preview:large","max-video-preview":"max-video-preview:-1"},"canonical":"http:\/\/www.defensoria.gob.ve\/?p=14663","og_locale":"es_ES","og_type":"article","og_title":"Defensor\u00eda del Pueblo, Unicef y FVF trabajan en conjunto para la protecci\u00f3n de los NNA -","og_description":"(16- Oct-25) En un esfuerzo conjunto entre la Defensor\u00eda del Pueblo, la Federaci\u00f3n Venezolana de F\u00fatbol (FVF) y el Fondo de las Naciones Unidas para la Infancia (UNICEF) se llev\u00f3&hellip;","og_url":"http:\/\/www.defensoria.gob.ve\/?p=14663","article_published_time":"2025-10-17T14:14:50+00:00","article_modified_time":"2025-10-17T14:15:26+00:00","og_image":[{"width":1080,"height":810,"url":"http:\/\/www.defensoria.gob.ve\/wp-content\/uploads\/2025\/10\/7f337b10-d4d8-4846-95b2-39941fa3161b.jpg","type":"image\/jpeg"}],"author":"JC.","twitter_card":"summary_large_image","twitter_misc":{"Escrito por":"JC.","Tiempo estimado de lectura":"4 minutos"},"schema":{"@context":"https:\/\/schema.org","@graph":[{"@type":"Article","@id":"http:\/\/www.defensoria.gob.ve\/?p=14663#article","isPartOf":{"@id":"http:\/\/www.defensoria.gob.ve\/?p=14663"},"author":{"name":"JC.","@id":"http:\/\/www.defensoria.gob.ve\/#\/schema\/person\/fba14293189d7b1933ac7fba9d89e24a"},"headline":"Defensor\u00eda del Pueblo, Unicef y FVF trabajan en conjunto para la protecci\u00f3n de los NNA","datePublished":"2025-10-17T14:14:50+00:00","dateModified":"2025-10-17T14:15:26+00:00","mainEntityOfPage":{"@id":"http:\/\/www.defensoria.gob.ve\/?p=14663"},"wordCount":821,"image":{"@id":"http:\/\/www.defensoria.gob.ve\/?p=14663#primaryimage"},"thumbnailUrl":"http:\/\/www.defensoria.gob.ve\/wp-content\/uploads\/2025\/10\/7f337b10-d4d8-4846-95b2-39941fa3161b.jpg","articleSection":["CENTRALES"],"inLanguage":"es"},{"@type":"WebPage","@id":"http:\/\/www.defensoria.gob.ve\/?p=14663","url":"http:\/\/www.defensoria.gob.ve\/?p=14663","name":"Defensor\u00eda del Pueblo, Unicef y FVF trabajan en conjunto para la protecci\u00f3n de los NNA -","isPartOf":{"@id":"http:\/\/www.defensoria.gob.ve\/#website"},"primaryImageOfPage":{"@id":"http:\/\/www.defensoria.gob.ve\/?p=14663#primaryimage"},"image":{"@id":"http:\/\/www.defensoria.gob.ve\/?p=14663#primaryimage"},"thumbnailUrl":"http:\/\/www.defensoria.gob.ve\/wp-content\/uploads\/2025\/10\/7f337b10-d4d8-4846-95b2-39941fa3161b.jpg","datePublished":"2025-10-17T14:14:50+00:00","dateModified":"2025-10-17T14:15:26+00:00","author":{"@id":"http:\/\/www.defensoria.gob.ve\/#\/schema\/person\/fba14293189d7b1933ac7fba9d89e24a"},"breadcrumb":{"@id":"http:\/\/www.defensoria.gob.ve\/?p=14663#breadcrumb"},"inLanguage":"es","potentialAction":[{"@type":"ReadAction","target":["http:\/\/www.defensoria.gob.ve\/?p=14663"]}]},{"@type":"ImageObject","inLanguage":"es","@id":"http:\/\/www.defensoria.gob.ve\/?p=14663#primaryimage","url":"http:\/\/www.defensoria.gob.ve\/wp-content\/uploads\/2025\/10\/7f337b10-d4d8-4846-95b2-39941fa3161b.jpg","contentUrl":"http:\/\/www.defensoria.gob.ve\/wp-content\/uploads\/2025\/10\/7f337b10-d4d8-4846-95b2-39941fa3161b.jpg","width":1080,"height":810},{"@type":"BreadcrumbList","@id":"http:\/\/www.defensoria.gob.ve\/?p=14663#breadcrumb","itemListElement":[{"@type":"ListItem","position":1,"name":"Portada","item":"http:\/\/www.defensoria.gob.ve\/"},{"@type":"ListItem","position":2,"name":"Defensor\u00eda del Pueblo, Unicef y FVF trabajan en conjunto para la protecci\u00f3n de los NNA"}]},{"@type":"WebSite","@id":"http:\/\/www.defensoria.gob.ve\/#website","url":"http:\/\/www.defensoria.gob.ve\/","name":"","description":"Instituci\u00f3n del Poder Ciudadano para la Promoci\u00f3n, Defensa y Vigilancia de los Derechos Humanos. ","potentialAction":[{"@type":"SearchAction","target":{"@type":"EntryPoint","urlTemplate":"http:\/\/www.defensoria.gob.ve\/?s={search_term_string}"},"query-input":{"@type":"PropertyValueSpecification","valueRequired":true,"valueName":"search_term_string"}}],"inLanguage":"es"},{"@type":"Person","@id":"http:\/\/www.defensoria.gob.ve\/#\/schema\/person\/fba14293189d7b1933ac7fba9d89e24a","name":"JC.","image":{"@type":"ImageObject","inLanguage":"es","@id":"https:\/\/secure.gravatar.com\/avatar\/f398a4de948606b38f0299d90ca738c674b648694bc725ed46503c240269dbf8?s=96&d=mm&r=g","url":"https:\/\/secure.gravatar.com\/avatar\/f398a4de948606b38f0299d90ca738c674b648694bc725ed46503c240269dbf8?s=96&d=mm&r=g","contentUrl":"https:\/\/secure.gravatar.com\/avatar\/f398a4de948606b38f0299d90ca738c674b648694bc725ed46503c240269dbf8?s=96&d=mm&r=g","caption":"JC."},"url":"http:\/\/www.defensoria.gob.ve\/?author=5"}]}},"_links":{"self":[{"href":"http:\/\/www.defensoria.gob.ve\/index.php?rest_route=\/wp\/v2\/posts\/14663","targetHints":{"allow":["GET"]}}],"collection":[{"href":"http:\/\/www.defensoria.gob.ve\/index.php?rest_route=\/wp\/v2\/posts"}],"about":[{"href":"http:\/\/www.defensoria.gob.ve\/index.php?rest_route=\/wp\/v2\/types\/post"}],"author":[{"embeddable":true,"href":"http:\/\/www.defensoria.gob.ve\/index.php?rest_route=\/wp\/v2\/users\/5"}],"replies":[{"embeddable":true,"href":"http:\/\/www.defensoria.gob.ve\/index.php?rest_route=%2Fwp%2Fv2%2Fcomments&post=14663"}],"version-history":[{"count":4,"href":"http:\/\/www.defensoria.gob.ve\/index.php?rest_route=\/wp\/v2\/posts\/14663\/revisions"}],"predecessor-version":[{"id":14671,"href":"http:\/\/www.defensoria.gob.ve\/index.php?rest_route=\/wp\/v2\/posts\/14663\/revisions\/14671"}],"wp:featuredmedia":[{"embeddable":true,"href":"http:\/\/www.defensoria.gob.ve\/index.php?rest_route=\/wp\/v2\/media\/14665"}],"wp:attachment":[{"href":"http:\/\/www.defensoria.gob.ve\/index.php?rest_route=%2Fwp%2Fv2%2Fmedia&parent=14663"}],"wp:term":[{"taxonomy":"category","embeddable":true,"href":"http:\/\/www.defensoria.gob.ve\/index.php?rest_route=%2Fwp%2Fv2%2Fcategories&post=14663"},{"taxonomy":"post_tag","embeddable":true,"href":"http:\/\/www.defensoria.gob.ve\/index.php?rest_route=%2Fwp%2Fv2%2Ftags&post=14663"}],"curies":[{"name":"wp","href":"https:\/\/api.w.org\/{rel}","templated":true}]}}