 
{"id":14681,"date":"2025-10-17T14:36:53","date_gmt":"2025-10-17T18:36:53","guid":{"rendered":"http:\/\/www.defensoria.gob.ve\/?p=14681"},"modified":"2025-10-17T14:37:19","modified_gmt":"2025-10-17T18:37:19","slug":"delegada-de-lara-participo-en-jornada-integral-de-atencion-a-personas-privadas-y-privados-de-libertad","status":"publish","type":"post","link":"http:\/\/www.defensoria.gob.ve\/?p=14681","title":{"rendered":"Delegada de Lara particip\u00f3 en jornada integral de atenci\u00f3n a personas privadas y privados de libertad"},"content":{"rendered":"\t\t<div data-elementor-type=\"wp-post\" data-elementor-id=\"14681\" class=\"elementor elementor-14681\">\n\t\t\t\t\t\t<section class=\"elementor-section elementor-top-section elementor-element elementor-element-6094f03c elementor-section-boxed elementor-section-height-default elementor-section-height-default\" data-id=\"6094f03c\" data-element_type=\"section\" data-e-type=\"section\">\n\t\t\t\t\t\t<div class=\"elementor-container elementor-column-gap-default\">\n\t\t\t\t\t<div class=\"elementor-column elementor-col-100 elementor-top-column elementor-element elementor-element-73b67fc0\" data-id=\"73b67fc0\" data-element_type=\"column\" data-e-type=\"column\">\n\t\t\t<div class=\"elementor-widget-wrap elementor-element-populated\">\n\t\t\t\t\t\t<div class=\"elementor-element elementor-element-3b86c938 elementor-widget elementor-widget-text-editor\" data-id=\"3b86c938\" data-element_type=\"widget\" data-e-type=\"widget\" data-widget_type=\"text-editor.default\">\n\t\t\t\t<div class=\"elementor-widget-container\">\n\t\t\t\t\t\t\t\t\t\n<p><strong>(Lara\/17-Oct-25) <\/strong>La Defensor\u00eda delegada del estado Lara particip\u00f3 en una jornada integral de atenci\u00f3n a personas privadas y privados de libertad, llevada a cabo en las instalaciones de la Delegaci\u00f3n Municipal San Juan del Cuerpo de Investigaciones, Cient\u00edficas, Penales y Criminal\u00edsticas (CICPC) de la entidad. <\/p>\n\n\n\n<p>Dicho evento tuvo como fin garantizar el debido proceso, el acceso a la justicia y a la salud de los detenidos en el centro policial, reafirmando el compromiso de las instituciones del Estado con el respeto a los derechos humanos, incluso en el contexto de la privaci\u00f3n de libertad. <\/p>\n\n\n\n<figure class=\"wp-block-image size-full\"><img fetchpriority=\"high\" decoding=\"async\" width=\"451\" height=\"373\" src=\"http:\/\/www.defensoria.gob.ve\/wp-content\/uploads\/2025\/10\/bdfh.png\" alt=\"\" class=\"wp-image-14682\"\/><\/figure>\n\n\n\n<p>La jornada cont\u00f3 con la participaci\u00f3n interinstitucional: Fiscal\u00eda 13\u00b0 del Ministerio P\u00fablico; Defensa P\u00fablica, Defensor\u00eda delegada de Lara y personal de la Secretar\u00eda de Salud. <\/p>\n\n\n\n<p>De esta manera, la Instituci\u00f3n Nacional de los Derechos Humanos reitera su disposici\u00f3n a continuar colaborando en estas iniciativas que promueven un trato digno y humanitario, garantizando que los derechos de todas las personas, incluyendo aquellas privadas y privados de libertad, en cumplimiento con lo establecido en la Constituci\u00f3n y las leyes de la Rep\u00fablica. <strong>FIN \/ PRENSA Defensor\u00eda<\/strong><\/p>\n\t\t\t\t\t\t\t\t<\/div>\n\t\t\t\t<\/div>\n\t\t\t\t\t<\/div>\n\t\t<\/div>\n\t\t\t\t\t<\/div>\n\t\t<\/section>\n\t\t\t\t<\/div>\n\t\t","protected":false},"excerpt":{"rendered":"<p>(Lara\/17-Oct-25) La Defensor\u00eda delegada del estado Lara particip\u00f3 en una jornada integral de atenci\u00f3n a personas privadas y privados de libertad, llevada a cabo en las instalaciones de la Delegaci\u00f3n&hellip; <\/p>\n","protected":false},"author":5,"featured_media":14683,"comment_status":"closed","ping_status":"open","sticky":false,"template":"","format":"standard","meta":{"footnotes":""},"categories":[5],"tags":[],"class_list":["post-14681","post","type-post","status-publish","format-standard","has-post-thumbnail","hentry","category-regionales"],"yoast_head":"<!-- This site is optimized with the Yoast SEO plugin v27.4 - https:\/\/yoast.com\/product\/yoast-seo-wordpress\/ -->\n<title>Delegada de Lara particip\u00f3 en jornada integral de atenci\u00f3n a personas privadas y privados de libertad -<\/title>\n<meta name=\"robots\" content=\"index, follow, max-snippet:-1, max-image-preview:large, max-video-preview:-1\" \/>\n<link rel=\"canonical\" href=\"http:\/\/www.defensoria.gob.ve\/?p=14681\" \/>\n<meta property=\"og:locale\" content=\"es_ES\" \/>\n<meta property=\"og:type\" content=\"article\" \/>\n<meta property=\"og:title\" content=\"Delegada de Lara particip\u00f3 en jornada integral de atenci\u00f3n a personas privadas y privados de libertad -\" \/>\n<meta property=\"og:description\" content=\"(Lara\/17-Oct-25) La Defensor\u00eda delegada del estado Lara particip\u00f3 en una jornada integral de atenci\u00f3n a personas privadas y privados de libertad, llevada a cabo en las instalaciones de la Delegaci\u00f3n&hellip;\" \/>\n<meta property=\"og:url\" content=\"http:\/\/www.defensoria.gob.ve\/?p=14681\" \/>\n<meta property=\"article:published_time\" content=\"2025-10-17T18:36:53+00:00\" \/>\n<meta property=\"article:modified_time\" content=\"2025-10-17T18:37:19+00:00\" \/>\n<meta property=\"og:image\" content=\"http:\/\/www.defensoria.gob.ve\/wp-content\/uploads\/2025\/10\/hrtu.png\" \/>\n\t<meta property=\"og:image:width\" content=\"786\" \/>\n\t<meta property=\"og:image:height\" content=\"506\" \/>\n\t<meta property=\"og:image:type\" content=\"image\/png\" \/>\n<meta name=\"author\" content=\"JC.\" \/>\n<meta name=\"twitter:card\" content=\"summary_large_image\" \/>\n<meta name=\"twitter:label1\" content=\"Escrito por\" \/>\n\t<meta name=\"twitter:data1\" content=\"JC.\" \/>\n\t<meta name=\"twitter:label2\" content=\"Tiempo estimado de lectura\" \/>\n\t<meta name=\"twitter:data2\" content=\"2 minutos\" \/>\n<script type=\"application\/ld+json\" class=\"yoast-schema-graph\">{\"@context\":\"https:\\\/\\\/schema.org\",\"@graph\":[{\"@type\":\"Article\",\"@id\":\"http:\\\/\\\/www.defensoria.gob.ve\\\/?p=14681#article\",\"isPartOf\":{\"@id\":\"http:\\\/\\\/www.defensoria.gob.ve\\\/?p=14681\"},\"author\":{\"name\":\"JC.\",\"@id\":\"http:\\\/\\\/www.defensoria.gob.ve\\\/#\\\/schema\\\/person\\\/fba14293189d7b1933ac7fba9d89e24a\"},\"headline\":\"Delegada de Lara particip\u00f3 en jornada integral de atenci\u00f3n a personas privadas y privados de libertad\",\"datePublished\":\"2025-10-17T18:36:53+00:00\",\"dateModified\":\"2025-10-17T18:37:19+00:00\",\"mainEntityOfPage\":{\"@id\":\"http:\\\/\\\/www.defensoria.gob.ve\\\/?p=14681\"},\"wordCount\":211,\"image\":{\"@id\":\"http:\\\/\\\/www.defensoria.gob.ve\\\/?p=14681#primaryimage\"},\"thumbnailUrl\":\"http:\\\/\\\/www.defensoria.gob.ve\\\/wp-content\\\/uploads\\\/2025\\\/10\\\/hrtu.png\",\"articleSection\":[\"REGIONALES\"],\"inLanguage\":\"es\"},{\"@type\":\"WebPage\",\"@id\":\"http:\\\/\\\/www.defensoria.gob.ve\\\/?p=14681\",\"url\":\"http:\\\/\\\/www.defensoria.gob.ve\\\/?p=14681\",\"name\":\"Delegada de Lara particip\u00f3 en jornada integral de atenci\u00f3n a personas privadas y privados de libertad -\",\"isPartOf\":{\"@id\":\"http:\\\/\\\/www.defensoria.gob.ve\\\/#website\"},\"primaryImageOfPage\":{\"@id\":\"http:\\\/\\\/www.defensoria.gob.ve\\\/?p=14681#primaryimage\"},\"image\":{\"@id\":\"http:\\\/\\\/www.defensoria.gob.ve\\\/?p=14681#primaryimage\"},\"thumbnailUrl\":\"http:\\\/\\\/www.defensoria.gob.ve\\\/wp-content\\\/uploads\\\/2025\\\/10\\\/hrtu.png\",\"datePublished\":\"2025-10-17T18:36:53+00:00\",\"dateModified\":\"2025-10-17T18:37:19+00:00\",\"author\":{\"@id\":\"http:\\\/\\\/www.defensoria.gob.ve\\\/#\\\/schema\\\/person\\\/fba14293189d7b1933ac7fba9d89e24a\"},\"breadcrumb\":{\"@id\":\"http:\\\/\\\/www.defensoria.gob.ve\\\/?p=14681#breadcrumb\"},\"inLanguage\":\"es\",\"potentialAction\":[{\"@type\":\"ReadAction\",\"target\":[\"http:\\\/\\\/www.defensoria.gob.ve\\\/?p=14681\"]}]},{\"@type\":\"ImageObject\",\"inLanguage\":\"es\",\"@id\":\"http:\\\/\\\/www.defensoria.gob.ve\\\/?p=14681#primaryimage\",\"url\":\"http:\\\/\\\/www.defensoria.gob.ve\\\/wp-content\\\/uploads\\\/2025\\\/10\\\/hrtu.png\",\"contentUrl\":\"http:\\\/\\\/www.defensoria.gob.ve\\\/wp-content\\\/uploads\\\/2025\\\/10\\\/hrtu.png\",\"width\":786,\"height\":506},{\"@type\":\"BreadcrumbList\",\"@id\":\"http:\\\/\\\/www.defensoria.gob.ve\\\/?p=14681#breadcrumb\",\"itemListElement\":[{\"@type\":\"ListItem\",\"position\":1,\"name\":\"Portada\",\"item\":\"http:\\\/\\\/www.defensoria.gob.ve\\\/\"},{\"@type\":\"ListItem\",\"position\":2,\"name\":\"Delegada de Lara particip\u00f3 en jornada integral de atenci\u00f3n a personas privadas y privados de libertad\"}]},{\"@type\":\"WebSite\",\"@id\":\"http:\\\/\\\/www.defensoria.gob.ve\\\/#website\",\"url\":\"http:\\\/\\\/www.defensoria.gob.ve\\\/\",\"name\":\"\",\"description\":\"Instituci\u00f3n del Poder Ciudadano para la Promoci\u00f3n, Defensa y Vigilancia de los Derechos Humanos. \",\"potentialAction\":[{\"@type\":\"SearchAction\",\"target\":{\"@type\":\"EntryPoint\",\"urlTemplate\":\"http:\\\/\\\/www.defensoria.gob.ve\\\/?s={search_term_string}\"},\"query-input\":{\"@type\":\"PropertyValueSpecification\",\"valueRequired\":true,\"valueName\":\"search_term_string\"}}],\"inLanguage\":\"es\"},{\"@type\":\"Person\",\"@id\":\"http:\\\/\\\/www.defensoria.gob.ve\\\/#\\\/schema\\\/person\\\/fba14293189d7b1933ac7fba9d89e24a\",\"name\":\"JC.\",\"image\":{\"@type\":\"ImageObject\",\"inLanguage\":\"es\",\"@id\":\"https:\\\/\\\/secure.gravatar.com\\\/avatar\\\/f398a4de948606b38f0299d90ca738c674b648694bc725ed46503c240269dbf8?s=96&d=mm&r=g\",\"url\":\"https:\\\/\\\/secure.gravatar.com\\\/avatar\\\/f398a4de948606b38f0299d90ca738c674b648694bc725ed46503c240269dbf8?s=96&d=mm&r=g\",\"contentUrl\":\"https:\\\/\\\/secure.gravatar.com\\\/avatar\\\/f398a4de948606b38f0299d90ca738c674b648694bc725ed46503c240269dbf8?s=96&d=mm&r=g\",\"caption\":\"JC.\"},\"url\":\"http:\\\/\\\/www.defensoria.gob.ve\\\/?author=5\"}]}<\/script>\n<!-- \/ Yoast SEO plugin. -->","yoast_head_json":{"title":"Delegada de Lara particip\u00f3 en jornada integral de atenci\u00f3n a personas privadas y privados de libertad -","robots":{"index":"index","follow":"follow","max-snippet":"max-snippet:-1","max-image-preview":"max-image-preview:large","max-video-preview":"max-video-preview:-1"},"canonical":"http:\/\/www.defensoria.gob.ve\/?p=14681","og_locale":"es_ES","og_type":"article","og_title":"Delegada de Lara particip\u00f3 en jornada integral de atenci\u00f3n a personas privadas y privados de libertad -","og_description":"(Lara\/17-Oct-25) La Defensor\u00eda delegada del estado Lara particip\u00f3 en una jornada integral de atenci\u00f3n a personas privadas y privados de libertad, llevada a cabo en las instalaciones de la Delegaci\u00f3n&hellip;","og_url":"http:\/\/www.defensoria.gob.ve\/?p=14681","article_published_time":"2025-10-17T18:36:53+00:00","article_modified_time":"2025-10-17T18:37:19+00:00","og_image":[{"width":786,"height":506,"url":"http:\/\/www.defensoria.gob.ve\/wp-content\/uploads\/2025\/10\/hrtu.png","type":"image\/png"}],"author":"JC.","twitter_card":"summary_large_image","twitter_misc":{"Escrito por":"JC.","Tiempo estimado de lectura":"2 minutos"},"schema":{"@context":"https:\/\/schema.org","@graph":[{"@type":"Article","@id":"http:\/\/www.defensoria.gob.ve\/?p=14681#article","isPartOf":{"@id":"http:\/\/www.defensoria.gob.ve\/?p=14681"},"author":{"name":"JC.","@id":"http:\/\/www.defensoria.gob.ve\/#\/schema\/person\/fba14293189d7b1933ac7fba9d89e24a"},"headline":"Delegada de Lara particip\u00f3 en jornada integral de atenci\u00f3n a personas privadas y privados de libertad","datePublished":"2025-10-17T18:36:53+00:00","dateModified":"2025-10-17T18:37:19+00:00","mainEntityOfPage":{"@id":"http:\/\/www.defensoria.gob.ve\/?p=14681"},"wordCount":211,"image":{"@id":"http:\/\/www.defensoria.gob.ve\/?p=14681#primaryimage"},"thumbnailUrl":"http:\/\/www.defensoria.gob.ve\/wp-content\/uploads\/2025\/10\/hrtu.png","articleSection":["REGIONALES"],"inLanguage":"es"},{"@type":"WebPage","@id":"http:\/\/www.defensoria.gob.ve\/?p=14681","url":"http:\/\/www.defensoria.gob.ve\/?p=14681","name":"Delegada de Lara particip\u00f3 en jornada integral de atenci\u00f3n a personas privadas y privados de libertad -","isPartOf":{"@id":"http:\/\/www.defensoria.gob.ve\/#website"},"primaryImageOfPage":{"@id":"http:\/\/www.defensoria.gob.ve\/?p=14681#primaryimage"},"image":{"@id":"http:\/\/www.defensoria.gob.ve\/?p=14681#primaryimage"},"thumbnailUrl":"http:\/\/www.defensoria.gob.ve\/wp-content\/uploads\/2025\/10\/hrtu.png","datePublished":"2025-10-17T18:36:53+00:00","dateModified":"2025-10-17T18:37:19+00:00","author":{"@id":"http:\/\/www.defensoria.gob.ve\/#\/schema\/person\/fba14293189d7b1933ac7fba9d89e24a"},"breadcrumb":{"@id":"http:\/\/www.defensoria.gob.ve\/?p=14681#breadcrumb"},"inLanguage":"es","potentialAction":[{"@type":"ReadAction","target":["http:\/\/www.defensoria.gob.ve\/?p=14681"]}]},{"@type":"ImageObject","inLanguage":"es","@id":"http:\/\/www.defensoria.gob.ve\/?p=14681#primaryimage","url":"http:\/\/www.defensoria.gob.ve\/wp-content\/uploads\/2025\/10\/hrtu.png","contentUrl":"http:\/\/www.defensoria.gob.ve\/wp-content\/uploads\/2025\/10\/hrtu.png","width":786,"height":506},{"@type":"BreadcrumbList","@id":"http:\/\/www.defensoria.gob.ve\/?p=14681#breadcrumb","itemListElement":[{"@type":"ListItem","position":1,"name":"Portada","item":"http:\/\/www.defensoria.gob.ve\/"},{"@type":"ListItem","position":2,"name":"Delegada de Lara particip\u00f3 en jornada integral de atenci\u00f3n a personas privadas y privados de libertad"}]},{"@type":"WebSite","@id":"http:\/\/www.defensoria.gob.ve\/#website","url":"http:\/\/www.defensoria.gob.ve\/","name":"","description":"Instituci\u00f3n del Poder Ciudadano para la Promoci\u00f3n, Defensa y Vigilancia de los Derechos Humanos. ","potentialAction":[{"@type":"SearchAction","target":{"@type":"EntryPoint","urlTemplate":"http:\/\/www.defensoria.gob.ve\/?s={search_term_string}"},"query-input":{"@type":"PropertyValueSpecification","valueRequired":true,"valueName":"search_term_string"}}],"inLanguage":"es"},{"@type":"Person","@id":"http:\/\/www.defensoria.gob.ve\/#\/schema\/person\/fba14293189d7b1933ac7fba9d89e24a","name":"JC.","image":{"@type":"ImageObject","inLanguage":"es","@id":"https:\/\/secure.gravatar.com\/avatar\/f398a4de948606b38f0299d90ca738c674b648694bc725ed46503c240269dbf8?s=96&d=mm&r=g","url":"https:\/\/secure.gravatar.com\/avatar\/f398a4de948606b38f0299d90ca738c674b648694bc725ed46503c240269dbf8?s=96&d=mm&r=g","contentUrl":"https:\/\/secure.gravatar.com\/avatar\/f398a4de948606b38f0299d90ca738c674b648694bc725ed46503c240269dbf8?s=96&d=mm&r=g","caption":"JC."},"url":"http:\/\/www.defensoria.gob.ve\/?author=5"}]}},"_links":{"self":[{"href":"http:\/\/www.defensoria.gob.ve\/index.php?rest_route=\/wp\/v2\/posts\/14681","targetHints":{"allow":["GET"]}}],"collection":[{"href":"http:\/\/www.defensoria.gob.ve\/index.php?rest_route=\/wp\/v2\/posts"}],"about":[{"href":"http:\/\/www.defensoria.gob.ve\/index.php?rest_route=\/wp\/v2\/types\/post"}],"author":[{"embeddable":true,"href":"http:\/\/www.defensoria.gob.ve\/index.php?rest_route=\/wp\/v2\/users\/5"}],"replies":[{"embeddable":true,"href":"http:\/\/www.defensoria.gob.ve\/index.php?rest_route=%2Fwp%2Fv2%2Fcomments&post=14681"}],"version-history":[{"count":4,"href":"http:\/\/www.defensoria.gob.ve\/index.php?rest_route=\/wp\/v2\/posts\/14681\/revisions"}],"predecessor-version":[{"id":14687,"href":"http:\/\/www.defensoria.gob.ve\/index.php?rest_route=\/wp\/v2\/posts\/14681\/revisions\/14687"}],"wp:featuredmedia":[{"embeddable":true,"href":"http:\/\/www.defensoria.gob.ve\/index.php?rest_route=\/wp\/v2\/media\/14683"}],"wp:attachment":[{"href":"http:\/\/www.defensoria.gob.ve\/index.php?rest_route=%2Fwp%2Fv2%2Fmedia&parent=14681"}],"wp:term":[{"taxonomy":"category","embeddable":true,"href":"http:\/\/www.defensoria.gob.ve\/index.php?rest_route=%2Fwp%2Fv2%2Fcategories&post=14681"},{"taxonomy":"post_tag","embeddable":true,"href":"http:\/\/www.defensoria.gob.ve\/index.php?rest_route=%2Fwp%2Fv2%2Ftags&post=14681"}],"curies":[{"name":"wp","href":"https:\/\/api.w.org\/{rel}","templated":true}]}}