 
{"id":14734,"date":"2025-10-22T11:33:41","date_gmt":"2025-10-22T15:33:41","guid":{"rendered":"http:\/\/www.defensoria.gob.ve\/?p=14734"},"modified":"2025-10-22T11:34:13","modified_gmt":"2025-10-22T15:34:13","slug":"delegada-de-barinas-realizo-taller-prohibicion-y-consecuencias-de-la-tortura-y-los-tratos-crueles-a-estudiantes-de-la-unes","status":"publish","type":"post","link":"http:\/\/www.defensoria.gob.ve\/?p=14734","title":{"rendered":"Delegada de Barinas realiz\u00f3 taller \u201cProhibici\u00f3n y Consecuencias de la Tortura y los Tratos Crueles\u201d a estudiantes de la UNES"},"content":{"rendered":"\t\t<div data-elementor-type=\"wp-post\" data-elementor-id=\"14734\" class=\"elementor elementor-14734\">\n\t\t\t\t\t\t<section class=\"elementor-section elementor-top-section elementor-element elementor-element-361c6f4f elementor-section-boxed elementor-section-height-default elementor-section-height-default\" data-id=\"361c6f4f\" data-element_type=\"section\" data-e-type=\"section\">\n\t\t\t\t\t\t<div class=\"elementor-container elementor-column-gap-default\">\n\t\t\t\t\t<div class=\"elementor-column elementor-col-100 elementor-top-column elementor-element elementor-element-67f892af\" data-id=\"67f892af\" data-element_type=\"column\" data-e-type=\"column\">\n\t\t\t<div class=\"elementor-widget-wrap elementor-element-populated\">\n\t\t\t\t\t\t<div class=\"elementor-element elementor-element-73bd7e55 elementor-widget elementor-widget-text-editor\" data-id=\"73bd7e55\" data-element_type=\"widget\" data-e-type=\"widget\" data-widget_type=\"text-editor.default\">\n\t\t\t\t<div class=\"elementor-widget-container\">\n\t\t\t\t\t\t\t\t\t\n<p><strong>(Barinas\/22-Oct-25)<\/strong> La Defensor\u00eda delegada del estado Barinas realiz\u00f3 un taller sobre \u201cProhibici\u00f3n y Consecuencias de la Tortura y los Tratos Crueles\u201d, dirigido a los y las estudiantes de la Universidad Nacional Experimental de la Seguridad (UNES) regional. <\/p>\n\n\n\n<p>Dicha actividad busca sensibilizar a los futuros funcionarios y funcionarias que se encuentran en formaci\u00f3n para que adopten medidas efectivas a la hora de prevenir y evitar la violaci\u00f3n de los derechos humanos de las ciudadanas y los ciudadanos en el pa\u00eds. <\/p>\n\n\n\n<p>Vale acotar que este evento formativo tiene como finalidad la capacitaci\u00f3n de servidores y servidoras p\u00fablicas, as\u00ed como a la poblaci\u00f3n en general en todo el territorio nacional. <\/p>\n\n\n\n<p>De esta forma, el ente defensorial se mantiene cumpliendo con sus atribuciones y competencias establecidas en la Constituci\u00f3n de la Rep\u00fablica Bolivariana de Venezuela. <strong>FIN \/ PRENSA Defensor\u00eda<\/strong><\/p>\n\t\t\t\t\t\t\t\t<\/div>\n\t\t\t\t<\/div>\n\t\t\t\t\t<\/div>\n\t\t<\/div>\n\t\t\t\t\t<\/div>\n\t\t<\/section>\n\t\t\t\t<\/div>\n\t\t","protected":false},"excerpt":{"rendered":"<p>(Barinas\/22-Oct-25) La Defensor\u00eda delegada del estado Barinas realiz\u00f3 un taller sobre \u201cProhibici\u00f3n y Consecuencias de la Tortura y los Tratos Crueles\u201d, dirigido a los y las estudiantes de la Universidad&hellip; <\/p>\n","protected":false},"author":5,"featured_media":14735,"comment_status":"closed","ping_status":"open","sticky":false,"template":"","format":"standard","meta":{"footnotes":""},"categories":[5],"tags":[],"class_list":["post-14734","post","type-post","status-publish","format-standard","has-post-thumbnail","hentry","category-regionales"],"yoast_head":"<!-- This site is optimized with the Yoast SEO plugin v27.4 - https:\/\/yoast.com\/product\/yoast-seo-wordpress\/ -->\n<title>Delegada de Barinas realiz\u00f3 taller \u201cProhibici\u00f3n y Consecuencias de la Tortura y los Tratos Crueles\u201d a estudiantes de la UNES -<\/title>\n<meta name=\"robots\" content=\"index, follow, max-snippet:-1, max-image-preview:large, max-video-preview:-1\" \/>\n<link rel=\"canonical\" href=\"http:\/\/www.defensoria.gob.ve\/?p=14734\" \/>\n<meta property=\"og:locale\" content=\"es_ES\" \/>\n<meta property=\"og:type\" content=\"article\" \/>\n<meta property=\"og:title\" content=\"Delegada de Barinas realiz\u00f3 taller \u201cProhibici\u00f3n y Consecuencias de la Tortura y los Tratos Crueles\u201d a estudiantes de la UNES -\" \/>\n<meta property=\"og:description\" content=\"(Barinas\/22-Oct-25) La Defensor\u00eda delegada del estado Barinas realiz\u00f3 un taller sobre \u201cProhibici\u00f3n y Consecuencias de la Tortura y los Tratos Crueles\u201d, dirigido a los y las estudiantes de la Universidad&hellip;\" \/>\n<meta property=\"og:url\" content=\"http:\/\/www.defensoria.gob.ve\/?p=14734\" \/>\n<meta property=\"article:published_time\" content=\"2025-10-22T15:33:41+00:00\" \/>\n<meta property=\"article:modified_time\" content=\"2025-10-22T15:34:13+00:00\" \/>\n<meta property=\"og:image\" content=\"http:\/\/www.defensoria.gob.ve\/wp-content\/uploads\/2025\/10\/fgdgg.png\" \/>\n\t<meta property=\"og:image:width\" content=\"784\" \/>\n\t<meta property=\"og:image:height\" content=\"522\" \/>\n\t<meta property=\"og:image:type\" content=\"image\/png\" \/>\n<meta name=\"author\" content=\"JC.\" \/>\n<meta name=\"twitter:card\" content=\"summary_large_image\" \/>\n<meta name=\"twitter:label1\" content=\"Escrito por\" \/>\n\t<meta name=\"twitter:data1\" content=\"JC.\" \/>\n\t<meta name=\"twitter:label2\" content=\"Tiempo estimado de lectura\" \/>\n\t<meta name=\"twitter:data2\" content=\"1 minuto\" \/>\n<script type=\"application\/ld+json\" class=\"yoast-schema-graph\">{\"@context\":\"https:\\\/\\\/schema.org\",\"@graph\":[{\"@type\":\"Article\",\"@id\":\"http:\\\/\\\/www.defensoria.gob.ve\\\/?p=14734#article\",\"isPartOf\":{\"@id\":\"http:\\\/\\\/www.defensoria.gob.ve\\\/?p=14734\"},\"author\":{\"name\":\"JC.\",\"@id\":\"http:\\\/\\\/www.defensoria.gob.ve\\\/#\\\/schema\\\/person\\\/fba14293189d7b1933ac7fba9d89e24a\"},\"headline\":\"Delegada de Barinas realiz\u00f3 taller \u201cProhibici\u00f3n y Consecuencias de la Tortura y los Tratos Crueles\u201d a estudiantes de la UNES\",\"datePublished\":\"2025-10-22T15:33:41+00:00\",\"dateModified\":\"2025-10-22T15:34:13+00:00\",\"mainEntityOfPage\":{\"@id\":\"http:\\\/\\\/www.defensoria.gob.ve\\\/?p=14734\"},\"wordCount\":167,\"image\":{\"@id\":\"http:\\\/\\\/www.defensoria.gob.ve\\\/?p=14734#primaryimage\"},\"thumbnailUrl\":\"http:\\\/\\\/www.defensoria.gob.ve\\\/wp-content\\\/uploads\\\/2025\\\/10\\\/fgdgg.png\",\"articleSection\":[\"REGIONALES\"],\"inLanguage\":\"es\"},{\"@type\":\"WebPage\",\"@id\":\"http:\\\/\\\/www.defensoria.gob.ve\\\/?p=14734\",\"url\":\"http:\\\/\\\/www.defensoria.gob.ve\\\/?p=14734\",\"name\":\"Delegada de Barinas realiz\u00f3 taller \u201cProhibici\u00f3n y Consecuencias de la Tortura y los Tratos Crueles\u201d a estudiantes de la UNES -\",\"isPartOf\":{\"@id\":\"http:\\\/\\\/www.defensoria.gob.ve\\\/#website\"},\"primaryImageOfPage\":{\"@id\":\"http:\\\/\\\/www.defensoria.gob.ve\\\/?p=14734#primaryimage\"},\"image\":{\"@id\":\"http:\\\/\\\/www.defensoria.gob.ve\\\/?p=14734#primaryimage\"},\"thumbnailUrl\":\"http:\\\/\\\/www.defensoria.gob.ve\\\/wp-content\\\/uploads\\\/2025\\\/10\\\/fgdgg.png\",\"datePublished\":\"2025-10-22T15:33:41+00:00\",\"dateModified\":\"2025-10-22T15:34:13+00:00\",\"author\":{\"@id\":\"http:\\\/\\\/www.defensoria.gob.ve\\\/#\\\/schema\\\/person\\\/fba14293189d7b1933ac7fba9d89e24a\"},\"breadcrumb\":{\"@id\":\"http:\\\/\\\/www.defensoria.gob.ve\\\/?p=14734#breadcrumb\"},\"inLanguage\":\"es\",\"potentialAction\":[{\"@type\":\"ReadAction\",\"target\":[\"http:\\\/\\\/www.defensoria.gob.ve\\\/?p=14734\"]}]},{\"@type\":\"ImageObject\",\"inLanguage\":\"es\",\"@id\":\"http:\\\/\\\/www.defensoria.gob.ve\\\/?p=14734#primaryimage\",\"url\":\"http:\\\/\\\/www.defensoria.gob.ve\\\/wp-content\\\/uploads\\\/2025\\\/10\\\/fgdgg.png\",\"contentUrl\":\"http:\\\/\\\/www.defensoria.gob.ve\\\/wp-content\\\/uploads\\\/2025\\\/10\\\/fgdgg.png\",\"width\":784,\"height\":522},{\"@type\":\"BreadcrumbList\",\"@id\":\"http:\\\/\\\/www.defensoria.gob.ve\\\/?p=14734#breadcrumb\",\"itemListElement\":[{\"@type\":\"ListItem\",\"position\":1,\"name\":\"Portada\",\"item\":\"http:\\\/\\\/www.defensoria.gob.ve\\\/\"},{\"@type\":\"ListItem\",\"position\":2,\"name\":\"Delegada de Barinas realiz\u00f3 taller \u201cProhibici\u00f3n y Consecuencias de la Tortura y los Tratos Crueles\u201d a estudiantes de la UNES\"}]},{\"@type\":\"WebSite\",\"@id\":\"http:\\\/\\\/www.defensoria.gob.ve\\\/#website\",\"url\":\"http:\\\/\\\/www.defensoria.gob.ve\\\/\",\"name\":\"\",\"description\":\"Instituci\u00f3n del Poder Ciudadano para la Promoci\u00f3n, Defensa y Vigilancia de los Derechos Humanos. \",\"potentialAction\":[{\"@type\":\"SearchAction\",\"target\":{\"@type\":\"EntryPoint\",\"urlTemplate\":\"http:\\\/\\\/www.defensoria.gob.ve\\\/?s={search_term_string}\"},\"query-input\":{\"@type\":\"PropertyValueSpecification\",\"valueRequired\":true,\"valueName\":\"search_term_string\"}}],\"inLanguage\":\"es\"},{\"@type\":\"Person\",\"@id\":\"http:\\\/\\\/www.defensoria.gob.ve\\\/#\\\/schema\\\/person\\\/fba14293189d7b1933ac7fba9d89e24a\",\"name\":\"JC.\",\"image\":{\"@type\":\"ImageObject\",\"inLanguage\":\"es\",\"@id\":\"https:\\\/\\\/secure.gravatar.com\\\/avatar\\\/f398a4de948606b38f0299d90ca738c674b648694bc725ed46503c240269dbf8?s=96&d=mm&r=g\",\"url\":\"https:\\\/\\\/secure.gravatar.com\\\/avatar\\\/f398a4de948606b38f0299d90ca738c674b648694bc725ed46503c240269dbf8?s=96&d=mm&r=g\",\"contentUrl\":\"https:\\\/\\\/secure.gravatar.com\\\/avatar\\\/f398a4de948606b38f0299d90ca738c674b648694bc725ed46503c240269dbf8?s=96&d=mm&r=g\",\"caption\":\"JC.\"},\"url\":\"http:\\\/\\\/www.defensoria.gob.ve\\\/?author=5\"}]}<\/script>\n<!-- \/ Yoast SEO plugin. -->","yoast_head_json":{"title":"Delegada de Barinas realiz\u00f3 taller \u201cProhibici\u00f3n y Consecuencias de la Tortura y los Tratos Crueles\u201d a estudiantes de la UNES -","robots":{"index":"index","follow":"follow","max-snippet":"max-snippet:-1","max-image-preview":"max-image-preview:large","max-video-preview":"max-video-preview:-1"},"canonical":"http:\/\/www.defensoria.gob.ve\/?p=14734","og_locale":"es_ES","og_type":"article","og_title":"Delegada de Barinas realiz\u00f3 taller \u201cProhibici\u00f3n y Consecuencias de la Tortura y los Tratos Crueles\u201d a estudiantes de la UNES -","og_description":"(Barinas\/22-Oct-25) La Defensor\u00eda delegada del estado Barinas realiz\u00f3 un taller sobre \u201cProhibici\u00f3n y Consecuencias de la Tortura y los Tratos Crueles\u201d, dirigido a los y las estudiantes de la Universidad&hellip;","og_url":"http:\/\/www.defensoria.gob.ve\/?p=14734","article_published_time":"2025-10-22T15:33:41+00:00","article_modified_time":"2025-10-22T15:34:13+00:00","og_image":[{"width":784,"height":522,"url":"http:\/\/www.defensoria.gob.ve\/wp-content\/uploads\/2025\/10\/fgdgg.png","type":"image\/png"}],"author":"JC.","twitter_card":"summary_large_image","twitter_misc":{"Escrito por":"JC.","Tiempo estimado de lectura":"1 minuto"},"schema":{"@context":"https:\/\/schema.org","@graph":[{"@type":"Article","@id":"http:\/\/www.defensoria.gob.ve\/?p=14734#article","isPartOf":{"@id":"http:\/\/www.defensoria.gob.ve\/?p=14734"},"author":{"name":"JC.","@id":"http:\/\/www.defensoria.gob.ve\/#\/schema\/person\/fba14293189d7b1933ac7fba9d89e24a"},"headline":"Delegada de Barinas realiz\u00f3 taller \u201cProhibici\u00f3n y Consecuencias de la Tortura y los Tratos Crueles\u201d a estudiantes de la UNES","datePublished":"2025-10-22T15:33:41+00:00","dateModified":"2025-10-22T15:34:13+00:00","mainEntityOfPage":{"@id":"http:\/\/www.defensoria.gob.ve\/?p=14734"},"wordCount":167,"image":{"@id":"http:\/\/www.defensoria.gob.ve\/?p=14734#primaryimage"},"thumbnailUrl":"http:\/\/www.defensoria.gob.ve\/wp-content\/uploads\/2025\/10\/fgdgg.png","articleSection":["REGIONALES"],"inLanguage":"es"},{"@type":"WebPage","@id":"http:\/\/www.defensoria.gob.ve\/?p=14734","url":"http:\/\/www.defensoria.gob.ve\/?p=14734","name":"Delegada de Barinas realiz\u00f3 taller \u201cProhibici\u00f3n y Consecuencias de la Tortura y los Tratos Crueles\u201d a estudiantes de la UNES -","isPartOf":{"@id":"http:\/\/www.defensoria.gob.ve\/#website"},"primaryImageOfPage":{"@id":"http:\/\/www.defensoria.gob.ve\/?p=14734#primaryimage"},"image":{"@id":"http:\/\/www.defensoria.gob.ve\/?p=14734#primaryimage"},"thumbnailUrl":"http:\/\/www.defensoria.gob.ve\/wp-content\/uploads\/2025\/10\/fgdgg.png","datePublished":"2025-10-22T15:33:41+00:00","dateModified":"2025-10-22T15:34:13+00:00","author":{"@id":"http:\/\/www.defensoria.gob.ve\/#\/schema\/person\/fba14293189d7b1933ac7fba9d89e24a"},"breadcrumb":{"@id":"http:\/\/www.defensoria.gob.ve\/?p=14734#breadcrumb"},"inLanguage":"es","potentialAction":[{"@type":"ReadAction","target":["http:\/\/www.defensoria.gob.ve\/?p=14734"]}]},{"@type":"ImageObject","inLanguage":"es","@id":"http:\/\/www.defensoria.gob.ve\/?p=14734#primaryimage","url":"http:\/\/www.defensoria.gob.ve\/wp-content\/uploads\/2025\/10\/fgdgg.png","contentUrl":"http:\/\/www.defensoria.gob.ve\/wp-content\/uploads\/2025\/10\/fgdgg.png","width":784,"height":522},{"@type":"BreadcrumbList","@id":"http:\/\/www.defensoria.gob.ve\/?p=14734#breadcrumb","itemListElement":[{"@type":"ListItem","position":1,"name":"Portada","item":"http:\/\/www.defensoria.gob.ve\/"},{"@type":"ListItem","position":2,"name":"Delegada de Barinas realiz\u00f3 taller \u201cProhibici\u00f3n y Consecuencias de la Tortura y los Tratos Crueles\u201d a estudiantes de la UNES"}]},{"@type":"WebSite","@id":"http:\/\/www.defensoria.gob.ve\/#website","url":"http:\/\/www.defensoria.gob.ve\/","name":"","description":"Instituci\u00f3n del Poder Ciudadano para la Promoci\u00f3n, Defensa y Vigilancia de los Derechos Humanos. ","potentialAction":[{"@type":"SearchAction","target":{"@type":"EntryPoint","urlTemplate":"http:\/\/www.defensoria.gob.ve\/?s={search_term_string}"},"query-input":{"@type":"PropertyValueSpecification","valueRequired":true,"valueName":"search_term_string"}}],"inLanguage":"es"},{"@type":"Person","@id":"http:\/\/www.defensoria.gob.ve\/#\/schema\/person\/fba14293189d7b1933ac7fba9d89e24a","name":"JC.","image":{"@type":"ImageObject","inLanguage":"es","@id":"https:\/\/secure.gravatar.com\/avatar\/f398a4de948606b38f0299d90ca738c674b648694bc725ed46503c240269dbf8?s=96&d=mm&r=g","url":"https:\/\/secure.gravatar.com\/avatar\/f398a4de948606b38f0299d90ca738c674b648694bc725ed46503c240269dbf8?s=96&d=mm&r=g","contentUrl":"https:\/\/secure.gravatar.com\/avatar\/f398a4de948606b38f0299d90ca738c674b648694bc725ed46503c240269dbf8?s=96&d=mm&r=g","caption":"JC."},"url":"http:\/\/www.defensoria.gob.ve\/?author=5"}]}},"_links":{"self":[{"href":"http:\/\/www.defensoria.gob.ve\/index.php?rest_route=\/wp\/v2\/posts\/14734","targetHints":{"allow":["GET"]}}],"collection":[{"href":"http:\/\/www.defensoria.gob.ve\/index.php?rest_route=\/wp\/v2\/posts"}],"about":[{"href":"http:\/\/www.defensoria.gob.ve\/index.php?rest_route=\/wp\/v2\/types\/post"}],"author":[{"embeddable":true,"href":"http:\/\/www.defensoria.gob.ve\/index.php?rest_route=\/wp\/v2\/users\/5"}],"replies":[{"embeddable":true,"href":"http:\/\/www.defensoria.gob.ve\/index.php?rest_route=%2Fwp%2Fv2%2Fcomments&post=14734"}],"version-history":[{"count":4,"href":"http:\/\/www.defensoria.gob.ve\/index.php?rest_route=\/wp\/v2\/posts\/14734\/revisions"}],"predecessor-version":[{"id":14739,"href":"http:\/\/www.defensoria.gob.ve\/index.php?rest_route=\/wp\/v2\/posts\/14734\/revisions\/14739"}],"wp:featuredmedia":[{"embeddable":true,"href":"http:\/\/www.defensoria.gob.ve\/index.php?rest_route=\/wp\/v2\/media\/14735"}],"wp:attachment":[{"href":"http:\/\/www.defensoria.gob.ve\/index.php?rest_route=%2Fwp%2Fv2%2Fmedia&parent=14734"}],"wp:term":[{"taxonomy":"category","embeddable":true,"href":"http:\/\/www.defensoria.gob.ve\/index.php?rest_route=%2Fwp%2Fv2%2Fcategories&post=14734"},{"taxonomy":"post_tag","embeddable":true,"href":"http:\/\/www.defensoria.gob.ve\/index.php?rest_route=%2Fwp%2Fv2%2Ftags&post=14734"}],"curies":[{"name":"wp","href":"https:\/\/api.w.org\/{rel}","templated":true}]}}