 
{"id":14740,"date":"2025-10-22T12:33:36","date_gmt":"2025-10-22T16:33:36","guid":{"rendered":"http:\/\/www.defensoria.gob.ve\/?p=14740"},"modified":"2025-10-22T12:34:10","modified_gmt":"2025-10-22T16:34:10","slug":"cumana-se-tino-de-rosa-por-la-vida-con-la-gran-caminata-rosa-en-el-dia-internacional-de-la-lucha-contra-el-cancer-de-mama","status":"publish","type":"post","link":"http:\/\/www.defensoria.gob.ve\/?p=14740","title":{"rendered":"Cuman\u00e1 se ti\u00f1\u00f3 de rosa por la vida con la Gran Caminata Rosa en el D\u00eda Internacional de la Lucha contra el C\u00e1ncer de Mama"},"content":{"rendered":"\t\t<div data-elementor-type=\"wp-post\" data-elementor-id=\"14740\" class=\"elementor elementor-14740\">\n\t\t\t\t\t\t<section class=\"elementor-section elementor-top-section elementor-element elementor-element-569332c7 elementor-section-boxed elementor-section-height-default elementor-section-height-default\" data-id=\"569332c7\" data-element_type=\"section\" data-e-type=\"section\">\n\t\t\t\t\t\t<div class=\"elementor-container elementor-column-gap-default\">\n\t\t\t\t\t<div class=\"elementor-column elementor-col-100 elementor-top-column elementor-element elementor-element-4883edde\" data-id=\"4883edde\" data-element_type=\"column\" data-e-type=\"column\">\n\t\t\t<div class=\"elementor-widget-wrap elementor-element-populated\">\n\t\t\t\t\t\t<div class=\"elementor-element elementor-element-6b54a4eb elementor-widget elementor-widget-text-editor\" data-id=\"6b54a4eb\" data-element_type=\"widget\" data-e-type=\"widget\" data-widget_type=\"text-editor.default\">\n\t\t\t\t<div class=\"elementor-widget-container\">\n\t\t\t\t\t\t\t\t\t\n<p>(Sucre \/ 22-10-25) La ciudad de Cuman\u00e1, capital del estado Sucre, se visti\u00f3 de color de esperanza y de solidaridad con la realizaci\u00f3n de la Gran Caminata Rosa en la avenida Universidad, una actividad multitudinaria que conmemor\u00f3 el D\u00eda Internacional de la Lucha Contra el C\u00e1ncer de Mama.<\/p>\n\n<p>La iniciativa, organizada conjuntamente por la Gobernaci\u00f3n del estado Sucre y la Alcald\u00eda del municipio Sucre, logr\u00f3 congregar a una amplia representaci\u00f3n de la sociedad, uniendo en un solo prop\u00f3sito a mujeres de este hermoso pueblo y a toda la comunidad.<\/p>\n\n<p>El evento cont\u00f3 con la destacada presencia y participaci\u00f3n activa de la Gobernadora de la entidad, Jhoanna Carrillo, y de la Defensora delegada del Pueblo en el estado Sucre, Milagros Otero, quienes se sumaron al recorrido como s\u00edmbolo del compromiso institucional en esta causa vital. Su participaci\u00f3n resalta el apoyo de las m\u00e1ximas autoridades al mensaje de prevenci\u00f3n y detecci\u00f3n temprana de esta terrible enfermedad.<\/p>\n\n<figure class=\"wp-block-image size-full\"><img fetchpriority=\"high\" decoding=\"async\" width=\"764\" height=\"607\" class=\"wp-image-14741\" src=\"http:\/\/www.defensoria.gob.ve\/wp-content\/uploads\/2025\/10\/4b0f2edf-ffe1-4948-94a7-517bc7f732f2.jpg\" alt=\"\" \/><\/figure>\n\n<p>El objetivo central de la jornada fue reforzar el mensaje de prevenci\u00f3n y detecci\u00f3n temprana de la enfermedad. La caminata se desarroll\u00f3 en un ambiente de conciencia y optimismo, enfatizando la importancia de que todas las mujeres realicen el autoexamen mamario y acudan a sus controles m\u00e9dicos peri\u00f3dicos, ya que la detecci\u00f3n a tiempo es la herramienta m\u00e1s poderosa para salvar vidas.<\/p>\n\n<p>El Octubre Rosa: Un llamado a la vida Octubre es reconocido a nivel mundial como el \u00abMes Rosa\u00bb, una campa\u00f1a de sensibilizaci\u00f3n para crear conciencia sobre el c\u00e1ncer de mama. La masiva respuesta de la ciudadan\u00eda en la Gran Caminata Rosa es un claro indicativo de que la comunidad sucrense est\u00e1 unida y empoderada en esta lucha, haciendo de la prevenci\u00f3n una prioridad colectiva.<\/p>\n\n<p>Esta actividad marca un hito en las jornadas de sensibilizaci\u00f3n que se realizan en la entidad durante el Mes Rosa, reafirmando el compromiso de las instituciones y la sociedad civil para seguir promoviendo la salud mamaria. <strong>FIN\/ PRENSA Defensor\u00eda<\/strong><\/p>\n\t\t\t\t\t\t\t\t<\/div>\n\t\t\t\t<\/div>\n\t\t\t\t\t<\/div>\n\t\t<\/div>\n\t\t\t\t\t<\/div>\n\t\t<\/section>\n\t\t\t\t<\/div>\n\t\t","protected":false},"excerpt":{"rendered":"<p>(Sucre \/ 22-10-25) La ciudad de Cuman\u00e1, capital del estado Sucre, se visti\u00f3 de color de esperanza y de solidaridad con la realizaci\u00f3n de la Gran Caminata Rosa en la&hellip; <\/p>\n","protected":false},"author":5,"featured_media":14742,"comment_status":"closed","ping_status":"open","sticky":false,"template":"","format":"standard","meta":{"footnotes":""},"categories":[5],"tags":[],"class_list":["post-14740","post","type-post","status-publish","format-standard","has-post-thumbnail","hentry","category-regionales"],"yoast_head":"<!-- This site is optimized with the Yoast SEO plugin v27.4 - https:\/\/yoast.com\/product\/yoast-seo-wordpress\/ -->\n<title>Cuman\u00e1 se ti\u00f1\u00f3 de rosa por la vida con la Gran Caminata Rosa en el D\u00eda Internacional de la Lucha contra el C\u00e1ncer de Mama -<\/title>\n<meta name=\"robots\" content=\"index, follow, max-snippet:-1, max-image-preview:large, max-video-preview:-1\" \/>\n<link rel=\"canonical\" href=\"http:\/\/www.defensoria.gob.ve\/?p=14740\" \/>\n<meta property=\"og:locale\" content=\"es_ES\" \/>\n<meta property=\"og:type\" content=\"article\" \/>\n<meta property=\"og:title\" content=\"Cuman\u00e1 se ti\u00f1\u00f3 de rosa por la vida con la Gran Caminata Rosa en el D\u00eda Internacional de la Lucha contra el C\u00e1ncer de Mama -\" \/>\n<meta property=\"og:description\" content=\"(Sucre \/ 22-10-25) La ciudad de Cuman\u00e1, capital del estado Sucre, se visti\u00f3 de color de esperanza y de solidaridad con la realizaci\u00f3n de la Gran Caminata Rosa en la&hellip;\" \/>\n<meta property=\"og:url\" content=\"http:\/\/www.defensoria.gob.ve\/?p=14740\" \/>\n<meta property=\"article:published_time\" content=\"2025-10-22T16:33:36+00:00\" \/>\n<meta property=\"article:modified_time\" content=\"2025-10-22T16:34:10+00:00\" \/>\n<meta property=\"og:image\" content=\"http:\/\/www.defensoria.gob.ve\/wp-content\/uploads\/2025\/10\/d0d9a35d-351e-45aa-a0a8-5a31907463f2.jpg\" \/>\n\t<meta property=\"og:image:width\" content=\"1020\" \/>\n\t<meta property=\"og:image:height\" content=\"765\" \/>\n\t<meta property=\"og:image:type\" content=\"image\/jpeg\" \/>\n<meta name=\"author\" content=\"JC.\" \/>\n<meta name=\"twitter:card\" content=\"summary_large_image\" \/>\n<meta name=\"twitter:label1\" content=\"Escrito por\" \/>\n\t<meta name=\"twitter:data1\" content=\"JC.\" \/>\n\t<meta name=\"twitter:label2\" content=\"Tiempo estimado de lectura\" \/>\n\t<meta name=\"twitter:data2\" content=\"2 minutos\" \/>\n<script type=\"application\/ld+json\" class=\"yoast-schema-graph\">{\"@context\":\"https:\\\/\\\/schema.org\",\"@graph\":[{\"@type\":\"Article\",\"@id\":\"http:\\\/\\\/www.defensoria.gob.ve\\\/?p=14740#article\",\"isPartOf\":{\"@id\":\"http:\\\/\\\/www.defensoria.gob.ve\\\/?p=14740\"},\"author\":{\"name\":\"JC.\",\"@id\":\"http:\\\/\\\/www.defensoria.gob.ve\\\/#\\\/schema\\\/person\\\/fba14293189d7b1933ac7fba9d89e24a\"},\"headline\":\"Cuman\u00e1 se ti\u00f1\u00f3 de rosa por la vida con la Gran Caminata Rosa en el D\u00eda Internacional de la Lucha contra el C\u00e1ncer de Mama\",\"datePublished\":\"2025-10-22T16:33:36+00:00\",\"dateModified\":\"2025-10-22T16:34:10+00:00\",\"mainEntityOfPage\":{\"@id\":\"http:\\\/\\\/www.defensoria.gob.ve\\\/?p=14740\"},\"wordCount\":372,\"image\":{\"@id\":\"http:\\\/\\\/www.defensoria.gob.ve\\\/?p=14740#primaryimage\"},\"thumbnailUrl\":\"http:\\\/\\\/www.defensoria.gob.ve\\\/wp-content\\\/uploads\\\/2025\\\/10\\\/d0d9a35d-351e-45aa-a0a8-5a31907463f2.jpg\",\"articleSection\":[\"REGIONALES\"],\"inLanguage\":\"es\"},{\"@type\":\"WebPage\",\"@id\":\"http:\\\/\\\/www.defensoria.gob.ve\\\/?p=14740\",\"url\":\"http:\\\/\\\/www.defensoria.gob.ve\\\/?p=14740\",\"name\":\"Cuman\u00e1 se ti\u00f1\u00f3 de rosa por la vida con la Gran Caminata Rosa en el D\u00eda Internacional de la Lucha contra el C\u00e1ncer de Mama -\",\"isPartOf\":{\"@id\":\"http:\\\/\\\/www.defensoria.gob.ve\\\/#website\"},\"primaryImageOfPage\":{\"@id\":\"http:\\\/\\\/www.defensoria.gob.ve\\\/?p=14740#primaryimage\"},\"image\":{\"@id\":\"http:\\\/\\\/www.defensoria.gob.ve\\\/?p=14740#primaryimage\"},\"thumbnailUrl\":\"http:\\\/\\\/www.defensoria.gob.ve\\\/wp-content\\\/uploads\\\/2025\\\/10\\\/d0d9a35d-351e-45aa-a0a8-5a31907463f2.jpg\",\"datePublished\":\"2025-10-22T16:33:36+00:00\",\"dateModified\":\"2025-10-22T16:34:10+00:00\",\"author\":{\"@id\":\"http:\\\/\\\/www.defensoria.gob.ve\\\/#\\\/schema\\\/person\\\/fba14293189d7b1933ac7fba9d89e24a\"},\"breadcrumb\":{\"@id\":\"http:\\\/\\\/www.defensoria.gob.ve\\\/?p=14740#breadcrumb\"},\"inLanguage\":\"es\",\"potentialAction\":[{\"@type\":\"ReadAction\",\"target\":[\"http:\\\/\\\/www.defensoria.gob.ve\\\/?p=14740\"]}]},{\"@type\":\"ImageObject\",\"inLanguage\":\"es\",\"@id\":\"http:\\\/\\\/www.defensoria.gob.ve\\\/?p=14740#primaryimage\",\"url\":\"http:\\\/\\\/www.defensoria.gob.ve\\\/wp-content\\\/uploads\\\/2025\\\/10\\\/d0d9a35d-351e-45aa-a0a8-5a31907463f2.jpg\",\"contentUrl\":\"http:\\\/\\\/www.defensoria.gob.ve\\\/wp-content\\\/uploads\\\/2025\\\/10\\\/d0d9a35d-351e-45aa-a0a8-5a31907463f2.jpg\",\"width\":1020,\"height\":765},{\"@type\":\"BreadcrumbList\",\"@id\":\"http:\\\/\\\/www.defensoria.gob.ve\\\/?p=14740#breadcrumb\",\"itemListElement\":[{\"@type\":\"ListItem\",\"position\":1,\"name\":\"Portada\",\"item\":\"http:\\\/\\\/www.defensoria.gob.ve\\\/\"},{\"@type\":\"ListItem\",\"position\":2,\"name\":\"Cuman\u00e1 se ti\u00f1\u00f3 de rosa por la vida con la Gran Caminata Rosa en el D\u00eda Internacional de la Lucha contra el C\u00e1ncer de Mama\"}]},{\"@type\":\"WebSite\",\"@id\":\"http:\\\/\\\/www.defensoria.gob.ve\\\/#website\",\"url\":\"http:\\\/\\\/www.defensoria.gob.ve\\\/\",\"name\":\"\",\"description\":\"Instituci\u00f3n del Poder Ciudadano para la Promoci\u00f3n, Defensa y Vigilancia de los Derechos Humanos. \",\"potentialAction\":[{\"@type\":\"SearchAction\",\"target\":{\"@type\":\"EntryPoint\",\"urlTemplate\":\"http:\\\/\\\/www.defensoria.gob.ve\\\/?s={search_term_string}\"},\"query-input\":{\"@type\":\"PropertyValueSpecification\",\"valueRequired\":true,\"valueName\":\"search_term_string\"}}],\"inLanguage\":\"es\"},{\"@type\":\"Person\",\"@id\":\"http:\\\/\\\/www.defensoria.gob.ve\\\/#\\\/schema\\\/person\\\/fba14293189d7b1933ac7fba9d89e24a\",\"name\":\"JC.\",\"image\":{\"@type\":\"ImageObject\",\"inLanguage\":\"es\",\"@id\":\"https:\\\/\\\/secure.gravatar.com\\\/avatar\\\/f398a4de948606b38f0299d90ca738c674b648694bc725ed46503c240269dbf8?s=96&d=mm&r=g\",\"url\":\"https:\\\/\\\/secure.gravatar.com\\\/avatar\\\/f398a4de948606b38f0299d90ca738c674b648694bc725ed46503c240269dbf8?s=96&d=mm&r=g\",\"contentUrl\":\"https:\\\/\\\/secure.gravatar.com\\\/avatar\\\/f398a4de948606b38f0299d90ca738c674b648694bc725ed46503c240269dbf8?s=96&d=mm&r=g\",\"caption\":\"JC.\"},\"url\":\"http:\\\/\\\/www.defensoria.gob.ve\\\/?author=5\"}]}<\/script>\n<!-- \/ Yoast SEO plugin. -->","yoast_head_json":{"title":"Cuman\u00e1 se ti\u00f1\u00f3 de rosa por la vida con la Gran Caminata Rosa en el D\u00eda Internacional de la Lucha contra el C\u00e1ncer de Mama -","robots":{"index":"index","follow":"follow","max-snippet":"max-snippet:-1","max-image-preview":"max-image-preview:large","max-video-preview":"max-video-preview:-1"},"canonical":"http:\/\/www.defensoria.gob.ve\/?p=14740","og_locale":"es_ES","og_type":"article","og_title":"Cuman\u00e1 se ti\u00f1\u00f3 de rosa por la vida con la Gran Caminata Rosa en el D\u00eda Internacional de la Lucha contra el C\u00e1ncer de Mama -","og_description":"(Sucre \/ 22-10-25) La ciudad de Cuman\u00e1, capital del estado Sucre, se visti\u00f3 de color de esperanza y de solidaridad con la realizaci\u00f3n de la Gran Caminata Rosa en la&hellip;","og_url":"http:\/\/www.defensoria.gob.ve\/?p=14740","article_published_time":"2025-10-22T16:33:36+00:00","article_modified_time":"2025-10-22T16:34:10+00:00","og_image":[{"width":1020,"height":765,"url":"http:\/\/www.defensoria.gob.ve\/wp-content\/uploads\/2025\/10\/d0d9a35d-351e-45aa-a0a8-5a31907463f2.jpg","type":"image\/jpeg"}],"author":"JC.","twitter_card":"summary_large_image","twitter_misc":{"Escrito por":"JC.","Tiempo estimado de lectura":"2 minutos"},"schema":{"@context":"https:\/\/schema.org","@graph":[{"@type":"Article","@id":"http:\/\/www.defensoria.gob.ve\/?p=14740#article","isPartOf":{"@id":"http:\/\/www.defensoria.gob.ve\/?p=14740"},"author":{"name":"JC.","@id":"http:\/\/www.defensoria.gob.ve\/#\/schema\/person\/fba14293189d7b1933ac7fba9d89e24a"},"headline":"Cuman\u00e1 se ti\u00f1\u00f3 de rosa por la vida con la Gran Caminata Rosa en el D\u00eda Internacional de la Lucha contra el C\u00e1ncer de Mama","datePublished":"2025-10-22T16:33:36+00:00","dateModified":"2025-10-22T16:34:10+00:00","mainEntityOfPage":{"@id":"http:\/\/www.defensoria.gob.ve\/?p=14740"},"wordCount":372,"image":{"@id":"http:\/\/www.defensoria.gob.ve\/?p=14740#primaryimage"},"thumbnailUrl":"http:\/\/www.defensoria.gob.ve\/wp-content\/uploads\/2025\/10\/d0d9a35d-351e-45aa-a0a8-5a31907463f2.jpg","articleSection":["REGIONALES"],"inLanguage":"es"},{"@type":"WebPage","@id":"http:\/\/www.defensoria.gob.ve\/?p=14740","url":"http:\/\/www.defensoria.gob.ve\/?p=14740","name":"Cuman\u00e1 se ti\u00f1\u00f3 de rosa por la vida con la Gran Caminata Rosa en el D\u00eda Internacional de la Lucha contra el C\u00e1ncer de Mama -","isPartOf":{"@id":"http:\/\/www.defensoria.gob.ve\/#website"},"primaryImageOfPage":{"@id":"http:\/\/www.defensoria.gob.ve\/?p=14740#primaryimage"},"image":{"@id":"http:\/\/www.defensoria.gob.ve\/?p=14740#primaryimage"},"thumbnailUrl":"http:\/\/www.defensoria.gob.ve\/wp-content\/uploads\/2025\/10\/d0d9a35d-351e-45aa-a0a8-5a31907463f2.jpg","datePublished":"2025-10-22T16:33:36+00:00","dateModified":"2025-10-22T16:34:10+00:00","author":{"@id":"http:\/\/www.defensoria.gob.ve\/#\/schema\/person\/fba14293189d7b1933ac7fba9d89e24a"},"breadcrumb":{"@id":"http:\/\/www.defensoria.gob.ve\/?p=14740#breadcrumb"},"inLanguage":"es","potentialAction":[{"@type":"ReadAction","target":["http:\/\/www.defensoria.gob.ve\/?p=14740"]}]},{"@type":"ImageObject","inLanguage":"es","@id":"http:\/\/www.defensoria.gob.ve\/?p=14740#primaryimage","url":"http:\/\/www.defensoria.gob.ve\/wp-content\/uploads\/2025\/10\/d0d9a35d-351e-45aa-a0a8-5a31907463f2.jpg","contentUrl":"http:\/\/www.defensoria.gob.ve\/wp-content\/uploads\/2025\/10\/d0d9a35d-351e-45aa-a0a8-5a31907463f2.jpg","width":1020,"height":765},{"@type":"BreadcrumbList","@id":"http:\/\/www.defensoria.gob.ve\/?p=14740#breadcrumb","itemListElement":[{"@type":"ListItem","position":1,"name":"Portada","item":"http:\/\/www.defensoria.gob.ve\/"},{"@type":"ListItem","position":2,"name":"Cuman\u00e1 se ti\u00f1\u00f3 de rosa por la vida con la Gran Caminata Rosa en el D\u00eda Internacional de la Lucha contra el C\u00e1ncer de Mama"}]},{"@type":"WebSite","@id":"http:\/\/www.defensoria.gob.ve\/#website","url":"http:\/\/www.defensoria.gob.ve\/","name":"","description":"Instituci\u00f3n del Poder Ciudadano para la Promoci\u00f3n, Defensa y Vigilancia de los Derechos Humanos. ","potentialAction":[{"@type":"SearchAction","target":{"@type":"EntryPoint","urlTemplate":"http:\/\/www.defensoria.gob.ve\/?s={search_term_string}"},"query-input":{"@type":"PropertyValueSpecification","valueRequired":true,"valueName":"search_term_string"}}],"inLanguage":"es"},{"@type":"Person","@id":"http:\/\/www.defensoria.gob.ve\/#\/schema\/person\/fba14293189d7b1933ac7fba9d89e24a","name":"JC.","image":{"@type":"ImageObject","inLanguage":"es","@id":"https:\/\/secure.gravatar.com\/avatar\/f398a4de948606b38f0299d90ca738c674b648694bc725ed46503c240269dbf8?s=96&d=mm&r=g","url":"https:\/\/secure.gravatar.com\/avatar\/f398a4de948606b38f0299d90ca738c674b648694bc725ed46503c240269dbf8?s=96&d=mm&r=g","contentUrl":"https:\/\/secure.gravatar.com\/avatar\/f398a4de948606b38f0299d90ca738c674b648694bc725ed46503c240269dbf8?s=96&d=mm&r=g","caption":"JC."},"url":"http:\/\/www.defensoria.gob.ve\/?author=5"}]}},"_links":{"self":[{"href":"http:\/\/www.defensoria.gob.ve\/index.php?rest_route=\/wp\/v2\/posts\/14740","targetHints":{"allow":["GET"]}}],"collection":[{"href":"http:\/\/www.defensoria.gob.ve\/index.php?rest_route=\/wp\/v2\/posts"}],"about":[{"href":"http:\/\/www.defensoria.gob.ve\/index.php?rest_route=\/wp\/v2\/types\/post"}],"author":[{"embeddable":true,"href":"http:\/\/www.defensoria.gob.ve\/index.php?rest_route=\/wp\/v2\/users\/5"}],"replies":[{"embeddable":true,"href":"http:\/\/www.defensoria.gob.ve\/index.php?rest_route=%2Fwp%2Fv2%2Fcomments&post=14740"}],"version-history":[{"count":4,"href":"http:\/\/www.defensoria.gob.ve\/index.php?rest_route=\/wp\/v2\/posts\/14740\/revisions"}],"predecessor-version":[{"id":14746,"href":"http:\/\/www.defensoria.gob.ve\/index.php?rest_route=\/wp\/v2\/posts\/14740\/revisions\/14746"}],"wp:featuredmedia":[{"embeddable":true,"href":"http:\/\/www.defensoria.gob.ve\/index.php?rest_route=\/wp\/v2\/media\/14742"}],"wp:attachment":[{"href":"http:\/\/www.defensoria.gob.ve\/index.php?rest_route=%2Fwp%2Fv2%2Fmedia&parent=14740"}],"wp:term":[{"taxonomy":"category","embeddable":true,"href":"http:\/\/www.defensoria.gob.ve\/index.php?rest_route=%2Fwp%2Fv2%2Fcategories&post=14740"},{"taxonomy":"post_tag","embeddable":true,"href":"http:\/\/www.defensoria.gob.ve\/index.php?rest_route=%2Fwp%2Fv2%2Ftags&post=14740"}],"curies":[{"name":"wp","href":"https:\/\/api.w.org\/{rel}","templated":true}]}}