 
{"id":14754,"date":"2025-10-22T15:02:35","date_gmt":"2025-10-22T19:02:35","guid":{"rendered":"http:\/\/www.defensoria.gob.ve\/?p=14754"},"modified":"2025-10-22T15:03:35","modified_gmt":"2025-10-22T19:03:35","slug":"delegada-de-sucre-participo-en-actos-conmemorativos-a-la-canonizacion-de-jose-gregorio-hernandez-y-madre-carmen-rendiles","status":"publish","type":"post","link":"http:\/\/www.defensoria.gob.ve\/?p=14754","title":{"rendered":"Delegada de Sucre particip\u00f3 en actos conmemorativos a la Canonizaci\u00f3n de Jos\u00e9 Gregorio Hern\u00e1ndez y Madre Carmen Rendiles"},"content":{"rendered":"\t\t<div data-elementor-type=\"wp-post\" data-elementor-id=\"14754\" class=\"elementor elementor-14754\">\n\t\t\t\t\t\t<section class=\"elementor-section elementor-top-section elementor-element elementor-element-12a5549f elementor-section-boxed elementor-section-height-default elementor-section-height-default\" data-id=\"12a5549f\" data-element_type=\"section\" data-e-type=\"section\">\n\t\t\t\t\t\t<div class=\"elementor-container elementor-column-gap-default\">\n\t\t\t\t\t<div class=\"elementor-column elementor-col-100 elementor-top-column elementor-element elementor-element-2c93c847\" data-id=\"2c93c847\" data-element_type=\"column\" data-e-type=\"column\">\n\t\t\t<div class=\"elementor-widget-wrap elementor-element-populated\">\n\t\t\t\t\t\t<div class=\"elementor-element elementor-element-b61b876 elementor-widget elementor-widget-text-editor\" data-id=\"b61b876\" data-element_type=\"widget\" data-e-type=\"widget\" data-widget_type=\"text-editor.default\">\n\t\t\t\t<div class=\"elementor-widget-container\">\n\t\t\t\t\t\t\t\t\t\n<p><strong>(Sucre\/22-Oct-25)<\/strong> Como parte de los actos conmemorativos aleg\u00f3ricos a la canonizaci\u00f3n del beato Jos\u00e9 Gregorio Hern\u00e1ndez Cisneros y la beata Madre Carmen Rendiles en el Vaticano, la Defensor\u00eda delegada del estado Sucre particip\u00f3 en este evento que uni\u00f3 en un acto de fe a los cat\u00f3licos de Venezuela y el mundo. <\/p>\n\n\n\n<figure class=\"wp-block-image size-full\"><img fetchpriority=\"high\" decoding=\"async\" width=\"1280\" height=\"720\" src=\"http:\/\/www.defensoria.gob.ve\/wp-content\/uploads\/2025\/10\/bff1ad9e-e507-41d9-bfa5-578248667ad8.jpg\" alt=\"\" class=\"wp-image-14756\" srcset=\"http:\/\/www.defensoria.gob.ve\/wp-content\/uploads\/2025\/10\/bff1ad9e-e507-41d9-bfa5-578248667ad8.jpg 1280w, http:\/\/www.defensoria.gob.ve\/wp-content\/uploads\/2025\/10\/bff1ad9e-e507-41d9-bfa5-578248667ad8-768x432.jpg 768w\" sizes=\"(max-width: 1280px) 100vw, 1280px\" \/><\/figure>\n\n\n\n<p>El recorrido parti\u00f3 desde la Iglesia Virgen del Valle hasta culminar en la hist\u00f3rica Bas\u00edlica Menor Santa In\u00e9s, y se observ\u00f3 en el mismo un aut\u00e9ntico r\u00edo de devoci\u00f3n, donde el pueblo sucrense mostr\u00f3 su profundo afecto y gratitud hacia el \u00abM\u00e9dico de los Pobres\u00bb y la Madre fundadora. <\/p>\n\n\n\n<figure class=\"wp-block-image size-full\"><img decoding=\"async\" width=\"1280\" height=\"720\" src=\"http:\/\/www.defensoria.gob.ve\/wp-content\/uploads\/2025\/10\/cf63daea-8095-491b-829a-db0b44af26cf.jpg\" alt=\"\" class=\"wp-image-14757\" srcset=\"http:\/\/www.defensoria.gob.ve\/wp-content\/uploads\/2025\/10\/cf63daea-8095-491b-829a-db0b44af26cf.jpg 1280w, http:\/\/www.defensoria.gob.ve\/wp-content\/uploads\/2025\/10\/cf63daea-8095-491b-829a-db0b44af26cf-768x432.jpg 768w\" sizes=\"(max-width: 1280px) 100vw, 1280px\" \/><\/figure>\n\n\n\n<p>La jornada no solo fue una manifestaci\u00f3n de fervor popular, sino tambi\u00e9n un evento de unidad institucional con el acompa\u00f1amiento y la presencia de las autoridades locales, incluyendo a la Gobernadora, Jhoanna Carrillo, miembros del Poder Legislativo y la Defensora delegada, Milagros Otero, organismos de seguridad ciudadana, quienes marcharon junto al pueblo para honrar a quienes ya son Patrimonio de la Santidad Universal. <\/p>\n\n\n<div class=\"wp-block-image\">\n<figure class=\"aligncenter size-full\"><img decoding=\"async\" width=\"734\" height=\"800\" src=\"http:\/\/www.defensoria.gob.ve\/wp-content\/uploads\/2025\/10\/32a07590-b645-41f8-84c3-b49c1018131d.jpg\" alt=\"\" class=\"wp-image-14758\"\/><\/figure><\/div>\n\n\n<p>De esta manera, la Instituci\u00f3n Nacional de los Derechos Humanos sigue participando en todos los actos que enaltezcan la idiosincrasia y el acervo de los venezolanos y las venezolanas. <strong>FIN \/ PRENSA Defensor\u00eda<\/strong><\/p>\n\t\t\t\t\t\t\t\t<\/div>\n\t\t\t\t<\/div>\n\t\t\t\t\t<\/div>\n\t\t<\/div>\n\t\t\t\t\t<\/div>\n\t\t<\/section>\n\t\t\t\t<\/div>\n\t\t","protected":false},"excerpt":{"rendered":"<p>(Sucre\/22-Oct-25) Como parte de los actos conmemorativos aleg\u00f3ricos a la canonizaci\u00f3n del beato Jos\u00e9 Gregorio Hern\u00e1ndez Cisneros y la beata Madre Carmen Rendiles en el Vaticano, la Defensor\u00eda delegada del&hellip; <\/p>\n","protected":false},"author":5,"featured_media":14759,"comment_status":"closed","ping_status":"open","sticky":false,"template":"","format":"standard","meta":{"footnotes":""},"categories":[5],"tags":[],"class_list":["post-14754","post","type-post","status-publish","format-standard","has-post-thumbnail","hentry","category-regionales"],"yoast_head":"<!-- This site is optimized with the Yoast SEO plugin v27.4 - https:\/\/yoast.com\/product\/yoast-seo-wordpress\/ -->\n<title>Delegada de Sucre particip\u00f3 en actos conmemorativos a la Canonizaci\u00f3n de Jos\u00e9 Gregorio Hern\u00e1ndez y Madre Carmen Rendiles -<\/title>\n<meta name=\"robots\" content=\"index, follow, max-snippet:-1, max-image-preview:large, max-video-preview:-1\" \/>\n<link rel=\"canonical\" href=\"http:\/\/www.defensoria.gob.ve\/?p=14754\" \/>\n<meta property=\"og:locale\" content=\"es_ES\" \/>\n<meta property=\"og:type\" content=\"article\" \/>\n<meta property=\"og:title\" content=\"Delegada de Sucre particip\u00f3 en actos conmemorativos a la Canonizaci\u00f3n de Jos\u00e9 Gregorio Hern\u00e1ndez y Madre Carmen Rendiles -\" \/>\n<meta property=\"og:description\" content=\"(Sucre\/22-Oct-25) Como parte de los actos conmemorativos aleg\u00f3ricos a la canonizaci\u00f3n del beato Jos\u00e9 Gregorio Hern\u00e1ndez Cisneros y la beata Madre Carmen Rendiles en el Vaticano, la Defensor\u00eda delegada del&hellip;\" \/>\n<meta property=\"og:url\" content=\"http:\/\/www.defensoria.gob.ve\/?p=14754\" \/>\n<meta property=\"article:published_time\" content=\"2025-10-22T19:02:35+00:00\" \/>\n<meta property=\"article:modified_time\" content=\"2025-10-22T19:03:35+00:00\" \/>\n<meta property=\"og:image\" content=\"http:\/\/www.defensoria.gob.ve\/wp-content\/uploads\/2025\/10\/d8d3cfb2-d69b-409a-8b87-e41945ce7625-1.jpg\" \/>\n\t<meta property=\"og:image:width\" content=\"1280\" \/>\n\t<meta property=\"og:image:height\" content=\"720\" \/>\n\t<meta property=\"og:image:type\" content=\"image\/jpeg\" \/>\n<meta name=\"author\" content=\"JC.\" \/>\n<meta name=\"twitter:card\" content=\"summary_large_image\" \/>\n<meta name=\"twitter:label1\" content=\"Escrito por\" \/>\n\t<meta name=\"twitter:data1\" content=\"JC.\" \/>\n\t<meta name=\"twitter:label2\" content=\"Tiempo estimado de lectura\" \/>\n\t<meta name=\"twitter:data2\" content=\"2 minutos\" \/>\n<script type=\"application\/ld+json\" class=\"yoast-schema-graph\">{\"@context\":\"https:\\\/\\\/schema.org\",\"@graph\":[{\"@type\":\"Article\",\"@id\":\"http:\\\/\\\/www.defensoria.gob.ve\\\/?p=14754#article\",\"isPartOf\":{\"@id\":\"http:\\\/\\\/www.defensoria.gob.ve\\\/?p=14754\"},\"author\":{\"name\":\"JC.\",\"@id\":\"http:\\\/\\\/www.defensoria.gob.ve\\\/#\\\/schema\\\/person\\\/fba14293189d7b1933ac7fba9d89e24a\"},\"headline\":\"Delegada de Sucre particip\u00f3 en actos conmemorativos a la Canonizaci\u00f3n de Jos\u00e9 Gregorio Hern\u00e1ndez y Madre Carmen Rendiles\",\"datePublished\":\"2025-10-22T19:02:35+00:00\",\"dateModified\":\"2025-10-22T19:03:35+00:00\",\"mainEntityOfPage\":{\"@id\":\"http:\\\/\\\/www.defensoria.gob.ve\\\/?p=14754\"},\"wordCount\":233,\"image\":{\"@id\":\"http:\\\/\\\/www.defensoria.gob.ve\\\/?p=14754#primaryimage\"},\"thumbnailUrl\":\"http:\\\/\\\/www.defensoria.gob.ve\\\/wp-content\\\/uploads\\\/2025\\\/10\\\/d8d3cfb2-d69b-409a-8b87-e41945ce7625-1.jpg\",\"articleSection\":[\"REGIONALES\"],\"inLanguage\":\"es\"},{\"@type\":\"WebPage\",\"@id\":\"http:\\\/\\\/www.defensoria.gob.ve\\\/?p=14754\",\"url\":\"http:\\\/\\\/www.defensoria.gob.ve\\\/?p=14754\",\"name\":\"Delegada de Sucre particip\u00f3 en actos conmemorativos a la Canonizaci\u00f3n de Jos\u00e9 Gregorio Hern\u00e1ndez y Madre Carmen Rendiles -\",\"isPartOf\":{\"@id\":\"http:\\\/\\\/www.defensoria.gob.ve\\\/#website\"},\"primaryImageOfPage\":{\"@id\":\"http:\\\/\\\/www.defensoria.gob.ve\\\/?p=14754#primaryimage\"},\"image\":{\"@id\":\"http:\\\/\\\/www.defensoria.gob.ve\\\/?p=14754#primaryimage\"},\"thumbnailUrl\":\"http:\\\/\\\/www.defensoria.gob.ve\\\/wp-content\\\/uploads\\\/2025\\\/10\\\/d8d3cfb2-d69b-409a-8b87-e41945ce7625-1.jpg\",\"datePublished\":\"2025-10-22T19:02:35+00:00\",\"dateModified\":\"2025-10-22T19:03:35+00:00\",\"author\":{\"@id\":\"http:\\\/\\\/www.defensoria.gob.ve\\\/#\\\/schema\\\/person\\\/fba14293189d7b1933ac7fba9d89e24a\"},\"breadcrumb\":{\"@id\":\"http:\\\/\\\/www.defensoria.gob.ve\\\/?p=14754#breadcrumb\"},\"inLanguage\":\"es\",\"potentialAction\":[{\"@type\":\"ReadAction\",\"target\":[\"http:\\\/\\\/www.defensoria.gob.ve\\\/?p=14754\"]}]},{\"@type\":\"ImageObject\",\"inLanguage\":\"es\",\"@id\":\"http:\\\/\\\/www.defensoria.gob.ve\\\/?p=14754#primaryimage\",\"url\":\"http:\\\/\\\/www.defensoria.gob.ve\\\/wp-content\\\/uploads\\\/2025\\\/10\\\/d8d3cfb2-d69b-409a-8b87-e41945ce7625-1.jpg\",\"contentUrl\":\"http:\\\/\\\/www.defensoria.gob.ve\\\/wp-content\\\/uploads\\\/2025\\\/10\\\/d8d3cfb2-d69b-409a-8b87-e41945ce7625-1.jpg\",\"width\":1280,\"height\":720},{\"@type\":\"BreadcrumbList\",\"@id\":\"http:\\\/\\\/www.defensoria.gob.ve\\\/?p=14754#breadcrumb\",\"itemListElement\":[{\"@type\":\"ListItem\",\"position\":1,\"name\":\"Portada\",\"item\":\"http:\\\/\\\/www.defensoria.gob.ve\\\/\"},{\"@type\":\"ListItem\",\"position\":2,\"name\":\"Delegada de Sucre particip\u00f3 en actos conmemorativos a la Canonizaci\u00f3n de Jos\u00e9 Gregorio Hern\u00e1ndez y Madre Carmen Rendiles\"}]},{\"@type\":\"WebSite\",\"@id\":\"http:\\\/\\\/www.defensoria.gob.ve\\\/#website\",\"url\":\"http:\\\/\\\/www.defensoria.gob.ve\\\/\",\"name\":\"\",\"description\":\"Instituci\u00f3n del Poder Ciudadano para la Promoci\u00f3n, Defensa y Vigilancia de los Derechos Humanos. \",\"potentialAction\":[{\"@type\":\"SearchAction\",\"target\":{\"@type\":\"EntryPoint\",\"urlTemplate\":\"http:\\\/\\\/www.defensoria.gob.ve\\\/?s={search_term_string}\"},\"query-input\":{\"@type\":\"PropertyValueSpecification\",\"valueRequired\":true,\"valueName\":\"search_term_string\"}}],\"inLanguage\":\"es\"},{\"@type\":\"Person\",\"@id\":\"http:\\\/\\\/www.defensoria.gob.ve\\\/#\\\/schema\\\/person\\\/fba14293189d7b1933ac7fba9d89e24a\",\"name\":\"JC.\",\"image\":{\"@type\":\"ImageObject\",\"inLanguage\":\"es\",\"@id\":\"https:\\\/\\\/secure.gravatar.com\\\/avatar\\\/f398a4de948606b38f0299d90ca738c674b648694bc725ed46503c240269dbf8?s=96&d=mm&r=g\",\"url\":\"https:\\\/\\\/secure.gravatar.com\\\/avatar\\\/f398a4de948606b38f0299d90ca738c674b648694bc725ed46503c240269dbf8?s=96&d=mm&r=g\",\"contentUrl\":\"https:\\\/\\\/secure.gravatar.com\\\/avatar\\\/f398a4de948606b38f0299d90ca738c674b648694bc725ed46503c240269dbf8?s=96&d=mm&r=g\",\"caption\":\"JC.\"},\"url\":\"http:\\\/\\\/www.defensoria.gob.ve\\\/?author=5\"}]}<\/script>\n<!-- \/ Yoast SEO plugin. -->","yoast_head_json":{"title":"Delegada de Sucre particip\u00f3 en actos conmemorativos a la Canonizaci\u00f3n de Jos\u00e9 Gregorio Hern\u00e1ndez y Madre Carmen Rendiles -","robots":{"index":"index","follow":"follow","max-snippet":"max-snippet:-1","max-image-preview":"max-image-preview:large","max-video-preview":"max-video-preview:-1"},"canonical":"http:\/\/www.defensoria.gob.ve\/?p=14754","og_locale":"es_ES","og_type":"article","og_title":"Delegada de Sucre particip\u00f3 en actos conmemorativos a la Canonizaci\u00f3n de Jos\u00e9 Gregorio Hern\u00e1ndez y Madre Carmen Rendiles -","og_description":"(Sucre\/22-Oct-25) Como parte de los actos conmemorativos aleg\u00f3ricos a la canonizaci\u00f3n del beato Jos\u00e9 Gregorio Hern\u00e1ndez Cisneros y la beata Madre Carmen Rendiles en el Vaticano, la Defensor\u00eda delegada del&hellip;","og_url":"http:\/\/www.defensoria.gob.ve\/?p=14754","article_published_time":"2025-10-22T19:02:35+00:00","article_modified_time":"2025-10-22T19:03:35+00:00","og_image":[{"width":1280,"height":720,"url":"http:\/\/www.defensoria.gob.ve\/wp-content\/uploads\/2025\/10\/d8d3cfb2-d69b-409a-8b87-e41945ce7625-1.jpg","type":"image\/jpeg"}],"author":"JC.","twitter_card":"summary_large_image","twitter_misc":{"Escrito por":"JC.","Tiempo estimado de lectura":"2 minutos"},"schema":{"@context":"https:\/\/schema.org","@graph":[{"@type":"Article","@id":"http:\/\/www.defensoria.gob.ve\/?p=14754#article","isPartOf":{"@id":"http:\/\/www.defensoria.gob.ve\/?p=14754"},"author":{"name":"JC.","@id":"http:\/\/www.defensoria.gob.ve\/#\/schema\/person\/fba14293189d7b1933ac7fba9d89e24a"},"headline":"Delegada de Sucre particip\u00f3 en actos conmemorativos a la Canonizaci\u00f3n de Jos\u00e9 Gregorio Hern\u00e1ndez y Madre Carmen Rendiles","datePublished":"2025-10-22T19:02:35+00:00","dateModified":"2025-10-22T19:03:35+00:00","mainEntityOfPage":{"@id":"http:\/\/www.defensoria.gob.ve\/?p=14754"},"wordCount":233,"image":{"@id":"http:\/\/www.defensoria.gob.ve\/?p=14754#primaryimage"},"thumbnailUrl":"http:\/\/www.defensoria.gob.ve\/wp-content\/uploads\/2025\/10\/d8d3cfb2-d69b-409a-8b87-e41945ce7625-1.jpg","articleSection":["REGIONALES"],"inLanguage":"es"},{"@type":"WebPage","@id":"http:\/\/www.defensoria.gob.ve\/?p=14754","url":"http:\/\/www.defensoria.gob.ve\/?p=14754","name":"Delegada de Sucre particip\u00f3 en actos conmemorativos a la Canonizaci\u00f3n de Jos\u00e9 Gregorio Hern\u00e1ndez y Madre Carmen Rendiles -","isPartOf":{"@id":"http:\/\/www.defensoria.gob.ve\/#website"},"primaryImageOfPage":{"@id":"http:\/\/www.defensoria.gob.ve\/?p=14754#primaryimage"},"image":{"@id":"http:\/\/www.defensoria.gob.ve\/?p=14754#primaryimage"},"thumbnailUrl":"http:\/\/www.defensoria.gob.ve\/wp-content\/uploads\/2025\/10\/d8d3cfb2-d69b-409a-8b87-e41945ce7625-1.jpg","datePublished":"2025-10-22T19:02:35+00:00","dateModified":"2025-10-22T19:03:35+00:00","author":{"@id":"http:\/\/www.defensoria.gob.ve\/#\/schema\/person\/fba14293189d7b1933ac7fba9d89e24a"},"breadcrumb":{"@id":"http:\/\/www.defensoria.gob.ve\/?p=14754#breadcrumb"},"inLanguage":"es","potentialAction":[{"@type":"ReadAction","target":["http:\/\/www.defensoria.gob.ve\/?p=14754"]}]},{"@type":"ImageObject","inLanguage":"es","@id":"http:\/\/www.defensoria.gob.ve\/?p=14754#primaryimage","url":"http:\/\/www.defensoria.gob.ve\/wp-content\/uploads\/2025\/10\/d8d3cfb2-d69b-409a-8b87-e41945ce7625-1.jpg","contentUrl":"http:\/\/www.defensoria.gob.ve\/wp-content\/uploads\/2025\/10\/d8d3cfb2-d69b-409a-8b87-e41945ce7625-1.jpg","width":1280,"height":720},{"@type":"BreadcrumbList","@id":"http:\/\/www.defensoria.gob.ve\/?p=14754#breadcrumb","itemListElement":[{"@type":"ListItem","position":1,"name":"Portada","item":"http:\/\/www.defensoria.gob.ve\/"},{"@type":"ListItem","position":2,"name":"Delegada de Sucre particip\u00f3 en actos conmemorativos a la Canonizaci\u00f3n de Jos\u00e9 Gregorio Hern\u00e1ndez y Madre Carmen Rendiles"}]},{"@type":"WebSite","@id":"http:\/\/www.defensoria.gob.ve\/#website","url":"http:\/\/www.defensoria.gob.ve\/","name":"","description":"Instituci\u00f3n del Poder Ciudadano para la Promoci\u00f3n, Defensa y Vigilancia de los Derechos Humanos. ","potentialAction":[{"@type":"SearchAction","target":{"@type":"EntryPoint","urlTemplate":"http:\/\/www.defensoria.gob.ve\/?s={search_term_string}"},"query-input":{"@type":"PropertyValueSpecification","valueRequired":true,"valueName":"search_term_string"}}],"inLanguage":"es"},{"@type":"Person","@id":"http:\/\/www.defensoria.gob.ve\/#\/schema\/person\/fba14293189d7b1933ac7fba9d89e24a","name":"JC.","image":{"@type":"ImageObject","inLanguage":"es","@id":"https:\/\/secure.gravatar.com\/avatar\/f398a4de948606b38f0299d90ca738c674b648694bc725ed46503c240269dbf8?s=96&d=mm&r=g","url":"https:\/\/secure.gravatar.com\/avatar\/f398a4de948606b38f0299d90ca738c674b648694bc725ed46503c240269dbf8?s=96&d=mm&r=g","contentUrl":"https:\/\/secure.gravatar.com\/avatar\/f398a4de948606b38f0299d90ca738c674b648694bc725ed46503c240269dbf8?s=96&d=mm&r=g","caption":"JC."},"url":"http:\/\/www.defensoria.gob.ve\/?author=5"}]}},"_links":{"self":[{"href":"http:\/\/www.defensoria.gob.ve\/index.php?rest_route=\/wp\/v2\/posts\/14754","targetHints":{"allow":["GET"]}}],"collection":[{"href":"http:\/\/www.defensoria.gob.ve\/index.php?rest_route=\/wp\/v2\/posts"}],"about":[{"href":"http:\/\/www.defensoria.gob.ve\/index.php?rest_route=\/wp\/v2\/types\/post"}],"author":[{"embeddable":true,"href":"http:\/\/www.defensoria.gob.ve\/index.php?rest_route=\/wp\/v2\/users\/5"}],"replies":[{"embeddable":true,"href":"http:\/\/www.defensoria.gob.ve\/index.php?rest_route=%2Fwp%2Fv2%2Fcomments&post=14754"}],"version-history":[{"count":4,"href":"http:\/\/www.defensoria.gob.ve\/index.php?rest_route=\/wp\/v2\/posts\/14754\/revisions"}],"predecessor-version":[{"id":14763,"href":"http:\/\/www.defensoria.gob.ve\/index.php?rest_route=\/wp\/v2\/posts\/14754\/revisions\/14763"}],"wp:featuredmedia":[{"embeddable":true,"href":"http:\/\/www.defensoria.gob.ve\/index.php?rest_route=\/wp\/v2\/media\/14759"}],"wp:attachment":[{"href":"http:\/\/www.defensoria.gob.ve\/index.php?rest_route=%2Fwp%2Fv2%2Fmedia&parent=14754"}],"wp:term":[{"taxonomy":"category","embeddable":true,"href":"http:\/\/www.defensoria.gob.ve\/index.php?rest_route=%2Fwp%2Fv2%2Fcategories&post=14754"},{"taxonomy":"post_tag","embeddable":true,"href":"http:\/\/www.defensoria.gob.ve\/index.php?rest_route=%2Fwp%2Fv2%2Ftags&post=14754"}],"curies":[{"name":"wp","href":"https:\/\/api.w.org\/{rel}","templated":true}]}}